{"id":71589,"date":"2025-04-11T14:54:30","date_gmt":"2025-04-11T12:54:30","guid":{"rendered":"https:\/\/themes.agripedia.ch\/?p=71589"},"modified":"2026-01-16T17:03:41","modified_gmt":"2026-01-16T16:03:41","slug":"misure-deriva-colture-frutticole-e-viticole","status":"publish","type":"post","link":"https:\/\/themes.agripedia.ch\/it\/misure-deriva-colture-frutticole-e-viticole\/","title":{"rendered":"Misure Deriva Colture frutticole e viticole"},"content":{"rendered":"<div class=\"seriesmeta agripedia-series-meta-wrapper\"><!--This entry is part 9 of 11 in the series--> <a href=\"https:\/\/themes.agripedia.ch\/it\/series\/deriva-e-dilavamento-nella-protezione-fitosanitaria-it\/\" class=\"series-3913\" title=\"Deriva e dilavamento nella protezione fitosanitaria\">Deriva e dilavamento nella protezione fitosanitaria<\/a> (9 \/ 11)<\/div>\n<h2 class=\"wp-block-heading\"><img decoding=\"async\" class=\"wp-image-56735\" style=\"width: 150px;\" src=\"https:\/\/themes.agripedia.ch\/wp-content\/uploads\/2024\/04\/icons_abdrift-und-abschwemmung_blau-1.svg\" alt=\"\"><mark style=\"background-color:#0090C5\" class=\"has-inline-color\">Misure per ridurre il rischio di deriva nelle colture frutticole e viticole<\/mark><\/h2>\n\n\n\n<p>Questa pagina presenta le misure per ridurre il rischio di deriva con i punti di riduzione della deriva corrispondenti. Le informazioni sulla determinazione dei punti di riduzione della deriva necessari sono invece disponibili alla pagina seguente:<\/p>\n\n\n\n<div class=\"wp-block-buttons is-layout-flex wp-block-buttons-is-layout-flex\">\n<div class=\"wp-block-button\"><a class=\"wp-block-button__link wp-element-button\" href=\"https:\/\/themes.agripedia.ch\/it\/rischio-deriva-colture-frutticole-e-viticole-2\/\" target=\"_blank\" rel=\"noreferrer noopener\">Rischio Deriva Colture frutticole e viticole<\/a><\/div>\n<\/div>\n\n\n\n<div class=\"wp-block-columns is-layout-flex wp-container-core-columns-is-layout-9d6595d7 wp-block-columns-is-layout-flex\">\n<div class=\"wp-block-column is-layout-flow wp-block-column-is-layout-flow\">\n<figure class=\"wp-block-image alignright size-full is-resized\"><img decoding=\"async\" src=\"https:\/\/themes.agripedia.ch\/wp-content\/uploads\/2024\/04\/hand-icon.svg\" alt=\"\" class=\"wp-image-56923\" style=\"width:63px;height:auto\"\/><\/figure>\n<\/div>\n\n\n\n<div class=\"wp-block-column is-layout-flow wp-block-column-is-layout-flow\">\n<p>Oltre ai punti di riduzione della deriva, bisogna ottenere anche dei punti di riduzione del dilavamento. Le informazioni al riguardo sono disponibili nelle pagine dedicate al dilavamento.<\/p>\n<\/div>\n<\/div>\n\n\n\n<div class=\"wp-block-columns is-layout-flex wp-container-core-columns-is-layout-9d6595d7 wp-block-columns-is-layout-flex\">\n<div class=\"wp-block-column is-layout-flow wp-block-column-is-layout-flow\">\n<figure class=\"wp-block-image size-full is-resized\"><img loading=\"lazy\" decoding=\"async\" width=\"533\" height=\"383\" src=\"https:\/\/themes.agripedia.ch\/wp-content\/uploads\/2024\/03\/Icon_Abschwemmung.png\" alt=\"\" class=\"wp-image-50816\" style=\"width:178px;height:auto\" srcset=\"https:\/\/themes.agripedia.ch\/wp-content\/uploads\/2024\/03\/Icon_Abschwemmung.png 533w, https:\/\/themes.agripedia.ch\/wp-content\/uploads\/2024\/03\/Icon_Abschwemmung-300x216.png 300w\" sizes=\"auto, (max-width: 533px) 100vw, 533px\" \/><\/figure>\n<\/div>\n\n\n\n<div class=\"wp-block-column is-layout-flow wp-block-column-is-layout-flow\" style=\"flex-basis:66.66%\">\n<div class=\"wp-block-buttons is-layout-flex wp-block-buttons-is-layout-flex\">\n<div class=\"wp-block-button is-style-outline is-style-outline--1\"><a class=\"wp-block-button__link wp-element-button\" href=\"https:\/\/themes.agripedia.ch\/it\/rischio-dilavamento-colture-perenni\/\" target=\"_blank\" rel=\"noreferrer noopener\">Rischio Dilavamento Colture perenni<\/a><\/div>\n\n\n\n<div class=\"wp-block-button is-style-outline is-style-outline--2\"><a class=\"wp-block-button__link wp-element-button\" href=\"https:\/\/themes.agripedia.ch\/it\/misure-dilavamento-colture-perenni\/\" target=\"_blank\" rel=\"noreferrer noopener\">Misure Dilavamento Colture perenni<\/a><\/div>\n<\/div>\n<\/div>\n<\/div>\n\n\n\n<p>Le possibili misure per ridurre la larghezza minima della zona tampone non trattata sono riportate nella seguente tabella, inclusa anche nelle&nbsp;<a href=\"https:\/\/www.blv.admin.ch\/blv\/it\/home\/zulassung-pflanzenschutzmittel\/anwendung-und-vollzug\/weisungen-und-merkblaetter.html\" target=\"_blank\" rel=\"noopener\" title=\"\"><strong>istruzioni dell\u2019USAV<\/strong><\/a>.<\/p>\n\n\n\n<h3 class=\"wp-block-heading\">Vite e altre colture frutticole fino a 2&nbsp;metri di altezza<\/h3>\n\n\n\n<figure class=\"wp-block-image size-full is-resized\" datatext=\"\"><img decoding=\"async\" src=\"https:\/\/themes.agripedia.ch\/wp-content\/uploads\/2025\/03\/3340_I-25_Tabelle3__IT.svg\" alt=\"\" class=\"wp-image-70253\" style=\"width:720px;height:auto\"\/><figcaption class=\"wp-element-caption\"><sup>1 <\/sup>Nei casi in cui le file sono disposte perpendicolarmente alle acque superficiali.<\/figcaption><\/figure>\n\n\n\n<ul class=\"wp-block-list\">\n<li>La combinazione di diverse misure permette di accumulare punti e di ridurre ulteriormente la deriva e la zona tampone.<\/li>\n\n\n\n<li>Non \u00e8 possibile combinare pi\u00f9 misure provenienti dalla stessa colonna della tabella soprastante.<\/li>\n<\/ul>\n\n\n\n<p><strong>Situazioni speciali<\/strong><\/p>\n\n\n\n<p>Prescrizione relativa alla PER per la riduzione della deriva (cfr. n. 6.1a.4 all. 1 OPD) nelle <strong>piccole particelle<\/strong>: nelle particelle larghe al massimo 10 metri nonch\u00e9 in quelle con al massimo 5 file, la prescrizione relativa alla PER per la riduzione della deriva \u00e8 adempiuta se i trattamenti fitosanitari con irroratrice a lancia o atomizzatore a spalla vengono effettuati unicamente verso l\u2019interno della particella. Se la particella confina con un oggetto protetto (ad es. acque superficiali, biotopo, strada drenata, aree residenziali e strutture pubbliche), il trattamento non deve essere effettuato verso l\u2019interno della particella, ma lontano dall\u2019oggetto protetto (getto nella direzione opposta rispetto all\u2019oggetto protetto).<\/p>\n\n\n\n<p>Le istruzioni dell\u2019USAV non contengono misure specifiche concernenti la riduzione della deriva nell\u2019utilizzo di droni. Pertanto, non \u00e8 possibile ottenere il punteggio di \u00ab1 punto contro la deriva\u00bb prescritto dalla PER. Per le applicazioni effettuate con i droni, sono attualmente in corso prove per valutare la possibilit\u00e0 di utilizzare ugelli che riducono la deriva come misura. Come soluzione transitoria fino al 2026 compreso, la prescrizione relativa alla PER \u00ab1 punto contro la deriva\u00bb non deve quindi essere applicata ai droni. Tuttavia, i vincoli stabiliti all\u2019atto dell\u2019omologazione devono essere rispettati.<\/p>\n\n\n\n<p>Per le applicazioni aeree con elicottero si applicano i requisiti esistenti. A questo proposito si veda la pubblicazione \u00abApplicazione aerea di prodotti fitosanitari, biocidi e fertilizzanti: aiuto all\u2019esecuzione per le autorit\u00e0 di esecuzione e gli utilizzatori<em>\u00bb<\/em> (disponibile in tedesco e in francese; pubblicata dall\u2019Ufficio federale dell\u2019ambiente UFAM e dall\u2019Ufficio federale dell\u2019aviazione civile UFAC, 2016).<\/p>\n\n\n\n<p>Misure per la vite e altre colture frutticole fino a 2&nbsp;metri di altezza.<\/p>\n\n\n\n<h3 class=\"wp-block-heading\">Colture frutticole e altre colture di oltre 2 metri di altezza<\/h3>\n\n\n\n<figure class=\"wp-block-image size-full\"><img decoding=\"async\" src=\"https:\/\/themes.agripedia.ch\/wp-content\/uploads\/2025\/03\/3340_I-25_Tabelle3a__IT.svg\" alt=\"\" class=\"wp-image-70268\"\/><\/figure>\n\n\n\n<h3 class=\"wp-block-heading\">Fattori generali che influenzano la riduzione della deriva <\/h3>\n\n\n\n<p>Cosa s\u2019intende con deriva \u00e8 gi\u00e0 stato spiegato nell\u2019introduzione. Di seguito sono elencati i parametri che influenzano la deriva.<\/p>\n\n\n\n<ul class=\"wp-block-list\">\n<li><strong>Vento<\/strong>: la deriva \u00e8 nettamente meno elevata in assenza o in presenza di poco vento. \u00c8 possibile eseguire trattamenti quando la velocit\u00e0 del vento supera i 6 km\/h soltanto se strettamente necessario e, nella misura del possibile, non bisognerebbe effettuarne quando supera i 12 km\/h. \u00c8 vietato eseguire &nbsp;trattamenti quando la velocit\u00e0 del vento supera i 19 km\/h.<\/li>\n<\/ul>\n\n\n\n<p>La velocit\u00e0 del vento viene misurata con un anemometro. Tuttavia, \u00e8 possibile stimarla utilizzando la seguente tabella.<\/p>\n\n\n\n<figure class=\"wp-block-image size-full\" datatext=\"\"><img decoding=\"async\" src=\"https:\/\/themes.agripedia.ch\/wp-content\/uploads\/2025\/03\/3340_I-25_Tabelle1__IT.svg\" alt=\"\" class=\"wp-image-70272\"\/><figcaption class=\"wp-element-caption\"><em>Classi di velocit\u00e0 del vento e trattamento<\/em><\/figcaption><\/figure>\n\n\n\n<p><strong>Ulteriori importanti fattori che contribuiscono a evitare la deriva e a garantire una buona pratica professionale<\/strong><\/p>\n\n\n\n<ul class=\"wp-block-list\">\n<li><strong>Dimensione delle goccioline: <\/strong>pu\u00f2 essere ottimizzata scegliendo ugelli adatti e impostando la giusta pressione. Pi\u00f9 grandi sono le goccioline, minore \u00e8 la deriva. La figura seguente illustra chiaramente l\u2019influenza della dimensione delle goccioline sulla deriva. I test hanno dimostrato che gli ugelli antideriva permettono di ottenere trattamenti di buona qualit\u00e0. L\u2019intervallo di pressione ideale per gli ugelli utilizzati \u00e8 riportato nelle tabelle dei fabbricanti.<\/li>\n\n\n\n<li><strong>Velocit\u00e0 di marcia: <\/strong>non deve superare gli 8 km\/h. Velocit\u00e0 pi\u00f9 elevate causano una maggiore turbolenza dell\u2019aria. Di conseguenza, le goccioline si muovono con pi\u00f9 forza e aderiscono meno alla coltura bersaglio.<\/li>\n\n\n\n<li><strong>Temperatura: <\/strong>svolge un ruolo importante per l\u2019azione dei PF e dovrebbe idealmente situarsi tra gli 8 e i 25 \u00b0C in modo che i prodotti volatili non evaporino.<\/li>\n\n\n\n<li><strong>Momento della giornata: <\/strong>le migliori condizioni di trattamento sono presenti la mattina presto o la sera.<\/li>\n\n\n\n<li><strong>Umidit\u00e0 del fogliame: <\/strong>in generale,<strong> <\/strong>trattare solo se le foglie sono asciutte. La presenza eccessiva di rugiada pu\u00f2 causare il dilavamento del prodotto dalle foglie al suolo.<\/li>\n<\/ul>\n\n\n\n<ul class=\"wp-block-list\">\n<li><strong>Umidit\u00e0 dell\u2019aria: <\/strong>sotto il 60 per cento aumenta il rischio che i prodotti evaporino e la capacit\u00e0 di assorbimento da parte delle piante diminuisce. Sopra il 95 per cento aumenta il rischio che il PF goccioli. Le stazioni meteo possono costituire un valido aiuto per valutare quando effettuare il trattamento.<\/li>\n<\/ul>\n\n\n\n<div class=\"wp-block-columns is-layout-flex wp-container-core-columns-is-layout-9d6595d7 wp-block-columns-is-layout-flex\">\n<div class=\"wp-block-column is-layout-flow wp-block-column-is-layout-flow\">\n<figure class=\"wp-block-image size-full\"><img decoding=\"async\" src=\"https:\/\/themes.agripedia.ch\/wp-content\/uploads\/2025\/03\/3340_Grafik-Micro-Weinbau_Drift-in-Abhaengigkeit-der-Tropfengroesse__IT.svg\" alt=\"\" class=\"wp-image-70276\"\/><figcaption class=\"wp-element-caption\">Deriva in funzione della dimensione delle goccioline; fonte: modificato in base a UFAG<\/figcaption><\/figure>\n<\/div>\n\n\n\n<div class=\"wp-block-column is-layout-flow wp-block-column-is-layout-flow\">\n<p><mark style=\"background-color:rgba(0, 0, 0, 0)\" class=\"has-inline-color has-white-color\">B<\/mark><\/p>\n\n\n\n<p><strong>Impostare correttamente la dimensione delle goccioline<\/strong><\/p>\n\n\n\n<p>Pi\u00f9 le goccioline sono piccole (&lt; 100 micron) pi\u00f9 la deriva e la perdita dovuta all\u2019evaporazione sono importanti.<\/p>\n\n\n\n<p>Per <strong>diminuire la quota di piccole goccioline<\/strong> e la deriva:<\/p>\n\n\n\n<ul class=\"wp-block-list\">\n<li>lavorare a bassa pressione restando nei valori previsti dal costruttore per l\u2019ugello in questione;<\/li>\n\n\n\n<li><strong>utilizzare ugelli a iniezione o antideriva<\/strong>  riduzione della deriva del 50 fino al 75 %.<\/li>\n<\/ul>\n<\/div>\n<\/div>\n\n\n\n<div class=\"wp-block-columns is-layout-flex wp-container-core-columns-is-layout-9d6595d7 wp-block-columns-is-layout-flex\">\n<div class=\"wp-block-column is-layout-flow wp-block-column-is-layout-flow\">\n<figure class=\"wp-block-image size-full\"><img decoding=\"async\" src=\"https:\/\/themes.agripedia.ch\/wp-content\/uploads\/2025\/03\/01_I_25_Axial-Strauchbeeren_IT.svg\" alt=\"\" class=\"wp-image-70284\"\/><figcaption class=\"wp-element-caption\">Fonte: modificato in base a F. Egloff-Hanhart<\/figcaption><\/figure>\n<\/div>\n\n\n\n<div class=\"wp-block-column is-layout-flow wp-block-column-is-layout-flow\">\n<p><mark style=\"background-color:rgba(0, 0, 0, 0)\" class=\"has-inline-color has-white-color\">B<\/mark><\/p>\n\n\n\n<p><strong>Orientamento degli ugelli e dei portaugelli<\/strong><\/p>\n\n\n\n<ul class=\"wp-block-list\">\n<li>Gli ugelli vanno orientati e aperti in modo che la sostanza nebulizzata non superi la parete fogliare.<\/li>\n\n\n\n<li>L\u2019installazione di portaugelli permette di sostituire rapidamente gli ugelli. Se possibile utilizzare ugelli a iniezione.<\/li>\n<\/ul>\n\n\n\n<p><strong>Calcolo corretto e ottimizzazione del dosaggio<\/strong><\/p>\n\n\n\n<ul class=\"wp-block-list\">\n<li>\u00c8 obbligatorio rispettare il corretto dosaggio dei PF in funzione dello stadio fenologico (raccomandazioni fitosanitarie di Agroscope).<\/li>\n<\/ul>\n\n\n\n<ul class=\"wp-block-list\">\n<li>Ottimizzare il dosaggio in funzione del volume dell\u2019albero o del volume fogliare (cfr. Agrometeo o app \u00abCalcolatore prodotti fitosanitari\u00bb).<\/li>\n<\/ul>\n<\/div>\n<\/div>\n\n\n\n<h3 class=\"wp-block-heading\">Spiegazione delle misure di implementazione dei punti di deriva<\/h3>\n\n\n\n<p><mark style=\"background-color:rgba(0, 0, 0, 0)\" class=\"has-inline-color has-white-color\">B<\/mark><\/p>\n\n\n\n<h4 class=\"wp-block-heading\">Ugelli<\/h4>\n\n\n\n<div class=\"wp-block-columns is-layout-flex wp-container-core-columns-is-layout-9d6595d7 wp-block-columns-is-layout-flex\">\n<div class=\"wp-block-column is-layout-flow wp-block-column-is-layout-flow\">\n<figure class=\"wp-block-image size-large\"><img loading=\"lazy\" decoding=\"async\" width=\"1024\" height=\"842\" src=\"https:\/\/themes.agripedia.ch\/wp-content\/uploads\/2025\/03\/E_buses-IMG_1661-1024x842.jpg\" alt=\"\" class=\"wp-image-69645\" srcset=\"https:\/\/themes.agripedia.ch\/wp-content\/uploads\/2025\/03\/E_buses-IMG_1661-1024x842.jpg 1024w, https:\/\/themes.agripedia.ch\/wp-content\/uploads\/2025\/03\/E_buses-IMG_1661-300x247.jpg 300w, https:\/\/themes.agripedia.ch\/wp-content\/uploads\/2025\/03\/E_buses-IMG_1661-768x632.jpg 768w, https:\/\/themes.agripedia.ch\/wp-content\/uploads\/2025\/03\/E_buses-IMG_1661-1536x1263.jpg 1536w, https:\/\/themes.agripedia.ch\/wp-content\/uploads\/2025\/03\/E_buses-IMG_1661-2048x1684.jpg 2048w, https:\/\/themes.agripedia.ch\/wp-content\/uploads\/2025\/03\/E_buses-IMG_1661-1200x987.jpg 1200w, https:\/\/themes.agripedia.ch\/wp-content\/uploads\/2025\/03\/E_buses-IMG_1661-1980x1628.jpg 1980w\" sizes=\"auto, (max-width: 1024px) 100vw, 1024px\" \/><figcaption class=\"wp-element-caption\">Fonte: Hardi<\/figcaption><\/figure>\n<\/div>\n\n\n\n<div class=\"wp-block-column is-vertically-aligned-top is-layout-flow wp-block-column-is-layout-flow\">\n<p><mark style=\"background-color:rgba(0, 0, 0, 0)\" class=\"has-inline-color has-white-color\">B<\/mark><\/p>\n\n\n\n<p><strong>Utilizzo di ugelli antideriva<\/strong><\/p>\n\n\n\n<p>Trattamento della parete fogliare o applicazione di erbicidi al suolo. Questi ugelli permettono di ridurre la deriva.<\/p>\n\n\n\n<p>La pastiglia di calibrazione situata all\u2019entrata dell\u2019ugello forma una camera di decompressione che permette una riduzione della pressione e di conseguenza favorisce la formazione di goccioline pi\u00f9 grandi.<\/p>\n\n\n\n<p><strong>0,5 punti<\/strong><\/p>\n<\/div>\n<\/div>\n\n\n\n<div class=\"wp-block-columns is-layout-flex wp-container-core-columns-is-layout-9d6595d7 wp-block-columns-is-layout-flex\">\n<div class=\"wp-block-column is-vertically-aligned-center is-layout-flow wp-block-column-is-layout-flow\">\n<div class=\"wp-block-columns is-layout-flex wp-container-core-columns-is-layout-9d6595d7 wp-block-columns-is-layout-flex\">\n<div class=\"wp-block-column is-layout-flow wp-block-column-is-layout-flow\" style=\"flex-basis:100%\">\n<div class=\"wp-block-columns is-layout-flex wp-container-core-columns-is-layout-9d6595d7 wp-block-columns-is-layout-flex\">\n<div class=\"wp-block-column is-layout-flow wp-block-column-is-layout-flow\">\n<figure class=\"wp-block-image size-full is-resized\"><img loading=\"lazy\" decoding=\"async\" width=\"374\" height=\"545\" src=\"https:\/\/themes.agripedia.ch\/wp-content\/uploads\/2025\/03\/flachstrahlduese-idk.jpg\" alt=\"\" class=\"wp-image-69648\" style=\"width:70px;height:auto\" srcset=\"https:\/\/themes.agripedia.ch\/wp-content\/uploads\/2025\/03\/flachstrahlduese-idk.jpg 374w, https:\/\/themes.agripedia.ch\/wp-content\/uploads\/2025\/03\/flachstrahlduese-idk-206x300.jpg 206w\" sizes=\"auto, (max-width: 374px) 100vw, 374px\" \/><figcaption class=\"wp-element-caption\">Ugelli a iniezione; fonte: Lecher<\/figcaption><\/figure>\n<\/div>\n\n\n\n<div class=\"wp-block-column is-layout-flow wp-block-column-is-layout-flow\">\n<figure class=\"wp-block-image size-large\"><img loading=\"lazy\" decoding=\"async\" width=\"1024\" height=\"942\" src=\"https:\/\/themes.agripedia.ch\/wp-content\/uploads\/2025\/02\/G_Albuz_6.86.3-TVI-1024x942.jpg\" alt=\"\" class=\"wp-image-69054\" srcset=\"https:\/\/themes.agripedia.ch\/wp-content\/uploads\/2025\/02\/G_Albuz_6.86.3-TVI-1024x942.jpg 1024w, https:\/\/themes.agripedia.ch\/wp-content\/uploads\/2025\/02\/G_Albuz_6.86.3-TVI-300x276.jpg 300w, https:\/\/themes.agripedia.ch\/wp-content\/uploads\/2025\/02\/G_Albuz_6.86.3-TVI-768x706.jpg 768w, https:\/\/themes.agripedia.ch\/wp-content\/uploads\/2025\/02\/G_Albuz_6.86.3-TVI-1536x1412.jpg 1536w, https:\/\/themes.agripedia.ch\/wp-content\/uploads\/2025\/02\/G_Albuz_6.86.3-TVI-2048x1883.jpg 2048w, https:\/\/themes.agripedia.ch\/wp-content\/uploads\/2025\/02\/G_Albuz_6.86.3-TVI-1200x1103.jpg 1200w, https:\/\/themes.agripedia.ch\/wp-content\/uploads\/2025\/02\/G_Albuz_6.86.3-TVI-1980x1821.jpg 1980w\" sizes=\"auto, (max-width: 1024px) 100vw, 1024px\" \/><figcaption class=\"wp-element-caption\">Fonte: ALBUZ<\/figcaption><\/figure>\n<\/div>\n<\/div>\n<\/div>\n<\/div>\n<\/div>\n\n\n\n<div class=\"wp-block-column is-layout-flow wp-block-column-is-layout-flow\">\n<p><strong>Utilizzo di ugelli a iniezione<\/strong><\/p>\n\n\n\n<p>Questi ugelli presentano due fori d\u2019aspirazione laterali che permettono l\u2019iniezione d\u2019aria nel flusso della miscela e generano grandi gocce che si scompongono in piccole goccioline quando arrivano sul bersaglio.<\/p>\n\n\n\n<p>Gli ugelli a iniezione possono essere utilizzati per le seguenti irroratrici:<\/p>\n\n\n\n<ul class=\"wp-block-list\">\n<li>turbodiffusori<\/li>\n\n\n\n<li>barre irroranti<\/li>\n<\/ul>\n\n\n\n<p><strong>1 punto<\/strong><\/p>\n<\/div>\n<\/div>\n\n\n\n<h4 class=\"wp-block-heading\">Macchinari<\/h4>\n\n\n\n<div class=\"wp-block-columns is-layout-flex wp-container-core-columns-is-layout-9d6595d7 wp-block-columns-is-layout-flex\">\n<div class=\"wp-block-column is-layout-flow wp-block-column-is-layout-flow\">\n<figure class=\"wp-block-image size-full\" datatext=\"\"><img decoding=\"async\" src=\"https:\/\/themes.agripedia.ch\/wp-content\/uploads\/2025\/03\/3340_I-25_Axial_Reben_Obst__IT.svg\" alt=\"\" class=\"wp-image-70289\"\/><figcaption class=\"wp-element-caption\">Fonte: F. Egloff-Hanhart<\/figcaption><\/figure>\n<\/div>\n\n\n\n<div class=\"wp-block-column is-layout-flow wp-block-column-is-layout-flow\">\n<p><mark style=\"background-color:rgba(0, 0, 0, 0)\" class=\"has-inline-color has-white-color\">B<\/mark><\/p>\n\n\n\n<p><br><strong>Flusso d\u2019aria tangenziale con restrizione di altezza o atomizzatori tangenziali<\/strong><\/p>\n\n\n\n<p>Questi tipi di irroratrici permettono di dirigere il flusso d\u2019aria e della poltiglia unicamente sulla vegetazione limitando le perdite di prodotto, soprattutto al di sopra della parete fogliare.<\/p>\n\n\n\n<p><strong>0,5 punti<\/strong><\/p>\n<\/div>\n<\/div>\n\n\n\n<div class=\"wp-block-columns is-layout-flex wp-container-core-columns-is-layout-9d6595d7 wp-block-columns-is-layout-flex\">\n<div class=\"wp-block-column is-layout-flow wp-block-column-is-layout-flow\">\n<figure class=\"wp-block-image size-full\"><img loading=\"lazy\" decoding=\"async\" width=\"600\" height=\"450\" src=\"https:\/\/themes.agripedia.ch\/wp-content\/uploads\/2025\/02\/sensortechnik1_MjAyOTkzMA-600x450-1.jpg\" alt=\"\" class=\"wp-image-69062\" srcset=\"https:\/\/themes.agripedia.ch\/wp-content\/uploads\/2025\/02\/sensortechnik1_MjAyOTkzMA-600x450-1.jpg 600w, https:\/\/themes.agripedia.ch\/wp-content\/uploads\/2025\/02\/sensortechnik1_MjAyOTkzMA-600x450-1-300x225.jpg 300w\" sizes=\"auto, (max-width: 600px) 100vw, 600px\" \/><figcaption class=\"wp-element-caption\">Irroratoratrice con rilevatore; fonte: Hans Wanner GmbH<\/figcaption><\/figure>\n<\/div>\n\n\n\n<div class=\"wp-block-column is-layout-flow wp-block-column-is-layout-flow\">\n<p><mark style=\"background-color:rgba(0, 0, 0, 0)\" class=\"has-inline-color has-white-color\">B<\/mark><\/p>\n\n\n\n<p><br><strong><strong>Rilevatore di vegetazione con flusso d\u2019aria tangenziale o atomizzatori tangenziali<\/strong><\/strong><\/p>\n\n\n\n<p>Se l\u2019irroratrice \u00e8 dotata anche di un rilevatore di vegetazione per il riconoscimento della parete fogliare, gli ugelli si chiudono e si aprono automaticamente. Ci\u00f2 permette di aumentare la precisione del trattamento, in particolare con la chiusura automatica degli ugelli alla fine della fila.<\/p>\n\n\n\n<p><strong>1 punt<\/strong>o<\/p>\n<\/div>\n<\/div>\n\n\n\n<div class=\"wp-block-columns is-layout-flex wp-container-core-columns-is-layout-9d6595d7 wp-block-columns-is-layout-flex\">\n<div class=\"wp-block-column is-layout-flow wp-block-column-is-layout-flow\">\n<figure class=\"wp-block-image size-full\"><img loading=\"lazy\" decoding=\"async\" width=\"956\" height=\"717\" src=\"https:\/\/themes.agripedia.ch\/wp-content\/uploads\/2025\/03\/9_Spritzgeblaese.jpg\" alt=\"\" class=\"wp-image-69651\" srcset=\"https:\/\/themes.agripedia.ch\/wp-content\/uploads\/2025\/03\/9_Spritzgeblaese.jpg 956w, https:\/\/themes.agripedia.ch\/wp-content\/uploads\/2025\/03\/9_Spritzgeblaese-300x225.jpg 300w, https:\/\/themes.agripedia.ch\/wp-content\/uploads\/2025\/03\/9_Spritzgeblaese-768x576.jpg 768w\" sizes=\"auto, (max-width: 956px) 100vw, 956px\" \/><figcaption class=\"wp-element-caption\"><strong>Irroratrice a tunnel dotata di sistema di riciclo<\/strong>; fonte: Hans Wanner GmbH<\/figcaption><\/figure>\n<\/div>\n\n\n\n<div class=\"wp-block-column is-layout-flow wp-block-column-is-layout-flow\">\n<p><mark style=\"background-color:rgba(0, 0, 0, 0)\" class=\"has-inline-color has-white-color\">B<\/mark><\/p>\n\n\n\n<p><strong>Irroratrice a tunnel dotata di sistema di riciclo<\/strong><\/p>\n\n\n\n<p>Con questo sistema la poltiglia \u00e8 applicata simultaneamente su ogni lato della fila e viene riciclata.<\/p>\n\n\n\n<p>Questo sistema consente di risparmiare poltiglia specialmente all\u2019inizio del periodo vegetativo. Utilizzo soltanto con una pendenza moderata senza pendenza trasversale e senza protezione dagli agenti atmosferici.<\/p>\n\n\n\n<p><strong><strong>Vite e altre colture frutticole fino a 2 metri di altezza<\/strong><\/strong>:<\/p>\n\n\n\n<p><strong>2&nbsp;punti<\/strong><\/p>\n\n\n\n<p><strong><strong>Colture frutticole e altre colture di oltre 2 metri di altezza<\/strong><\/strong>:<\/p>\n\n\n\n<p><strong>1,5&nbsp;punti<\/strong><\/p>\n<\/div>\n<\/div>\n\n\n\n<div class=\"wp-block-columns is-layout-flex wp-container-core-columns-is-layout-9d6595d7 wp-block-columns-is-layout-flex\">\n<div class=\"wp-block-column is-layout-flow wp-block-column-is-layout-flow\">\n<figure class=\"wp-block-image size-large\"><img loading=\"lazy\" decoding=\"async\" width=\"1024\" height=\"681\" src=\"https:\/\/themes.agripedia.ch\/wp-content\/uploads\/2025\/02\/Foto-2-1024x681.jpg\" alt=\"\" class=\"wp-image-69069\" srcset=\"https:\/\/themes.agripedia.ch\/wp-content\/uploads\/2025\/02\/Foto-2-1024x681.jpg 1024w, https:\/\/themes.agripedia.ch\/wp-content\/uploads\/2025\/02\/Foto-2-300x199.jpg 300w, https:\/\/themes.agripedia.ch\/wp-content\/uploads\/2025\/02\/Foto-2-768x510.jpg 768w, https:\/\/themes.agripedia.ch\/wp-content\/uploads\/2025\/02\/Foto-2-1200x798.jpg 1200w, https:\/\/themes.agripedia.ch\/wp-content\/uploads\/2025\/02\/Foto-2.jpg 1291w\" sizes=\"auto, (max-width: 1024px) 100vw, 1024px\" \/><figcaption class=\"wp-element-caption\">Trattamento con erbicida solo sotto i filari; fonte: Marlis N\u00f6lly, BBZ Arenenberg<\/figcaption><\/figure>\n<\/div>\n\n\n\n<div class=\"wp-block-column is-layout-flow wp-block-column-is-layout-flow\">\n<p><mark style=\"background-color:rgba(0, 0, 0, 0)\" class=\"has-inline-color has-white-color\">B<\/mark><\/p>\n\n\n\n<p><strong>Trattamento con erbicida solo sotto i filari<\/strong><\/p>\n\n\n\n<p>Vengono effettuati trattamenti soltanto sulla striscia coltivata.<\/p>\n\n\n\n<p><strong>1,5 punti<\/strong><\/p>\n<\/div>\n<\/div>\n\n\n\n<h4 class=\"wp-block-heading\">Particella<\/h4>\n\n\n\n<div class=\"wp-block-columns is-layout-flex wp-container-core-columns-is-layout-9d6595d7 wp-block-columns-is-layout-flex\">\n<div class=\"wp-block-column is-layout-flow wp-block-column-is-layout-flow\">\n<figure class=\"wp-block-image size-large\" datatext=\"\"><img decoding=\"async\" src=\"https:\/\/themes.agripedia.ch\/wp-content\/uploads\/2025\/02\/apfelanlage-1-1024x737.jpg\" alt=\"\" class=\"wp-image-69073\"\/><figcaption class=\"wp-element-caption\">Rete antigrandine chiusa; fonte: Johannes Hanhart, AGRIDEA<\/figcaption><\/figure>\n<\/div>\n\n\n\n<div class=\"wp-block-column is-layout-flow wp-block-column-is-layout-flow\">\n<p><mark style=\"background-color:rgba(0, 0, 0, 0)\" class=\"has-inline-color has-white-color\">B<\/mark><\/p>\n\n\n\n<p><strong>Rete antigrandine chiusa o protezione contro le intemperie<\/strong><\/p>\n\n\n\n<p>Una rete antigrandine chiusa o una protezione contro le intemperie riduce la deriva in modo significativo soprattutto con l\u2019impiego di ugelli convenzionali.<\/p>\n\n\n\n<p><strong>0,5 punti<\/strong><\/p>\n<\/div>\n<\/div>\n\n\n\n<div class=\"wp-block-columns are-vertically-aligned-top is-layout-flex wp-container-core-columns-is-layout-9d6595d7 wp-block-columns-is-layout-flex\">\n<div class=\"wp-block-column is-vertically-aligned-top is-layout-flow wp-block-column-is-layout-flow\">\n<div class=\"wp-block-columns is-layout-flex wp-container-core-columns-is-layout-9d6595d7 wp-block-columns-is-layout-flex\">\n<div class=\"wp-block-column is-layout-flow wp-block-column-is-layout-flow\">\n<div class=\"wp-block-columns is-layout-flex wp-container-core-columns-is-layout-9d6595d7 wp-block-columns-is-layout-flex\">\n<div class=\"wp-block-column is-layout-flow wp-block-column-is-layout-flow\">\n<figure class=\"wp-block-image size-large\"><img loading=\"lazy\" decoding=\"async\" width=\"1024\" height=\"686\" src=\"https:\/\/themes.agripedia.ch\/wp-content\/uploads\/2025\/03\/J_haie-3-m-_DSC_8187__IT-1024x686.jpg\" alt=\"\" class=\"wp-image-70393\" srcset=\"https:\/\/themes.agripedia.ch\/wp-content\/uploads\/2025\/03\/J_haie-3-m-_DSC_8187__IT-1024x686.jpg 1024w, https:\/\/themes.agripedia.ch\/wp-content\/uploads\/2025\/03\/J_haie-3-m-_DSC_8187__IT-300x201.jpg 300w, https:\/\/themes.agripedia.ch\/wp-content\/uploads\/2025\/03\/J_haie-3-m-_DSC_8187__IT-768x514.jpg 768w, https:\/\/themes.agripedia.ch\/wp-content\/uploads\/2025\/03\/J_haie-3-m-_DSC_8187__IT-1536x1028.jpg 1536w, https:\/\/themes.agripedia.ch\/wp-content\/uploads\/2025\/03\/J_haie-3-m-_DSC_8187__IT-1200x803.jpg 1200w, https:\/\/themes.agripedia.ch\/wp-content\/uploads\/2025\/03\/J_haie-3-m-_DSC_8187__IT.jpg 1764w\" sizes=\"auto, (max-width: 1024px) 100vw, 1024px\" \/><figcaption class=\"wp-element-caption\"><strong>Fascia di vegetazione continua<\/strong>; fonte: Jaques Dugon, AGRIDEA<\/figcaption><\/figure>\n<\/div>\n<\/div>\n<\/div>\n<\/div>\n<\/div>\n\n\n\n<div class=\"wp-block-column is-vertically-aligned-top is-layout-flow wp-block-column-is-layout-flow\">\n<p><mark style=\"background-color:rgba(0, 0, 0, 0)\" class=\"has-inline-color has-white-color\">B<\/mark><\/p>\n\n\n\n<p><strong>Fascia di vegetazione continua<\/strong><\/p>\n\n\n\n<p>Si tratta di una fascia di vegetazione continua diversa dalla coltura, disposta tra l\u2019oggetto protetto e la particella, larga almeno 3 m e alta almeno quanto la coltura.<\/p>\n\n\n\n<p>Poich\u00e9 la fascia di vegetazione continua \u00e8 una siepe, \u00e8 necessario mantenere una fascia tampone di almeno 3 m dalla fascia di vegetazione (per maggiori dettagli si veda la scheda tecnica \u00abFasce tampone Come misurarle, come gestirle?\u00bb).<\/p>\n\n\n\n<p><strong>1 punto<\/strong><\/p>\n<\/div>\n<\/div>\n\n\n\n<div class=\"wp-block-columns is-layout-flex wp-container-core-columns-is-layout-9d6595d7 wp-block-columns-is-layout-flex\">\n<div class=\"wp-block-column is-layout-flow wp-block-column-is-layout-flow\">\n<figure class=\"wp-block-image size-large\"><img loading=\"lazy\" decoding=\"async\" width=\"1024\" height=\"576\" src=\"https:\/\/themes.agripedia.ch\/wp-content\/uploads\/2025\/02\/P1050109-1024x576.jpg\" alt=\"\" class=\"wp-image-69077\" srcset=\"https:\/\/themes.agripedia.ch\/wp-content\/uploads\/2025\/02\/P1050109-1024x576.jpg 1024w, https:\/\/themes.agripedia.ch\/wp-content\/uploads\/2025\/02\/P1050109-300x169.jpg 300w, https:\/\/themes.agripedia.ch\/wp-content\/uploads\/2025\/02\/P1050109-768x432.jpg 768w, https:\/\/themes.agripedia.ch\/wp-content\/uploads\/2025\/02\/P1050109-1536x865.jpg 1536w, https:\/\/themes.agripedia.ch\/wp-content\/uploads\/2025\/02\/P1050109-2048x1153.jpg 2048w, https:\/\/themes.agripedia.ch\/wp-content\/uploads\/2025\/02\/P1050109-1200x675.jpg 1200w, https:\/\/themes.agripedia.ch\/wp-content\/uploads\/2025\/02\/P1050109-1980x1114.jpg 1980w\" sizes=\"auto, (max-width: 1024px) 100vw, 1024px\" \/><figcaption class=\"wp-element-caption\"><strong>Barriera verticale<\/strong>; fonte: Johannes Hanhart, AGRIDEA<\/figcaption><\/figure>\n<\/div>\n\n\n\n<div class=\"wp-block-column is-layout-flow wp-block-column-is-layout-flow\">\n<p><strong>oppure<\/strong><\/p>\n\n\n\n<p><strong>Barriera verticale<\/strong><\/p>\n\n\n\n<p>Barriera verticale come ad esempio un telo ombreggiante o una siepe antideriva con copertura ottica di almeno il 75 % e che supera di almeno 1 m la coltura. Una copertura ottica di almeno il 75 % significa che \u00e8 possibile vedere meno del 25 % di ci\u00f2 che si trova dall\u2019altro lato della barriera.<\/p>\n\n\n\n<p><strong>1 punto<\/strong><\/p>\n<\/div>\n<\/div>\n\n\n\n<div class=\"wp-block-columns is-layout-flex wp-container-core-columns-is-layout-9d6595d7 wp-block-columns-is-layout-flex\">\n<div class=\"wp-block-column is-layout-flow wp-block-column-is-layout-flow\">\n<figure class=\"wp-block-image size-large\"><img loading=\"lazy\" decoding=\"async\" width=\"1024\" height=\"576\" src=\"https:\/\/themes.agripedia.ch\/wp-content\/uploads\/2025\/02\/P1050121-1024x576.jpg\" alt=\"\" class=\"wp-image-69080\" srcset=\"https:\/\/themes.agripedia.ch\/wp-content\/uploads\/2025\/02\/P1050121-1024x576.jpg 1024w, https:\/\/themes.agripedia.ch\/wp-content\/uploads\/2025\/02\/P1050121-300x169.jpg 300w, https:\/\/themes.agripedia.ch\/wp-content\/uploads\/2025\/02\/P1050121-768x432.jpg 768w, https:\/\/themes.agripedia.ch\/wp-content\/uploads\/2025\/02\/P1050121-1536x865.jpg 1536w, https:\/\/themes.agripedia.ch\/wp-content\/uploads\/2025\/02\/P1050121-2048x1153.jpg 2048w, https:\/\/themes.agripedia.ch\/wp-content\/uploads\/2025\/02\/P1050121-1200x675.jpg 1200w, https:\/\/themes.agripedia.ch\/wp-content\/uploads\/2025\/02\/P1050121-1980x1114.jpg 1980w\" sizes=\"auto, (max-width: 1024px) 100vw, 1024px\" \/><figcaption class=\"wp-element-caption\">Copertura totale con una rete antinsetti, fonte: Johannes Hanhart, AGRIDEA<\/figcaption><\/figure>\n<\/div>\n\n\n\n<div class=\"wp-block-column is-layout-flow wp-block-column-is-layout-flow\">\n<p><strong>oppure<\/strong><\/p>\n\n\n\n<p><strong>Copertura totale con una rete antinsetti<\/strong><\/p>\n\n\n\n<p>Rete antinsetti con maglie di dimensioni massime di 0,8 mm, piazzata verticalmente come prolungamento della rete antigrandine.<\/p>\n\n\n\n<p><strong>1 punto<\/strong><\/p>\n<\/div>\n<\/div>\n\n\n\n<div class=\"wp-block-columns is-layout-flex wp-container-core-columns-is-layout-9d6595d7 wp-block-columns-is-layout-flex\">\n<div class=\"wp-block-column is-layout-flow wp-block-column-is-layout-flow\">\n<figure class=\"wp-block-image size-large\"><img loading=\"lazy\" decoding=\"async\" width=\"1024\" height=\"576\" src=\"https:\/\/themes.agripedia.ch\/wp-content\/uploads\/2025\/02\/P1050104-1024x576.jpg\" alt=\"\" class=\"wp-image-69087\" srcset=\"https:\/\/themes.agripedia.ch\/wp-content\/uploads\/2025\/02\/P1050104-1024x576.jpg 1024w, https:\/\/themes.agripedia.ch\/wp-content\/uploads\/2025\/02\/P1050104-300x169.jpg 300w, https:\/\/themes.agripedia.ch\/wp-content\/uploads\/2025\/02\/P1050104-768x432.jpg 768w, https:\/\/themes.agripedia.ch\/wp-content\/uploads\/2025\/02\/P1050104-1536x865.jpg 1536w, https:\/\/themes.agripedia.ch\/wp-content\/uploads\/2025\/02\/P1050104-2048x1153.jpg 2048w, https:\/\/themes.agripedia.ch\/wp-content\/uploads\/2025\/02\/P1050104-1200x675.jpg 1200w, https:\/\/themes.agripedia.ch\/wp-content\/uploads\/2025\/02\/P1050104-1980x1114.jpg 1980w\" sizes=\"auto, (max-width: 1024px) 100vw, 1024px\" \/><figcaption class=\"wp-element-caption\"><strong><strong>Protezione dagli agenti atmosferici pi\u00f9 fascia di vegetazione continua<\/strong><\/strong>; fonte: Johannes Hanhart, AGRIDEA<\/figcaption><\/figure>\n<\/div>\n\n\n\n<div class=\"wp-block-column is-layout-flow wp-block-column-is-layout-flow\">\n<p><mark style=\"background-color:rgba(0, 0, 0, 0)\" class=\"has-inline-color has-white-color\">B<\/mark><\/p>\n\n\n\n<p><strong><strong>Protezione dagli agenti atmosferici pi\u00f9 fascia di vegetazione continua<\/strong><\/strong><\/p>\n\n\n\n<p>Rete antigrandine o protezione dagli agenti atmosferici <strong>e<\/strong> fascia di vegetazione continua larga almeno 3 metri e alta almeno come la coltura.<\/p>\n\n\n\n<p>Poich\u00e9 la fascia di vegetazione continua \u00e8 una siepe, \u00e8 necessario mantenere una fascia tampone di almeno 3 metri dalla fascia di vegetazione (per maggiori dettagli si veda la scheda tecnica \u00abFasce tampone Come misurarle, come gestirle?\u00bb).<\/p>\n\n\n\n<p><strong><strong>Vite e colture frutticole fino a 2 metri di altezza<\/strong>:<\/strong><br><strong>2&nbsp;punti<\/strong><\/p>\n\n\n\n<p><strong><strong>Colture frutticole e altre colture di oltre 2 metri di altezza<\/strong>: <\/strong><br><strong>1,5 punti<\/strong><\/p>\n\n\n\n<p><mark style=\"background-color:rgba(0, 0, 0, 0)\" class=\"has-inline-color has-white-color\">B<\/mark><\/p>\n<\/div>\n<\/div>\n\n\n\n<div class=\"wp-block-columns is-layout-flex wp-container-core-columns-is-layout-9d6595d7 wp-block-columns-is-layout-flex\">\n<div class=\"wp-block-column is-layout-flow wp-block-column-is-layout-flow\">\n<figure class=\"wp-block-image size-large\"><img loading=\"lazy\" decoding=\"async\" width=\"1024\" height=\"576\" src=\"https:\/\/themes.agripedia.ch\/wp-content\/uploads\/2025\/02\/P1050276-1024x576.jpg\" alt=\"\" class=\"wp-image-69090\" srcset=\"https:\/\/themes.agripedia.ch\/wp-content\/uploads\/2025\/02\/P1050276-1024x576.jpg 1024w, https:\/\/themes.agripedia.ch\/wp-content\/uploads\/2025\/02\/P1050276-300x169.jpg 300w, https:\/\/themes.agripedia.ch\/wp-content\/uploads\/2025\/02\/P1050276-768x432.jpg 768w, https:\/\/themes.agripedia.ch\/wp-content\/uploads\/2025\/02\/P1050276-1536x865.jpg 1536w, https:\/\/themes.agripedia.ch\/wp-content\/uploads\/2025\/02\/P1050276-2048x1153.jpg 2048w, https:\/\/themes.agripedia.ch\/wp-content\/uploads\/2025\/02\/P1050276-1200x675.jpg 1200w, https:\/\/themes.agripedia.ch\/wp-content\/uploads\/2025\/02\/P1050276-1980x1114.jpg 1980w\" sizes=\"auto, (max-width: 1024px) 100vw, 1024px\" \/><figcaption class=\"wp-element-caption\"><strong>Protezione contro le intemperie combinata con barriera verticale<\/strong>; fonte: Johannes Hanhart, AGRIDEA<\/figcaption><\/figure>\n<\/div>\n\n\n\n<div class=\"wp-block-column is-layout-flow wp-block-column-is-layout-flow\">\n<p><strong>oppure<\/strong><\/p>\n\n\n\n<p><strong>Protezione contro le intemperie combinata con barriera verticale<\/strong><\/p>\n\n\n\n<p>Barriera (telo ombreggiante o siepe antideriva) con copertura ottica di almeno il 75 % piazzata verticalmente come prolungamento della rete antigrandine.<\/p>\n\n\n\n<p><strong><strong>Vite e colture frutticole fino a 2 metri di altezza<\/strong><\/strong>: <\/p>\n\n\n\n<p><strong>2 punti<\/strong><\/p>\n\n\n\n<p><strong><strong>Colture frutticole e altre colture di oltre 2 metri di altezza<\/strong><\/strong>:<\/p>\n\n\n\n<p><strong>1,5 punti<\/strong><\/p>\n<\/div>\n<\/div>\n\n\n\n<h4 class=\"wp-block-heading\">Tecniche di applicazione<\/h4>\n\n\n\n<div class=\"wp-block-columns is-layout-flex wp-container-core-columns-is-layout-9d6595d7 wp-block-columns-is-layout-flex\">\n<div class=\"wp-block-column is-layout-flow wp-block-column-is-layout-flow\">\n<figure class=\"wp-block-image size-full\"><img decoding=\"async\" src=\"https:\/\/themes.agripedia.ch\/wp-content\/uploads\/2025\/03\/3340_I-25_Axial_Reben_Obst__IT.svg\" alt=\"\" class=\"wp-image-70289\"\/><figcaption class=\"wp-element-caption\">Fonte: F. Egloff-Hanhart<\/figcaption><\/figure>\n<\/div>\n\n\n\n<div class=\"wp-block-column is-layout-flow wp-block-column-is-layout-flow\">\n<p><mark style=\"background-color:rgba(0, 0, 0, 0)\" class=\"has-inline-color has-white-color\">B<\/mark><\/p>\n\n\n\n<p><strong>Quantit\u00e0 d\u2019aria ottimizzata<\/strong><\/p>\n\n\n\n<p><mark style=\"background-color:rgba(0, 0, 0, 0)\" class=\"has-inline-color has-agripedia-red-color\"><strong>A<\/strong>&nbsp;<\/mark><br>I <strong>turbodiffusori <\/strong>e le altre <strong>irroratrici a getto portato<\/strong> non devono superare il volume d\u2019aria massimo di<\/p>\n\n\n\n<p>20&nbsp;000 m<sup>3<\/sup> \/ h nella vite e nelle colture fino a 2 m di altezza<\/p>\n\n\n\n<p>e<\/p>\n\n\n\n<p>30&nbsp;000 m<sup>3<\/sup> \/ h nella frutticoltura e nelle colture di oltre 2 m di altezza<\/p>\n<\/div>\n<\/div>\n\n\n\n<div class=\"wp-block-columns is-layout-flex wp-container-core-columns-is-layout-9d6595d7 wp-block-columns-is-layout-flex\">\n<div class=\"wp-block-column is-layout-flow wp-block-column-is-layout-flow\">\n<figure class=\"wp-block-image size-full\"><img decoding=\"async\" src=\"https:\/\/themes.agripedia.ch\/wp-content\/uploads\/2025\/03\/3340_I-25_Durchfuehrung_Randreihen-bespritzen__01__IT.svg\" alt=\"\" class=\"wp-image-70297\"\/><figcaption class=\"wp-element-caption\">Fonte: AGRIDEA<\/figcaption><\/figure>\n<\/div>\n\n\n\n<div class=\"wp-block-column is-layout-flow wp-block-column-is-layout-flow\">\n<p><strong>o<\/strong>ppure<\/p>\n\n\n\n<p><strong><mark style=\"background-color:rgba(0, 0, 0, 0)\" class=\"has-inline-color has-agripedia-red-color\">B<\/mark><\/strong> <br>Nessuna aeroconvezione verso l\u2019esterno in 5 file marginali<\/p>\n\n\n\n<p><strong>o<\/strong>ppure<\/p>\n\n\n\n<p><strong><mark style=\"background-color:rgba(0, 0, 0, 0)\" class=\"has-inline-color has-agripedia-red-color\">C<\/mark><\/strong> <br>Trattamento soltanto verso l\u2019interno (flusso d\u2019aria) di 5 file marginali.<\/p>\n\n\n\n<p><strong>0,5 punti <\/strong>per una tra queste misure<\/p>\n<\/div>\n<\/div>\n\n\n\n<div class=\"wp-block-columns is-layout-flex wp-container-core-columns-is-layout-9d6595d7 wp-block-columns-is-layout-flex\">\n<div class=\"wp-block-column is-layout-flow wp-block-column-is-layout-flow\">\n<figure class=\"wp-block-image size-large\"><img loading=\"lazy\" decoding=\"async\" width=\"1024\" height=\"576\" src=\"https:\/\/themes.agripedia.ch\/wp-content\/uploads\/2025\/02\/P1050236-1024x576.jpg\" alt=\"\" class=\"wp-image-69096\" srcset=\"https:\/\/themes.agripedia.ch\/wp-content\/uploads\/2025\/02\/P1050236-1024x576.jpg 1024w, https:\/\/themes.agripedia.ch\/wp-content\/uploads\/2025\/02\/P1050236-300x169.jpg 300w, https:\/\/themes.agripedia.ch\/wp-content\/uploads\/2025\/02\/P1050236-768x432.jpg 768w, https:\/\/themes.agripedia.ch\/wp-content\/uploads\/2025\/02\/P1050236-1536x865.jpg 1536w, https:\/\/themes.agripedia.ch\/wp-content\/uploads\/2025\/02\/P1050236-2048x1153.jpg 2048w, https:\/\/themes.agripedia.ch\/wp-content\/uploads\/2025\/02\/P1050236-1200x675.jpg 1200w, https:\/\/themes.agripedia.ch\/wp-content\/uploads\/2025\/02\/P1050236-1980x1114.jpg 1980w\" sizes=\"auto, (max-width: 1024px) 100vw, 1024px\" \/><figcaption class=\"wp-element-caption\">Fonte: Johannes Hanhart, AGRIDEA<\/figcaption><\/figure>\n<\/div>\n\n\n\n<div class=\"wp-block-column is-layout-flow wp-block-column-is-layout-flow\">\n<p><mark style=\"background-color:rgba(0, 0, 0, 0)\" class=\"has-inline-color has-white-color\">B<\/mark><\/p>\n\n\n\n<p><strong><mark style=\"background-color:rgba(0, 0, 0, 0)\" class=\"has-inline-color has-agripedia-red-color\">A<\/mark><\/strong> <br>Al massimo 20 000 m<sup>3<\/sup> \/h nella vite e altre colture frutticole fino a 2 m di altezza<\/p>\n\n\n\n<p>Al massimo 30 000 m<sup>3<\/sup> \/h nelle colture frutticole e altre colture di oltre 2 di altezza<\/p>\n\n\n\n<p><strong>e<\/strong><\/p>\n\n\n\n<p><strong><mark style=\"background-color:rgba(0, 0, 0, 0)\" class=\"has-inline-color has-agripedia-red-color\">B<\/mark><\/strong> <br>Nessuna aeroconvezione verso l\u2019esterno in 5 file marginali.<\/p>\n\n\n\n<p>Queste misure non si applicano alle colture disposte perpendicolarmente all\u2019oggetto protetto.<\/p>\n\n\n\n<p><strong>1 punto <\/strong>per la combinazione di entrambe le misure<\/p>\n\n\n\n<p><mark style=\"background-color:rgba(0, 0, 0, 0)\" class=\"has-inline-color has-white-color\">B<\/mark><\/p>\n<\/div>\n<\/div>\n\n\n\n<div class=\"wp-block-columns is-layout-flex wp-container-core-columns-is-layout-9d6595d7 wp-block-columns-is-layout-flex\">\n<div class=\"wp-block-column is-layout-flow wp-block-column-is-layout-flow\">\n<figure class=\"wp-block-image size-full\"><img decoding=\"async\" src=\"https:\/\/themes.agripedia.ch\/wp-content\/uploads\/2025\/03\/3340_I-25_Durchfuehrung_Randreihen-bespritzen__01__IT.svg\" alt=\"\" class=\"wp-image-70297\"\/><figcaption class=\"wp-element-caption\">Fonte: AGRIDEA<\/figcaption><\/figure>\n<\/div>\n\n\n\n<div class=\"wp-block-column is-layout-flow wp-block-column-is-layout-flow\">\n<p><strong>o<\/strong>ppure<\/p>\n\n\n\n<p><strong><mark style=\"background-color:rgba(0, 0, 0, 0)\" class=\"has-inline-color has-agripedia-red-color\">A<\/mark> <\/strong><br>Al massimo 20 000 m<sup>3<\/sup> \/h nella vite e altre colture frutticole fino a 2 m di altezza<\/p>\n\n\n\n<p>Al massimo 30 000 m<sup>3<\/sup> \/h nelle colture frutticole e altre colture di oltre 2 m di altezza<\/p>\n\n\n\n<p><strong>e<\/strong><\/p>\n\n\n\n<p><strong><mark style=\"background-color:rgba(0, 0, 0, 0)\" class=\"has-inline-color has-agripedia-red-color\">C<\/mark><\/strong> <br>Trattamento soltanto verso l\u2019interno (flusso d\u2019aria) in 5 file marginali.<\/p>\n\n\n\n<p>Queste misure non si applicano alle colture disposte perpendicolarmente all\u2019oggetto protetto.<\/p>\n\n\n\n<p><strong>1 punto <\/strong>per la combinazione di entrambe le misure<\/p>\n<\/div>\n<\/div>\n\n\n\n<div class=\"wp-block-columns is-layout-flex wp-container-core-columns-is-layout-9d6595d7 wp-block-columns-is-layout-flex\">\n<div class=\"wp-block-column is-layout-flow wp-block-column-is-layout-flow\">\n<div class=\"wp-block-columns is-layout-flex wp-container-core-columns-is-layout-9d6595d7 wp-block-columns-is-layout-flex\">\n<div class=\"wp-block-column is-layout-flow wp-block-column-is-layout-flow\">\n<figure class=\"wp-block-image size-large\"><img loading=\"lazy\" decoding=\"async\" width=\"1024\" height=\"1002\" src=\"https:\/\/themes.agripedia.ch\/wp-content\/uploads\/2025\/02\/P1050144_bearb-1024x1002.jpg\" alt=\"\" class=\"wp-image-69122\" srcset=\"https:\/\/themes.agripedia.ch\/wp-content\/uploads\/2025\/02\/P1050144_bearb-1024x1002.jpg 1024w, https:\/\/themes.agripedia.ch\/wp-content\/uploads\/2025\/02\/P1050144_bearb-300x294.jpg 300w, https:\/\/themes.agripedia.ch\/wp-content\/uploads\/2025\/02\/P1050144_bearb-768x752.jpg 768w, https:\/\/themes.agripedia.ch\/wp-content\/uploads\/2025\/02\/P1050144_bearb-1536x1504.jpg 1536w, https:\/\/themes.agripedia.ch\/wp-content\/uploads\/2025\/02\/P1050144_bearb-2048x2005.jpg 2048w, https:\/\/themes.agripedia.ch\/wp-content\/uploads\/2025\/02\/P1050144_bearb-1200x1175.jpg 1200w, https:\/\/themes.agripedia.ch\/wp-content\/uploads\/2025\/02\/P1050144_bearb-1980x1938.jpg 1980w\" sizes=\"auto, (max-width: 1024px) 100vw, 1024px\" \/><figcaption class=\"wp-element-caption\">Fonte: Johannes Hanhart, AGRIDEA<\/figcaption><\/figure>\n<\/div>\n\n\n\n<div class=\"wp-block-column is-layout-flow wp-block-column-is-layout-flow\">\n<figure class=\"wp-block-image size-large\"><img loading=\"lazy\" decoding=\"async\" width=\"1024\" height=\"611\" src=\"https:\/\/themes.agripedia.ch\/wp-content\/uploads\/2025\/03\/O-IMG-20190930-WA0003-1024x611.jpg\" alt=\"\" class=\"wp-image-69657\" srcset=\"https:\/\/themes.agripedia.ch\/wp-content\/uploads\/2025\/03\/O-IMG-20190930-WA0003-1024x611.jpg 1024w, https:\/\/themes.agripedia.ch\/wp-content\/uploads\/2025\/03\/O-IMG-20190930-WA0003-300x179.jpg 300w, https:\/\/themes.agripedia.ch\/wp-content\/uploads\/2025\/03\/O-IMG-20190930-WA0003-768x458.jpg 768w, https:\/\/themes.agripedia.ch\/wp-content\/uploads\/2025\/03\/O-IMG-20190930-WA0003-1536x917.jpg 1536w, https:\/\/themes.agripedia.ch\/wp-content\/uploads\/2025\/03\/O-IMG-20190930-WA0003-1200x716.jpg 1200w, https:\/\/themes.agripedia.ch\/wp-content\/uploads\/2025\/03\/O-IMG-20190930-WA0003.jpg 1920w\" sizes=\"auto, (max-width: 1024px) 100vw, 1024px\" \/><figcaption class=\"wp-element-caption\">Fonte: Johannes Hanhart, AGRIDEA<\/figcaption><\/figure>\n<\/div>\n<\/div>\n<\/div>\n\n\n\n<div class=\"wp-block-column is-layout-flow wp-block-column-is-layout-flow\">\n<p><mark style=\"background-color:rgba(0, 0, 0, 0)\" class=\"has-inline-color has-white-color\">B<\/mark><\/p>\n\n\n\n<p><strong><strong>Nebulizzatore a zaino o irroratrice a lancia (alta pressione)<\/strong><\/strong><\/p>\n\n\n\n<p>Vite e colture frutticole fino a 2 m di altezza: trattamento di 5 file marginali o di un margine della coltura largo 10 m con irroratrice a lancia o nebulizzatore a zaino solo verso l\u2019interno della particella.<\/p>\n\n\n\n<p><strong>1 punto<\/strong><\/p>\n<\/div>\n<\/div>\n\n\n\n<div class=\"wp-block-columns is-layout-flex wp-container-core-columns-is-layout-9d6595d7 wp-block-columns-is-layout-flex\">\n<div class=\"wp-block-column is-layout-flow wp-block-column-is-layout-flow\">\n<figure class=\"wp-block-image size-full\"><img decoding=\"async\" src=\"https:\/\/themes.agripedia.ch\/wp-content\/uploads\/2025\/03\/3340_I-25_Durchfuehrung_Randreihen-bespritzen__01__IT.svg\" alt=\"\" class=\"wp-image-70297\"\/><figcaption class=\"wp-element-caption\">Fonte: AGRIDEA<\/figcaption><\/figure>\n<\/div>\n\n\n\n<div class=\"wp-block-column is-layout-flow wp-block-column-is-layout-flow\">\n<p><mark style=\"background-color:rgba(0, 0, 0, 0)\" class=\"has-inline-color has-white-color\">B<\/mark><\/p>\n\n\n\n<p>Trattamento soltanto verso l\u2019interno (flusso d\u2019aria) in 5 file marginali.<\/p>\n<\/div>\n<\/div>\n\n\n\n<div class=\"wp-block-columns is-layout-flex wp-container-core-columns-is-layout-9d6595d7 wp-block-columns-is-layout-flex\">\n<div class=\"wp-block-column is-layout-flow wp-block-column-is-layout-flow\">\n<figure class=\"wp-block-image size-full\"><img decoding=\"async\" src=\"https:\/\/themes.agripedia.ch\/wp-content\/uploads\/2025\/03\/3340_I-25_Durchfuehrung_Randreihen-bespritzen__02__IT.svg\" alt=\"\" class=\"wp-image-70302\"\/><figcaption class=\"wp-element-caption\">Fonte: AGRIDEA<\/figcaption><\/figure>\n<\/div>\n\n\n\n<div class=\"wp-block-column is-layout-flow wp-block-column-is-layout-flow\">\n<p><mark style=\"background-color:rgba(0, 0, 0, 0)\" class=\"has-inline-color has-white-color\">B<\/mark><\/p>\n\n\n\n<p>10 m nei casi in cui le file sono disposte perpendicolarmente alle acque superficiali.<\/p>\n<\/div>\n<\/div>\n\n\n\n<div class=\"wp-block-columns is-layout-flex wp-container-core-columns-is-layout-9d6595d7 wp-block-columns-is-layout-flex\">\n<div class=\"wp-block-column is-layout-flow wp-block-column-is-layout-flow\">\n<figure class=\"wp-block-image size-large\"><img loading=\"lazy\" decoding=\"async\" width=\"650\" height=\"1024\" src=\"https:\/\/themes.agripedia.ch\/wp-content\/uploads\/2025\/02\/P1050177_bearb-650x1024.jpg\" alt=\"\" class=\"wp-image-69148\" srcset=\"https:\/\/themes.agripedia.ch\/wp-content\/uploads\/2025\/02\/P1050177_bearb-650x1024.jpg 650w, https:\/\/themes.agripedia.ch\/wp-content\/uploads\/2025\/02\/P1050177_bearb-190x300.jpg 190w, https:\/\/themes.agripedia.ch\/wp-content\/uploads\/2025\/02\/P1050177_bearb-768x1210.jpg 768w, https:\/\/themes.agripedia.ch\/wp-content\/uploads\/2025\/02\/P1050177_bearb-975x1536.jpg 975w, https:\/\/themes.agripedia.ch\/wp-content\/uploads\/2025\/02\/P1050177_bearb-1300x2048.jpg 1300w, https:\/\/themes.agripedia.ch\/wp-content\/uploads\/2025\/02\/P1050177_bearb-1200x1890.jpg 1200w, https:\/\/themes.agripedia.ch\/wp-content\/uploads\/2025\/02\/P1050177_bearb-1980x3119.jpg 1980w, https:\/\/themes.agripedia.ch\/wp-content\/uploads\/2025\/02\/P1050177_bearb-scaled.jpg 1625w\" sizes=\"auto, (max-width: 650px) 100vw, 650px\" \/><figcaption class=\"wp-element-caption\">Fonte: Charlotte Jaggi, AGRIDEA<\/figcaption><\/figure>\n<\/div>\n\n\n\n<div class=\"wp-block-column is-layout-flow wp-block-column-is-layout-flow\">\n<p><mark style=\"background-color:rgba(0, 0, 0, 0)\" class=\"has-inline-color has-white-color\">B<\/mark><\/p>\n\n\n\n<p>Trattamento di alberi singoli (alto fusto) con atomizzatore<br>a spalla o irroratrice a lancia orientati esclusivamente verso<br>l\u2019interno della particella (getto nella direzione opposta rispetto<br>all\u2019oggetto protetto).<\/p>\n\n\n\n<p><strong>1 punto<\/strong><\/p>\n<\/div>\n<\/div>\n\n\n\n<div class=\"wp-block-group agripedia-impressum is-layout-flow wp-block-group-is-layout-flow\">\n<div class=\"wp-block-group agripedia-impressum-header is-layout-flow wp-block-group-is-layout-flow\">\n<h5 class=\"wp-block-heading\">Colophon<\/h5>\n<\/div>\n\n\n\n<div class=\"wp-block-group agripedia-impressum-content is-layout-flow wp-block-group-is-layout-flow\">\n<p><strong><strong>Immagine di copertina:<\/strong><\/strong> Toolkit Protezione dell\u2019utilizzatore \u2013 prodotti fitosanitari<\/p>\n\n\n\n<p><strong><strong>Grafica\/illustrazioni:<\/strong><\/strong> Katja Krawetzke, AGRIDEA<\/p>\n\n\n\n<p class=\"no-space\"><strong>Collaboratori:<\/strong><\/p>\n\n\n\n<ul class=\"wp-block-list\">\n<li>Laurent Nyffenegger, UFAG<\/li>\n\n\n\n<li>Martina Keller, USAV<\/li>\n\n\n\n<li>Nicole Fl\u00fckiger, USAV<\/li>\n\n\n\n<li>Urs Sch\u00f6nenberger, UFAM<\/li>\n\n\n\n<li>Christian Linder, Agroscope<\/li>\n\n\n\n<li>Max Kopp, Inforama Bern<\/li>\n\n\n\n<li>Marlis N\u00f6lly, BBZ Arenenberg<\/li>\n\n\n\n<li>Fabio Kuonen, Centro di coltivazione di frutta e verdura, VS<\/li>\n\n\n\n<li>Lorenz Escher, KOL TG<\/li>\n<\/ul>\n<\/div>\n<\/div>\n<div class=\"acf-fields-container\" data-post-id=\"71589\" data-canto-acf=\"true\"><\/div><style>\r\n        .acf-fields-container {\r\n            margin: 2em 0;\r\n            width: 100%;\r\n            clear: both;\r\n        }\r\n        .acf-field-image {\r\n            margin: 1.5em 0;\r\n            position: relative;\r\n        }\r\n        .acf-field-label {\r\n            margin-bottom: 1em;\r\n        }\r\n        .acf-image {\r\n            max-width: 100%;\r\n            height: auto;\r\n            display: block;\r\n            margin: 1em 0;\r\n        }\r\n    <\/style>","protected":false},"excerpt":{"rendered":"<div class=\"seriesmeta agripedia-series-meta-wrapper\">This entry is part 9 of 11 in the series <a href=\"https:\/\/themes.agripedia.ch\/it\/series\/deriva-e-dilavamento-nella-protezione-fitosanitaria-it\/\" class=\"series-3913\" title=\"Deriva e dilavamento nella protezione fitosanitaria\">Deriva e dilavamento nella protezione fitosanitaria<\/a><\/div><p>Misure per ridurre la deriva nell\u2019applicazione di prodotti fitosanitari in colture frutticole e viticole<\/p>\n","protected":false},"author":95,"featured_media":69631,"comment_status":"closed","ping_status":"open","sticky":false,"template":"","format":"standard","meta":{"_acf_changed":false,"_autodraft_ids":[],"advgb_blocks_editor_width":"","advgb_blocks_columns_visual_guide":"","_monsterinsights_skip_tracking":false,"_monsterinsights_sitenote_active":false,"_monsterinsights_sitenote_note":"","_monsterinsights_sitenote_category":0,"ngg_post_thumbnail":0,"_sb_is_suggestion_mode":false,"_sb_show_suggestion_boards":false,"_sb_show_comment_boards":false,"_sb_suggestion_history":"","_sb_update_block_changes":"","_is_real_time_mode":false,"_realtime_collaborators":"","footnotes":"","cf_checklist_status":["SEO Title Length","Internal Links","External Links","Featured Image Added","Category Assigned"]},"categories":[287],"tags":[],"series":[3913],"ppma_author":[345,76,3911],"class_list":["post-71589","post","type-post","status-publish","format-standard","has-post-thumbnail","hentry","category-protezione-delle-colture","series-deriva-e-dilavamento-nella-protezione-fitosanitaria-it"],"pp_statuses_selecting_workflow":false,"pp_workflow_action":"current","pp_status_selection":"publish","acf":[],"canto_acf_fields":"<div class=\"acf-fields-container\" data-post-id=\"71589\" data-canto-acf=\"true\"><\/div><style>\r\n        .acf-fields-container {\r\n            margin: 2em 0;\r\n            width: 100%;\r\n            clear: both;\r\n        }\r\n        .acf-field-image {\r\n            margin: 1.5em 0;\r\n            position: relative;\r\n        }\r\n        .acf-field-label {\r\n            margin-bottom: 1em;\r\n        }\r\n        .acf-image {\r\n            max-width: 100%;\r\n            height: auto;\r\n            display: block;\r\n            margin: 1em 0;\r\n        }\r\n    <\/style>","author_meta":{"display_name":"Benedikt Kramer","author_link":"https:\/\/themes.agripedia.ch\/it\/author\/bkr\/"},"featured_img":"https:\/\/themes.agripedia.ch\/wp-content\/uploads\/2025\/03\/EJU_4587-300x199.jpg","coauthors":[{"link":"https:\/\/themes.agripedia.ch\/it\/author\/bkr\/","display_name":"Benedikt Kramer"},{"link":"https:\/\/themes.agripedia.ch\/it\/author\/jha\/","display_name":"Johannes Hanhart"},{"link":"https:\/\/themes.agripedia.ch\/it\/author\/kvo0\/","display_name":"Kathrin von Arx"}],"tax_additional":{"categories":{"linked":["<a href=\"https:\/\/themes.agripedia.ch\/it\/tema\/themen-it\/protezione-delle-colture\/\" class=\"advgb-post-tax-term\">Protezione delle colture<\/a>"],"unlinked":["<span class=\"advgb-post-tax-term\">Protezione delle colture<\/span>"]}},"comment_count":"0","relative_dates":{"created":"Pubblicato 1 anno fa","modified":"Aggiornato 3 mesi fa"},"absolute_dates":{"created":"Pubblicato il 11.04.2025","modified":"Aggiornato il 16.01.2026"},"absolute_dates_time":{"created":"Pubblicato il 11.04.2025 2:54 pm","modified":"Aggiornato il 16.01.2026 5:03 pm"},"featured_img_caption":"","series_order":9,"authors":[{"term_id":345,"user_id":95,"is_guest":0,"slug":"bkr","display_name":"Benedikt Kramer","avatar_url":"https:\/\/secure.gravatar.com\/avatar\/e4640a693fd4bcd1ce72ab399d08dc051ae127fc75f26bfd9ee64f5df437875a?s=96&d=mm&r=g","0":null,"1":"","2":"","3":"","4":"","5":"","6":"","7":"","8":"","9":""},{"term_id":76,"user_id":36,"is_guest":0,"slug":"jha","display_name":"Johannes Hanhart","avatar_url":"https:\/\/secure.gravatar.com\/avatar\/f4d05773f260b5c86579e034d6c44423477285fad8427a10ad6288a253cbb151?s=96&d=mm&r=g","0":null,"1":"","2":"","3":"","4":"","5":"","6":"","7":"","8":"","9":""},{"term_id":3911,"user_id":174,"is_guest":0,"slug":"kvo0","display_name":"Kathrin von Arx","avatar_url":"https:\/\/secure.gravatar.com\/avatar\/3fd0dd37b2da5c17edb650662165a61eb5205ad799ed354cd8490a3e7e492296?s=96&d=mm&r=g","0":null,"1":"","2":"","3":"","4":"","5":"","6":"","7":"","8":"","9":""}],"_links":{"self":[{"href":"https:\/\/themes.agripedia.ch\/it\/wp-json\/wp\/v2\/posts\/71589","targetHints":{"allow":["GET"]}}],"collection":[{"href":"https:\/\/themes.agripedia.ch\/it\/wp-json\/wp\/v2\/posts"}],"about":[{"href":"https:\/\/themes.agripedia.ch\/it\/wp-json\/wp\/v2\/types\/post"}],"author":[{"embeddable":true,"href":"https:\/\/themes.agripedia.ch\/it\/wp-json\/wp\/v2\/users\/95"}],"replies":[{"embeddable":true,"href":"https:\/\/themes.agripedia.ch\/it\/wp-json\/wp\/v2\/comments?post=71589"}],"version-history":[{"count":1,"href":"https:\/\/themes.agripedia.ch\/it\/wp-json\/wp\/v2\/posts\/71589\/revisions"}],"predecessor-version":[{"id":79364,"href":"https:\/\/themes.agripedia.ch\/it\/wp-json\/wp\/v2\/posts\/71589\/revisions\/79364"}],"wp:featuredmedia":[{"embeddable":true,"href":"https:\/\/themes.agripedia.ch\/it\/wp-json\/wp\/v2\/media\/69631"}],"wp:attachment":[{"href":"https:\/\/themes.agripedia.ch\/it\/wp-json\/wp\/v2\/media?parent=71589"}],"wp:term":[{"taxonomy":"category","embeddable":true,"href":"https:\/\/themes.agripedia.ch\/it\/wp-json\/wp\/v2\/categories?post=71589"},{"taxonomy":"post_tag","embeddable":true,"href":"https:\/\/themes.agripedia.ch\/it\/wp-json\/wp\/v2\/tags?post=71589"},{"taxonomy":"series","embeddable":true,"href":"https:\/\/themes.agripedia.ch\/it\/wp-json\/wp\/v2\/series?post=71589"},{"taxonomy":"author","embeddable":true,"href":"https:\/\/themes.agripedia.ch\/it\/wp-json\/wp\/v2\/ppma_author?post=71589"}],"curies":[{"name":"wp","href":"https:\/\/api.w.org\/{rel}","templated":true}]}}