{"id":70138,"date":"2025-02-19T14:58:00","date_gmt":"2025-02-19T13:58:00","guid":{"rendered":"https:\/\/themes.agripedia.ch\/?p=70138&#038;preview=true&#038;preview_id=70138"},"modified":"2026-01-16T18:45:09","modified_gmt":"2026-01-16T17:45:09","slug":"massnahmen-abdrift-feldbau","status":"publish","type":"post","link":"https:\/\/themes.agripedia.ch\/it\/massnahmen-abdrift-feldbau\/","title":{"rendered":"Misure Deriva Campicoltura"},"content":{"rendered":"<div class=\"seriesmeta agripedia-series-meta-wrapper\"><!--This entry is part 3 of 11 in the series--> <a href=\"https:\/\/themes.agripedia.ch\/it\/series\/deriva-e-dilavamento-nella-protezione-fitosanitaria-it\/\" class=\"series-3913\" title=\"Deriva e dilavamento nella protezione fitosanitaria\">Deriva e dilavamento nella protezione fitosanitaria<\/a> (3 \/ 11)<\/div>\n<h2 class=\"wp-block-heading has-larger-font-size\"><img decoding=\"async\" class=\"wp-image-56717\" style=\"width: 150px;\" src=\"https:\/\/sp1hdatepl.preview.infomaniak.website\/wp-content\/uploads\/2024\/04\/icons_abdrift-und-abschwemmung_blau.svg\" alt=\"\"><mark style=\"background-color:#0090C5\" class=\"has-inline-color\">Misure per ridurre il rischio di deriva in campicoltura<\/mark><\/h2>\n\n\n\n<p>Questa pagina presenta le misure per ridurre il rischio di deriva con i punti di riduzione della deriva corrispondenti. Le informazioni sulla determinazione dei punti di riduzione della deriva necessari sono invece disponibili alla pagina seguente:<\/p>\n\n\n\n<div class=\"wp-block-buttons is-layout-flex wp-block-buttons-is-layout-flex\">\n<div class=\"wp-block-button\"><a class=\"wp-block-button__link wp-element-button\" href=\"https:\/\/sp1hdatepl.preview.infomaniak.website\/it\/?p=57834(\u00f6ffnet in neuem Tab)\" target=\"_blank\" rel=\"noreferrer noopener\">Rischio deriva campicoltura<\/a><\/div>\n<\/div>\n\n\n\n<p><\/p>\n\n\n\n<div class=\"wp-block-columns is-layout-flex wp-container-core-columns-is-layout-9d6595d7 wp-block-columns-is-layout-flex\">\n<div class=\"wp-block-column is-layout-flow wp-block-column-is-layout-flow\" style=\"flex-basis:33.33%\">\n<figure class=\"wp-block-image alignright size-full is-resized\"><img decoding=\"async\" src=\"https:\/\/sp1hdatepl.preview.infomaniak.website\/wp-content\/uploads\/2024\/04\/hand-icon.svg\" alt=\"\" class=\"wp-image-56923\" style=\"width:63px;height:auto\"\/><\/figure>\n<\/div>\n\n\n\n<div class=\"wp-block-column is-layout-flow wp-block-column-is-layout-flow\" style=\"flex-basis:66.66%\">\n<p>Oltre ai punti di riduzione della deriva, bisogna ottenere anche dei punti di riduzione del dilavamento. Le informazioni al riguardo sono disponibili nelle pagine dedicate al dilavamento.<\/p>\n<\/div>\n<\/div>\n\n\n\n<p><\/p>\n\n\n\n<div class=\"wp-block-columns is-layout-flex wp-container-core-columns-is-layout-9d6595d7 wp-block-columns-is-layout-flex\">\n<div class=\"wp-block-column is-layout-flow wp-block-column-is-layout-flow\" style=\"flex-basis:33.33%\">\n<figure class=\"wp-block-image alignright size-full is-resized\"><img decoding=\"async\" src=\"https:\/\/sp1hdatepl.preview.infomaniak.website\/wp-content\/uploads\/2024\/04\/icons_abdrift-und-abschwemmung_braun.svg\" alt=\"\" class=\"wp-image-56731\" style=\"width:174px;height:auto\"\/><\/figure>\n<\/div>\n\n\n\n<div class=\"wp-block-column is-layout-flow wp-block-column-is-layout-flow\" style=\"flex-basis:66.66%\">\n<div class=\"wp-block-buttons is-layout-flex wp-block-buttons-is-layout-flex\">\n<div class=\"wp-block-button is-style-outline is-style-outline--1\"><a class=\"wp-block-button__link has-text-align-left wp-element-button\" href=\"https:\/\/sp1hdatepl.preview.infomaniak.website\/it\/?p=57829(\u00f6ffnet in neuem Tab)\" target=\"_blank\" rel=\"noreferrer noopener\">Rischio dilavamento campicoltura<\/a><\/div>\n\n\n\n<div class=\"wp-block-button is-style-outline is-style-outline--2\"><a class=\"wp-block-button__link wp-element-button\" href=\"\/it\/?p=57807\" target=\"_blank\" rel=\"noreferrer noopener\">Misure dilavamento campicoltura<\/a><\/div>\n<\/div>\n<\/div>\n<\/div>\n\n\n\n<p>Nell&#8217;ambito della PER bisogna rispettare una distanza minima 6 metri dalle acque superficiali, mentre al di fuori delle PER sono richiesti al minimo 3 metri (<a href=\"https:\/\/www.fedlex.admin.ch\/eli\/cc\/2005\/478\/it\" target=\"_blank\" rel=\"noopener\" title=\"\"><strong>ORRPChim<\/strong><\/a>). Questi limiti non possono essere ridotti ulteriormente ma non devono nemmeno essere cumulati con la larghezza minima della zona tampone non trattata stabilita all&#8217;atto dell&#8217;omologazione dei PF.<\/p>\n\n\n\n<p>Esempio: se un&#8217;azienda agricola PER (distanza minima di 6 metri dalle acque superficiali) applica un PF per il quale l&#8217;omologazione esige una zona tampone non trattata di 20 metri, bisogna rispettare la distanza di 20 metri dalle acque superficiali.<\/p>\n\n\n\n<p>Le possibili misure per ridurre la larghezza minima della zona tampone non trattata sono riportate nella seguente tabella, inclusa anche nelle <a href=\"https:\/\/www.blv.admin.ch\/blv\/it\/home\/zulassung-pflanzenschutzmittel\/anwendung-und-vollzug\/weisungen-und-merkblaetter.html\" title=\"\"><strong>istruzioni dell&#8217;USAV<\/strong><\/a>.<\/p>\n\n\n\n<figure class=\"wp-block-image size-full\" datatext=\"\"><img decoding=\"async\" src=\"https:\/\/sp1hdatepl.preview.infomaniak.website\/wp-content\/uploads\/2024\/06\/farbige-tabellen-02.svg\" alt=\"\" class=\"wp-image-59255\"\/><\/figure>\n\n\n\n<ul class=\"wp-block-list\">\n<li>La combinazione di diverse misure permette di accumulare punti e di ridurre ulteriormente la deriva e la zona tampone.<\/li>\n\n\n\n<li>Non \u00e8 possibile combinare pi\u00f9 misure provenienti dalla stessa colonna della tabella soprastante.<\/li>\n<\/ul>\n\n\n\n<h3 class=\"wp-block-heading\">Ugelli antideriva (0,5-3 punti)<\/h3>\n\n\n\n<div class=\"wp-block-columns is-layout-flex wp-container-core-columns-is-layout-9d6595d7 wp-block-columns-is-layout-flex\">\n<div class=\"wp-block-column is-layout-flow wp-block-column-is-layout-flow\" style=\"flex-basis:33.33%\">\n<figure class=\"wp-block-image aligncenter size-full\"><img loading=\"lazy\" decoding=\"async\" width=\"1707\" height=\"2560\" src=\"https:\/\/sp1hdatepl.preview.infomaniak.website\/wp-content\/uploads\/2024\/04\/D_Alphatec-libre-de-droit-porte-buses-scaled.jpg\" alt=\"\" class=\"wp-image-56647\" style=\"object-fit:cover\" srcset=\"https:\/\/themes.agripedia.ch\/wp-content\/uploads\/2024\/04\/D_Alphatec-libre-de-droit-porte-buses-scaled.jpg 1707w, https:\/\/themes.agripedia.ch\/wp-content\/uploads\/2024\/04\/D_Alphatec-libre-de-droit-porte-buses-200x300.jpg 200w, https:\/\/themes.agripedia.ch\/wp-content\/uploads\/2024\/04\/D_Alphatec-libre-de-droit-porte-buses-683x1024.jpg 683w, https:\/\/themes.agripedia.ch\/wp-content\/uploads\/2024\/04\/D_Alphatec-libre-de-droit-porte-buses-768x1152.jpg 768w, https:\/\/themes.agripedia.ch\/wp-content\/uploads\/2024\/04\/D_Alphatec-libre-de-droit-porte-buses-1024x1536.jpg 1024w, https:\/\/themes.agripedia.ch\/wp-content\/uploads\/2024\/04\/D_Alphatec-libre-de-droit-porte-buses-1365x2048.jpg 1365w, https:\/\/themes.agripedia.ch\/wp-content\/uploads\/2024\/04\/D_Alphatec-libre-de-droit-porte-buses-1200x1800.jpg 1200w, https:\/\/themes.agripedia.ch\/wp-content\/uploads\/2024\/04\/D_Alphatec-libre-de-droit-porte-buses-1980x2970.jpg 1980w\" sizes=\"auto, (max-width: 1707px) 100vw, 1707px\" \/><figcaption class=\"wp-element-caption\">Portaugelli per una rapida sostituzione degli ugelli; fonte: Jo\u00ebl Petermann, Alphatec<\/figcaption><\/figure>\n<\/div>\n\n\n\n<div class=\"wp-block-column is-layout-flow wp-block-column-is-layout-flow\" style=\"flex-basis:66.66%\">\n<p>In base alla riduzione della deriva determinata dal Julius K\u00fchn Institut (JKI), conformemente alle <a href=\"https:\/\/www.blv.admin.ch\/blv\/it\/home\/zulassung-pflanzenschutzmittel\/anwendung-und-vollzug\/weisungen-und-merkblaetter.html\" title=\"\"><strong>istruzioni dell&#8217;USAV<\/strong><\/a>, \u00e8 possibile ottenere fino a 3 punti di riduzione della deriva (con una riduzione della deriva del 95 % secondo la tabella dell&#8217;istituto JKI) e quindi ridurre la larghezza della zona tampone non trattata anche di 3 livelli. <br>L&#8217;installazione di portaugelli permette di sostituire rapidamente gli ugelli e di utilizzare quelli a iniezione o laterali in prossimit\u00e0 di oggetti protetti, in caso di condizioni sfavorevoli e lunghi i bordi del campo.<\/p>\n<\/div>\n<\/div>\n\n\n\n<p>Nella <a href=\"https:\/\/sp1hdatepl.preview.infomaniak.website\/it\/?p=57827(\u00f6ffnet in neuem Tab)\" target=\"_blank\" rel=\"noopener\" title=\"\"><strong>tabella riassuntiva<\/strong><\/a> \u00e8 riportata una selezione non esaustiva di ugelli a iniezione che possono essere utilizzati per ottenere i punti di riduzione della deriva necessari. In caso di dubbi, consultare la <a href=\"http:\/\/wissen.julius-kuehn.de\/at-dokumente\/pruefung-und-listung\/themen\/abdrift\" target=\"_blank\" rel=\"noopener\" title=\"\"><strong>tabella del JKI<\/strong><\/a> (disponibile in tedesco) o rivolgersi all&#8217;Ufficio della consulenza agricola cantonale.<\/p>\n\n\n\n<p>Per gli ugelli a iniezione \u00e8 prevista una procedura semplificata. Un ugello a iniezione d\u00e0 generalmente diritto a 0,5 punti. Se la pressione di esercizio non supera i 3 bar, si ottiene 1 punto. Se si abbassa la pressione a 2 bar o meno si ottengono 2 punti. In alternativa, \u00e8 possibile consultare la <a href=\"http:\/\/wissen.julius-kuehn.de\/at-dokumente\/pruefung-und-listung\/themen\/abdrift\" target=\"_blank\" rel=\"noopener\" title=\"\"><strong>tabella del JKI<\/strong><\/a> per orientarsi sulle classi di deriva.<\/p>\n\n\n\n<p><strong>Esempio pratico<\/strong><\/p>\n\n\n\n<div class=\"wp-block-columns is-layout-flex wp-container-core-columns-is-layout-9d6595d7 wp-block-columns-is-layout-flex\">\n<div class=\"wp-block-column is-layout-flow wp-block-column-is-layout-flow\">\n<figure class=\"wp-block-image aligncenter size-full is-resized\" datatext=\"\"><img decoding=\"async\" src=\"https:\/\/sp1hdatepl.preview.infomaniak.website\/wp-content\/uploads\/2024\/06\/Grafik_Parzelle_IT-1.svg\" alt=\"\" class=\"wp-image-59300\" style=\"width:350px\"\/><\/figure>\n<\/div>\n\n\n\n<div class=\"wp-block-column is-layout-flow wp-block-column-is-layout-flow\">\n<p>La zona tampone rispetto alle acque superficiali si riduce ad esempio da 50 a 6 metri se sono stati ottenuti 2 punti di riduzione della deriva con una pressione massima di 2 bar e un ugello a iniezione. In tal modo \u00e8 possibile trattare tutto il campo con lo stesso PF. Non appena l&#8217;irroratrice si trova a pi\u00f9 di 50 metri di distanza dalle acque superficiali, bisogna ottenere solo il punto di riduzione della deriva obbligatorio secondo la PER su tutti i lati della particella (pressione massima di 3 bar e un ugello a iniezione).<\/p>\n\n\n\n<p><\/p>\n<\/div>\n<\/div>\n\n\n\n<h3 class=\"wp-block-heading\">Fascia inerbita (1 punto)<\/h3>\n\n\n\n<div class=\"wp-block-columns is-layout-flex wp-container-core-columns-is-layout-9d6595d7 wp-block-columns-is-layout-flex\">\n<div class=\"wp-block-column is-layout-flow wp-block-column-is-layout-flow\" style=\"flex-basis:33.33%\">\n<figure class=\"wp-block-image aligncenter size-full\" datatext=\"\"><img loading=\"lazy\" decoding=\"async\" width=\"1920\" height=\"2560\" src=\"https:\/\/sp1hdatepl.preview.infomaniak.website\/wp-content\/uploads\/2024\/05\/IMG_1701-scaled.jpg\" alt=\"\" class=\"wp-image-57698\" srcset=\"https:\/\/themes.agripedia.ch\/wp-content\/uploads\/2024\/05\/IMG_1701-scaled.jpg 1920w, https:\/\/themes.agripedia.ch\/wp-content\/uploads\/2024\/05\/IMG_1701-225x300.jpg 225w, https:\/\/themes.agripedia.ch\/wp-content\/uploads\/2024\/05\/IMG_1701-768x1024.jpg 768w, https:\/\/themes.agripedia.ch\/wp-content\/uploads\/2024\/05\/IMG_1701-1152x1536.jpg 1152w, https:\/\/themes.agripedia.ch\/wp-content\/uploads\/2024\/05\/IMG_1701-1536x2048.jpg 1536w, https:\/\/themes.agripedia.ch\/wp-content\/uploads\/2024\/05\/IMG_1701-1200x1600.jpg 1200w, https:\/\/themes.agripedia.ch\/wp-content\/uploads\/2024\/05\/IMG_1701-1980x2640.jpg 1980w\" sizes=\"auto, (max-width: 1920px) 100vw, 1920px\" \/><figcaption class=\"wp-element-caption\">Fascia inerbita; fonte: Andr\u00e9 Zimmermann, VD<\/figcaption><\/figure>\n<\/div>\n\n\n\n<div class=\"wp-block-column is-layout-flow wp-block-column-is-layout-flow\" style=\"flex-basis:66.66%\">\n<p>Si tratta di una fascia di vegetazione continua larga almeno 3 metri e alta almeno quanto la coltura trattata.<\/p>\n<\/div>\n<\/div>\n\n\n\n<h3 class=\"wp-block-heading\">Barriera verticale (1 punto)<\/h3>\n\n\n\n<div class=\"wp-block-columns is-layout-flex wp-container-core-columns-is-layout-9d6595d7 wp-block-columns-is-layout-flex\">\n<div class=\"wp-block-column is-layout-flow wp-block-column-is-layout-flow\" style=\"flex-basis:33.33%\">\n<figure class=\"wp-block-image aligncenter size-full\"><img loading=\"lazy\" decoding=\"async\" width=\"2560\" height=\"1714\" src=\"https:\/\/sp1hdatepl.preview.infomaniak.website\/wp-content\/uploads\/2024\/04\/J_Haie-champpetre-pluristrate-21-scaled.jpg\" alt=\"\" class=\"wp-image-56743\" srcset=\"https:\/\/themes.agripedia.ch\/wp-content\/uploads\/2024\/04\/J_Haie-champpetre-pluristrate-21-scaled.jpg 2560w, https:\/\/themes.agripedia.ch\/wp-content\/uploads\/2024\/04\/J_Haie-champpetre-pluristrate-21-300x201.jpg 300w, https:\/\/themes.agripedia.ch\/wp-content\/uploads\/2024\/04\/J_Haie-champpetre-pluristrate-21-1024x685.jpg 1024w, https:\/\/themes.agripedia.ch\/wp-content\/uploads\/2024\/04\/J_Haie-champpetre-pluristrate-21-768x514.jpg 768w, https:\/\/themes.agripedia.ch\/wp-content\/uploads\/2024\/04\/J_Haie-champpetre-pluristrate-21-1536x1028.jpg 1536w, https:\/\/themes.agripedia.ch\/wp-content\/uploads\/2024\/04\/J_Haie-champpetre-pluristrate-21-2048x1371.jpg 2048w, https:\/\/themes.agripedia.ch\/wp-content\/uploads\/2024\/04\/J_Haie-champpetre-pluristrate-21-1200x803.jpg 1200w, https:\/\/themes.agripedia.ch\/wp-content\/uploads\/2024\/04\/J_Haie-champpetre-pluristrate-21-1980x1325.jpg 1980w\" sizes=\"auto, (max-width: 2560px) 100vw, 2560px\" \/><figcaption class=\"wp-element-caption\">Barriera verticale; fonte: Arbres &amp; Paysages Tarnais<\/figcaption><\/figure>\n<\/div>\n\n\n\n<div class=\"wp-block-column is-layout-flow wp-block-column-is-layout-flow\" style=\"flex-basis:66.66%\">\n<p>Una barriera verticale \u00e8, ad esempio, un telo ombreggiante, o una siepe antideriva con copertura ottica di almeno il 75 % e che supera di almeno 1 metro la coltura. Se vi \u00e8 una copertura ottica di almeno il 75 % vuole dire che si vede meno del 25 % di ci\u00f2 che si trova dall\u2019altro lato della barriera. Prima del germogliamento una siepe antideriva presenta generalmente una copertura ottica inferiore al 75 %.<\/p>\n<\/div>\n<\/div>\n\n\n\n<h3 class=\"wp-block-heading\">Barre irroratrici ad aeroconvezione (0,5 punti)<\/h3>\n\n\n\n<div class=\"wp-block-columns is-layout-flex wp-container-core-columns-is-layout-9d6595d7 wp-block-columns-is-layout-flex\">\n<div class=\"wp-block-column is-layout-flow wp-block-column-is-layout-flow\" style=\"flex-basis:33.33%\">\n<figure class=\"wp-block-image aligncenter size-full\"><img loading=\"lazy\" decoding=\"async\" width=\"2560\" height=\"1707\" src=\"https:\/\/sp1hdatepl.preview.infomaniak.website\/wp-content\/uploads\/2024\/04\/F_-TWIN_IMG_7451-scaled.jpg\" alt=\"\" class=\"wp-image-56746\" srcset=\"https:\/\/themes.agripedia.ch\/wp-content\/uploads\/2024\/04\/F_-TWIN_IMG_7451-scaled.jpg 2560w, https:\/\/themes.agripedia.ch\/wp-content\/uploads\/2024\/04\/F_-TWIN_IMG_7451-300x200.jpg 300w, https:\/\/themes.agripedia.ch\/wp-content\/uploads\/2024\/04\/F_-TWIN_IMG_7451-1024x683.jpg 1024w, https:\/\/themes.agripedia.ch\/wp-content\/uploads\/2024\/04\/F_-TWIN_IMG_7451-768x512.jpg 768w, https:\/\/themes.agripedia.ch\/wp-content\/uploads\/2024\/04\/F_-TWIN_IMG_7451-1536x1024.jpg 1536w, https:\/\/themes.agripedia.ch\/wp-content\/uploads\/2024\/04\/F_-TWIN_IMG_7451-2048x1365.jpg 2048w, https:\/\/themes.agripedia.ch\/wp-content\/uploads\/2024\/04\/F_-TWIN_IMG_7451-1200x800.jpg 1200w, https:\/\/themes.agripedia.ch\/wp-content\/uploads\/2024\/04\/F_-TWIN_IMG_7451-1980x1320.jpg 1980w\" sizes=\"auto, (max-width: 2560px) 100vw, 2560px\" \/><figcaption class=\"wp-element-caption\">Barra ad aeroconvezione; fonte: Jo\u00ebl Petermann, Alphatec<\/figcaption><\/figure>\n<\/div>\n\n\n\n<div class=\"wp-block-column is-layout-flow wp-block-column-is-layout-flow\" style=\"flex-basis:66.66%\">\n<p>Questo tipo di irroratrice produce un flusso d\u2019aria che, incrociando<br>il getto nebulizzato che fuoriesce dagli ugelli, dirige le goccioline sulla coltura. Ci\u00f2 permette di migliorare la penetrazione del prodotto nella vegetazione e di ridurre la deriva.<\/p>\n<\/div>\n<\/div>\n\n\n\n<h3 class=\"wp-block-heading\">Tecnica di irrorazione della pagina inferiore della foglia (<em>dropleg<\/em>) (1 punto)<\/h3>\n\n\n\n<div class=\"wp-block-columns is-layout-flex wp-container-core-columns-is-layout-9d6595d7 wp-block-columns-is-layout-flex\">\n<div class=\"wp-block-column is-layout-flow wp-block-column-is-layout-flow\" style=\"flex-basis:33.33%\">\n<figure class=\"wp-block-image aligncenter size-full\"><img loading=\"lazy\" decoding=\"async\" width=\"2560\" height=\"1920\" src=\"https:\/\/sp1hdatepl.preview.infomaniak.website\/wp-content\/uploads\/2024\/04\/G_R.-Haller-Dropleg-scaled.jpg\" alt=\"\" class=\"wp-image-56650\" srcset=\"https:\/\/themes.agripedia.ch\/wp-content\/uploads\/2024\/04\/G_R.-Haller-Dropleg-scaled.jpg 2560w, https:\/\/themes.agripedia.ch\/wp-content\/uploads\/2024\/04\/G_R.-Haller-Dropleg-300x225.jpg 300w, https:\/\/themes.agripedia.ch\/wp-content\/uploads\/2024\/04\/G_R.-Haller-Dropleg-1024x768.jpg 1024w, https:\/\/themes.agripedia.ch\/wp-content\/uploads\/2024\/04\/G_R.-Haller-Dropleg-768x576.jpg 768w, https:\/\/themes.agripedia.ch\/wp-content\/uploads\/2024\/04\/G_R.-Haller-Dropleg-1536x1152.jpg 1536w, https:\/\/themes.agripedia.ch\/wp-content\/uploads\/2024\/04\/G_R.-Haller-Dropleg-2048x1536.jpg 2048w, https:\/\/themes.agripedia.ch\/wp-content\/uploads\/2024\/04\/G_R.-Haller-Dropleg-1200x900.jpg 1200w, https:\/\/themes.agripedia.ch\/wp-content\/uploads\/2024\/04\/G_R.-Haller-Dropleg-1980x1485.jpg 1980w\" sizes=\"auto, (max-width: 2560px) 100vw, 2560px\" \/><figcaption class=\"wp-element-caption\">Dropleg; fonte: Rolf Haller<\/figcaption><\/figure>\n<\/div>\n\n\n\n<div class=\"wp-block-column is-layout-flow wp-block-column-is-layout-flow\" style=\"flex-basis:66.66%\">\n<p>La tecnica d\u2019irrorazione della pagina inferiore della foglia (<em>dropleg<\/em>) \u00e8 praticata nelle colture su fila in orticoltura come i fagioli nani, le carote, il cavolo, le cipolle, i porri, i finocchi, le zucchine, il sedano, gli asparagi e per certe colture campicole come le patate. La poltiglia erogata raggiunge le piante da trattare vicine al suolo e la pagina inferiore delle foglie, riducendo la deriva. Per ridurre la deriva e poter ottenere il punto di riduzione della deriva gli ugelli devono penetrare all\u2019interno della vegetazione e le file della coltura devono essere chiuse, in modo tale che la sostanza nebulizzata non fuoriesca n\u00e9 verso l\u2019alto n\u00e9 a lato delle piante.<\/p>\n<\/div>\n<\/div>\n\n\n\n<h3 class=\"wp-block-heading\">Trattamento erbicida a bande (1,5 punti)<\/h3>\n\n\n\n<div class=\"wp-block-columns is-layout-flex wp-container-core-columns-is-layout-9d6595d7 wp-block-columns-is-layout-flex\">\n<div class=\"wp-block-column is-layout-flow wp-block-column-is-layout-flow\" style=\"flex-basis:33.33%\">\n<figure class=\"wp-block-image aligncenter size-full\"><img loading=\"lazy\" decoding=\"async\" width=\"1659\" height=\"1244\" src=\"https:\/\/sp1hdatepl.preview.infomaniak.website\/wp-content\/uploads\/2024\/04\/H_Traitement-en-bande-CBS.jpg\" alt=\"\" class=\"wp-image-56653\" srcset=\"https:\/\/themes.agripedia.ch\/wp-content\/uploads\/2024\/04\/H_Traitement-en-bande-CBS.jpg 1659w, https:\/\/themes.agripedia.ch\/wp-content\/uploads\/2024\/04\/H_Traitement-en-bande-CBS-300x225.jpg 300w, https:\/\/themes.agripedia.ch\/wp-content\/uploads\/2024\/04\/H_Traitement-en-bande-CBS-1024x768.jpg 1024w, https:\/\/themes.agripedia.ch\/wp-content\/uploads\/2024\/04\/H_Traitement-en-bande-CBS-768x576.jpg 768w, https:\/\/themes.agripedia.ch\/wp-content\/uploads\/2024\/04\/H_Traitement-en-bande-CBS-1536x1152.jpg 1536w, https:\/\/themes.agripedia.ch\/wp-content\/uploads\/2024\/04\/H_Traitement-en-bande-CBS-1200x900.jpg 1200w\" sizes=\"auto, (max-width: 1659px) 100vw, 1659px\" \/><figcaption class=\"wp-element-caption\">Trattamento a bande; fonte: Basile Cornamusaz, SFZ<\/figcaption><\/figure>\n<\/div>\n\n\n\n<div class=\"wp-block-column is-layout-flow wp-block-column-is-layout-flow\" style=\"flex-basis:66.66%\">\n<p>Nel trattamento erbicida a bande viene trattata soltanto la superficie tra le file. La barra irroratrice pu\u00f2 trovarsi a un&#8217;altezza massima di 50 cm dal suolo e pu\u00f2 essere trattato in bande al massimo il 50 % della superficie della particella.<\/p>\n<\/div>\n<\/div>\n\n\n\n<h3 class=\"wp-block-heading\">Trattamento pianta per pianta con riconoscimento tramite telecamere e schermatura completa (3 punti)<\/h3>\n\n\n\n<div class=\"wp-block-columns is-layout-flex wp-container-core-columns-is-layout-9d6595d7 wp-block-columns-is-layout-flex\">\n<div class=\"wp-block-column is-layout-flow wp-block-column-is-layout-flow\">\n<figure class=\"wp-block-image aligncenter size-full\"><img loading=\"lazy\" decoding=\"async\" width=\"2560\" height=\"1707\" src=\"https:\/\/sp1hdatepl.preview.infomaniak.website\/wp-content\/uploads\/2024\/04\/Ecorobotix_ARA-scaled.jpg\" alt=\"\" class=\"wp-image-56915\" style=\"object-fit:cover\" srcset=\"https:\/\/themes.agripedia.ch\/wp-content\/uploads\/2024\/04\/Ecorobotix_ARA-scaled.jpg 2560w, https:\/\/themes.agripedia.ch\/wp-content\/uploads\/2024\/04\/Ecorobotix_ARA-300x200.jpg 300w, https:\/\/themes.agripedia.ch\/wp-content\/uploads\/2024\/04\/Ecorobotix_ARA-1024x683.jpg 1024w, https:\/\/themes.agripedia.ch\/wp-content\/uploads\/2024\/04\/Ecorobotix_ARA-768x512.jpg 768w, https:\/\/themes.agripedia.ch\/wp-content\/uploads\/2024\/04\/Ecorobotix_ARA-1536x1024.jpg 1536w, https:\/\/themes.agripedia.ch\/wp-content\/uploads\/2024\/04\/Ecorobotix_ARA-2048x1365.jpg 2048w, https:\/\/themes.agripedia.ch\/wp-content\/uploads\/2024\/04\/Ecorobotix_ARA-1200x800.jpg 1200w, https:\/\/themes.agripedia.ch\/wp-content\/uploads\/2024\/04\/Ecorobotix_ARA-1980x1320.jpg 1980w\" sizes=\"auto, (max-width: 2560px) 100vw, 2560px\" \/><figcaption class=\"wp-element-caption\">Irroratrice per il trattamento pianta per pianta con riconoscimento tramite telecamere e schermatura completa; fonte: ecorobotix<\/figcaption><\/figure>\n<\/div>\n\n\n\n<div class=\"wp-block-column is-layout-flow wp-block-column-is-layout-flow\">\n<p>\u00c8 possibile attuare questa misura unicamente con irroratrici che, oltre al riconoscimento tramite telecamere, schermano l&#8217;area. Ci\u00f2 facilita il riconoscimento e riduce la deriva.<\/p>\n<\/div>\n<\/div>\n\n\n\n<h2 class=\"wp-block-heading\">Fattori generali che influenzano la riduzione della deriva in campicoltura <\/h2>\n\n\n\n<p>Il concetto di deriva \u00e8 spiegato nell&#8217;introduzione. Di seguito sono elencati i parametri che influenzano la deriva.<\/p>\n\n\n\n<ul class=\"wp-block-list\">\n<li><div role=\"textbox\" aria-multiline=\"true\" aria-label=\"Testo elenco\" aria-readonly=\"false\" contenteditable=\"true\" class=\"block-editor-rich-text__editable rich-text\" data-wp-block-attribute-key=\"content\" style=\"white-space: pre-wrap; min-width: 1px;\"><strong>Vento:<\/strong> la deriva \u00e8 nettamente meno elevata in assenza o in presenza di poco vento.<br><strong><strong>\u2013&gt;&nbsp;<\/strong>\u00c8 vietato eseguire i trattamenti quando la velocit\u00e0 del vento supera i 19 km\/h e, nella misura del possibile, non bisognerebbe effettuarne quando supera i 12 km\/h.   <\/strong><br>La velocit\u00e0 del vento viene misurata con un anemometro. Tuttavia, \u00e8 possibile stimarla utilizzando la seguente tabella.<\/div><\/li>\n<\/ul>\n\n\n\n<figure class=\"wp-block-image size-full\" datatext=\"\"><img decoding=\"async\" src=\"https:\/\/sp1hdatepl.preview.infomaniak.website\/wp-content\/uploads\/2024\/06\/farbige-tabellen-01.svg\" alt=\"\" class=\"wp-image-59252\"\/><figcaption class=\"wp-element-caption\">Classi di velocit\u00e0 del vento e trattamento<\/figcaption><\/figure>\n\n\n\n<p><strong>\u00c8 necessario attenersi ai principi della buona pratica agricola.<\/strong><\/p>\n\n\n\n<ul class=\"wp-block-list\">\n<li><strong>Temperatura:<\/strong> svolge un ruolo importante per l&#8217;effetto dei PF e dovrebbe idealmente situarsi tra gli 8 e i 25\u00b0C in modo che i prodotti volatili non evaporino.<\/li>\n\n\n\n<li><strong>Umidit\u00e0 dell&#8217;aria:<\/strong> sotto il 60 % aumenta il rischio che i prodotti evaporino e la capacit\u00e0 di assorbimento da parte delle piante diminuisce. Sopra il 95 % aumenta il rischio che il PF non rimanga sulle foglie. Le stazioni meteo possono costituire un valido aiuto in questo caso.<\/li>\n\n\n\n<li><strong>Velocit\u00e0 di guida:<\/strong> non deve superare gli 8 km\/h. Velocit\u00e0 pi\u00f9 elevate causano una maggiore turbolenza dell&#8217;aria. Di conseguenza, le goccioline si muovono con pi\u00f9 forza e aderiscono meno alla coltura bersaglio.<\/li>\n\n\n\n<li><strong>Altezza della barra irroratrice: <\/strong>l\u2019altezza della barra irroratrice non deve superare 50 cm dalla coltura. Una maggiore distanza aumenta il rischio di deriva e peggiora la qualit\u00e0 del trattamento, poich\u00e9 la doppia sovrapposizione degli ugelli non \u00e8 pi\u00f9 corretta. <\/li>\n\n\n\n<li><strong>Dimensione delle goccioline:<\/strong> pu\u00f2 essere ottimizzata selezionando ugelli adatti e impostando una pressione corretta. Pi\u00f9 grandi sono le goccioline, minore \u00e8 la deriva. La figura seguente illustra chiaramente l&#8217;influenza delle dimensioni delle goccioline sulla deriva. I test hanno dimostrato che gli ugelli antideriva permettono di ottenere trattamenti di pari qualit\u00e0. La classe di riduzione della deriva degli ugelli con il corrispondente intervallo di pressione viene determinata nei test dell&#8217;istituto JKI ed \u00e8 riportata nelle <a href=\"https:\/\/wissen.julius-kuehn.de\/at-dokumente\/pruefung-und-listung\/themen\/abdrift\" title=\"\"><strong>tabelle universali<\/strong><\/a>.<\/li>\n\n\n\n<li><strong>Momento della giornata:<\/strong> le migliori condizioni di trattamento sono presenti la mattina presto o la sera. Tuttavia, un&#8217;eccessiva quantit\u00e0 di rugiada potrebbe far gocciolare i PF dalle foglie. Al momento del trattamento la rugiada non deve gocciolare.<\/li>\n<\/ul>\n\n\n\n<figure class=\"wp-block-image size-full is-resized\" datatext=\"\"><img decoding=\"async\" src=\"https:\/\/sp1hdatepl.preview.infomaniak.website\/wp-content\/uploads\/2024\/06\/Drift-und-Abhangigkeit-der-Tropfengrosse_IT.svg\" alt=\"\" class=\"wp-image-59303\" style=\"width:720px;height:auto\"\/><figcaption class=\"wp-element-caption\">Deriva in funzione della dimensione delle goccioline<\/figcaption><\/figure>\n\n\n    \n<div class=\"wp-block-agripedia-impressum\" >\n    \n    <div class=\"agripedia-box-header\">\n        Colophon    <\/div>\n\n    <div class=\"agripedia-box-content\">\n        \n\n<p><strong>Immagine di copertina:<\/strong>&nbsp;Landpixel<\/p>\n\n\n\n<p><strong>Grafica\/illustrazioni:<\/strong>&nbsp;Merel Gooijer, AGRIDEA<\/p>\n\n\n\n<p><strong>Collaboratori:<\/strong><\/p>\n\n\n\n<ul class=\"wp-block-list\">\n<li>Jonas Plattner, UFAG<\/li>\n\n\n\n<li>Louisa B\u00fchler, UFAG<\/li>\n\n\n\n<li>Numa Courvoisier, UFAG<\/li>\n\n\n\n<li>Martina R\u00f6sch, AGRIDEA<\/li>\n\n\n\n<li>Christoph St\u00fcrm\/Nicole Fl\u00fckiger, USAV<\/li>\n\n\n\n<li>Urs Sch\u00f6nenberger, UFAM<\/li>\n\n\n\n<li>Pierre-Yves Jacqui\u00e9ry, VD<\/li>\n\n\n\n<li>Andr\u00e9 Zimmermann, VD<\/li>\n\n\n\n<li>Andi Distel, AG<\/li>\n\n\n\n<li>Markus Hochstrasser, ZH<\/li>\n\n\n\n<li>Marcel Friedli, Prom\u00e9terre<\/li>\n\n\n\n<li>David St\u00f6ckli, FR<\/li>\n\n\n\n<li>Lorenz Escher, TG<\/li>\n\n\n\n<li>Brigitte Decrausaz, VS<\/li>\n\n\n\n<li>Tatjana Wais, KuL\/Carea<\/li>\n\n\n\n<li>Niklaus Ramseyer, USC<\/li>\n<\/ul>\n\n    <\/div>\n    \n<\/div>\n\n\n<p><\/p>\n<div class=\"acf-fields-container\" data-post-id=\"70138\" data-canto-acf=\"true\"><\/div><style>\r\n        .acf-fields-container {\r\n            margin: 2em 0;\r\n            width: 100%;\r\n            clear: both;\r\n        }\r\n        .acf-field-image {\r\n            margin: 1.5em 0;\r\n            position: relative;\r\n        }\r\n        .acf-field-label {\r\n            margin-bottom: 1em;\r\n        }\r\n        .acf-image {\r\n            max-width: 100%;\r\n            height: auto;\r\n            display: block;\r\n            margin: 1em 0;\r\n        }\r\n    <\/style>","protected":false},"excerpt":{"rendered":"<div class=\"seriesmeta agripedia-series-meta-wrapper\">This entry is part 3 of 11 in the series <a href=\"https:\/\/themes.agripedia.ch\/it\/series\/deriva-e-dilavamento-nella-protezione-fitosanitaria-it\/\" class=\"series-3913\" title=\"Deriva e dilavamento nella protezione fitosanitaria\">Deriva e dilavamento nella protezione fitosanitaria<\/a><\/div><p>In questa pagina sono illustrate le misure per ridurre la deriva in campicoltura nel rispetto delle condizioni della prova che le esigenze ecologiche sono rispettate (PER) e dell&#8217;ordinanza sui prodotti fitosanitari (OPF).<\/p>\n","protected":false},"author":95,"featured_media":57522,"comment_status":"closed","ping_status":"open","sticky":false,"template":"","format":"standard","meta":{"_acf_changed":false,"_autodraft_ids":["th_el1716561283960","th_el1713971029033","th_el1712842445800","th_el1712842830760"],"advgb_blocks_editor_width":"","advgb_blocks_columns_visual_guide":"","_monsterinsights_skip_tracking":false,"_monsterinsights_sitenote_active":false,"_monsterinsights_sitenote_note":"","_monsterinsights_sitenote_category":0,"ngg_post_thumbnail":0,"_sb_is_suggestion_mode":false,"_sb_show_suggestion_boards":false,"_sb_show_comment_boards":false,"_sb_suggestion_history":"","_sb_update_block_changes":"","_is_real_time_mode":false,"_realtime_collaborators":"{\"95\":{\"userAvatar\":\"https:\\\/\\\/secure.gravatar.com\\\/avatar\\\/e1b2e89a62118ebca05a8ce7ad6669a4?s=96&d=mm&r=g\",\"role\":\"author\",\"userId\":95,\"email\":\"Benedikt.Kramer@agridea.ch\",\"username\":\"bkr\"},\"51\":{\"userAvatar\":\"https:\\\/\\\/secure.gravatar.com\\\/avatar\\\/63c6eca1ddadbc3216b350ee87917077?s=96&d=mm&r=g\",\"role\":\"author\",\"userId\":51,\"email\":\"lucia.bernasconi@agridea.ch\",\"username\":\"lbe2\"}}","footnotes":"","cf_checklist_status":["SEO Title Length","External Links","Featured Image Added","Category Assigned","Internal Links"]},"categories":[287],"tags":[],"series":[3913],"ppma_author":[345,350,349,3911],"class_list":["post-70138","post","type-post","status-publish","format-standard","has-post-thumbnail","hentry","category-protezione-delle-colture","series-deriva-e-dilavamento-nella-protezione-fitosanitaria-it"],"pp_statuses_selecting_workflow":false,"pp_workflow_action":"current","pp_status_selection":"publish","acf":[],"canto_acf_fields":"<div class=\"acf-fields-container\" data-post-id=\"70138\" data-canto-acf=\"true\"><\/div><style>\r\n        .acf-fields-container {\r\n            margin: 2em 0;\r\n            width: 100%;\r\n            clear: both;\r\n        }\r\n        .acf-field-image {\r\n            margin: 1.5em 0;\r\n            position: relative;\r\n        }\r\n        .acf-field-label {\r\n            margin-bottom: 1em;\r\n        }\r\n        .acf-image {\r\n            max-width: 100%;\r\n            height: auto;\r\n            display: block;\r\n            margin: 1em 0;\r\n        }\r\n    <\/style>","author_meta":{"display_name":"Benedikt Kramer","author_link":"https:\/\/themes.agripedia.ch\/it\/author\/bkr\/"},"featured_img":"https:\/\/themes.agripedia.ch\/wp-content\/uploads\/2024\/05\/Duese_Landpixel-300x201.jpg","coauthors":[{"link":"https:\/\/themes.agripedia.ch\/it\/author\/bkr\/","display_name":"Benedikt Kramer"},{"link":"https:\/\/themes.agripedia.ch\/it\/author\/laurent-nyffenegger\/","display_name":"Laurent Nyffenegger"},{"link":"https:\/\/themes.agripedia.ch\/it\/author\/rahel-schelbert\/","display_name":"Rahel Schelbert"},{"link":"https:\/\/themes.agripedia.ch\/it\/author\/kvo0\/","display_name":"Kathrin von Arx"}],"tax_additional":{"categories":{"linked":["<a href=\"https:\/\/themes.agripedia.ch\/it\/tema\/themen-it\/protezione-delle-colture\/\" class=\"advgb-post-tax-term\">Protezione delle colture<\/a>"],"unlinked":["<span class=\"advgb-post-tax-term\">Protezione delle colture<\/span>"]}},"comment_count":"0","relative_dates":{"created":"Pubblicato 1 anno fa","modified":"Aggiornato 3 mesi fa"},"absolute_dates":{"created":"Pubblicato il 19.02.2025","modified":"Aggiornato il 16.01.2026"},"absolute_dates_time":{"created":"Pubblicato il 19.02.2025 2:58 pm","modified":"Aggiornato il 16.01.2026 6:45 pm"},"featured_img_caption":"Detailaufnahme einer Spritzd\u00fcse einer John Deere Anh\u00e4ngespritze","series_order":3,"authors":[{"term_id":345,"user_id":95,"is_guest":0,"slug":"bkr","display_name":"Benedikt Kramer","avatar_url":"https:\/\/secure.gravatar.com\/avatar\/e4640a693fd4bcd1ce72ab399d08dc051ae127fc75f26bfd9ee64f5df437875a?s=96&d=mm&r=g","0":null,"1":"","2":"","3":"","4":"","5":"","6":"","7":"","8":"","9":""},{"term_id":350,"user_id":100,"is_guest":0,"slug":"laurent-nyffenegger","display_name":"Laurent Nyffenegger","avatar_url":"https:\/\/secure.gravatar.com\/avatar\/5ec0740abda886225fe5f7880639cc753d18be9e9a31ca1c67f96c019e898de0?s=96&d=mm&r=g","0":null,"1":"","2":"","3":"","4":"","5":"","6":"","7":"","8":"","9":""},{"term_id":349,"user_id":99,"is_guest":0,"slug":"rahel-schelbert","display_name":"Rahel Schelbert","avatar_url":"https:\/\/secure.gravatar.com\/avatar\/6daf200c7d6f4c5154204ffdfc5b2e69c0813fd32d293c9358cb04ce8c464fdd?s=96&d=mm&r=g","0":null,"1":"","2":"","3":"","4":"","5":"","6":"","7":"","8":"","9":""},{"term_id":3911,"user_id":174,"is_guest":0,"slug":"kvo0","display_name":"Kathrin von Arx","avatar_url":"https:\/\/secure.gravatar.com\/avatar\/3fd0dd37b2da5c17edb650662165a61eb5205ad799ed354cd8490a3e7e492296?s=96&d=mm&r=g","0":null,"1":"","2":"","3":"","4":"","5":"","6":"","7":"","8":"","9":""}],"_links":{"self":[{"href":"https:\/\/themes.agripedia.ch\/it\/wp-json\/wp\/v2\/posts\/70138","targetHints":{"allow":["GET"]}}],"collection":[{"href":"https:\/\/themes.agripedia.ch\/it\/wp-json\/wp\/v2\/posts"}],"about":[{"href":"https:\/\/themes.agripedia.ch\/it\/wp-json\/wp\/v2\/types\/post"}],"author":[{"embeddable":true,"href":"https:\/\/themes.agripedia.ch\/it\/wp-json\/wp\/v2\/users\/95"}],"replies":[{"embeddable":true,"href":"https:\/\/themes.agripedia.ch\/it\/wp-json\/wp\/v2\/comments?post=70138"}],"version-history":[{"count":6,"href":"https:\/\/themes.agripedia.ch\/it\/wp-json\/wp\/v2\/posts\/70138\/revisions"}],"predecessor-version":[{"id":79389,"href":"https:\/\/themes.agripedia.ch\/it\/wp-json\/wp\/v2\/posts\/70138\/revisions\/79389"}],"wp:featuredmedia":[{"embeddable":true,"href":"https:\/\/themes.agripedia.ch\/it\/wp-json\/wp\/v2\/media\/57522"}],"wp:attachment":[{"href":"https:\/\/themes.agripedia.ch\/it\/wp-json\/wp\/v2\/media?parent=70138"}],"wp:term":[{"taxonomy":"category","embeddable":true,"href":"https:\/\/themes.agripedia.ch\/it\/wp-json\/wp\/v2\/categories?post=70138"},{"taxonomy":"post_tag","embeddable":true,"href":"https:\/\/themes.agripedia.ch\/it\/wp-json\/wp\/v2\/tags?post=70138"},{"taxonomy":"series","embeddable":true,"href":"https:\/\/themes.agripedia.ch\/it\/wp-json\/wp\/v2\/series?post=70138"},{"taxonomy":"author","embeddable":true,"href":"https:\/\/themes.agripedia.ch\/it\/wp-json\/wp\/v2\/ppma_author?post=70138"}],"curies":[{"name":"wp","href":"https:\/\/api.w.org\/{rel}","templated":true}]}}