{"id":56277,"date":"2024-05-22T12:18:48","date_gmt":"2024-05-22T10:18:48","guid":{"rendered":"https:\/\/themes.agripedia.ch\/?p=56277&#038;preview=true&#038;preview_id=56277"},"modified":"2024-05-22T12:19:20","modified_gmt":"2024-05-22T10:19:20","slug":"rinuncia-a-insetticidi-acaricidi-e-fungicidi-dopo-la-fioritura-nelle-colture-perenni","status":"publish","type":"post","link":"https:\/\/themes.agripedia.ch\/it\/rinuncia-a-insetticidi-acaricidi-e-fungicidi-dopo-la-fioritura-nelle-colture-perenni\/","title":{"rendered":"Rinuncia a insetticidi, acaricidi e fungicidi dopo la fioritura nelle colture perenni"},"content":{"rendered":"<div class=\"seriesmeta agripedia-series-meta-wrapper\"><!--This entry is part 4 of 4 in the series--> <a href=\"https:\/\/themes.agripedia.ch\/it\/series\/contributi-al-sistema-di-produzione-per-le-colture-permanenti\/\" class=\"series-426\" title=\"Contributi per i sistemi di produzione nelle colture perenni\">Contributi per i sistemi di produzione nelle colture perenni<\/a> (4 \/ 4)<\/div>\n<p>Questo nuovo contributo mira a ridurre in generale l&#8217;uso di insetticidi, acaricidi e fungicidi e il rischio di residui. Anche per il rame vi \u00e8 un limite annuale all&#8217;ettaro inferiore a quello della produzione biologica per ridurne al minimo l&#8217;accumulo nel terreno e mantenere l&#8217;attivit\u00e0 e la fertilit\u00e0 del suolo. .<\/p>\n\n\n\n<h2 class=\"wp-block-heading\">Requisiti per il contributo<\/h2>\n\n\n\n<ul class=\"wp-block-list\">\n<li>L&#8217;impiego di prodotti fitosanitari dopo la fioritura \u00e8 limitato ai prodotti elencati nell&#8217;<a href=\"https:\/\/www.fedlex.admin.ch\/eli\/cc\/1997\/2498_2498_2498\/de\" target=\"_blank\" rel=\"noopener\" title=\"\">Ordinanza del DEFR sull&#8217;agricoltura biologica<\/a> (cfr. anche l&#8217;<a href=\"https:\/\/www.fibl.org\/it\/download-e-shop\/1032-hilfsstoffliste\" target=\"_blank\" rel=\"noopener\" title=\"\">elenco dei fattori di produzione del FiBL<\/a>).<\/li>\n\n\n\n<li>L&#8217;apporto di rame non deve superare il valore specificato per ettaro e per anno (cfr. tabella).<\/li>\n<\/ul>\n\n\n\n<figure class=\"wp-block-table\"><table><tbody><tr><td><strong>Coltura<\/strong><\/td><td class=\"has-text-align-center\" data-align=\"center\"><strong>Frutta a granella<\/strong><\/td><td class=\"has-text-align-center\" data-align=\"center\"><strong>Frutta con nocciolo<\/strong><\/td><td class=\"has-text-align-center\" data-align=\"center\"><strong>Altra frutta<\/strong><\/td><td class=\"has-text-align-center\" data-align=\"center\"><strong>Viticoltura<\/strong><\/td><td class=\"has-text-align-center\" data-align=\"center\"><strong>Coltivazione di bacche<\/strong><\/td><\/tr><tr><td><strong>Max. Quantit\u00e0 di rame (kg\/ha) all&#8217;anno<\/strong><\/td><td class=\"has-text-align-center\" data-align=\"center\">1,5<\/td><td class=\"has-text-align-center\" data-align=\"center\">3,0<\/td><td class=\"has-text-align-center\" data-align=\"center\">3,0<\/td><td class=\"has-text-align-center\" data-align=\"center\">1,5<\/td><td class=\"has-text-align-center\" data-align=\"center\">3,0<\/td><\/tr><\/tbody><\/table><figcaption class=\"wp-element-caption\">La quantit\u00e0 massima di rame consentita per ettaro e per anno varia a seconda delle colture autorizzate. <\/figcaption><\/figure>\n\n\n\n<h2 class=\"wp-block-heading\">Colture ammesse e importo del contributo<\/h2>\n\n\n\n<figure class=\"wp-block-table\"><table><tbody><tr><td><strong>Coltura<\/strong><\/td><td class=\"has-text-align-center\" data-align=\"center\"><strong>Frutta a granella<\/strong><\/td><td class=\"has-text-align-center\" data-align=\"center\"><strong>Frutta con nocciolo<\/strong><\/td><td class=\"has-text-align-center\" data-align=\"center\"><strong>Altra frutta<\/strong><\/td><td class=\"has-text-align-center\" data-align=\"center\"><strong>Viticoltura<\/strong><\/td><td class=\"has-text-align-center\" data-align=\"center\"><strong>Coltivazione di bacche<\/strong><\/td><\/tr><tr><td><\/td><td class=\"has-text-align-center\" data-align=\"center\">Mele, pere, mele cotogne<\/td><td class=\"has-text-align-center\" data-align=\"center\">Ciliegie, susine, prugne, albicocche,<br>Pesche<\/td><td class=\"has-text-align-center\" data-align=\"center\">Kiwi, sambuco, noci, cachi, fichi,<br>Nocciole, mandorle, olive e castagne fuori dalle selve castanili<\/td><td class=\"has-text-align-center\" data-align=\"center\"><\/td><td class=\"has-text-align-center\" data-align=\"center\"><\/td><\/tr><tr><td><strong>Stadio fenologico<\/strong><\/td><td class=\"has-text-align-center\" data-align=\"center\">BBCH 71 (calibro dei frutticini 10 mm)<\/td><td class=\"has-text-align-center\" data-align=\"center\">BBCH 71 allegagione (ingrossamento degli ovari)<\/td><td class=\"has-text-align-center\" data-align=\"center\">Inizio allegagione: primo frutto visibile, caduta dei fiori non fecondati<\/td><td class=\"has-text-align-center\" data-align=\"center\">BBCH 73 (bacche grano di pepe)<\/td><td class=\"has-text-align-center\" data-align=\"center\">BBCH 71 (primo frutto visibile)<\/td><\/tr><tr><td><strong>Importo annuale del contributo<\/strong> (CHF\/ha)<\/td><td class=\"has-text-align-center\" data-align=\"center\">1100.-<\/td><td class=\"has-text-align-center\" data-align=\"center\">1100.-<\/td><td class=\"has-text-align-center\" data-align=\"center\">1100.-<\/td><td class=\"has-text-align-center\" data-align=\"center\">1100.-<\/td><td class=\"has-text-align-center\" data-align=\"center\">1100.-<\/td><\/tr><\/tbody><\/table><figcaption class=\"wp-element-caption\">Lo stadio fenologico descrive il momento a partire dal quale \u00e8 possibile utilizzare solo gli insetticidi, gli acaricidi e i fungicidi elencati nell&#8217;ordinanza sull&#8217;agricoltura biologica. <\/figcaption><\/figure>\n\n\n\n<h2 class=\"wp-block-heading\">Attenzione<\/h2>\n\n\n\n<ul class=\"wp-block-list\">\n<li>Lo stadio \u00abpost fioritura\u00bb si basa sullo stadio fenologico secondo la scala BBCH ed \u00e8 definito per ogni coltura (cfr. tabella). <\/li>\n\n\n\n<li>Sulla stessa superficie possono essere presenti pi\u00f9 variet\u00e0. Non appena la variet\u00e0 pi\u00f9 precoce della superficie annunciata raggiunge lo stadio specificato, \u00e8 possibile utilizzare solo prodotti fitosanitari consentiti in agricoltura biologica.<\/li>\n\n\n\n<li>I microorganismi (parte B), i macroorganismi (parte C) autorizzati e le sostanze di base (parte D) in conformit\u00e0 all&#8217;<a href=\"https:\/\/www.fedlex.admin.ch\/eli\/cc\/2010\/340\/it\" target=\"_blank\" rel=\"noopener\" title=\"\">allegato 1 dell&#8217;Ordinanza sui prodotti fitosanitari<\/a> possono essere utilizzati.<\/li>\n\n\n\n<li>A causa dei requisiti pi\u00f9 severi per la quantit\u00e0 massima di rame ammesso, le superfici annunciate per questo contributo possono ricevere anche contributi ai sensi dell&#8217;<a href=\"https:\/\/www.fedlex.admin.ch\/eli\/cc\/2013\/765\/it\" target=\"_blank\" rel=\"noopener\" title=\"\">art. 66 dell&#8217; OPD concernente i contributi per l\u2019agricoltura biologica<\/a> e dell&#8217;<a href=\"https:\/\/www.fedlex.admin.ch\/eli\/cc\/2013\/765\/it\" target=\"_blank\" rel=\"noopener\" title=\"\">art. 71 dell&#8217;OPD concernente il contributo per i sistemi di produzione delle colture perenni con mezzi ausiliari conformi all\u2019agricoltura biologica<\/a>.<\/li>\n\n\n\n<li>I valori limite per la quantit\u00e0 di rame si applicano per superficie annunciata e non come valore medio per azienda.<\/li>\n\n\n\n<li>Nel caso di una coltura perenne, le superfici non possono essere modificate durante il periodo di impegno.<\/li>\n<\/ul>\n\n\n\n<div class=\"wp-block-group agripedia-box is-layout-flow wp-block-group-is-layout-flow\">\n<div class=\"wp-block-group agripedia-box-header is-layout-flow wp-block-group-is-layout-flow\">\n<h2 class=\"wp-block-heading\">Iscrizione e disiscrizione<\/h2>\n<\/div>\n\n\n\n<div class=\"wp-block-group agripedia-box-content is-layout-flow wp-block-group-is-layout-flow\">\n<ul class=\"wp-block-list\">\n<li>L&#8217;iscrizione \u00e8 volontaria e avviene in base ai requisiti cantonali insieme agli altri programmi per i pagamenti diretti dell&#8217;anno successivo.<\/li>\n\n\n\n<li>La domanda deve essere presentata per superfici specifiche per un periodo di impegno di quattro anni.<\/li>\n\n\n\n<li>\u00c8 possibile annunciare diverse superfici per diversi contributi per i sistemi di produzione (p.es. una per la rinuncia agli erbicidi e un&#8217;altra per la rinuncia agli insetticidi, acaricidi e fungicidi dopo la fioritura).<\/li>\n\n\n\n<li>Se i requisiti dell&#8217;<a href=\"https:\/\/www.fedlex.admin.ch\/eli\/cc\/2013\/765\/it\" target=\"_blank\" rel=\"noopener\" title=\"\">Ordinanza sui pagamenti diretti<\/a> (OPD) non possono essere soddisfatti, secondo l&#8217;art. 100 cpv. 3 dell&#8217;OPD, \u00e8 necessario segnalarlo immediatamente all&#8217;Ufficio cantonale competente. La disiscrizione pu\u00f2 essere presa in considerazione se viene effettuata al pi\u00f9 tardi il giorno prima di ricevere la notifica di un&#8217;ispezione o al pi\u00f9 tardi il giorno prima dell&#8217;ispezione nel caso di ispezioni senza preavviso.<\/li>\n\n\n\n<li>Alla prima disiscrizione durante il periodo di impegno di quattro anni, l&#8217;azienda agricola semplicemente non ricever\u00e0 il contributo per la superficie annunciata.<\/li>\n\n\n\n<li>A partire dalla seconda disiscrizione nello stesso periodo di impegno, questa verr\u00e0 valutata come una mancanza.<\/li>\n<\/ul>\n<\/div>\n<\/div>\n\n\n\n<h2 class=\"wp-block-heading\">Combinazione con altri contributi<\/h2>\n\n\n\n<div class=\"wp-block-media-text is-stacked-on-mobile is-vertically-aligned-center\" style=\"grid-template-columns:35% auto\"><figure class=\"wp-block-media-text__media\"><a href=\"https:\/\/themes.agripedia.ch\/it\/rinuncia-agli-erbicidi-nelle-colture-perenni\" target=\"_blank\" rel=\"noreferrer noopener\"><img loading=\"lazy\" decoding=\"async\" width=\"1024\" height=\"768\" src=\"https:\/\/themes.agripedia.ch\/wp-content\/uploads\/2022\/02\/Fadengeraet_Reto_Leumann_Arenenberg-1-1024x768.jpg\" alt=\"\" class=\"wp-image-29534 size-full\" srcset=\"https:\/\/themes.agripedia.ch\/wp-content\/uploads\/2022\/02\/Fadengeraet_Reto_Leumann_Arenenberg-1-1024x768.jpg 1024w, https:\/\/themes.agripedia.ch\/wp-content\/uploads\/2022\/02\/Fadengeraet_Reto_Leumann_Arenenberg-1-300x225.jpg 300w, https:\/\/themes.agripedia.ch\/wp-content\/uploads\/2022\/02\/Fadengeraet_Reto_Leumann_Arenenberg-1-768x576.jpg 768w, https:\/\/themes.agripedia.ch\/wp-content\/uploads\/2022\/02\/Fadengeraet_Reto_Leumann_Arenenberg-1.jpg 1181w\" sizes=\"auto, (max-width: 1024px) 100vw, 1024px\" \/><\/a><\/figure><div class=\"wp-block-media-text__content\">\n<p><strong><a href=\"https:\/\/themes.agripedia.ch\/it\/rinuncia-agli-erbicidi-nelle-colture-perenni\" target=\"_blank\" rel=\"noopener\" title=\"\">Rinuncia agli erbicidi<\/a><\/strong><\/p>\n\n\n\n<p>Il contributo pu\u00f2 essere combinato con il contributo ai sistemi di produzione per la rinuncia agli erbicidi nelle colture speciali.<\/p>\n<\/div><\/div>\n\n\n\n<div class=\"wp-block-media-text is-stacked-on-mobile is-vertically-aligned-center\" style=\"grid-template-columns:35% auto\"><figure class=\"wp-block-media-text__media\"><a href=\"https:\/\/themes.agripedia.ch\/?p=34843\" target=\"_blank\" rel=\"noreferrer noopener\"><img loading=\"lazy\" decoding=\"async\" width=\"1024\" height=\"683\" src=\"https:\/\/themes.agripedia.ch\/wp-content\/uploads\/2023\/07\/IMG_9028-1024x683.jpg\" alt=\"Bewachsener Rebberg; Foto: AGRIDEA, Lucia Bernasconi\" class=\"wp-image-39086 size-full\" srcset=\"https:\/\/themes.agripedia.ch\/wp-content\/uploads\/2023\/07\/IMG_9028-1024x683.jpg 1024w, https:\/\/themes.agripedia.ch\/wp-content\/uploads\/2023\/07\/IMG_9028-300x200.jpg 300w, https:\/\/themes.agripedia.ch\/wp-content\/uploads\/2023\/07\/IMG_9028-768x512.jpg 768w, https:\/\/themes.agripedia.ch\/wp-content\/uploads\/2023\/07\/IMG_9028-1536x1024.jpg 1536w, https:\/\/themes.agripedia.ch\/wp-content\/uploads\/2023\/07\/IMG_9028-2048x1365.jpg 2048w, https:\/\/themes.agripedia.ch\/wp-content\/uploads\/2023\/07\/IMG_9028-1200x800.jpg 1200w, https:\/\/themes.agripedia.ch\/wp-content\/uploads\/2023\/07\/IMG_9028-1980x1320.jpg 1980w\" sizes=\"auto, (max-width: 1024px) 100vw, 1024px\" \/><\/a><\/figure><div class=\"wp-block-media-text__content\">\n<p><strong><a href=\"https:\/\/themes.agripedia.ch\/it\/copertura-adeguata-del-suolo-in-viticoltura\" target=\"_blank\" rel=\"noopener\" title=\"\">Copertura adeguata del suolo<\/a><\/strong><\/p>\n\n\n\n<p>Il contributo pu\u00f2 essere combinato con il contributo per un&#8217;adeguata copertura del suolo in viticoltura. Coltura di copertura permanente tra i filari sul 70% della superficie del vigneto.<\/p>\n<\/div><\/div>\n\n\n\n<div class=\"wp-block-media-text is-stacked-on-mobile is-vertically-aligned-center\" style=\"grid-template-columns:35% auto\"><figure class=\"wp-block-media-text__media\"><a href=\"https:\/\/themes.agripedia.ch\/it\/gestione-delle-colture-perenni-con-mezzi-ausiliari-conformi-allagricoltura-biologica\" target=\"_blank\" rel=\"noreferrer noopener\"><img loading=\"lazy\" decoding=\"async\" width=\"1024\" height=\"683\" src=\"https:\/\/themes.agripedia.ch\/wp-content\/uploads\/2023\/03\/DSC_0029-1024x683.jpg\" alt=\"\" class=\"wp-image-39750 size-full\" srcset=\"https:\/\/themes.agripedia.ch\/wp-content\/uploads\/2023\/03\/DSC_0029-1024x683.jpg 1024w, https:\/\/themes.agripedia.ch\/wp-content\/uploads\/2023\/03\/DSC_0029-300x200.jpg 300w, https:\/\/themes.agripedia.ch\/wp-content\/uploads\/2023\/03\/DSC_0029-768x512.jpg 768w, https:\/\/themes.agripedia.ch\/wp-content\/uploads\/2023\/03\/DSC_0029-1536x1024.jpg 1536w, https:\/\/themes.agripedia.ch\/wp-content\/uploads\/2023\/03\/DSC_0029-2048x1365.jpg 2048w, https:\/\/themes.agripedia.ch\/wp-content\/uploads\/2023\/03\/DSC_0029-1200x800.jpg 1200w, https:\/\/themes.agripedia.ch\/wp-content\/uploads\/2023\/03\/DSC_0029-1980x1320.jpg 1980w\" sizes=\"auto, (max-width: 1024px) 100vw, 1024px\" \/><\/a><\/figure><div class=\"wp-block-media-text__content\">\n<p><strong><a href=\"https:\/\/themes.agripedia.ch\/it\/gestione-delle-colture-perenni-con-mezzi-ausiliari-conformi-allagricoltura-biologica\" target=\"_blank\" rel=\"noopener\" title=\"\">Gestione di superfici con colture perenni con mezzi ausiliari conformi all\u2019agricoltura biologica<\/a><\/strong><\/p>\n\n\n\n<p>I due contributi possono essere combinati. Per la coltivazione sono ammessi solo prodotti fitosanitari e concimi ammessi nell&#8217;agricoltura biologica.<\/p>\n<\/div><\/div>\n\n\n\n<div class=\"wp-block-media-text is-stacked-on-mobile is-vertically-aligned-center\" style=\"grid-template-columns:35% auto\"><figure class=\"wp-block-media-text__media\"><img loading=\"lazy\" decoding=\"async\" width=\"1024\" height=\"834\" src=\"https:\/\/themes.agripedia.ch\/wp-content\/uploads\/2023\/08\/1200px-Bio_Suisse_201x_logo.svg-1024x834.png\" alt=\"\" class=\"wp-image-39605 size-full\" srcset=\"https:\/\/themes.agripedia.ch\/wp-content\/uploads\/2023\/08\/1200px-Bio_Suisse_201x_logo.svg-1024x834.png 1024w, https:\/\/themes.agripedia.ch\/wp-content\/uploads\/2023\/08\/1200px-Bio_Suisse_201x_logo.svg-300x244.png 300w, https:\/\/themes.agripedia.ch\/wp-content\/uploads\/2023\/08\/1200px-Bio_Suisse_201x_logo.svg-768x625.png 768w, https:\/\/themes.agripedia.ch\/wp-content\/uploads\/2023\/08\/1200px-Bio_Suisse_201x_logo.svg.png 1200w\" sizes=\"auto, (max-width: 1024px) 100vw, 1024px\" \/><\/figure><div class=\"wp-block-media-text__content\">\n<p><strong><strong>Produzione biologica<\/strong><\/strong><\/p>\n\n\n\n<p>Anche le aziende che producono in modo biologico possono beneficiare di questo contributo. <\/p>\n<\/div><\/div>\n\n\n\n<h2 class=\"wp-block-heading\">Ulteriori informazioni<\/h2>\n\n\n\n<ul class=\"wp-block-list\">\n<li><a href=\"https:\/\/www.fibl.org\/it\/download-e-shop\/1032-hilfsstoffliste\" title=\"\">Lista dei fattori di produzione &#8211; FiBL<\/a> (disponibile in tedesco e francese)<\/li>\n\n\n\n<li><a href=\"https:\/\/www.bioaktuell.ch\/pflanzenbau\/obstbau\/pflanzenschutz\/krankheiten-und-schaedlinge\/kernobst\/merkblatt-pflanzenschutz-biokernobstanbau\" title=\"\">La protezione fitosanitaria nella coltivazione biologica della frutta a granelli &#8211; Bioaktuell<\/a> (disponibile in tedesco e francese)<\/li>\n\n\n\n<li><a href=\"http:\/\/bioaktuell.ch\/pflanzenbau\/obstbau\/pflanzenschutz-obst\/allgemein\/merkblatt-biosteinobst\" title=\"\">La protezione fitosanitaria nella coltivazione biologica della frutta a nocciolo &#8211; Bioaktuell<\/a> (disponibile in tedesco e francese)<\/li>\n\n\n\n<li><a href=\"https:\/\/www.bioaktuell.ch\/pflanzenbau\/rebbau\/pflanzenschutz-im-biorebbau\" target=\"_blank\" rel=\"noopener\" title=\"\">Protezione delle piante in viticoltura biologica &#8211; Bioaktuell<\/a> (disponibile in tedesco e francese)<\/li>\n\n\n\n<li><a href=\"https:\/\/agridea.abacuscity.ch\/de\/A~3340~1\/Reduktion-der-Drift-und-Abschwemmung-im-Obstbau-und-in-Strauchbeeren\/Deutsch\/Print-Papier\" target=\"_blank\" rel=\"noopener\" title=\"\">Limitare la deriva e il dilavamento in frutticoltura &#8211; AGRIDEA<\/a><\/li>\n<\/ul>\n\n\n\n<div class=\"wp-block-group agripedia-impressum is-layout-flow wp-block-group-is-layout-flow\">\n<div class=\"wp-block-group agripedia-impressum-header is-layout-flow wp-block-group-is-layout-flow\">\n<h5 class=\"wp-block-heading\">Impressum<\/h5>\n<\/div>\n\n\n\n<div class=\"wp-block-group agripedia-impressum-content is-layout-flow wp-block-group-is-layout-flow\">\n<p><strong>Immagine di copertina:<\/strong> Dominique Dietiker, AGRIDEA<\/p>\n<\/div>\n<\/div>\n\n\n\n\n<style class=\"advgb-styles-renderer\">.agripedia-box-header h2 {margin: 0 !important;}<\/style><div class=\"acf-fields-container\" data-post-id=\"56277\" data-canto-acf=\"true\"><\/div><style>\r\n        .acf-fields-container {\r\n            margin: 2em 0;\r\n            width: 100%;\r\n            clear: both;\r\n        }\r\n        .acf-field-image {\r\n            margin: 1.5em 0;\r\n            position: relative;\r\n        }\r\n        .acf-field-label {\r\n            margin-bottom: 1em;\r\n        }\r\n        .acf-image {\r\n            max-width: 100%;\r\n            height: auto;\r\n            display: block;\r\n            margin: 1em 0;\r\n        }\r\n    <\/style>","protected":false},"excerpt":{"rendered":"<div class=\"seriesmeta agripedia-series-meta-wrapper\">This entry is part 4 of 4 in the series <a href=\"https:\/\/themes.agripedia.ch\/it\/series\/contributi-al-sistema-di-produzione-per-le-colture-permanenti\/\" class=\"series-426\" title=\"Contributi per i sistemi di produzione nelle colture perenni\">Contributi per i sistemi di produzione nelle colture perenni<\/a><\/div><p>I prodotti fitosanitari come insetticidi, acaricidi e fungicidi possono comportare rischi per le acque superficiali e la biodiversit\u00e0. Il rame \u00e8 difficilmente degradabile e si accumula nel terreno. L&#8217;impiego di questi principi attivi deve essere ridotto nell&#8217;ambito del Piano d&#8217;azione dei prodotti fitosanitari. <\/p>\n","protected":false},"author":20,"featured_media":41137,"comment_status":"closed","ping_status":"open","sticky":false,"template":"","format":"standard","meta":{"_acf_changed":false,"_autodraft_ids":[],"advgb_blocks_editor_width":"","advgb_blocks_columns_visual_guide":"","_monsterinsights_skip_tracking":false,"_monsterinsights_sitenote_active":false,"_monsterinsights_sitenote_note":"","_monsterinsights_sitenote_category":0,"ngg_post_thumbnail":0,"_sb_is_suggestion_mode":false,"_sb_show_suggestion_boards":false,"_sb_show_comment_boards":false,"_sb_suggestion_history":"","_sb_update_block_changes":"","_is_real_time_mode":false,"_realtime_collaborators":"","footnotes":"","cf_checklist_status":[]},"categories":[195,447,274,218,198],"tags":[],"series":[426],"ppma_author":[64,339,205,156,76],"class_list":["post-56277","post","type-post","status-publish","format-standard","has-post-thumbnail","hentry","category-obstbau-it","category-bacche","category-pagamenti-diretti","category-permacultura","category-weinbau-it","series-contributi-al-sistema-di-produzione-per-le-colture-permanenti"],"pp_statuses_selecting_workflow":false,"pp_workflow_action":"current","pp_status_selection":"publish","acf":[],"canto_acf_fields":"<div class=\"acf-fields-container\" data-post-id=\"56277\" data-canto-acf=\"true\"><\/div><style>\r\n        .acf-fields-container {\r\n            margin: 2em 0;\r\n            width: 100%;\r\n            clear: both;\r\n        }\r\n        .acf-field-image {\r\n            margin: 1.5em 0;\r\n            position: relative;\r\n        }\r\n        .acf-field-label {\r\n            margin-bottom: 1em;\r\n        }\r\n        .acf-image {\r\n            max-width: 100%;\r\n            height: auto;\r\n            display: block;\r\n            margin: 1em 0;\r\n        }\r\n    <\/style>","author_meta":{"display_name":"Martina R\u00f6sch","author_link":"https:\/\/themes.agripedia.ch\/it\/author\/mar\/"},"featured_img":"https:\/\/themes.agripedia.ch\/wp-content\/uploads\/2022\/04\/Junger-Baumgarten-in-Bluete-scaled-300x225.jpg","coauthors":[{"link":"https:\/\/themes.agripedia.ch\/it\/author\/mar\/","display_name":"Martina R\u00f6sch"},{"link":"https:\/\/themes.agripedia.ch\/it\/author\/ade4\/","display_name":"Anne-Valentine De Jong"},{"link":"https:\/\/themes.agripedia.ch\/it\/author\/nfr\/","display_name":"Nadia Frei"},{"link":"https:\/\/themes.agripedia.ch\/it\/author\/lbe2\/","display_name":"Lucia Bernasconi"},{"link":"https:\/\/themes.agripedia.ch\/it\/author\/jha\/","display_name":"Johannes Hanhart"}],"tax_additional":{"categories":{"linked":["<a href=\"https:\/\/themes.agripedia.ch\/it\/tema\/themen-it\/obstbau-it\/\" class=\"advgb-post-tax-term\">Arboricoltura<\/a>","<a href=\"https:\/\/themes.agripedia.ch\/it\/tema\/themen-it\/bacche\/\" class=\"advgb-post-tax-term\">Bacche<\/a>","<a href=\"https:\/\/themes.agripedia.ch\/it\/tema\/themen-it\/pagamenti-diretti\/\" class=\"advgb-post-tax-term\">Pagamenti diretti<\/a>","<a href=\"https:\/\/themes.agripedia.ch\/it\/tema\/themen-it\/permacultura\/\" class=\"advgb-post-tax-term\">Permacultura<\/a>","<a href=\"https:\/\/themes.agripedia.ch\/it\/tema\/themen-it\/weinbau-it\/\" class=\"advgb-post-tax-term\">Viticoltura<\/a>"],"unlinked":["<span class=\"advgb-post-tax-term\">Arboricoltura<\/span>","<span class=\"advgb-post-tax-term\">Bacche<\/span>","<span class=\"advgb-post-tax-term\">Pagamenti diretti<\/span>","<span class=\"advgb-post-tax-term\">Permacultura<\/span>","<span class=\"advgb-post-tax-term\">Viticoltura<\/span>"]}},"comment_count":"0","relative_dates":{"created":"Pubblicato 2 anni fa","modified":"Aggiornato 2 anni fa"},"absolute_dates":{"created":"Pubblicato il 22.05.2024","modified":"Aggiornato il 22.05.2024"},"absolute_dates_time":{"created":"Pubblicato il 22.05.2024 12:18 pm","modified":"Aggiornato il 22.05.2024 12:19 pm"},"featured_img_caption":"OLYMPUS DIGITAL CAMERA","series_order":4,"authors":[{"term_id":64,"user_id":20,"is_guest":0,"slug":"mar","display_name":"Martina R\u00f6sch","avatar_url":"https:\/\/secure.gravatar.com\/avatar\/97e52fff824b49d0b49f21a17e6f40b52c6a002eda35a2942102af1703121831?s=96&d=mm&r=g","0":null,"1":"","2":"","3":"","4":"","5":"","6":"","7":"","8":"","9":""},{"term_id":339,"user_id":92,"is_guest":0,"slug":"ade4","display_name":"Anne-Valentine De Jong","avatar_url":"https:\/\/secure.gravatar.com\/avatar\/?s=96&d=mm&r=g","0":null,"1":"","2":"","3":"","4":"","5":"","6":"","7":"","8":"","9":""},{"term_id":205,"user_id":60,"is_guest":0,"slug":"nfr","display_name":"Nadia Frei","avatar_url":"https:\/\/secure.gravatar.com\/avatar\/bb398d97a0cb808d4253a1befe331a8673e1429268d17b44aab2424feff2b23a?s=96&d=mm&r=g","0":null,"1":"","2":"","3":"","4":"","5":"","6":"","7":"","8":"","9":""},{"term_id":156,"user_id":51,"is_guest":0,"slug":"lbe2","display_name":"Lucia Bernasconi","avatar_url":"https:\/\/secure.gravatar.com\/avatar\/91807957d6421ddcf8b45e903968663d56ae8addf654daec4a1ea1513878f3ab?s=96&d=mm&r=g","0":null,"1":"","2":"","3":"","4":"","5":"","6":"","7":"","8":"","9":""},{"term_id":76,"user_id":36,"is_guest":0,"slug":"jha","display_name":"Johannes Hanhart","avatar_url":"https:\/\/secure.gravatar.com\/avatar\/f4d05773f260b5c86579e034d6c44423477285fad8427a10ad6288a253cbb151?s=96&d=mm&r=g","0":null,"1":"","2":"","3":"","4":"","5":"","6":"","7":"","8":"","9":""}],"_links":{"self":[{"href":"https:\/\/themes.agripedia.ch\/it\/wp-json\/wp\/v2\/posts\/56277","targetHints":{"allow":["GET"]}}],"collection":[{"href":"https:\/\/themes.agripedia.ch\/it\/wp-json\/wp\/v2\/posts"}],"about":[{"href":"https:\/\/themes.agripedia.ch\/it\/wp-json\/wp\/v2\/types\/post"}],"author":[{"embeddable":true,"href":"https:\/\/themes.agripedia.ch\/it\/wp-json\/wp\/v2\/users\/20"}],"replies":[{"embeddable":true,"href":"https:\/\/themes.agripedia.ch\/it\/wp-json\/wp\/v2\/comments?post=56277"}],"version-history":[{"count":0,"href":"https:\/\/themes.agripedia.ch\/it\/wp-json\/wp\/v2\/posts\/56277\/revisions"}],"wp:featuredmedia":[{"embeddable":true,"href":"https:\/\/themes.agripedia.ch\/it\/wp-json\/wp\/v2\/media\/41137"}],"wp:attachment":[{"href":"https:\/\/themes.agripedia.ch\/it\/wp-json\/wp\/v2\/media?parent=56277"}],"wp:term":[{"taxonomy":"category","embeddable":true,"href":"https:\/\/themes.agripedia.ch\/it\/wp-json\/wp\/v2\/categories?post=56277"},{"taxonomy":"post_tag","embeddable":true,"href":"https:\/\/themes.agripedia.ch\/it\/wp-json\/wp\/v2\/tags?post=56277"},{"taxonomy":"series","embeddable":true,"href":"https:\/\/themes.agripedia.ch\/it\/wp-json\/wp\/v2\/series?post=56277"},{"taxonomy":"author","embeddable":true,"href":"https:\/\/themes.agripedia.ch\/it\/wp-json\/wp\/v2\/ppma_author?post=56277"}],"curies":[{"name":"wp","href":"https:\/\/api.w.org\/{rel}","templated":true}]}}