{"id":76417,"date":"2026-01-23T15:07:04","date_gmt":"2026-01-23T14:07:04","guid":{"rendered":"https:\/\/themes.agripedia.ch\/?p=76417&#038;preview=true&#038;preview_id=76417"},"modified":"2026-01-26T15:42:16","modified_gmt":"2026-01-26T14:42:16","slug":"marche-du-lait-et-politique-agricole-en-suisse","status":"publish","type":"post","link":"https:\/\/themes.agripedia.ch\/fr\/marche-du-lait-et-politique-agricole-en-suisse\/","title":{"rendered":"March\u00e9 du lait et Politique agricole en Suisse"},"content":{"rendered":"<div class=\"seriesmeta agripedia-series-meta-wrapper\"><!--This entry is part 6 of 6 in the series--> <a href=\"https:\/\/themes.agripedia.ch\/fr\/series\/la-filiere-lait-suisse\/\" class=\"series-3957\" title=\"La Fili\u00e8re Lait Suisse\">La Fili\u00e8re Lait Suisse<\/a> (6 \/ 6)<\/div>\n<h3 class=\"wp-block-heading\" id=\"introduction-918e9bd0-9639-4803-b30b-b9ba585aa1c7\">Introduction<\/h3>\n\n\n\n<p>Le secteur laitier suisse a connu une transformation progressive, passant d\u2019un march\u00e9 prot\u00e9g\u00e9 \u00e0 une ouverture croissante \u00e0 la concurrence internationale. L\u2019abandon du taux plancher de l\u2019euro par la Banque nationale suisse en 2015 a fragilis\u00e9 les exportations de produits laitiers, en raison d\u2019un franc fort.<\/p>\n\n\n\n<p>La politique agricole suisse continue toutefois de soutenir la production indig\u00e8ne \u00e0 travers :<\/p>\n\n\n\n<ul class=\"wp-block-list\">\n<li><strong>Une protection douani\u00e8re cibl\u00e9e<\/strong> : les droits de douane et contingents tarifaires limitent les importations de produits laitiers comme le lait cru, le beurre ou le lait en poudre, sauf pour le fromage \u00e9chang\u00e9 avec l\u2019UE, lib\u00e9ralis\u00e9 depuis 2007.<\/li>\n\n\n\n<li><strong>Des soutiens indirects<\/strong> : depuis 2007, une prime est vers\u00e9e pour le lait transform\u00e9 en fromage afin de compenser la pression du march\u00e9. En 2019, une aide suppl\u00e9mentaire a \u00e9t\u00e9 introduite pour tous les producteurs de lait commercialis\u00e9, suite \u00e0 la suppression des contributions \u00e0 l\u2019exportation.<\/li>\n<\/ul>\n\n\n\n<p>Ces mesures visent \u00e0 pr\u00e9server la comp\u00e9titivit\u00e9 de la fili\u00e8re laiti\u00e8re suisse tout en r\u00e9pondant aux d\u00e9fis d\u2019un march\u00e9 de plus en plus mondialis\u00e9.<\/p>\n\n\n\n<div class=\"wp-block-advgb-accordions advgb-accordions-ac05c88f-85d8-4ca4-89df-40049440ac73 advgb-accordion-wrapper\" data-collapsed=\"true\">\n<div class=\"wp-block-advgb-accordion-item advgb-accordion-item\" style=\"margin-bottom:15px\"><div class=\"advgb-accordion-header\" style=\"background-color:#0090C5;color:#eee;border-style:solid;border-width:0px;border-radius:10px\"><span class=\"advgb-accordion-header-icon accordion-state\"><svg class=\"advgb-icon-closed\" fill=\"#fff\" xmlns=\"http:\/\/www.w3.org\/2000\/svg\" width=\"24\" height=\"24\" viewBox=\"0 0 24 24\"><path fill=\"none\" d=\"M0,0h24v24H0V0z\"><\/path><path d=\"M12,2C6.48,2,2,6.48,2,12s4.48,10,10,10s10-4.48,10-10S17.52,2,12,2z M17,13h-4v4h-2v-4H7v-2h4V7h2v4h4V13z\"><\/path><\/svg><svg class=\"advgb-icon-opened\" fill=\"#fff\" xmlns=\"http:\/\/www.w3.org\/2000\/svg\" width=\"24\" height=\"24\" viewBox=\"0 0 24 24\"><path fill=\"none\" d=\"M0,0h24v24H0V0z\"><\/path><path d=\"M12,2C6.48,2,2,6.48,2,12s4.48,10,10,10s10-4.48,10-10S17.52,2,12,2z M17,13H7v-2h10V13z\"><\/path><\/svg><\/span><h4 class=\"advgb-accordion-header-title\" style=\"color:inherit\">Evolution historique<\/h4><\/div><div class=\"advgb-accordion-body\" style=\"background-color:#D6D6D6;border-style:solid !important;border-width:0px !important;border-color:undefined !important;border-top:none !important;border-radius:10px !important\">\n<p>L\u2019\u00e9volution du secteur laitier a \u00e9t\u00e9 marqu\u00e9e par plusieurs \u00e9tapes importantes, allant d\u2019un march\u00e9 prot\u00e9g\u00e9 \u00e0 un march\u00e9 de plus en plus lib\u00e9ralis\u00e9. De 2011 \u00e0 2015, la BNS maintenait un taux plancher \u00e0 1.20 franc pour un euro. L\u2019abandon de cette mesure a suscit\u00e9 beaucoup d\u2019inqui\u00e9tude pour l\u2019industrie d\u2019exportation. Un taux de change trop \u00e9lev\u00e9 du franc suisse p\u00e9jore les exportations de produits laitiers.<\/p>\n\n\n\n<p><mark style=\"background-color:rgba(0, 0, 0, 0)\" class=\"has-inline-color has-agripedia-blue-color\"><strong>\u00c9l\u00e9ments historiques de l\u2019\u00e9conomie laiti\u00e8re de 1999 \u00e0 ce jour:<\/strong><\/mark><\/p>\n\n\n\n<figure class=\"wp-block-image alignwide size-full\"><img loading=\"lazy\" decoding=\"async\" width=\"2560\" height=\"1037\" src=\"https:\/\/themes.agripedia.ch\/wp-content\/uploads\/2025\/10\/Fig-3-jalons-du-marche-du-lait-D-F-2024_30.09-scaled.jpeg\" alt=\"\" class=\"wp-image-76739\" srcset=\"https:\/\/themes.agripedia.ch\/wp-content\/uploads\/2025\/10\/Fig-3-jalons-du-marche-du-lait-D-F-2024_30.09-scaled.jpeg 2560w, https:\/\/themes.agripedia.ch\/wp-content\/uploads\/2025\/10\/Fig-3-jalons-du-marche-du-lait-D-F-2024_30.09-300x122.jpeg 300w, https:\/\/themes.agripedia.ch\/wp-content\/uploads\/2025\/10\/Fig-3-jalons-du-marche-du-lait-D-F-2024_30.09-1024x415.jpeg 1024w, https:\/\/themes.agripedia.ch\/wp-content\/uploads\/2025\/10\/Fig-3-jalons-du-marche-du-lait-D-F-2024_30.09-768x311.jpeg 768w, https:\/\/themes.agripedia.ch\/wp-content\/uploads\/2025\/10\/Fig-3-jalons-du-marche-du-lait-D-F-2024_30.09-1536x622.jpeg 1536w, https:\/\/themes.agripedia.ch\/wp-content\/uploads\/2025\/10\/Fig-3-jalons-du-marche-du-lait-D-F-2024_30.09-2048x829.jpeg 2048w, https:\/\/themes.agripedia.ch\/wp-content\/uploads\/2025\/10\/Fig-3-jalons-du-marche-du-lait-D-F-2024_30.09-1200x486.jpeg 1200w, https:\/\/themes.agripedia.ch\/wp-content\/uploads\/2025\/10\/Fig-3-jalons-du-marche-du-lait-D-F-2024_30.09-1980x802.jpeg 1980w\" sizes=\"auto, (max-width: 2560px) 100vw, 2560px\" \/><figcaption class=\"wp-element-caption\">Source: AGRIDEA<\/figcaption><\/figure>\n<\/div><\/div>\n\n\n\n<div class=\"wp-block-advgb-accordion-item advgb-accordion-item\" style=\"margin-bottom:15px\"><div class=\"advgb-accordion-header\" style=\"background-color:#0090C5;color:#eee;border-style:solid;border-width:0px;border-radius:10px\"><span class=\"advgb-accordion-header-icon accordion-state\"><svg class=\"advgb-icon-closed\" fill=\"#fff\" xmlns=\"http:\/\/www.w3.org\/2000\/svg\" width=\"24\" height=\"24\" viewBox=\"0 0 24 24\"><path fill=\"none\" d=\"M0,0h24v24H0V0z\"><\/path><path d=\"M12,2C6.48,2,2,6.48,2,12s4.48,10,10,10s10-4.48,10-10S17.52,2,12,2z M17,13h-4v4h-2v-4H7v-2h4V7h2v4h4V13z\"><\/path><\/svg><svg class=\"advgb-icon-opened\" fill=\"#fff\" xmlns=\"http:\/\/www.w3.org\/2000\/svg\" width=\"24\" height=\"24\" viewBox=\"0 0 24 24\"><path fill=\"none\" d=\"M0,0h24v24H0V0z\"><\/path><path d=\"M12,2C6.48,2,2,6.48,2,12s4.48,10,10,10s10-4.48,10-10S17.52,2,12,2z M17,13H7v-2h10V13z\"><\/path><\/svg><\/span><h4 class=\"advgb-accordion-header-title\" style=\"color:inherit\">Protection douani\u00e8re et mesure de compensation<\/h4><\/div><div class=\"advgb-accordion-body\" style=\"background-color:#D6D6D6;border-style:solid !important;border-width:0px !important;border-color:undefined !important;border-top:none !important;border-radius:10px !important\">\n<p>En Suisse, le taux de droits de douane appliqu\u00e9 sur un produit d\u00e9pend de la concurrence que celui-ci exerce sur la production indig\u00e8ne. Ce filet de protection (droits de douane coupl\u00e9s aux contingents tarifaires) \u00e0 la fronti\u00e8re permet de limiter l\u2019importation et la concurrence pour la production indig\u00e8ne. Le secteur laitier indig\u00e8ne ne b\u00e9n\u00e9ficie plus de protection douani\u00e8re sur le march\u00e9 du fromage entre la Suisse et l\u2019UE depuis 2007. En revanche, une protection douani\u00e8re \u00e9lev\u00e9e subsiste sur le march\u00e9 du fromage entre la Suisse et les pays tiers non-membres de l\u2019UE. Les produits tels que le lait cru, le beurre, le lait \u00e9cr\u00e9m\u00e9, le lait en poudre et les produits frais sont tax\u00e9s \u00e0 l\u2019importation.<\/p>\n\n\n\n<figure class=\"wp-block-image size-full\"><img loading=\"lazy\" decoding=\"async\" width=\"1270\" height=\"454\" src=\"https:\/\/themes.agripedia.ch\/wp-content\/uploads\/2025\/10\/Bild3-2.png\" alt=\"\" class=\"wp-image-76427\" srcset=\"https:\/\/themes.agripedia.ch\/wp-content\/uploads\/2025\/10\/Bild3-2.png 1270w, https:\/\/themes.agripedia.ch\/wp-content\/uploads\/2025\/10\/Bild3-2-300x107.png 300w, https:\/\/themes.agripedia.ch\/wp-content\/uploads\/2025\/10\/Bild3-2-1024x366.png 1024w, https:\/\/themes.agripedia.ch\/wp-content\/uploads\/2025\/10\/Bild3-2-768x275.png 768w, https:\/\/themes.agripedia.ch\/wp-content\/uploads\/2025\/10\/Bild3-2-1200x429.png 1200w\" sizes=\"auto, (max-width: 1270px) 100vw, 1270px\" \/><figcaption class=\"wp-element-caption\">Source: <a href=\"https:\/\/www.agrarbericht.ch\/fr\/politique\/production-et-ventes\/economie-laitiere\" target=\"_blank\" rel=\"noopener\" title=\"\">Rapport agricole OFAG, 2023<\/a><\/figcaption><\/figure>\n<\/div><\/div>\n\n\n\n<div class=\"wp-block-advgb-accordion-item advgb-accordion-item\" style=\"margin-bottom:15px\"><div class=\"advgb-accordion-header\" style=\"background-color:#0090C5;color:#eee;border-style:solid;border-width:0px;border-radius:10px\"><span class=\"advgb-accordion-header-icon accordion-state\"><svg class=\"advgb-icon-closed\" fill=\"#fff\" xmlns=\"http:\/\/www.w3.org\/2000\/svg\" width=\"24\" height=\"24\" viewBox=\"0 0 24 24\"><path fill=\"none\" d=\"M0,0h24v24H0V0z\"><\/path><path d=\"M12,2C6.48,2,2,6.48,2,12s4.48,10,10,10s10-4.48,10-10S17.52,2,12,2z M17,13h-4v4h-2v-4H7v-2h4V7h2v4h4V13z\"><\/path><\/svg><svg class=\"advgb-icon-opened\" fill=\"#fff\" xmlns=\"http:\/\/www.w3.org\/2000\/svg\" width=\"24\" height=\"24\" viewBox=\"0 0 24 24\"><path fill=\"none\" d=\"M0,0h24v24H0V0z\"><\/path><path d=\"M12,2C6.48,2,2,6.48,2,12s4.48,10,10,10s10-4.48,10-10S17.52,2,12,2z M17,13H7v-2h10V13z\"><\/path><\/svg><\/span><h4 class=\"advgb-accordion-header-title\" style=\"color:inherit\">Soutiens indirects \u00e0 la production<\/h4><\/div><div class=\"advgb-accordion-body\" style=\"background-color:#D6D6D6;border-style:solid !important;border-width:0px !important;border-color:undefined !important;border-top:none !important;border-radius:10px !important\">\n<p>\u00c0 la suite de la lib\u00e9ralisation du commerce du fromage avec l\u2019UE, la Conf\u00e9d\u00e9ration a introduit en 2007 le suppl\u00e9ment pour le lait transform\u00e9 en fromage pour soutenir la production indig\u00e8ne de lait de fromagerie. Cette prime \u00e0 la production doit compenser la pression accrue sur les producteurs de lait de fromagerie. Le suppl\u00e9ment pour le lait de fromagerie est vers\u00e9 aux utilisateurs de lait, qui sont tenus de le reverser aux producteurs dans un d\u00e9lai d\u2019un mois. La Conf\u00e9d\u00e9ration a vers\u00e9 pour la premi\u00e8re fois en 2019 un suppl\u00e9ment de 4.5 ct.\/kg de lait \u00e0 tous les producteurs de lait commercialis\u00e9. Ce suppl\u00e9ment constitue une compensation pour la pression accrue sur le march\u00e9 que les producteurs subissent dans le cadre de l\u2019approvisionnement de l\u2019industrie alimentaire \u00e0 la suite de la suppression des contributions \u00e0 l\u2019exportation pour les produits agricoles transform\u00e9s (\u00ab loi chocolati\u00e8re \u00bb)<\/p>\n<\/div><\/div>\n\n\n\n<div class=\"wp-block-advgb-accordion-item advgb-accordion-item\" style=\"margin-bottom:15px\"><div class=\"advgb-accordion-header\" style=\"background-color:#0090C5;color:#eee;border-style:solid;border-width:0px;border-radius:10px\"><span class=\"advgb-accordion-header-icon accordion-state\"><svg class=\"advgb-icon-closed\" fill=\"#fff\" xmlns=\"http:\/\/www.w3.org\/2000\/svg\" width=\"24\" height=\"24\" viewBox=\"0 0 24 24\"><path fill=\"none\" d=\"M0,0h24v24H0V0z\"><\/path><path d=\"M12,2C6.48,2,2,6.48,2,12s4.48,10,10,10s10-4.48,10-10S17.52,2,12,2z M17,13h-4v4h-2v-4H7v-2h4V7h2v4h4V13z\"><\/path><\/svg><svg class=\"advgb-icon-opened\" fill=\"#fff\" xmlns=\"http:\/\/www.w3.org\/2000\/svg\" width=\"24\" height=\"24\" viewBox=\"0 0 24 24\"><path fill=\"none\" d=\"M0,0h24v24H0V0z\"><\/path><path d=\"M12,2C6.48,2,2,6.48,2,12s4.48,10,10,10s10-4.48,10-10S17.52,2,12,2z M17,13H7v-2h10V13z\"><\/path><\/svg><\/span><h4 class=\"advgb-accordion-header-title\" style=\"color:inherit\">Segmentation du lait de centrale (lait d&rsquo;industrie)<\/h4><\/div><div class=\"advgb-accordion-body\" style=\"background-color:#D6D6D6;border-style:solid !important;border-width:0px !important;border-color:undefined !important;border-top:none !important;border-radius:10px !important\">\n<p>La <strong>segmentation du lait <\/strong>est un syst\u00e8me mis en place en Suisse en 2011 pour am\u00e9liorer la <strong>transparence et la r\u00e9gulation des prix<\/strong> du lait. Elle s\u2019applique au lait destin\u00e9 \u00e0<strong> l\u2019industrie<\/strong> ainsi qu\u2019\u00e0 celui transform\u00e9 en<strong> fromage<\/strong>, mais ici l\u2019accent est mis sur le lait de centrale. Ce syst\u00e8me r\u00e9partit le lait en <strong>trois segments \u2013 A, B et C<\/strong> \u2013 chacun correspondant \u00e0 un niveau de prix et \u00e0 une destination sp\u00e9cifique. Le <strong>segment A<\/strong> concerne les produits \u00e0 forte valeur ajout\u00e9e destin\u00e9s principalement au march\u00e9 int\u00e9rieur, avec quelques exportations b\u00e9n\u00e9ficiant d\u2019une compensation. Le <strong>segment B<\/strong> regroupe les produits \u00e0 valeur limit\u00e9e, souvent export\u00e9s sans soutien. Enfin, le <strong>segment C<\/strong> est destin\u00e9 \u00e0 d\u00e9sengorger le march\u00e9 et son prix est enti\u00e8rement d\u00e9termin\u00e9 par les conditions du march\u00e9 mondial. L\u2019Interprofession du lait (IP Lait) publie chaque mois des prix indicatifs pour chaque segment, qui servent de base aux n\u00e9gociations entre producteurs et acheteurs.<\/p>\n\n\n\n<table class=\"wp-block-advgb-table alignwide advgb-table-frontend is-style-default\"><tbody><tr><td style=\"border-top-color:#000;border-right-color:#000;border-bottom-color:#000;border-left-color:#000;border-width:1px\"><strong>Segment<\/strong><strong><\/strong><\/td><td style=\"border-top-color:#000;border-right-color:#000;border-bottom-color:#000;border-left-color:#000\"><strong>Caract\u00e9ristiques<\/strong><strong><\/strong><\/td><td style=\"border-top-color:#000;border-right-color:#000;border-bottom-color:#000;border-left-color:#000\"><strong>March\u00e9 Suisse<\/strong><\/td><td style=\"border-top-color:#000;border-right-color:#000;border-bottom-color:#000;border-left-color:#000\"><strong>Exportation<\/strong><strong><\/strong><\/td><\/tr><tr><td style=\"border-top-color:#000;border-right-color:#000;border-bottom-color:#000;border-left-color:#000\"><strong>Produits A<\/strong> <br>&#8211; <strong>avec <\/strong>protection douani\u00e8re <br>&#8211; <strong>avec<\/strong> compensation du prix des mati\u00e8res premi\u00e8res<\/td><td style=\"border-top-color:#000;border-right-color:#000;border-bottom-color:#000;border-left-color:#000;border-width:1px\">Produits laitiers \u00e0 forte valeur ajout\u00e9e&nbsp;: march\u00e9 prot\u00e9g\u00e9 ou soutenu <br><strong>Lait non-ensilage <\/strong>transform\u00e9 en fromage<br><strong>Lait ensilage <\/strong>transform\u00e9 en fromage pour le march\u00e9 suisse<\/td><td style=\"border-top-color:#000;border-right-color:#000;border-bottom-color:#000;border-left-color:#000\">&#8211; Lait et cr\u00e8me de consommation<br>&#8211; Beurre pour le d\u00e9tail et industrie alimentaire<br>&#8211; Poudre et concentr\u00e9s pour industrie alimentaire<br>&#8211; Fromage<br>&#8211; Yaourts<br>&#8211; Autres produits frais<\/td><td style=\"border-top-color:#000;border-right-color:#000;border-bottom-color:#000;border-left-color:#000\">&#8211; Poudre et concentr\u00e9s<br>&#8211; Autres produits frais<br>&#8211; Beurre pour industrie alimentaire<\/td><\/tr><tr><td style=\"border-top-color:#000;border-right-color:#000;border-bottom-color:#000;border-left-color:#000\"><strong>Produits B<\/strong> <br>&#8211; <strong>sans <\/strong>protection douani\u00e8re <br>&#8211; <strong>sans <\/strong>compensation du prix des mati\u00e8res premi\u00e8res<br>&#8211; avec prix du <strong>march\u00e9 mondial <\/strong>pour la prot\u00e9ine \/ avec prix du <strong>march\u00e9 suisse <\/strong>pour la mati\u00e8re grasse<\/td><td style=\"border-top-color:#000;border-right-color:#000;border-bottom-color:#000;border-left-color:#000\">Produits laitiers \u00e0 valeur ajout\u00e9e limit\u00e9e ou soumis \u00e0 plus forte concurrence&nbsp;: march\u00e9 sans protection et sans soutien<\/td><td style=\"border-top-color:#000;border-right-color:#000;border-bottom-color:#000;border-left-color:#000\">&#8211; S\u00e9r\u00e9<br>&#8211; Boissons lact\u00e9es<br>&#8211; Prot\u00e9ine du lait<\/td><td style=\"border-top-color:#000;border-right-color:#000;border-bottom-color:#000;border-left-color:#000\">&#8211; Yaourts<br>&#8211; Poudre de lait \u00e9cr\u00e9m\u00e9<br>&#8211; Fromage (industrie)<br>&#8211; Autres produits frais<\/td><\/tr><tr><td style=\"border-top-color:#000;border-right-color:#000;border-bottom-color:#000;border-left-color:#000\"><strong>Produits C<\/strong> <br>&#8211; avec prix du <strong>march\u00e9 mondial <\/strong>(prot\u00e9ine, mati\u00e8re grasse)<\/td><td style=\"border-top-color:#000;border-right-color:#000;border-bottom-color:#000;border-left-color:#000\">Produits de r\u00e9gulation ou servant \u00e0 d\u00e9sengorger le march\u00e9 ne b\u00e9n\u00e9ficiant d\u2019aucune aide<\/td><td style=\"border-top-color:#000;border-right-color:#000;border-bottom-color:#000;border-left-color:#000\">&nbsp;<\/td><td style=\"border-top-color:#000;border-right-color:#000;border-bottom-color:#000;border-left-color:#000\">&#8211; Beurre<br>&#8211; Poudre de lait entier, poudre de lait \u00e9cr\u00e9m\u00e9<br>&#8211; Cr\u00e8me<br>&#8211; Lait (&gt; 3,0&nbsp;% graisse)<\/td><\/tr><\/tbody><\/table>\n<\/div><\/div>\n\n\n\n<div class=\"wp-block-advgb-accordion-item advgb-accordion-item\" style=\"margin-bottom:15px\"><div class=\"advgb-accordion-header\" style=\"background-color:#0090C5;color:#eee;border-style:solid;border-width:0px;border-radius:10px\"><span class=\"advgb-accordion-header-icon accordion-state\"><svg class=\"advgb-icon-closed\" fill=\"#fff\" xmlns=\"http:\/\/www.w3.org\/2000\/svg\" width=\"24\" height=\"24\" viewBox=\"0 0 24 24\"><path fill=\"none\" d=\"M0,0h24v24H0V0z\"><\/path><path d=\"M12,2C6.48,2,2,6.48,2,12s4.48,10,10,10s10-4.48,10-10S17.52,2,12,2z M17,13h-4v4h-2v-4H7v-2h4V7h2v4h4V13z\"><\/path><\/svg><svg class=\"advgb-icon-opened\" fill=\"#fff\" xmlns=\"http:\/\/www.w3.org\/2000\/svg\" width=\"24\" height=\"24\" viewBox=\"0 0 24 24\"><path fill=\"none\" d=\"M0,0h24v24H0V0z\"><\/path><path d=\"M12,2C6.48,2,2,6.48,2,12s4.48,10,10,10s10-4.48,10-10S17.52,2,12,2z M17,13H7v-2h10V13z\"><\/path><\/svg><\/span><h4 class=\"advgb-accordion-header-title\" style=\"color:inherit\">Saisonnalit\u00e9 du lait et pics de production<\/h4><\/div><div class=\"advgb-accordion-body\" style=\"background-color:#D6D6D6;border-style:solid !important;border-width:0px !important;border-color:undefined !important;border-top:none !important;border-radius:10px !important\">\n<p>Le profil de la collecte mensuelle du lait suisse met en \u00e9vidence le pic saisonnier du printemps (le lait exc\u00e9dentaire doit \u00eatre absorb\u00e9 par les transformateurs, ces exc\u00e9dents seront transform\u00e9s en beurre et en poudre de lait) et la d\u00e9pression estivale (baisse de la production en raison de la chute de croissance de l\u2019herbe lors des s\u00e9cheresses estivales). Durant la p\u00e9riode allant d\u2019ao\u00fbt \u00e0 septembre, la production laiti\u00e8re augmente \u00e0 nouveau avec le retour des vaches laiti\u00e8res estiv\u00e9es ainsi que gr\u00e2ce \u00e0 des conditions plus favorables \u00e0 la croissance de l\u2019herbe. Le changement climatique accentue la saisonnalit\u00e9 du lait en raison d\u2019un affouragement en vert plus pr\u00e9coce et d\u2019une pousse de l\u2019herbe plus explosive au printemps. Dans le m\u00eame temps, le probl\u00e8me de la r\u00e9gulation saisonni\u00e8re est amplifi\u00e9.<\/p>\n<\/div><\/div>\n\n\n\n<div class=\"wp-block-advgb-accordion-item advgb-accordion-item\" style=\"margin-bottom:15px\"><div class=\"advgb-accordion-header\" style=\"background-color:#0090C5;color:#eee;border-style:solid;border-width:0px;border-radius:10px\"><span class=\"advgb-accordion-header-icon accordion-state\"><svg class=\"advgb-icon-closed\" fill=\"#fff\" xmlns=\"http:\/\/www.w3.org\/2000\/svg\" width=\"24\" height=\"24\" viewBox=\"0 0 24 24\"><path fill=\"none\" d=\"M0,0h24v24H0V0z\"><\/path><path d=\"M12,2C6.48,2,2,6.48,2,12s4.48,10,10,10s10-4.48,10-10S17.52,2,12,2z M17,13h-4v4h-2v-4H7v-2h4V7h2v4h4V13z\"><\/path><\/svg><svg class=\"advgb-icon-opened\" fill=\"#fff\" xmlns=\"http:\/\/www.w3.org\/2000\/svg\" width=\"24\" height=\"24\" viewBox=\"0 0 24 24\"><path fill=\"none\" d=\"M0,0h24v24H0V0z\"><\/path><path d=\"M12,2C6.48,2,2,6.48,2,12s4.48,10,10,10s10-4.48,10-10S17.52,2,12,2z M17,13H7v-2h10V13z\"><\/path><\/svg><\/span><h4 class=\"advgb-accordion-header-title\" style=\"color:inherit\">Nouveau standard sectoriel du tapis vert<\/h4><\/div><div class=\"advgb-accordion-body\" style=\"background-color:#D6D6D6;border-style:solid !important;border-width:0px !important;border-color:undefined !important;border-top:none !important;border-radius:10px !important\">\n<figure class=\"wp-block-image alignleft size-large\"><img loading=\"lazy\" decoding=\"async\" width=\"1024\" height=\"717\" src=\"https:\/\/themes.agripedia.ch\/wp-content\/uploads\/2025\/12\/logo_swissmilk_green-1030x721-1-1024x717.png\" alt=\"\" class=\"wp-image-78614\" srcset=\"https:\/\/themes.agripedia.ch\/wp-content\/uploads\/2025\/12\/logo_swissmilk_green-1030x721-1-1024x717.png 1024w, https:\/\/themes.agripedia.ch\/wp-content\/uploads\/2025\/12\/logo_swissmilk_green-1030x721-1-300x210.png 300w, https:\/\/themes.agripedia.ch\/wp-content\/uploads\/2025\/12\/logo_swissmilk_green-1030x721-1-768x538.png 768w, https:\/\/themes.agripedia.ch\/wp-content\/uploads\/2025\/12\/logo_swissmilk_green-1030x721-1.png 1030w\" sizes=\"auto, (max-width: 1024px) 100vw, 1024px\" \/><\/figure>\n\n\n\n<p>Depuis d\u00e9cembre 2019, l\u2019<a href=\"https:\/\/www.ip-lait.ch\/fr\/\" target=\"_blank\" rel=\"noopener\" title=\"\"><strong>IP Lait<\/strong> <\/a>a introduit le <strong>standard sectoriel \u00ab <a href=\"https:\/\/www.ip-lait.ch\/fr\/durabilite\/le-tapis-vert\/\" target=\"_blank\" rel=\"noopener\" title=\"\">tapis vert<\/a> \u00bb<\/strong> pour le lait de centrale, promu sous la marque <strong>swissmilk green<\/strong>. Ce label vise \u00e0 valoriser les pratiques durables de la production laiti\u00e8re suisse par rapport \u00e0 l\u2019\u00e9tranger.<\/p>\n\n\n\n<p>Un <strong>suppl\u00e9ment de 3 ct.\/kg<\/strong> est accord\u00e9 pour le lait du segment A conforme au standard, dont <strong>2.2 ct.\/kg<\/strong> en moyenne reviennent effectivement aux producteurs, selon la r\u00e9partition des volumes achet\u00e9s. Entre 2020 et 2023, <strong>72 % du lait de centrale<\/strong> \u00e9tait en moyenne du segment A.<\/p>\n\n\n\n<p>D\u00e8s <strong>2025<\/strong>, les exploitations pourront <strong>calculer volontairement leur empreinte carbone<\/strong> dans le cadre de la deuxi\u00e8me phase du tapis vert. Depuis 2021, les produits \u00abFloralp\u00bb et \u00abLe Beurre\u00bb portent \u00e9galement ce label, et depuis d\u00e9but 2023, <strong>tout le lait suisse<\/strong> est couvert par ce standard.<\/p>\n<\/div><\/div>\n<\/div>\n<div class=\"acf-fields-container\" data-post-id=\"76417\" data-canto-acf=\"true\"><\/div><style>\r\n        .acf-fields-container {\r\n            margin: 2em 0;\r\n            width: 100%;\r\n            clear: both;\r\n        }\r\n        .acf-field-image {\r\n            margin: 1.5em 0;\r\n            position: relative;\r\n        }\r\n        .acf-field-label {\r\n            margin-bottom: 1em;\r\n        }\r\n        .acf-image {\r\n            max-width: 100%;\r\n            height: auto;\r\n            display: block;\r\n            margin: 1em 0;\r\n        }\r\n    <\/style>","protected":false},"excerpt":{"rendered":"<div class=\"seriesmeta agripedia-series-meta-wrapper\">This entry is part 6 of 6 in the series <a href=\"https:\/\/themes.agripedia.ch\/fr\/series\/la-filiere-lait-suisse\/\" class=\"series-3957\" title=\"La Fili\u00e8re Lait Suisse\">La Fili\u00e8re Lait Suisse<\/a><\/div><p>Le secteur laitier suisse a connu une transformation progressive, passant d\u2019un march\u00e9 prot\u00e9g\u00e9 \u00e0 une ouverture croissante \u00e0 la concurrence internationale. La politique agricole suisse continue de soutenir la production indig\u00e8ne \u00e0 travers differentes mesures.<\/p>\n","protected":false},"author":120,"featured_media":76734,"comment_status":"closed","ping_status":"open","sticky":false,"template":"","format":"standard","meta":{"_acf_changed":false,"_autodraft_ids":[],"advgb_blocks_editor_width":"","advgb_blocks_columns_visual_guide":"","_monsterinsights_skip_tracking":false,"_monsterinsights_sitenote_active":false,"_monsterinsights_sitenote_note":"","_monsterinsights_sitenote_category":0,"ngg_post_thumbnail":0,"_sb_is_suggestion_mode":false,"_sb_show_suggestion_boards":false,"_sb_show_comment_boards":false,"_sb_suggestion_history":"","_sb_update_block_changes":"","_is_real_time_mode":false,"_realtime_collaborators":"","footnotes":"","cf_checklist_status":["Category Assigned","SEO Title Length","External Links","Featured Image Added"]},"categories":[159,1],"tags":[],"series":[3957],"ppma_author":[251,138,3928],"class_list":["post-76417","post","type-post","status-publish","format-standard","has-post-thumbnail","hentry","category-filieres","category-unkategorisiert","series-la-filiere-lait-suisse"],"pp_statuses_selecting_workflow":false,"pp_workflow_action":"current","pp_status_selection":"publish","acf":[],"canto_acf_fields":"<div class=\"acf-fields-container\" data-post-id=\"76417\" data-canto-acf=\"true\"><\/div><style>\r\n        .acf-fields-container {\r\n            margin: 2em 0;\r\n            width: 100%;\r\n            clear: both;\r\n        }\r\n        .acf-field-image {\r\n            margin: 1.5em 0;\r\n            position: relative;\r\n        }\r\n        .acf-field-label {\r\n            margin-bottom: 1em;\r\n        }\r\n        .acf-image {\r\n            max-width: 100%;\r\n            height: auto;\r\n            display: block;\r\n            margin: 1em 0;\r\n        }\r\n    <\/style>","author_meta":{"display_name":"Pascal Python","author_link":"https:\/\/themes.agripedia.ch\/fr\/author\/ppy\/"},"featured_img":"https:\/\/themes.agripedia.ch\/wp-content\/uploads\/2025\/10\/the-national-council-hall-4575420_1280-2-300x139.jpg","coauthors":[{"link":"https:\/\/themes.agripedia.ch\/fr\/author\/ppy\/","display_name":"Pascal Python"},{"link":"https:\/\/themes.agripedia.ch\/fr\/author\/mes\/","display_name":"Magali Esteve"},{"link":"https:\/\/themes.agripedia.ch\/fr\/author\/mtr0\/","display_name":"Mirjam Traore"}],"tax_additional":{"categories":{"linked":["<a href=\"https:\/\/themes.agripedia.ch\/fr\/theme\/themen-fr\/filieres\/\" class=\"advgb-post-tax-term\">Fili\u00e8res<\/a>","<a href=\"https:\/\/themes.agripedia.ch\/thema\/unkategorisiert\/\" class=\"advgb-post-tax-term\">Unkategorisiert<\/a>"],"unlinked":["<span class=\"advgb-post-tax-term\">Fili\u00e8res<\/span>","<span class=\"advgb-post-tax-term\">Unkategorisiert<\/span>"]}},"comment_count":"0","relative_dates":{"created":"Publi\u00e9 3 mois il y a","modified":"Mis \u00e0 jour 3 mois il y a"},"absolute_dates":{"created":"Publi\u00e9 le 23.01.2026","modified":"Mise \u00e0 jour le 26.01.2026"},"absolute_dates_time":{"created":"Publi\u00e9 le 23.01.2026 3:07 pm","modified":"Mise \u00e0 jour le 26.01.2026 3:42 pm"},"featured_img_caption":"","series_order":6,"authors":[{"term_id":251,"user_id":120,"is_guest":0,"slug":"ppy","display_name":"Pascal Python","avatar_url":"https:\/\/secure.gravatar.com\/avatar\/c5d953d7ebf8bfb6e47c3acebc7380ca2d200b4e05642b6503c016984c4c2873?s=96&d=mm&r=g","0":null,"1":"","2":"","3":"","4":"","5":"","6":"","7":"","8":"","9":""},{"term_id":138,"user_id":49,"is_guest":0,"slug":"mes","display_name":"Magali Esteve","avatar_url":"https:\/\/secure.gravatar.com\/avatar\/?s=96&d=mm&r=g","0":null,"1":"","2":"","3":"","4":"","5":"","6":"","7":"","8":"","9":""},{"term_id":3928,"user_id":176,"is_guest":0,"slug":"mtr0","display_name":"Mirjam Traore","avatar_url":"https:\/\/secure.gravatar.com\/avatar\/55b55ea908d856aab847388618abeb9fc5c6bfa8c893e46a883d7b2d6b155df5?s=96&d=mm&r=g","0":null,"1":"","2":"","3":"","4":"","5":"","6":"","7":"","8":"","9":""}],"_links":{"self":[{"href":"https:\/\/themes.agripedia.ch\/fr\/wp-json\/wp\/v2\/posts\/76417","targetHints":{"allow":["GET"]}}],"collection":[{"href":"https:\/\/themes.agripedia.ch\/fr\/wp-json\/wp\/v2\/posts"}],"about":[{"href":"https:\/\/themes.agripedia.ch\/fr\/wp-json\/wp\/v2\/types\/post"}],"author":[{"embeddable":true,"href":"https:\/\/themes.agripedia.ch\/fr\/wp-json\/wp\/v2\/users\/120"}],"replies":[{"embeddable":true,"href":"https:\/\/themes.agripedia.ch\/fr\/wp-json\/wp\/v2\/comments?post=76417"}],"version-history":[{"count":11,"href":"https:\/\/themes.agripedia.ch\/fr\/wp-json\/wp\/v2\/posts\/76417\/revisions"}],"predecessor-version":[{"id":79764,"href":"https:\/\/themes.agripedia.ch\/fr\/wp-json\/wp\/v2\/posts\/76417\/revisions\/79764"}],"wp:featuredmedia":[{"embeddable":true,"href":"https:\/\/themes.agripedia.ch\/fr\/wp-json\/wp\/v2\/media\/76734"}],"wp:attachment":[{"href":"https:\/\/themes.agripedia.ch\/fr\/wp-json\/wp\/v2\/media?parent=76417"}],"wp:term":[{"taxonomy":"category","embeddable":true,"href":"https:\/\/themes.agripedia.ch\/fr\/wp-json\/wp\/v2\/categories?post=76417"},{"taxonomy":"post_tag","embeddable":true,"href":"https:\/\/themes.agripedia.ch\/fr\/wp-json\/wp\/v2\/tags?post=76417"},{"taxonomy":"series","embeddable":true,"href":"https:\/\/themes.agripedia.ch\/fr\/wp-json\/wp\/v2\/series?post=76417"},{"taxonomy":"author","embeddable":true,"href":"https:\/\/themes.agripedia.ch\/fr\/wp-json\/wp\/v2\/ppma_author?post=76417"}],"curies":[{"name":"wp","href":"https:\/\/api.w.org\/{rel}","templated":true}]}}