{"id":76123,"date":"2026-01-23T15:06:22","date_gmt":"2026-01-23T14:06:22","guid":{"rendered":"https:\/\/themes.agripedia.ch\/?p=76123&#038;preview=true&#038;preview_id=76123"},"modified":"2026-01-26T15:40:20","modified_gmt":"2026-01-26T14:40:20","slug":"transformation","status":"publish","type":"post","link":"https:\/\/themes.agripedia.ch\/fr\/transformation\/","title":{"rendered":"Transformation"},"content":{"rendered":"<div class=\"seriesmeta agripedia-series-meta-wrapper\"><!--This entry is part 3 of 6 in the series--> <a href=\"https:\/\/themes.agripedia.ch\/fr\/series\/la-filiere-lait-suisse\/\" class=\"series-3957\" title=\"La Fili\u00e8re Lait Suisse\">La Fili\u00e8re Lait Suisse<\/a> (3 \/ 6)<\/div>\n<h2 class=\"wp-block-heading\">Structures de march\u00e9 au niveau des transformateurs<\/h2>\n\n\n\n<div class=\"wp-block-advgb-accordions advgb-accordions-7cf4577d-bae3-416b-9ccb-cca733fb1eb0 advgb-accordion-wrapper\" data-collapsed=\"true\">\n<div class=\"wp-block-advgb-accordion-item advgb-accordion-item\" style=\"margin-bottom:15px\"><div class=\"advgb-accordion-header\" style=\"background-color:#0090C5;color:#FFFFFF;border-style:solid;border-width:0px;border-radius:14px\"><span class=\"advgb-accordion-header-icon accordion-state\"><svg class=\"advgb-icon-closed\" fill=\"#fff\" xmlns=\"http:\/\/www.w3.org\/2000\/svg\" width=\"24\" height=\"24\" viewBox=\"0 0 24 24\"><path fill=\"none\" d=\"M0,0h24v24H0V0z\"><\/path><path d=\"M12,2C6.48,2,2,6.48,2,12s4.48,10,10,10s10-4.48,10-10S17.52,2,12,2z M17,13h-4v4h-2v-4H7v-2h4V7h2v4h4V13z\"><\/path><\/svg><svg class=\"advgb-icon-opened\" fill=\"#fff\" xmlns=\"http:\/\/www.w3.org\/2000\/svg\" width=\"24\" height=\"24\" viewBox=\"0 0 24 24\"><path fill=\"none\" d=\"M0,0h24v24H0V0z\"><\/path><path d=\"M12,2C6.48,2,2,6.48,2,12s4.48,10,10,10s10-4.48,10-10S17.52,2,12,2z M17,13H7v-2h10V13z\"><\/path><\/svg><\/span><h4 class=\"advgb-accordion-header-title\" style=\"color:inherit\">Les fromageries<\/h4><\/div><div class=\"advgb-accordion-body\" style=\"background-color:#D6D6D6;border-style:solid !important;border-width:0px !important;border-color:undefined !important;border-top:none !important;border-radius:14px !important\">\n<p>En Suisse, <strong>pr\u00e8s de 600 fromageries<\/strong> transforment <strong>1,1 million de tonnes de lait<\/strong> sans ensilage en <strong>120 000 tonnes de sp\u00e9cialit\u00e9s au lait cru<\/strong>, comme le Gruy\u00e8re AOP, l\u2019Emmentaler AOP ou l\u2019Appenzeller\u00ae. La <strong>production totale de fromage<\/strong> atteint environ <strong>200 000 tonnes<\/strong>, incluant aussi des fromages frais et \u00e0 p\u00e2te molle (s\u00e9r\u00e9, mozzarella, tomme) et certains \u00e0 p\u00e2te mi-dure (Raclette Suisse, Tilsit), souvent issus de lait trait\u00e9 thermiquement.<\/p>\n\n\n\n<p>La Suisse compte <strong>plus de 450 vari\u00e9t\u00e9s de fromages<\/strong>, illustrant une richesse unique. Toutefois, la <strong>lib\u00e9ralisation du march\u00e9<\/strong> a fragilis\u00e9 certains producteurs, notamment ceux d\u2019Emmental, de Sbrinz et de Tilsit, confront\u00e9s \u00e0 une concurrence accrue.<\/p>\n\n\n\n<p>Les <strong>affineurs et n\u00e9gociants<\/strong> jouent un r\u00f4le central dans la fili\u00e8re, assurant le lien entre les producteurs, le commerce de d\u00e9tail et les march\u00e9s d\u2019exportation gr\u00e2ce \u00e0 leurs infrastructures d\u2019affinage, de conditionnement et de logistique.<\/p>\n\n\n\n<p><mark style=\"background-color:rgba(0, 0, 0, 0)\" class=\"has-inline-color has-agripedia-blue-color\"><strong>Volume de lait par vari\u00e9t\u00e9 fromag\u00e8re et nombre de fromageries<\/strong><\/mark>:<\/p>\n\n\n\n<figure class=\"wp-block-image size-large\"><img loading=\"lazy\" decoding=\"async\" width=\"1024\" height=\"702\" src=\"https:\/\/themes.agripedia.ch\/wp-content\/uploads\/2025\/10\/Bild2-2-1024x702.png\" alt=\"\" class=\"wp-image-76528\" srcset=\"https:\/\/themes.agripedia.ch\/wp-content\/uploads\/2025\/10\/Bild2-2-1024x702.png 1024w, https:\/\/themes.agripedia.ch\/wp-content\/uploads\/2025\/10\/Bild2-2-300x206.png 300w, https:\/\/themes.agripedia.ch\/wp-content\/uploads\/2025\/10\/Bild2-2-768x527.png 768w, https:\/\/themes.agripedia.ch\/wp-content\/uploads\/2025\/10\/Bild2-2-1536x1054.png 1536w, https:\/\/themes.agripedia.ch\/wp-content\/uploads\/2025\/10\/Bild2-2-2048x1405.png 2048w, https:\/\/themes.agripedia.ch\/wp-content\/uploads\/2025\/10\/Bild2-2-1200x823.png 1200w, https:\/\/themes.agripedia.ch\/wp-content\/uploads\/2025\/10\/Bild2-2-1980x1358.png 1980w\" sizes=\"auto, (max-width: 1024px) 100vw, 1024px\" \/><figcaption class=\"wp-element-caption\">Source : AGRIDEA (donn\u00e9es d\u2019apr\u00e8s L\u2019\u00e9conomie laiti\u00e8re suisse en chiffres 2023\/24, PSL)<\/figcaption><\/figure>\n<\/div><\/div>\n\n\n\n<div class=\"wp-block-advgb-accordion-item advgb-accordion-item\" style=\"margin-bottom:15px\"><div class=\"advgb-accordion-header\" style=\"background-color:#0090C5;color:#FFFFFF;border-style:solid;border-width:0px;border-radius:14px\"><span class=\"advgb-accordion-header-icon accordion-state\"><svg class=\"advgb-icon-closed\" fill=\"#fff\" xmlns=\"http:\/\/www.w3.org\/2000\/svg\" width=\"24\" height=\"24\" viewBox=\"0 0 24 24\"><path fill=\"none\" d=\"M0,0h24v24H0V0z\"><\/path><path d=\"M12,2C6.48,2,2,6.48,2,12s4.48,10,10,10s10-4.48,10-10S17.52,2,12,2z M17,13h-4v4h-2v-4H7v-2h4V7h2v4h4V13z\"><\/path><\/svg><svg class=\"advgb-icon-opened\" fill=\"#fff\" xmlns=\"http:\/\/www.w3.org\/2000\/svg\" width=\"24\" height=\"24\" viewBox=\"0 0 24 24\"><path fill=\"none\" d=\"M0,0h24v24H0V0z\"><\/path><path d=\"M12,2C6.48,2,2,6.48,2,12s4.48,10,10,10s10-4.48,10-10S17.52,2,12,2z M17,13H7v-2h10V13z\"><\/path><\/svg><\/span><h4 class=\"advgb-accordion-header-title\" style=\"color:inherit\">Transformation du lait de centrale<\/h4><\/div><div class=\"advgb-accordion-body\" style=\"background-color:#D6D6D6;border-style:solid !important;border-width:0px !important;border-color:undefined !important;border-top:none !important;border-radius:14px !important\">\n<p>Au cours des cinq derni\u00e8res ann\u00e9es, <strong>la part de lait transform\u00e9e en fromage a augment\u00e9<\/strong>, tandis que celle utilis\u00e9e pour le <strong>beurre a diminu\u00e9<\/strong>. Le <strong>lait de centrale<\/strong> est principalement valoris\u00e9 sous forme de lait de consommation, beurre, cr\u00e8me, fromages frais (s\u00e9r\u00e9, mozzarella), lait en poudre et autres sp\u00e9cialit\u00e9s laiti\u00e8res.<\/p>\n\n\n\n<p>L\u2019industrie fabrique aussi de nombreux <strong>produits semi-finis<\/strong>, destin\u00e9s \u00e0 \u00eatre transform\u00e9s par l\u2019industrie alimentaire. \u00c0 l\u2019export, le lait suisse est <strong>davantage valoris\u00e9 sous forme de produits alimentaires transform\u00e9s<\/strong> que sous forme de fromage. En 2022, cela repr\u00e9sentait <strong>plus de 350 millions de kilos de lait<\/strong>, soit <strong>10 % de la production nationale<\/strong>.<\/p>\n\n\n\n<p>Malgr\u00e9 une certaine stabilit\u00e9 dans les volumes transform\u00e9s, <strong>la consommation de lait diminue progressivement<\/strong>, et une <strong>l\u00e9g\u00e8re baisse<\/strong> des quantit\u00e9s annuelles de lait de centrale transform\u00e9 est observ\u00e9e.<\/p>\n\n\n\n<p><strong><mark style=\"background-color:rgba(0, 0, 0, 0)\" class=\"has-inline-color has-agripedia-blue-color\">Transformation du lait de centrale<\/mark><\/strong> (en millions de kg d\u2019\u00e9quivalents-lait, sans fromage):<\/p>\n\n\n\n<figure class=\"wp-block-image size-full\"><img loading=\"lazy\" decoding=\"async\" width=\"693\" height=\"337\" src=\"https:\/\/themes.agripedia.ch\/wp-content\/uploads\/2025\/10\/Figure-8-F.png\" alt=\"\" class=\"wp-image-76534\" srcset=\"https:\/\/themes.agripedia.ch\/wp-content\/uploads\/2025\/10\/Figure-8-F.png 693w, https:\/\/themes.agripedia.ch\/wp-content\/uploads\/2025\/10\/Figure-8-F-300x146.png 300w\" sizes=\"auto, (max-width: 693px) 100vw, 693px\" \/><figcaption class=\"wp-element-caption\">Source: AGRIDEA (donn\u00e9es selon la Statistique annuelle du march\u00e9 du lait, TSM)<\/figcaption><\/figure>\n<\/div><\/div>\n\n\n\n<div class=\"wp-block-advgb-accordion-item advgb-accordion-item\" style=\"margin-bottom:15px\"><div class=\"advgb-accordion-header\" style=\"background-color:#0090C5;color:#FFFFFF;border-style:solid;border-width:0px;border-radius:14px\"><span class=\"advgb-accordion-header-icon accordion-state\"><svg class=\"advgb-icon-closed\" fill=\"#fff\" xmlns=\"http:\/\/www.w3.org\/2000\/svg\" width=\"24\" height=\"24\" viewBox=\"0 0 24 24\"><path fill=\"none\" d=\"M0,0h24v24H0V0z\"><\/path><path d=\"M12,2C6.48,2,2,6.48,2,12s4.48,10,10,10s10-4.48,10-10S17.52,2,12,2z M17,13h-4v4h-2v-4H7v-2h4V7h2v4h4V13z\"><\/path><\/svg><svg class=\"advgb-icon-opened\" fill=\"#fff\" xmlns=\"http:\/\/www.w3.org\/2000\/svg\" width=\"24\" height=\"24\" viewBox=\"0 0 24 24\"><path fill=\"none\" d=\"M0,0h24v24H0V0z\"><\/path><path d=\"M12,2C6.48,2,2,6.48,2,12s4.48,10,10,10s10-4.48,10-10S17.52,2,12,2z M17,13H7v-2h10V13z\"><\/path><\/svg><\/span><h4 class=\"advgb-accordion-header-title\" style=\"color:inherit\">Concurrence sur le march\u00e9 suisse du lait<\/h4><\/div><div class=\"advgb-accordion-body\" style=\"background-color:#D6D6D6;border-style:solid !important;border-width:0px !important;border-color:undefined !important;border-top:none !important;border-radius:14px !important\">\n<p><strong>Concurrence internationale<\/strong><\/p>\n\n\n\n<div class=\"wp-block-advgb-list\"><ul class=\"advgblist-fa185ca8-e7fd-4bdc-8dc7-89f37c43ee25\">\n<li>Le march\u00e9 suisse du lait est <strong>fortement concurrentiel<\/strong> et d\u00e9pend largement du <strong>march\u00e9 mondial<\/strong>.<\/li>\n\n\n\n<li>Environ <strong>75 % du lait suisse<\/strong> est expos\u00e9 \u00e0 la concurrence internationale, notamment dans les secteurs du <strong>fromage<\/strong> et des <strong>produits semi-finis<\/strong> (ex. : poudre de lait).<\/li>\n\n\n\n<li>Les <strong>importations de fromage<\/strong> augmentent, surtout dans les segments \u00e0 bas prix, tandis que les <strong>exportations suisses stagnent<\/strong>.<\/li>\n<\/ul><\/div>\n\n\n\n<p><strong>Prix et handicap concurrentiel<\/strong><\/p>\n\n\n\n<div class=\"wp-block-advgb-list\"><ul class=\"advgblist-0727d921-b3cb-448c-9408-6bbfb2e890e9\">\n<li>Les mesures d\u2019entraide ont permis d\u2019augmenter l\u2019\u00e9cart de prix entre le lait suisse et le lait \u00e9tranger <strong>en faveur des producteurs suisses<\/strong>.<\/li>\n\n\n\n<li>Ce succ\u00e8s cr\u00e9e un <strong>handicap de prix<\/strong> sur les march\u00e9s ouverts, rendant les produits suisses moins comp\u00e9titifs \u00e0 l\u2019export.<\/li>\n\n\n\n<li>L\u2019industrie alimentaire suisse privil\u00e9gie le <strong>trafic de perfectionnement<\/strong>, utilisant des produits \u00e9trangers pour les denr\u00e9es export\u00e9es.<\/li>\n<\/ul><\/div>\n\n\n\n<p><strong>R\u00e9gulation du march\u00e9<\/strong><\/p>\n\n\n\n<div class=\"wp-block-advgb-list\"><ul class=\"advgblist-b70a46f3-85fd-4719-9d30-c6e62c60be11\">\n<li>De moins en moins d\u2019acteurs participent \u00e0 la r\u00e9gulation du march\u00e9 (ex. : Hochdorf se retire de la production de poudre de lait).<\/li>\n\n\n\n<li>La r\u00e9gulation des <strong>exc\u00e9dents saisonniers<\/strong> (surtout de prot\u00e9ines, potentiellement aussi de mati\u00e8re grasse) est cruciale pour la <strong>stabilit\u00e9 du march\u00e9<\/strong>.<\/li>\n<\/ul><\/div>\n\n\n\n<p><strong>Concurrence sur le march\u00e9 int\u00e9rieur<\/strong><\/p>\n\n\n\n<div class=\"wp-block-advgb-list\"><ul class=\"advgblist-9b64905b-5765-4ba8-8fbb-d0653d2fd608\">\n<li>Environ <strong>40 % du lait suisse<\/strong> est \u00e9coul\u00e9 par <strong>Migros et Coop<\/strong>, 10 % par d\u2019autres distributeurs.<\/li>\n\n\n\n<li>L\u2019int\u00e9gration du commerce de d\u00e9tail dans l\u2019<strong>IP Lait<\/strong> est vue positivement, mais la <strong>pression sur les prix<\/strong> reste forte.<\/li>\n\n\n\n<li>De <strong>nouveaux acteurs paysans<\/strong> (ex. : fromagerie du Diemtigtal) accentuent cette pression.<\/li>\n<\/ul><\/div>\n\n\n\n<p><strong>Structure du march\u00e9<\/strong><\/p>\n\n\n\n<p>Un expert d\u00e9crit une <strong>r\u00e9partition relativement \u00e9quilibr\u00e9e<\/strong> du pouvoir de march\u00e9 entre les maillons suivants :<\/p>\n\n\n\n<div class=\"wp-block-advgb-list\"><ul class=\"advgblist-56d2ebd3-5794-4eb9-80be-9afa070b8273\">\n<li><strong>Vente de lait<\/strong> : mooh, ZMP, Mittellandmilch, Hochdorf, Aaremilch\u2026<\/li>\n\n\n\n<li><strong>Achat de lait<\/strong> : Emmi, ELSA, Cremo, Hochdorf, Z\u00fcger, Nestl\u00e9\u2026<\/li>\n\n\n\n<li><strong>\u00c9coulement<\/strong> : Migros, Coop, autres d\u00e9taillants, exportations, industrie alimentaire, Food Service\u2026<\/li>\n<\/ul><\/div>\n<\/div><\/div>\n\n\n\n<div class=\"wp-block-advgb-accordion-item advgb-accordion-item\" style=\"margin-bottom:15px\"><div class=\"advgb-accordion-header\" style=\"background-color:#0090C5;color:#FFFFFF;border-style:solid;border-width:0px;border-radius:14px\"><span class=\"advgb-accordion-header-icon accordion-state\"><svg class=\"advgb-icon-closed\" fill=\"#fff\" xmlns=\"http:\/\/www.w3.org\/2000\/svg\" width=\"24\" height=\"24\" viewBox=\"0 0 24 24\"><path fill=\"none\" d=\"M0,0h24v24H0V0z\"><\/path><path d=\"M12,2C6.48,2,2,6.48,2,12s4.48,10,10,10s10-4.48,10-10S17.52,2,12,2z M17,13h-4v4h-2v-4H7v-2h4V7h2v4h4V13z\"><\/path><\/svg><svg class=\"advgb-icon-opened\" fill=\"#fff\" xmlns=\"http:\/\/www.w3.org\/2000\/svg\" width=\"24\" height=\"24\" viewBox=\"0 0 24 24\"><path fill=\"none\" d=\"M0,0h24v24H0V0z\"><\/path><path d=\"M12,2C6.48,2,2,6.48,2,12s4.48,10,10,10s10-4.48,10-10S17.52,2,12,2z M17,13H7v-2h10V13z\"><\/path><\/svg><\/span><h4 class=\"advgb-accordion-header-title\" style=\"color:inherit\">Changements structurels au niveau des fromageries<\/h4><\/div><div class=\"advgb-accordion-body\" style=\"background-color:#D6D6D6;border-style:solid !important;border-width:0px !important;border-color:undefined !important;border-top:none !important;border-radius:14px !important\">\n<p><strong>Tendance \u00e0 la baisse<\/strong><\/p>\n\n\n\n<div class=\"wp-block-advgb-list\"><ul class=\"advgblist-e84235d8-425c-4631-882c-f77d5632b2ed\">\n<li>Plusieurs experts estiment que le <strong>nombre de fromageries va continuer \u00e0 diminuer<\/strong> \u00e0 moyen terme.<\/li>\n\n\n\n<li>Les <strong>pressions \u00e9conomiques et technologiques<\/strong> ont entra\u00een\u00e9 une <strong>restructuration<\/strong>, avec le <strong>regroupement de petites fromageries<\/strong>.<\/li>\n<\/ul><\/div>\n\n\n\n<p><strong>R\u00f4le des grands acteurs<\/strong><\/p>\n\n\n\n<ul class=\"wp-block-list\">\n<li>Des entreprises solides financi\u00e8rement, comme la <strong>ZMP (Genossenschaft Zentralschweizer Milchproduzenten)<\/strong>, soutiennent des fromageries en difficult\u00e9.<\/li>\n\n\n\n<li>ZMP est actionnaire majoritaire d\u2019Emmi AG et a investi dans plusieurs structures: Napfmilch AG, Marbach AG, Caseificio del Gottardo SA, LATI SA.<\/li>\n<\/ul>\n\n\n\n<p><strong>Investissements industriels<\/strong><\/p>\n\n\n\n<ul class=\"wp-block-list\">\n<li>En 2023, <strong>Emmi<\/strong> a inaugur\u00e9 une <strong>nouvelle fromagerie industrielle \u00e0 Emmen<\/strong>, avec une capacit\u00e9 de <strong>10 000 tonnes par an<\/strong>.<\/li>\n\n\n\n<li>Emmi a \u00e9galement rachet\u00e9 plusieurs PME : Studer AG, Rutz, Biedermann AG, Regio Molkerei Frenkendorf.<\/li>\n<\/ul>\n\n\n\n<p><strong>Reprises de fromageries paysannes<\/strong><\/p>\n\n\n\n<ul class=\"wp-block-list\">\n<li><strong>ELSA\/Migros<\/strong> a repris plusieurs fromageries cr\u00e9\u00e9es par des producteurs :\n<ul class=\"wp-block-list\">\n<li>Bergk\u00e4serei Sennaria Surselva (Disentis)<\/li>\n\n\n\n<li>Augstbordk\u00e4serei (Tourtemagne)<\/li>\n\n\n\n<li>Simmental Switzerland AG (Diemtigtal)<\/li>\n<\/ul>\n<\/li>\n\n\n\n<li><strong>Migros<\/strong> d\u00e9tient d\u00e9sormais <strong>50 % d\u2019Aaremilch<\/strong>, transform\u00e9e en <strong>organisation de producteurs-utilisateurs (OPU)<\/strong>.<\/li>\n\n\n\n<li>La strat\u00e9gie d\u2019exportation de Simmental Switzerland n\u2019a pas \u00e9t\u00e9 rentable, et l\u2019objectif de garder la valeur ajout\u00e9e chez les producteurs n\u2019a pas \u00e9t\u00e9 atteint.<\/li>\n<\/ul>\n<\/div><\/div>\n<\/div>\n\n\n\n<h4 class=\"wp-block-heading\">Highlights de l&rsquo;\u00e9volution structurelle des fromageries<\/h4>\n\n\n\n<p><strong>Concentration du march\u00e9<\/strong><\/p>\n\n\n\n<ul class=\"wp-block-list\">\n<li>Les fromageries en difficult\u00e9 ou en vente sont reprises par des acteurs disposant de moyens financiers : grands d\u00e9taillants, transformateurs majeurs ou organisations de producteurs li\u00e9es \u00e0 ces entreprises.<\/li>\n<\/ul>\n\n\n\n<p><strong>D\u00e9fis pour les nouvelles fromageries<\/strong><\/p>\n\n\n\n<ul class=\"wp-block-list\">\n<li>Difficult\u00e9 \u00e0 \u00e9couler des volumes suppl\u00e9mentaires sur un march\u00e9 national satur\u00e9.<\/li>\n\n\n\n<li>Absence de canaux de vente \u00e9prouv\u00e9s et de relations commerciales \u00e9tablies.<\/li>\n\n\n\n<li>D\u00e9pendance accrue vis-\u00e0-vis des grands acteurs pour acc\u00e9der au march\u00e9.<\/li>\n<\/ul>\n\n\n\n<p><strong>Facteurs limitants<\/strong><\/p>\n\n\n\n<ul class=\"wp-block-list\">\n<li>Saturation des march\u00e9s int\u00e9rieurs.<\/li>\n\n\n\n<li>Pouvoir de march\u00e9 des acheteurs.<\/li>\n\n\n\n<li>Faible comp\u00e9titivit\u00e9 des prix \u00e0 l\u2019exportation.<\/li>\n<\/ul>\n\n\n\n<p><strong>Impact sur les petites entreprises<\/strong><\/p>\n\n\n\n<ul class=\"wp-block-list\">\n<li>Viabilit\u00e9 r\u00e9duite pour les entreprises alimentaires non int\u00e9gr\u00e9es aux grandes cha\u00eenes de valeur.<\/li>\n\n\n\n<li>Diminution des partenaires commerciaux potentiels sur le march\u00e9 du lait.<\/li>\n<\/ul>\n\n\n\n<h2 class=\"wp-block-heading\">Sp\u00e9cificit\u00e9s des march\u00e9s du beurre et de la poudre de lait<\/h2>\n\n\n\n<p>La production de <strong>beurre<\/strong> et de <strong>poudre de lait<\/strong> joue un r\u00f4le de <strong>r\u00e9gulation<\/strong> dans l\u2019\u00e9conomie laiti\u00e8re suisse. En cas de saturation des canaux \u00e0 forte valeur ajout\u00e9e, ces produits absorbent les exc\u00e9dents, mais sont souvent \u00e9coul\u00e9s \u00e0 des <strong>prix mondiaux tr\u00e8s bas<\/strong>, ce qui entra\u00eene une <strong>pression sur les prix \u00e0 la production<\/strong>.<\/p>\n\n\n\n<div class=\"wp-block-advgb-accordions advgb-accordions-0431cbf6-9b89-4bfe-a623-61a565d630fe advgb-accordion-wrapper\" data-collapsed=\"true\">\n<div class=\"wp-block-advgb-accordion-item advgb-accordion-item\" style=\"margin-bottom:15px\"><div class=\"advgb-accordion-header\" style=\"background-color:#0090C5;color:#eee;border-style:solid;border-width:0px;border-radius:14px\"><span class=\"advgb-accordion-header-icon accordion-state\"><svg class=\"advgb-icon-closed\" fill=\"#fff\" xmlns=\"http:\/\/www.w3.org\/2000\/svg\" width=\"24\" height=\"24\" viewBox=\"0 0 24 24\"><path fill=\"none\" d=\"M0,0h24v24H0V0z\"><\/path><path d=\"M12,2C6.48,2,2,6.48,2,12s4.48,10,10,10s10-4.48,10-10S17.52,2,12,2z M17,13h-4v4h-2v-4H7v-2h4V7h2v4h4V13z\"><\/path><\/svg><svg class=\"advgb-icon-opened\" fill=\"#fff\" xmlns=\"http:\/\/www.w3.org\/2000\/svg\" width=\"24\" height=\"24\" viewBox=\"0 0 24 24\"><path fill=\"none\" d=\"M0,0h24v24H0V0z\"><\/path><path d=\"M12,2C6.48,2,2,6.48,2,12s4.48,10,10,10s10-4.48,10-10S17.52,2,12,2z M17,13H7v-2h10V13z\"><\/path><\/svg><\/span><h4 class=\"advgb-accordion-header-title\" style=\"color:inherit\"><strong>Instruments de r\u00e9gulation<\/strong><\/h4><\/div><div class=\"advgb-accordion-body\" style=\"background-color:#D6D6D6;border-style:solid !important;border-width:0px !important;border-color:undefined !important;border-top:none !important;border-radius:14px !important\">\n<ul class=\"wp-block-list\">\n<li><strong>Segmentation du march\u00e9<\/strong><\/li>\n\n\n\n<li><strong>R\u00e9gulation des importations de beurre<\/strong><\/li>\n\n\n\n<li><strong>Deux fonds de l\u2019IP Lait<\/strong> :\n<ul class=\"wp-block-list\">\n<li><strong>Fonds \u00ab\u00a0R\u00e9duction du prix des mati\u00e8res premi\u00e8res\u00a0\u00bb<\/strong> (80 % des ressources)<\/li>\n\n\n\n<li><strong>Fonds \u00ab\u00a0R\u00e9gulation\u00a0\u00bb<\/strong> (20 % des ressources)<\/li>\n<\/ul>\n<\/li>\n<\/ul>\n\n\n\n<p>Ces fonds, cr\u00e9\u00e9s en 2019 pour remplacer la loi chocolati\u00e8re, visent \u00e0 stabiliser le march\u00e9 en cas d\u2019exc\u00e9dents de mati\u00e8re grasse. <strong>Le secteur fromager n\u2019est pas concern\u00e9<\/strong> par cette r\u00e9gulation.<\/p>\n<\/div><\/div>\n\n\n\n<div class=\"wp-block-advgb-accordion-item advgb-accordion-item\" style=\"margin-bottom:15px\"><div class=\"advgb-accordion-header\" style=\"background-color:#0090C5;color:#eee;border-style:solid;border-width:0px;border-radius:14px\"><span class=\"advgb-accordion-header-icon accordion-state\"><svg class=\"advgb-icon-closed\" fill=\"#fff\" xmlns=\"http:\/\/www.w3.org\/2000\/svg\" width=\"24\" height=\"24\" viewBox=\"0 0 24 24\"><path fill=\"none\" d=\"M0,0h24v24H0V0z\"><\/path><path d=\"M12,2C6.48,2,2,6.48,2,12s4.48,10,10,10s10-4.48,10-10S17.52,2,12,2z M17,13h-4v4h-2v-4H7v-2h4V7h2v4h4V13z\"><\/path><\/svg><svg class=\"advgb-icon-opened\" fill=\"#fff\" xmlns=\"http:\/\/www.w3.org\/2000\/svg\" width=\"24\" height=\"24\" viewBox=\"0 0 24 24\"><path fill=\"none\" d=\"M0,0h24v24H0V0z\"><\/path><path d=\"M12,2C6.48,2,2,6.48,2,12s4.48,10,10,10s10-4.48,10-10S17.52,2,12,2z M17,13H7v-2h10V13z\"><\/path><\/svg><\/span><h4 class=\"advgb-accordion-header-title\" style=\"color:inherit\"><strong>D\u00e9fis li\u00e9s \u00e0 la poudre de lait<\/strong><\/h4><\/div><div class=\"advgb-accordion-body\" style=\"background-color:#D6D6D6;border-style:solid !important;border-width:0px !important;border-color:undefined !important;border-top:none !important;border-radius:14px !important\">\n<ul class=\"wp-block-list\">\n<li>La <strong>compensation du prix de la mati\u00e8re premi\u00e8re<\/strong> pour les produits export\u00e9s est insuffisante.<\/li>\n\n\n\n<li>L\u2019industrie alimentaire pourrait se tourner vers le <strong>trafic de perfectionnement<\/strong>, excluant le lait suisse.<\/li>\n\n\n\n<li>Les <strong>produits fortement transform\u00e9s import\u00e9s<\/strong> b\u00e9n\u00e9ficient d\u2019un <strong>all\u00e8gement douanier de 18,5 %<\/strong>, accentuant la pression sur le march\u00e9 int\u00e9rieur.<\/li>\n\n\n\n<li>Les <strong>producteurs de poudre de lait<\/strong>, qui assument une responsabilit\u00e9 de r\u00e9gulation, sont <strong>d\u00e9savantag\u00e9s<\/strong> sur le march\u00e9 de l\u2019approvisionnement.<\/li>\n<\/ul>\n<\/div><\/div>\n<\/div>\n\n\n\n<div class=\"wp-block-columns is-layout-flex wp-container-core-columns-is-layout-9d6595d7 wp-block-columns-is-layout-flex\">\n<div class=\"wp-block-column is-layout-flow wp-block-column-is-layout-flow\">\n<div class=\"wp-block-cover\"><img loading=\"lazy\" decoding=\"async\" width=\"1024\" height=\"731\" class=\"wp-block-cover__image-background wp-image-76544 size-large\" alt=\"\" src=\"https:\/\/themes.agripedia.ch\/wp-content\/uploads\/2025\/10\/11-butter-7317384_1280-1-1024x731.jpg\" data-object-fit=\"cover\" srcset=\"https:\/\/themes.agripedia.ch\/wp-content\/uploads\/2025\/10\/11-butter-7317384_1280-1-1024x731.jpg 1024w, https:\/\/themes.agripedia.ch\/wp-content\/uploads\/2025\/10\/11-butter-7317384_1280-1-300x214.jpg 300w, https:\/\/themes.agripedia.ch\/wp-content\/uploads\/2025\/10\/11-butter-7317384_1280-1-768x548.jpg 768w, https:\/\/themes.agripedia.ch\/wp-content\/uploads\/2025\/10\/11-butter-7317384_1280-1-1200x857.jpg 1200w, https:\/\/themes.agripedia.ch\/wp-content\/uploads\/2025\/10\/11-butter-7317384_1280-1.jpg 1280w\" sizes=\"auto, (max-width: 1024px) 100vw, 1024px\" \/><span aria-hidden=\"true\" class=\"wp-block-cover__background has-background-dim\" style=\"background-color:#967856\"><\/span><div class=\"wp-block-cover__inner-container is-layout-constrained wp-block-cover-is-layout-constrained\">\n<p class=\"has-text-align-center has-large-font-size\"><mark style=\"background-color:#FFFFFF\" class=\"has-inline-color has-black-color\">Beurre<\/mark><\/p>\n\n\n\n<div class=\"wp-block-bod-modal-block bod-block-popup align-center\"><button type=\"button\" style=\"background-color:rgba(0, 0, 0, 0.1);color:#ffffff\" class=\"bod-block-popup-trigger type_btn bod-btn\">Show<\/button><div style=\"background-color:rgba(0, 0, 0, 0.1)\" class=\"bod-block-popup-overlay\" data-disabled-overlay-close=\"false\" data-disabled-escape-close=\"false\"><\/div><div role=\"dialog\" aria-modal=\"false\" aria-labelledby=\"\" aria-describedby=\"\" class=\"bod-block-popup-wrap undefined\"><div style=\"background-color:#ffffff;border-radius:10px \" class=\"bod-block-popup size-m\" data-transition=\"fade\"><div id=\"\" style=\"background-color:#ffffff;text-align:left\" class=\"bod-modal-title\"><h2 style=\"color:#000000\">Structures du march\u00e9 du beurre et organisation sectorielle pour le beurre<\/h2><\/div> <div id=\"\" class=\"bod-modal-content\">\n<p>La Suisse compte <strong>quatre fabricants industriels de beurre<\/strong>, regroup\u00e9s avec la <strong>F\u00e9d\u00e9ration des producteurs suisses de lait (PSL)<\/strong> au sein de l\u2019<strong>Organisation sectorielle pour le beurre (OS Beurre)<\/strong>. Cette organisation vise \u00e0 :<\/p>\n\n\n\n<div class=\"wp-block-advgb-list\"><ul class=\"advgblist-2f5250a7-10da-4748-a8d6-a8effedce8ac\">\n<li>Promouvoir les ventes de beurre<\/li>\n\n\n\n<li>D\u00e9fendre les int\u00e9r\u00eats de la fili\u00e8re<\/li>\n\n\n\n<li>Assurer la qualit\u00e9 du produit<\/li>\n\n\n\n<li>Stabiliser le march\u00e9<\/li>\n\n\n\n<li>Produire des statistiques<\/li>\n<\/ul><\/div>\n\n\n\n<p>Les membres de l\u2019OS Beurre sont : <strong>Cremo SA<\/strong>, <strong>Mittelland Molkerei AG (Emmi)<\/strong>, <strong>Molkerei Fuchs AG<\/strong>, <strong>PSL<\/strong>, et depuis 2024 <strong>Z\u00fcger Frischk\u00e4se AG<\/strong>.<\/p>\n\n\n\n<p><strong>Production et r\u00f4le \u00e9conomique<\/strong><\/p>\n\n\n\n<div class=\"wp-block-advgb-list\"><ul class=\"advgblist-ae377077-891c-4946-a533-7daa5f3a1720\">\n<li>En 2023, la Suisse a produit 42 093 tonnes de beurre, auxquelles s\u2019ajoutent environ 2 500 tonnes issues de petits producteurs.<\/li>\n\n\n\n<li>Le beurre (82 % de mati\u00e8re grasse) est un produit de r\u00e9gulation : il absorbe les exc\u00e9dents de lait, souvent transform\u00e9s en beurre et poudre de lait \u00e9cr\u00e9m\u00e9.<\/li>\n\n\n\n<li>Entre 2012 et 2022, 13 \u00e0 17 % du lait suisse a \u00e9t\u00e9 transform\u00e9 en beurre chaque ann\u00e9e.<\/li>\n<\/ul><\/div>\n\n\n\n<p><strong>Tensions sur le march\u00e9<\/strong><\/p>\n\n\n\n<div class=\"wp-block-advgb-list\"><ul class=\"advgblist-922d15b2-dfb4-4eda-91bf-65de70e989b0\">\n<li>Depuis 2021, la Suisse ne produit plus d\u2019exc\u00e9dents de beurre : elle doit importer pour r\u00e9pondre \u00e0 la demande.<\/li>\n\n\n\n<li>Cette situation s\u2019explique par la rentabilit\u00e9 sup\u00e9rieure du fromage, qui concurrence directement la production de beurre.<\/li>\n\n\n\n<li>Le r\u00f4le r\u00e9gulateur du beurre est donc limit\u00e9 tant que les exc\u00e9dents ne permettent plus d\u2019exportation.<\/li>\n<\/ul><\/div>\n<\/div> <\/div> <div class=\"bod-block-popup-closer\"><\/div><\/div><\/div>\n<\/div><\/div>\n<\/div>\n\n\n\n<div class=\"wp-block-column is-layout-flow wp-block-column-is-layout-flow\">\n<div class=\"wp-block-cover is-light\"><img loading=\"lazy\" decoding=\"async\" width=\"1024\" height=\"682\" class=\"wp-block-cover__image-background wp-image-76547 size-large\" alt=\"\" src=\"https:\/\/themes.agripedia.ch\/wp-content\/uploads\/2025\/10\/11-creamer-powder-4402671_1280-1-1024x682.jpg\" data-object-fit=\"cover\" srcset=\"https:\/\/themes.agripedia.ch\/wp-content\/uploads\/2025\/10\/11-creamer-powder-4402671_1280-1-1024x682.jpg 1024w, https:\/\/themes.agripedia.ch\/wp-content\/uploads\/2025\/10\/11-creamer-powder-4402671_1280-1-300x200.jpg 300w, https:\/\/themes.agripedia.ch\/wp-content\/uploads\/2025\/10\/11-creamer-powder-4402671_1280-1-768x512.jpg 768w, https:\/\/themes.agripedia.ch\/wp-content\/uploads\/2025\/10\/11-creamer-powder-4402671_1280-1-1200x800.jpg 1200w, https:\/\/themes.agripedia.ch\/wp-content\/uploads\/2025\/10\/11-creamer-powder-4402671_1280-1.jpg 1280w\" sizes=\"auto, (max-width: 1024px) 100vw, 1024px\" \/><span aria-hidden=\"true\" class=\"wp-block-cover__background has-background-dim\" style=\"background-color:#ddd9da\"><\/span><div class=\"wp-block-cover__inner-container is-layout-constrained wp-block-cover-is-layout-constrained\">\n<p class=\"has-text-align-center has-large-font-size\"><mark style=\"background-color:#FFFFFF\" class=\"has-inline-color has-black-color\">Poudre de lait<\/mark><\/p>\n\n\n\n<div class=\"wp-block-bod-modal-block bod-block-popup align-center\"><button type=\"button\" style=\"background-color:rgba(0, 0, 0, 0.1);color:#ffffff\" class=\"bod-block-popup-trigger type_btn bod-btn\">Show<\/button><div style=\"background-color:rgba(0, 0, 0, 0.1)\" class=\"bod-block-popup-overlay\" data-disabled-overlay-close=\"false\" data-disabled-escape-close=\"false\"><\/div><div role=\"dialog\" aria-modal=\"false\" aria-labelledby=\"\" aria-describedby=\"\" class=\"bod-block-popup-wrap undefined\"><div style=\"background-color:#ffffff;border-radius:10px \" class=\"bod-block-popup size-m\" data-transition=\"fade\"><div id=\"\" style=\"background-color:#ffffff;text-align:left\" class=\"bod-modal-title\"><h2 style=\"color:#000000\">Interprofession Poudre de Lait Suisse (IPL)<\/h2><\/div> <div id=\"\" class=\"bod-modal-content\">\n<p>Cr\u00e9\u00e9e en <strong>1998<\/strong>, l\u2019IPL est une <strong>organisation d\u2019entraide ind\u00e9pendante<\/strong> d\u00e9di\u00e9e \u00e0 la r\u00e9gulation du march\u00e9 de la poudre de lait en Suisse. Elle succ\u00e8de aux fonctions auparavant assur\u00e9es par la <strong>F\u00e9d\u00e9ration des producteurs suisses de lait (PSL)<\/strong> et l\u2019<strong>Association Lait<\/strong>.<\/p>\n\n\n\n<p><strong>Membres principaux<\/strong><\/p>\n\n\n\n<p>L\u2019IPL regroupe :<\/p>\n\n\n\n<div class=\"wp-block-advgb-list\"><ul class=\"advgblist-21a23cbf-29a6-4fb3-8f73-4320161a4b41\">\n<li><strong>PSL<\/strong><\/li>\n\n\n\n<li><strong>Cremo SA<\/strong> (Fribourg)<\/li>\n\n\n\n<li><strong>Emmi Schweiz AG<\/strong> (Lucerne)<\/li>\n\n\n\n<li><strong>Hochdorf Swiss Nutrition AG<\/strong><\/li>\n\n\n\n<li><strong>Nestl\u00e9 Suisse SA<\/strong> (Vevey)<\/li>\n\n\n\n<li><strong>GEFU Oberle AG<\/strong> (Rickenbach LU)<\/li>\n<\/ul><\/div>\n\n\n\n<p><strong>Mission<\/strong><\/p>\n\n\n\n<div class=\"wp-block-advgb-list\"><ul class=\"advgblist-7193fb7b-0b00-496a-a3e9-36cc660adfc2\">\n<li>Repr\u00e9senter les <strong>int\u00e9r\u00eats des producteurs suisses de poudre de lait<\/strong> aupr\u00e8s de la branche, de l\u2019administration et des instances politiques.<\/li>\n\n\n\n<li>G\u00e9rer les demandes li\u00e9es au <strong>trafic de perfectionnement<\/strong>.<\/li>\n\n\n\n<li>Fonctionner avec un <strong>cahier des charges r\u00e9duit<\/strong>, jug\u00e9 efficace et \u00e9conomique.<\/li>\n<\/ul><\/div>\n\n\n\n<p><strong>Production<\/strong><\/p>\n\n\n\n<p>La production se divise en deux groupes :<\/p>\n\n\n\n<div class=\"wp-block-advgb-list\"><ul class=\"advgblist-c84e2372-3ace-4da3-be12-6740f9ff78d8\">\n<li><strong>Produits principaux<\/strong> Poudre de lait \u00e9cr\u00e9m\u00e9 (r\u00e9gulation des exc\u00e9dents) et Poudre de prot\u00e9ine de lait (\u00e9quivalents LPL)<\/li>\n\n\n\n<li><strong>Petites productions<\/strong> Poudres \u00e0 teneurs sp\u00e9cifiques en mati\u00e8re grasse<\/li>\n<\/ul><\/div>\n\n\n\n<p><strong>\u00c9volution en 2022<\/strong><\/p>\n\n\n\n<div class=\"wp-block-advgb-list\"><ul class=\"advgblist-2be93d4a-f4b1-459f-bb22-09921f202e35\">\n<li><strong>Ventes totales<\/strong> :<ul><li>Secteur alimentaire : <strong>50 583 tonnes<\/strong> (+12,3 %)<\/li><\/ul><\/li>\n\n\n\n<li><strong>Exportations<\/strong> :<\/li>\n\n\n\n<li><strong>Stock fin 2022<\/strong> :<\/li>\n<\/ul><\/div>\n\n\n\n<p>La forte demande en <strong>poudre de lait \u00e9cr\u00e9m\u00e9<\/strong> et en <strong>WPC<\/strong> (concentr\u00e9 prot\u00e9ique de lactos\u00e9rum) a rendu difficile la couverture des besoins dans le secteur des succ\u00e9dan\u00e9s de lait pour animaux.<\/p>\n<\/div> <\/div> <div class=\"bod-block-popup-closer\"><\/div><\/div><\/div>\n<\/div><\/div>\n<\/div>\n<\/div>\n\n\n\n<p><\/p>\n<style class=\"advgb-styles-renderer\">.wp-block-advgb-list ul.advgblist-fa185ca8-e7fd-4bdc-8dc7-89f37c43ee25 > li{font-size:16px;}.wp-block-advgb-list ul.advgblist-0727d921-b3cb-448c-9408-6bbfb2e890e9 > li{font-size:16px;}.wp-block-advgb-list ul.advgblist-b70a46f3-85fd-4719-9d30-c6e62c60be11 > li{font-size:16px;}.wp-block-advgb-list ul.advgblist-9b64905b-5765-4ba8-8fbb-d0653d2fd608 > li{font-size:16px;}.wp-block-advgb-list ul.advgblist-56d2ebd3-5794-4eb9-80be-9afa070b8273 > li{font-size:16px;}.wp-block-advgb-list ul.advgblist-fa185ca8-e7fd-4bdc-8dc7-89f37c43ee25 > li{font-size:16px;}.wp-block-advgb-list ul.advgblist-0727d921-b3cb-448c-9408-6bbfb2e890e9 > li{font-size:16px;}.wp-block-advgb-list ul.advgblist-b70a46f3-85fd-4719-9d30-c6e62c60be11 > li{font-size:16px;}.wp-block-advgb-list ul.advgblist-9b64905b-5765-4ba8-8fbb-d0653d2fd608 > li{font-size:16px;}.wp-block-advgb-list ul.advgblist-56d2ebd3-5794-4eb9-80be-9afa070b8273 > li{font-size:16px;}.wp-block-advgb-list ul.advgblist-e84235d8-425c-4631-882c-f77d5632b2ed > li{font-size:16px;}.wp-block-advgb-list ul.advgblist-e84235d8-425c-4631-882c-f77d5632b2ed > li{font-size:16px;}.wp-block-advgb-list ul.advgblist-fa185ca8-e7fd-4bdc-8dc7-89f37c43ee25 > li{font-size:16px;}.wp-block-advgb-list ul.advgblist-0727d921-b3cb-448c-9408-6bbfb2e890e9 > li{font-size:16px;}.wp-block-advgb-list ul.advgblist-b70a46f3-85fd-4719-9d30-c6e62c60be11 > li{font-size:16px;}.wp-block-advgb-list ul.advgblist-9b64905b-5765-4ba8-8fbb-d0653d2fd608 > li{font-size:16px;}.wp-block-advgb-list ul.advgblist-56d2ebd3-5794-4eb9-80be-9afa070b8273 > li{font-size:16px;}.wp-block-advgb-list ul.advgblist-e84235d8-425c-4631-882c-f77d5632b2ed > li{font-size:16px;}.wp-block-advgb-list ul.advgblist-2f5250a7-10da-4748-a8d6-a8effedce8ac > li{font-size:16px;}.wp-block-advgb-list ul.advgblist-ae377077-891c-4946-a533-7daa5f3a1720 > li{font-size:16px;}.wp-block-advgb-list ul.advgblist-922d15b2-dfb4-4eda-91bf-65de70e989b0 > li{font-size:16px;}.wp-block-advgb-list ul.advgblist-2f5250a7-10da-4748-a8d6-a8effedce8ac > li{font-size:16px;}.wp-block-advgb-list ul.advgblist-ae377077-891c-4946-a533-7daa5f3a1720 > li{font-size:16px;}.wp-block-advgb-list ul.advgblist-922d15b2-dfb4-4eda-91bf-65de70e989b0 > li{font-size:16px;}.wp-block-advgb-list ul.advgblist-2f5250a7-10da-4748-a8d6-a8effedce8ac > li{font-size:16px;}.wp-block-advgb-list ul.advgblist-ae377077-891c-4946-a533-7daa5f3a1720 > li{font-size:16px;}.wp-block-advgb-list ul.advgblist-922d15b2-dfb4-4eda-91bf-65de70e989b0 > li{font-size:16px;}.wp-block-advgb-list ul.advgblist-2f5250a7-10da-4748-a8d6-a8effedce8ac > li{font-size:16px;}.wp-block-advgb-list ul.advgblist-ae377077-891c-4946-a533-7daa5f3a1720 > li{font-size:16px;}.wp-block-advgb-list ul.advgblist-922d15b2-dfb4-4eda-91bf-65de70e989b0 > li{font-size:16px;}.wp-block-advgb-list ul.advgblist-21a23cbf-29a6-4fb3-8f73-4320161a4b41 > li{font-size:16px;}.wp-block-advgb-list ul.advgblist-7193fb7b-0b00-496a-a3e9-36cc660adfc2 > li{font-size:16px;}.wp-block-advgb-list ul.advgblist-c84e2372-3ace-4da3-be12-6740f9ff78d8 > li{font-size:16px;}.wp-block-advgb-list ul.advgblist-2be93d4a-f4b1-459f-bb22-09921f202e35 > li{font-size:16px;}.wp-block-advgb-list ul.advgblist-21a23cbf-29a6-4fb3-8f73-4320161a4b41 > li{font-size:16px;}.wp-block-advgb-list ul.advgblist-7193fb7b-0b00-496a-a3e9-36cc660adfc2 > li{font-size:16px;}.wp-block-advgb-list ul.advgblist-c84e2372-3ace-4da3-be12-6740f9ff78d8 > li{font-size:16px;}.wp-block-advgb-list ul.advgblist-2be93d4a-f4b1-459f-bb22-09921f202e35 > li{font-size:16px;}.wp-block-advgb-list ul.advgblist-21a23cbf-29a6-4fb3-8f73-4320161a4b41 > li{font-size:16px;}.wp-block-advgb-list ul.advgblist-7193fb7b-0b00-496a-a3e9-36cc660adfc2 > li{font-size:16px;}.wp-block-advgb-list ul.advgblist-c84e2372-3ace-4da3-be12-6740f9ff78d8 > li{font-size:16px;}.wp-block-advgb-list ul.advgblist-2be93d4a-f4b1-459f-bb22-09921f202e35 > li{font-size:16px;}.wp-block-advgb-list ul.advgblist-21a23cbf-29a6-4fb3-8f73-4320161a4b41 > li{font-size:16px;}.wp-block-advgb-list ul.advgblist-7193fb7b-0b00-496a-a3e9-36cc660adfc2 > li{font-size:16px;}.wp-block-advgb-list ul.advgblist-c84e2372-3ace-4da3-be12-6740f9ff78d8 > li{font-size:16px;}.wp-block-advgb-list ul.advgblist-2be93d4a-f4b1-459f-bb22-09921f202e35 > li{font-size:16px;}.wp-block-advgb-list ul.advgblist-2f5250a7-10da-4748-a8d6-a8effedce8ac > li{font-size:16px;}.wp-block-advgb-list ul.advgblist-ae377077-891c-4946-a533-7daa5f3a1720 > li{font-size:16px;}.wp-block-advgb-list ul.advgblist-922d15b2-dfb4-4eda-91bf-65de70e989b0 > li{font-size:16px;}.wp-block-advgb-list ul.advgblist-21a23cbf-29a6-4fb3-8f73-4320161a4b41 > li{font-size:16px;}.wp-block-advgb-list ul.advgblist-7193fb7b-0b00-496a-a3e9-36cc660adfc2 > li{font-size:16px;}.wp-block-advgb-list ul.advgblist-c84e2372-3ace-4da3-be12-6740f9ff78d8 > li{font-size:16px;}.wp-block-advgb-list ul.advgblist-2be93d4a-f4b1-459f-bb22-09921f202e35 > li{font-size:16px;}<\/style><div class=\"acf-fields-container\" data-post-id=\"76123\" data-canto-acf=\"true\"><\/div><style>\r\n        .acf-fields-container {\r\n            margin: 2em 0;\r\n            width: 100%;\r\n            clear: both;\r\n        }\r\n        .acf-field-image {\r\n            margin: 1.5em 0;\r\n            position: relative;\r\n        }\r\n        .acf-field-label {\r\n            margin-bottom: 1em;\r\n        }\r\n        .acf-image {\r\n            max-width: 100%;\r\n            height: auto;\r\n            display: block;\r\n            margin: 1em 0;\r\n        }\r\n    <\/style>","protected":false},"excerpt":{"rendered":"<div class=\"seriesmeta agripedia-series-meta-wrapper\">This entry is part 3 of 6 in the series <a href=\"https:\/\/themes.agripedia.ch\/fr\/series\/la-filiere-lait-suisse\/\" class=\"series-3957\" title=\"La Fili\u00e8re Lait Suisse\">La Fili\u00e8re Lait Suisse<\/a><\/div><p>Le secteur Suisse de la transformation laiti\u00e8re \u00e9volue sous l\u2019effet d\u2019une diversification accrue, d\u2019une hausse du lait d\u2019ensilage, d\u2019une intensification de la concurrence internationale et d\u2019une concentration des transformateurs. Les volumes, la structure industrielle et les d\u00e9bouch\u00e9s se r\u00e9organisent, avec une pression marqu\u00e9e sur les prix.<\/p>\n","protected":false},"author":120,"featured_media":76708,"comment_status":"closed","ping_status":"open","sticky":false,"template":"","format":"standard","meta":{"_acf_changed":false,"_autodraft_ids":[],"advgb_blocks_editor_width":"","advgb_blocks_columns_visual_guide":"","_monsterinsights_skip_tracking":false,"_monsterinsights_sitenote_active":false,"_monsterinsights_sitenote_note":"","_monsterinsights_sitenote_category":0,"ngg_post_thumbnail":0,"_sb_is_suggestion_mode":false,"_sb_show_suggestion_boards":false,"_sb_show_comment_boards":false,"_sb_suggestion_history":"","_sb_update_block_changes":"","_is_real_time_mode":false,"_realtime_collaborators":"","footnotes":"","cf_checklist_status":["Category Assigned","Featured Image Added"]},"categories":[159,1],"tags":[],"series":[3957],"ppma_author":[251,138,3928],"class_list":["post-76123","post","type-post","status-publish","format-standard","has-post-thumbnail","hentry","category-filieres","category-unkategorisiert","series-la-filiere-lait-suisse"],"pp_statuses_selecting_workflow":false,"pp_workflow_action":"current","pp_status_selection":"publish","acf":[],"canto_acf_fields":"<div class=\"acf-fields-container\" data-post-id=\"76123\" data-canto-acf=\"true\"><\/div><style>\r\n        .acf-fields-container {\r\n            margin: 2em 0;\r\n            width: 100%;\r\n            clear: both;\r\n        }\r\n        .acf-field-image {\r\n            margin: 1.5em 0;\r\n            position: relative;\r\n        }\r\n        .acf-field-label {\r\n            margin-bottom: 1em;\r\n        }\r\n        .acf-image {\r\n            max-width: 100%;\r\n            height: auto;\r\n            display: block;\r\n            margin: 1em 0;\r\n        }\r\n    <\/style>","author_meta":{"display_name":"Pascal Python","author_link":"https:\/\/themes.agripedia.ch\/fr\/author\/ppy\/"},"featured_img":"https:\/\/themes.agripedia.ch\/wp-content\/uploads\/2025\/10\/csm_HD-73_a8b9598804-2-300x200.jpeg","coauthors":[{"link":"https:\/\/themes.agripedia.ch\/fr\/author\/ppy\/","display_name":"Pascal Python"},{"link":"https:\/\/themes.agripedia.ch\/fr\/author\/mes\/","display_name":"Magali Esteve"},{"link":"https:\/\/themes.agripedia.ch\/fr\/author\/mtr0\/","display_name":"Mirjam Traore"}],"tax_additional":{"categories":{"linked":["<a href=\"https:\/\/themes.agripedia.ch\/fr\/theme\/themen-fr\/filieres\/\" class=\"advgb-post-tax-term\">Fili\u00e8res<\/a>","<a href=\"https:\/\/themes.agripedia.ch\/thema\/unkategorisiert\/\" class=\"advgb-post-tax-term\">Unkategorisiert<\/a>"],"unlinked":["<span class=\"advgb-post-tax-term\">Fili\u00e8res<\/span>","<span class=\"advgb-post-tax-term\">Unkategorisiert<\/span>"]}},"comment_count":"0","relative_dates":{"created":"Publi\u00e9 3 mois il y a","modified":"Mis \u00e0 jour 3 mois il y a"},"absolute_dates":{"created":"Publi\u00e9 le 23.01.2026","modified":"Mise \u00e0 jour le 26.01.2026"},"absolute_dates_time":{"created":"Publi\u00e9 le 23.01.2026 3:06 pm","modified":"Mise \u00e0 jour le 26.01.2026 3:40 pm"},"featured_img_caption":"","series_order":3,"authors":[{"term_id":251,"user_id":120,"is_guest":0,"slug":"ppy","display_name":"Pascal Python","avatar_url":"https:\/\/secure.gravatar.com\/avatar\/c5d953d7ebf8bfb6e47c3acebc7380ca2d200b4e05642b6503c016984c4c2873?s=96&d=mm&r=g","0":null,"1":"","2":"","3":"","4":"","5":"","6":"","7":"","8":"","9":""},{"term_id":138,"user_id":49,"is_guest":0,"slug":"mes","display_name":"Magali Esteve","avatar_url":"https:\/\/secure.gravatar.com\/avatar\/?s=96&d=mm&r=g","0":null,"1":"","2":"","3":"","4":"","5":"","6":"","7":"","8":"","9":""},{"term_id":3928,"user_id":176,"is_guest":0,"slug":"mtr0","display_name":"Mirjam Traore","avatar_url":"https:\/\/secure.gravatar.com\/avatar\/55b55ea908d856aab847388618abeb9fc5c6bfa8c893e46a883d7b2d6b155df5?s=96&d=mm&r=g","0":null,"1":"","2":"","3":"","4":"","5":"","6":"","7":"","8":"","9":""}],"_links":{"self":[{"href":"https:\/\/themes.agripedia.ch\/fr\/wp-json\/wp\/v2\/posts\/76123","targetHints":{"allow":["GET"]}}],"collection":[{"href":"https:\/\/themes.agripedia.ch\/fr\/wp-json\/wp\/v2\/posts"}],"about":[{"href":"https:\/\/themes.agripedia.ch\/fr\/wp-json\/wp\/v2\/types\/post"}],"author":[{"embeddable":true,"href":"https:\/\/themes.agripedia.ch\/fr\/wp-json\/wp\/v2\/users\/120"}],"replies":[{"embeddable":true,"href":"https:\/\/themes.agripedia.ch\/fr\/wp-json\/wp\/v2\/comments?post=76123"}],"version-history":[{"count":13,"href":"https:\/\/themes.agripedia.ch\/fr\/wp-json\/wp\/v2\/posts\/76123\/revisions"}],"predecessor-version":[{"id":79767,"href":"https:\/\/themes.agripedia.ch\/fr\/wp-json\/wp\/v2\/posts\/76123\/revisions\/79767"}],"wp:featuredmedia":[{"embeddable":true,"href":"https:\/\/themes.agripedia.ch\/fr\/wp-json\/wp\/v2\/media\/76708"}],"wp:attachment":[{"href":"https:\/\/themes.agripedia.ch\/fr\/wp-json\/wp\/v2\/media?parent=76123"}],"wp:term":[{"taxonomy":"category","embeddable":true,"href":"https:\/\/themes.agripedia.ch\/fr\/wp-json\/wp\/v2\/categories?post=76123"},{"taxonomy":"post_tag","embeddable":true,"href":"https:\/\/themes.agripedia.ch\/fr\/wp-json\/wp\/v2\/tags?post=76123"},{"taxonomy":"series","embeddable":true,"href":"https:\/\/themes.agripedia.ch\/fr\/wp-json\/wp\/v2\/series?post=76123"},{"taxonomy":"author","embeddable":true,"href":"https:\/\/themes.agripedia.ch\/fr\/wp-json\/wp\/v2\/ppma_author?post=76123"}],"curies":[{"name":"wp","href":"https:\/\/api.w.org\/{rel}","templated":true}]}}