{"id":76120,"date":"2026-01-23T15:06:42","date_gmt":"2026-01-23T14:06:42","guid":{"rendered":"https:\/\/themes.agripedia.ch\/?p=76120&#038;preview=true&#038;preview_id=76120"},"modified":"2026-01-26T15:41:06","modified_gmt":"2026-01-26T14:41:06","slug":"production","status":"publish","type":"post","link":"https:\/\/themes.agripedia.ch\/fr\/production\/","title":{"rendered":"Production"},"content":{"rendered":"<div class=\"seriesmeta agripedia-series-meta-wrapper\"><!--This entry is part 4 of 6 in the series--> <a href=\"https:\/\/themes.agripedia.ch\/fr\/series\/la-filiere-lait-suisse\/\" class=\"series-3957\" title=\"La Fili\u00e8re Lait Suisse\">La Fili\u00e8re Lait Suisse<\/a> (4 \/ 6)<\/div>\n<h2 class=\"wp-block-heading\">Dynamique g\u00e9n\u00e9rale de la production laiti\u00e8re<\/h2>\n\n\n\n<p>L\u2019\u00e9conomie laiti\u00e8re, qui repr\u00e9sente 23,7 % de la production agricole totale (OFAG, rapport agricole 2022) est un secteur important de l\u2019agriculture et de l\u2019industrie agro-alimentaire suisses. Le march\u00e9 du lait et la structuration de la fili\u00e8re laiti\u00e8re en Suisse sont r\u00e9guli\u00e8rement l\u2019objet de questionnements quant \u00e0 leur fonctionnement et \u00e0 leur degr\u00e9 de<br>concentration. Le d\u00e9but des ann\u00e9es 2000 a boulevers\u00e9 les bases du march\u00e9 du lait en Suisse. Trois \u00e9tapes majeures vont progressivement conduire \u00e0 une lib\u00e9ralisation partielle du march\u00e9 du lait : la Conf\u00e9d\u00e9ration abroge la garantie de prix et d\u2019\u00e9coulement en 1999, lib\u00e9ralise le march\u00e9 du fromage avec l\u2019Union europ\u00e9enne (UE) en 2007 et supprime le<br>contingentement laitier en 2009. Le march\u00e9 du lait en Suisse est classiquement divis\u00e9 en deux grandes sous-fili\u00e8res : la fili\u00e8re du lait de centrale (ligne blanche) et la fili\u00e8re fromag\u00e8re (ligne jaune).<\/p>\n\n\n\n<div class=\"wp-block-advgb-accordions advgb-accordions-0ac65d93-ed5a-4225-9c71-d5ea400f3d61 advgb-accordion-wrapper\" data-collapsed=\"true\">\n<div class=\"wp-block-advgb-accordion-item advgb-accordion-item\" style=\"margin-bottom:15px\"><div class=\"advgb-accordion-header\" style=\"background-color:#0090C5;color:#eee;border-style:solid;border-width:0px;border-radius:14px\"><span class=\"advgb-accordion-header-icon accordion-state\"><svg class=\"advgb-icon-closed\" fill=\"#fff\" xmlns=\"http:\/\/www.w3.org\/2000\/svg\" width=\"24\" height=\"24\" viewBox=\"0 0 24 24\"><path fill=\"none\" d=\"M0,0h24v24H0V0z\"><\/path><path d=\"M12,2C6.48,2,2,6.48,2,12s4.48,10,10,10s10-4.48,10-10S17.52,2,12,2z M17,13h-4v4h-2v-4H7v-2h4V7h2v4h4V13z\"><\/path><\/svg><svg class=\"advgb-icon-opened\" fill=\"#fff\" xmlns=\"http:\/\/www.w3.org\/2000\/svg\" width=\"24\" height=\"24\" viewBox=\"0 0 24 24\"><path fill=\"none\" d=\"M0,0h24v24H0V0z\"><\/path><path d=\"M12,2C6.48,2,2,6.48,2,12s4.48,10,10,10s10-4.48,10-10S17.52,2,12,2z M17,13H7v-2h10V13z\"><\/path><\/svg><\/span><h4 class=\"advgb-accordion-header-title\" style=\"color:inherit\">Evolution des exploitation laiti\u00e8res<\/h4><\/div><div class=\"advgb-accordion-body\" style=\"background-color:#D6D6D6;border-style:solid !important;border-width:0px !important;border-color:undefined !important;border-top:none !important;border-radius:14px !important\">\n<p>La semi-lib\u00e9ralisation de la ligne blanche5 a engendr\u00e9 depuis 2000 une forte \u00e9volution des structures ainsi qu\u2019une productivit\u00e9 et une sp\u00e9cialisation accrues par exploitation :<br>\u2013 la surface agricole utile (SAU) moyenne par exploitation laiti\u00e8re est pass\u00e9e de 19 \u00e0 29 hectares,<br>\u2013 le nombre de vaches laiti\u00e8res a augment\u00e9 de 16 \u00e0 29,<br>\u2013 les droits de production ont doubl\u00e9, passant de 82 \u00e0 188 tonnes.<br>Le nombre d\u2019exploitations laiti\u00e8res est pass\u00e9 de 38 000 en 2000 \u00e0 17 000 en 2023, soit une r\u00e9duction de 55 % du nombre d\u2019exploitations. Les exigences de l\u2019agriculture biologique sont respect\u00e9es par 13,4 % des exploitations laiti\u00e8res.<br>Une analyse sur la derni\u00e8re d\u00e9cennie montre un recul plus \u00e9lev\u00e9 des exploitations situ\u00e9es en plaine (disparition d\u2019un tiers) qu\u2019en montagne (disparition d\u2019un cinqui\u00e8me). Les exploitations de montagne ont moinsd\u2019alternatives \u00e0 la production laiti\u00e8re que celles de la plaine.<\/p>\n\n\n\n<figure class=\"wp-block-image size-large\"><img loading=\"lazy\" decoding=\"async\" width=\"1024\" height=\"438\" src=\"https:\/\/themes.agripedia.ch\/wp-content\/uploads\/2025\/10\/Screenshot-2025-10-20-095018-1024x438.png\" alt=\"\" class=\"wp-image-76501\" srcset=\"https:\/\/themes.agripedia.ch\/wp-content\/uploads\/2025\/10\/Screenshot-2025-10-20-095018-1024x438.png 1024w, https:\/\/themes.agripedia.ch\/wp-content\/uploads\/2025\/10\/Screenshot-2025-10-20-095018-300x128.png 300w, https:\/\/themes.agripedia.ch\/wp-content\/uploads\/2025\/10\/Screenshot-2025-10-20-095018-768x329.png 768w, https:\/\/themes.agripedia.ch\/wp-content\/uploads\/2025\/10\/Screenshot-2025-10-20-095018-1200x514.png 1200w, https:\/\/themes.agripedia.ch\/wp-content\/uploads\/2025\/10\/Screenshot-2025-10-20-095018.png 1219w\" sizes=\"auto, (max-width: 1024px) 100vw, 1024px\" \/><\/figure>\n<\/div><\/div>\n\n\n\n<div class=\"wp-block-advgb-accordion-item advgb-accordion-item\" style=\"margin-bottom:15px\"><div class=\"advgb-accordion-header\" style=\"background-color:#0090C5;color:#eee;border-style:solid;border-width:0px;border-radius:14px\"><span class=\"advgb-accordion-header-icon accordion-state\"><svg class=\"advgb-icon-closed\" fill=\"#fff\" xmlns=\"http:\/\/www.w3.org\/2000\/svg\" width=\"24\" height=\"24\" viewBox=\"0 0 24 24\"><path fill=\"none\" d=\"M0,0h24v24H0V0z\"><\/path><path d=\"M12,2C6.48,2,2,6.48,2,12s4.48,10,10,10s10-4.48,10-10S17.52,2,12,2z M17,13h-4v4h-2v-4H7v-2h4V7h2v4h4V13z\"><\/path><\/svg><svg class=\"advgb-icon-opened\" fill=\"#fff\" xmlns=\"http:\/\/www.w3.org\/2000\/svg\" width=\"24\" height=\"24\" viewBox=\"0 0 24 24\"><path fill=\"none\" d=\"M0,0h24v24H0V0z\"><\/path><path d=\"M12,2C6.48,2,2,6.48,2,12s4.48,10,10,10s10-4.48,10-10S17.52,2,12,2z M17,13H7v-2h10V13z\"><\/path><\/svg><\/span><h4 class=\"advgb-accordion-header-title\" style=\"color:inherit\">R\u00e9partition de la production laiti\u00e8re sur le territoire<\/h4><\/div><div class=\"advgb-accordion-body\" style=\"background-color:#D6D6D6;border-style:solid !important;border-width:0px !important;border-color:undefined !important;border-top:none !important;border-radius:14px !important\">\n<p>Les deux tiers des volumes de lait sont produits en zone de plaine. L\u2019essentiel de la production de lait se concentre sur le plateau: plus la couleur est fonc\u00e9e, plus la quantit\u00e9 de lait (kg de lait livr\u00e9s par ha de SAU) produite est grande. L\u2019agrandissement des exploitations laiti\u00e8res montre que 9 % (exploitations avec des droits de production sup\u00e9rieurs \u00e0 400 t de lait commercialis\u00e9s par an) contribuent \u00e0 30 % de la production globale.<\/p>\n\n\n\n<figure class=\"wp-block-image size-full\"><img loading=\"lazy\" decoding=\"async\" width=\"879\" height=\"583\" src=\"https:\/\/themes.agripedia.ch\/wp-content\/uploads\/2025\/10\/Screenshot-2025-10-20-095308.png\" alt=\"\" class=\"wp-image-76508\" srcset=\"https:\/\/themes.agripedia.ch\/wp-content\/uploads\/2025\/10\/Screenshot-2025-10-20-095308.png 879w, https:\/\/themes.agripedia.ch\/wp-content\/uploads\/2025\/10\/Screenshot-2025-10-20-095308-300x199.png 300w, https:\/\/themes.agripedia.ch\/wp-content\/uploads\/2025\/10\/Screenshot-2025-10-20-095308-768x509.png 768w\" sizes=\"auto, (max-width: 879px) 100vw, 879px\" \/><\/figure>\n<\/div><\/div>\n\n\n\n<div class=\"wp-block-advgb-accordion-item advgb-accordion-item\" style=\"margin-bottom:15px\"><div class=\"advgb-accordion-header\" style=\"background-color:#0090C5;color:#eee;border-style:solid;border-width:0px;border-radius:14px\"><span class=\"advgb-accordion-header-icon accordion-state\"><svg class=\"advgb-icon-closed\" fill=\"#fff\" xmlns=\"http:\/\/www.w3.org\/2000\/svg\" width=\"24\" height=\"24\" viewBox=\"0 0 24 24\"><path fill=\"none\" d=\"M0,0h24v24H0V0z\"><\/path><path d=\"M12,2C6.48,2,2,6.48,2,12s4.48,10,10,10s10-4.48,10-10S17.52,2,12,2z M17,13h-4v4h-2v-4H7v-2h4V7h2v4h4V13z\"><\/path><\/svg><svg class=\"advgb-icon-opened\" fill=\"#fff\" xmlns=\"http:\/\/www.w3.org\/2000\/svg\" width=\"24\" height=\"24\" viewBox=\"0 0 24 24\"><path fill=\"none\" d=\"M0,0h24v24H0V0z\"><\/path><path d=\"M12,2C6.48,2,2,6.48,2,12s4.48,10,10,10s10-4.48,10-10S17.52,2,12,2z M17,13H7v-2h10V13z\"><\/path><\/svg><\/span><h4 class=\"advgb-accordion-header-title\" style=\"color:inherit\">Contribution cantonales \u00e0 la production de lait et transfers des volumes<\/h4><\/div><div class=\"advgb-accordion-body\" style=\"background-color:#D6D6D6;border-style:solid !important;border-width:0px !important;border-color:undefined !important;border-top:none !important;border-radius:14px !important\">\n<p>La gestion \u00e9tatique des droits de production a \u00e9t\u00e9 abrog\u00e9e en 2009. D\u00e9sormais la branche laiti\u00e8re g\u00e8re ses droits de production sur une base priv\u00e9e. Cinq cantons (BE, LU, SG, FR, TG) contribuent pour 60 % \u00e0 la production nationale (r\u00e9f\u00e9rence 2023). Deux cantons ont renforc\u00e9 leur position en gagnant des volumes suppl\u00e9mentaires sur la derni\u00e8re d\u00e9cennie : Fribourg (14 millions de kg) et Saint-Gall (7 millions de kg).<br>\u00c0 l\u2019oppos\u00e9, les pertes de volumes les plus significatives sont celles des cantons de Vaud, d\u2019Argovie, de Zurich et de B\u00e2le, qui cumulent 55 millions de kilos de lait. Les cantons de Vaud et d\u2019Argovie ont perdu chacun 10 % de leurs volumes en dix ans. Sur la p\u00e9riode 2013-2023, et gr\u00e2ce aux transferts de volumes entre cantons, la production globale n\u2019a d\u00e9cru que de 1,6 %.<\/p>\n<\/div><\/div>\n<\/div>\n\n\n\n<h2 class=\"wp-block-heading\">Structures de march\u00e9 au niveau de la production<\/h2>\n\n\n\n<div class=\"wp-block-advgb-accordions advgb-accordions-0165611d-08ec-45fc-8f88-514c42e7d309 advgb-accordion-wrapper\" data-collapsed=\"true\">\n<div class=\"wp-block-advgb-accordion-item advgb-accordion-item\" style=\"margin-bottom:15px\"><div class=\"advgb-accordion-header\" style=\"background-color:#0090C5;color:#eee;border-style:solid;border-width:0px;border-radius:14px\"><span class=\"advgb-accordion-header-icon accordion-state\"><svg class=\"advgb-icon-closed\" fill=\"#fff\" xmlns=\"http:\/\/www.w3.org\/2000\/svg\" width=\"24\" height=\"24\" viewBox=\"0 0 24 24\"><path fill=\"none\" d=\"M0,0h24v24H0V0z\"><\/path><path d=\"M12,2C6.48,2,2,6.48,2,12s4.48,10,10,10s10-4.48,10-10S17.52,2,12,2z M17,13h-4v4h-2v-4H7v-2h4V7h2v4h4V13z\"><\/path><\/svg><svg class=\"advgb-icon-opened\" fill=\"#fff\" xmlns=\"http:\/\/www.w3.org\/2000\/svg\" width=\"24\" height=\"24\" viewBox=\"0 0 24 24\"><path fill=\"none\" d=\"M0,0h24v24H0V0z\"><\/path><path d=\"M12,2C6.48,2,2,6.48,2,12s4.48,10,10,10s10-4.48,10-10S17.52,2,12,2z M17,13H7v-2h10V13z\"><\/path><\/svg><\/span><h4 class=\"advgb-accordion-header-title\" style=\"color:inherit\">Demande et offre de lait cru<\/h4><\/div><div class=\"advgb-accordion-body\" style=\"background-color:#D6D6D6;border-style:solid !important;border-width:0px !important;border-color:undefined !important;border-top:none !important;border-radius:14px !important\">\n<p>La <strong>demande de lait cru<\/strong> d\u00e9pend des d\u00e9bouch\u00e9s sur le march\u00e9 int\u00e9rieur et \u00e0 l\u2019export, notamment sous forme de <strong>fromage<\/strong> ou de <strong>produits transform\u00e9s<\/strong> comme la poudre de lait pour le chocolat. Ces exportations influencent directement le <strong>prix du lait<\/strong>.<\/p>\n\n\n\n<p>La <strong>transformation du lait de r\u00e9gulation<\/strong> est essentielle pour valoriser les exc\u00e9dents, souvent saisonniers, li\u00e9s \u00e0 :<\/p>\n\n\n\n<ul class=\"wp-block-list\">\n<li>la variation annuelle de la production (printemps, estivage, automne),<\/li>\n\n\n\n<li>le lait non transform\u00e9 en fromage (\u00ab lait de restriction \u00bb),<\/li>\n\n\n\n<li>la production de cr\u00e8me issue du fromage,<\/li>\n\n\n\n<li>les pics de production pendant les week-ends et jours f\u00e9ri\u00e9s,<\/li>\n\n\n\n<li>les fluctuations de la demande pour certains produits (cr\u00e8me, beurre, poudre),<\/li>\n\n\n\n<li>les <strong>fluctuations conjoncturelles<\/strong> du march\u00e9.<\/li>\n<\/ul>\n\n\n\n<p>Sans m\u00e9canismes de r\u00e9gulation (beurre, poudre de lait) et <strong>diff\u00e9renciation des prix<\/strong> selon les segments, le <strong>prix du lait d\u00e9part ferme<\/strong> serait bien plus instable.<\/p>\n\n\n\n<p>Les producteurs ne peuvent pas ajuster rapidement leur production : le lait est produit chaque jour et ne se conserve pas. En cas de surplus, ils doivent souvent <strong>accepter des prix plus bas<\/strong> pour \u00e9couler leur lait.<\/p>\n\n\n\n<p>La production laiti\u00e8re repose sur des <strong>co\u00fbts fixes \u00e9lev\u00e9s<\/strong> et des investissements \u00e0 long terme. Ainsi, m\u00eame avec une faible marge, les exploitants ont int\u00e9r\u00eat \u00e0 <strong>utiliser pleinement leur capacit\u00e9 de production<\/strong> pour rentabiliser leurs infrastructures.<\/p>\n<\/div><\/div>\n\n\n\n<div class=\"wp-block-advgb-accordion-item advgb-accordion-item\" style=\"margin-bottom:15px\"><div class=\"advgb-accordion-header\" style=\"background-color:#0090C5;color:#eee;border-style:solid;border-width:0px;border-radius:14px\"><span class=\"advgb-accordion-header-icon accordion-state\"><svg class=\"advgb-icon-closed\" fill=\"#fff\" xmlns=\"http:\/\/www.w3.org\/2000\/svg\" width=\"24\" height=\"24\" viewBox=\"0 0 24 24\"><path fill=\"none\" d=\"M0,0h24v24H0V0z\"><\/path><path d=\"M12,2C6.48,2,2,6.48,2,12s4.48,10,10,10s10-4.48,10-10S17.52,2,12,2z M17,13h-4v4h-2v-4H7v-2h4V7h2v4h4V13z\"><\/path><\/svg><svg class=\"advgb-icon-opened\" fill=\"#fff\" xmlns=\"http:\/\/www.w3.org\/2000\/svg\" width=\"24\" height=\"24\" viewBox=\"0 0 24 24\"><path fill=\"none\" d=\"M0,0h24v24H0V0z\"><\/path><path d=\"M12,2C6.48,2,2,6.48,2,12s4.48,10,10,10s10-4.48,10-10S17.52,2,12,2z M17,13H7v-2h10V13z\"><\/path><\/svg><\/span><h4 class=\"advgb-accordion-header-title\" style=\"color:inherit\">Le prix du lait \u00e0 la production<\/h4><\/div><div class=\"advgb-accordion-body\" style=\"background-color:#D6D6D6;border-style:solid !important;border-width:0px !important;border-color:undefined !important;border-top:none !important;border-radius:14px !important\">\n<p>En Suisse, <strong>plusieurs prix du lait coexistent selon le circuit de vente dans lequel le lait est livr\u00e9.<\/strong> Ces prix \u00e9voluent ind\u00e9pendamment les uns des autres, car ils sont d\u00e9termin\u00e9s par des m\u00e9canismes distincts. La diff\u00e9rence essentielle repose sur la nature du produit final : les produits dits \u00ab g\u00e9n\u00e9riques \u00bb, comme le lait d\u2019industrie, sont interchangeables et suivent une logique de march\u00e9 standard, tandis que les produits \u00ab diff\u00e9renci\u00e9s \u00bb, comme ceux issus de la fili\u00e8re fromag\u00e8re avec label ou appellation, b\u00e9n\u00e9ficient d\u2019une valorisation sp\u00e9cifique.<\/p>\n\n\n\n<p>Le lait destin\u00e9 \u00e0 la transformation industrielle conventionnelle est pay\u00e9 au prix le plus bas, tandis que le lait BIO re\u00e7oit une r\u00e9mun\u00e9ration sup\u00e9rieure. Les prix augmentent ensuite selon le degr\u00e9 de diff\u00e9renciation du fromage produit. Plus le produit fini est valoris\u00e9 (par un label, une appellation ou une marque), plus la part du prix capt\u00e9e par le transformateur et le distributeur est \u00e9lev\u00e9e. Le retour de valeur au producteur d\u00e9pend alors fortement de la transparence dans la fili\u00e8re et du mode de gouvernance. Lorsque le producteur conna\u00eet le prix de vente du produit fini et le projet de transformation, sa capacit\u00e9 de n\u00e9gociation s\u2019am\u00e9liore. Dans les fili\u00e8res organis\u00e9es comme les AOP, cette n\u00e9gociation est facilit\u00e9e, mais elle ne garantit pas toujours une meilleure r\u00e9mun\u00e9ration. Par exemple, le prix du lait pour l\u2019Emmentaler AOP d\u00e9passe \u00e0 peine celui du lait d\u2019industrie, illustrant que la diff\u00e9renciation du produit ne se traduit pas syst\u00e9matiquement par un meilleur revenu pour le producteur.<\/p>\n\n\n\n<p>Prix du lait au producteur en centimes par kg, d\u00e9part ferme (avec la prime de non-ensilage de 3 centimes*)<\/p>\n\n\n\n<table class=\"wp-block-advgb-table advgb-table-frontend\"><tbody><tr><td><\/td><td style=\"border-top-color:#000;border-right-color:#000;border-bottom-color:#000;border-left-color:#000\"><strong>2014<\/strong><\/td><td style=\"border-top-color:#000;border-right-color:#000;border-bottom-color:#000;border-left-color:#000\"><strong>2024<\/strong><\/td><td style=\"border-top-color:#000;border-right-color:#000;border-bottom-color:#000;border-left-color:#000\"><strong>Variation<\/strong><br><strong>2014\/24<\/strong><\/td><td style=\"border-top-color:#000;border-right-color:#000;border-bottom-color:#000;border-left-color:#000\"><strong>Diff\u00e9rence avec le lait d\u2019industrie, 2024<\/strong><\/td><\/tr><tr><td style=\"border-top-color:#000;border-right-color:#000;border-bottom-color:#000;border-left-color:#000\">Le Gruy\u00e8re AOP BIO*<\/td><td style=\"border-top-color:#000;border-right-color:#000;border-bottom-color:#000;border-left-color:#000\">93<\/td><td style=\"border-top-color:#000;border-right-color:#000;border-bottom-color:#000;border-left-color:#000\">107<\/td><td style=\"border-top-color:#000;border-right-color:#000;border-bottom-color:#000;border-left-color:#000\">14.2<\/td><td style=\"border-top-color:#000;border-right-color:#000;border-bottom-color:#000;border-left-color:#000\">37.3<\/td><\/tr><tr><td style=\"border-top-color:#000;border-right-color:#000;border-bottom-color:#000;border-left-color:#000\">Emmentaler AOP BIO*<\/td><td style=\"border-top-color:#000;border-right-color:#000;border-bottom-color:#000;border-left-color:#000\">81<\/td><td style=\"border-top-color:#000;border-right-color:#000;border-bottom-color:#000;border-left-color:#000\">95<\/td><td style=\"border-top-color:#000;border-right-color:#000;border-bottom-color:#000;border-left-color:#000\">14.3<\/td><td style=\"border-top-color:#000;border-right-color:#000;border-bottom-color:#000;border-left-color:#000\">25.6<\/td><\/tr><tr><td style=\"border-top-color:#000;border-right-color:#000;border-bottom-color:#000;border-left-color:#000\">Le Gruy\u00e8re AOP*<\/td><td style=\"border-top-color:#000;border-right-color:#000;border-bottom-color:#000;border-left-color:#000\">85<\/td><td style=\"border-top-color:#000;border-right-color:#000;border-bottom-color:#000;border-left-color:#000\">96<\/td><td style=\"border-top-color:#000;border-right-color:#000;border-bottom-color:#000;border-left-color:#000\">11.1<\/td><td style=\"border-top-color:#000;border-right-color:#000;border-bottom-color:#000;border-left-color:#000\">26.5<\/td><\/tr><tr><td style=\"border-top-color:#000;border-right-color:#000;border-bottom-color:#000;border-left-color:#000\">Lait d&rsquo;industrie BIO<\/td><td style=\"border-top-color:#000;border-right-color:#000;border-bottom-color:#000;border-left-color:#000\">79<\/td><td style=\"border-top-color:#000;border-right-color:#000;border-bottom-color:#000;border-left-color:#000\">92<\/td><td style=\"border-top-color:#000;border-right-color:#000;border-bottom-color:#000;border-left-color:#000\">13.6<\/td><td style=\"border-top-color:#000;border-right-color:#000;border-bottom-color:#000;border-left-color:#000\">22.8<\/td><\/tr><tr><td style=\"border-top-color:#000;border-right-color:#000;border-bottom-color:#000;border-left-color:#000\">Fromages \u00e0 basse valeur ajout\u00e9e*<\/td><td style=\"border-top-color:#000;border-right-color:#000;border-bottom-color:#000;border-left-color:#000\">75<\/td><td style=\"border-top-color:#000;border-right-color:#000;border-bottom-color:#000;border-left-color:#000\">80<\/td><td style=\"border-top-color:#000;border-right-color:#000;border-bottom-color:#000;border-left-color:#000\">5.0<\/td><td style=\"border-top-color:#000;border-right-color:#000;border-bottom-color:#000;border-left-color:#000\">10.9<\/td><\/tr><tr><td style=\"border-top-color:#000;border-right-color:#000;border-bottom-color:#000;border-left-color:#000\">Appenzeller*<\/td><td style=\"border-top-color:#000;border-right-color:#000;border-bottom-color:#000;border-left-color:#000\">76<\/td><td style=\"border-top-color:#000;border-right-color:#000;border-bottom-color:#000;border-left-color:#000\">81<\/td><td style=\"border-top-color:#000;border-right-color:#000;border-bottom-color:#000;border-left-color:#000\">4.1<\/td><td style=\"border-top-color:#000;border-right-color:#000;border-bottom-color:#000;border-left-color:#000\">11.2<\/td><\/tr><tr><td style=\"border-top-color:#000;border-right-color:#000;border-bottom-color:#000;border-left-color:#000\">Tilsit*<\/td><td style=\"border-top-color:#000;border-right-color:#000;border-bottom-color:#000;border-left-color:#000\">74<\/td><td style=\"border-top-color:#000;border-right-color:#000;border-bottom-color:#000;border-left-color:#000\">78<\/td><td style=\"border-top-color:#000;border-right-color:#000;border-bottom-color:#000;border-left-color:#000\">4.8<\/td><td style=\"border-top-color:#000;border-right-color:#000;border-bottom-color:#000;border-left-color:#000\">9.1<\/td><\/tr><tr><td style=\"border-top-color:#000;border-right-color:#000;border-bottom-color:#000;border-left-color:#000\">Emmentaler AOP*<\/td><td style=\"border-top-color:#000;border-right-color:#000;border-bottom-color:#000;border-left-color:#000\">73<\/td><td style=\"border-top-color:#000;border-right-color:#000;border-bottom-color:#000;border-left-color:#000\">77<\/td><td style=\"border-top-color:#000;border-right-color:#000;border-bottom-color:#000;border-left-color:#000\">3.8<\/td><td style=\"border-top-color:#000;border-right-color:#000;border-bottom-color:#000;border-left-color:#000\">7.5<\/td><\/tr><tr><td style=\"border-top-color:#000;border-right-color:#000;border-bottom-color:#000;border-left-color:#000\">Lait de centrale<\/td><td style=\"border-top-color:#000;border-right-color:#000;border-bottom-color:#000;border-left-color:#000\">65<\/td><td style=\"border-top-color:#000;border-right-color:#000;border-bottom-color:#000;border-left-color:#000\">69<\/td><td style=\"border-top-color:#000;border-right-color:#000;border-bottom-color:#000;border-left-color:#000\">4.3<\/td><td style=\"border-top-color:#000;border-right-color:#000;border-bottom-color:#000;border-left-color:#000\">0.0<\/td><\/tr><\/tbody><\/table>\n<\/div><\/div>\n\n\n\n<div class=\"wp-block-advgb-accordion-item advgb-accordion-item\" style=\"margin-bottom:15px\"><div class=\"advgb-accordion-header\" style=\"background-color:#0090C5;color:#eee;border-style:solid;border-width:0px;border-radius:14px\"><span class=\"advgb-accordion-header-icon accordion-state\"><svg class=\"advgb-icon-closed\" fill=\"#fff\" xmlns=\"http:\/\/www.w3.org\/2000\/svg\" width=\"24\" height=\"24\" viewBox=\"0 0 24 24\"><path fill=\"none\" d=\"M0,0h24v24H0V0z\"><\/path><path d=\"M12,2C6.48,2,2,6.48,2,12s4.48,10,10,10s10-4.48,10-10S17.52,2,12,2z M17,13h-4v4h-2v-4H7v-2h4V7h2v4h4V13z\"><\/path><\/svg><svg class=\"advgb-icon-opened\" fill=\"#fff\" xmlns=\"http:\/\/www.w3.org\/2000\/svg\" width=\"24\" height=\"24\" viewBox=\"0 0 24 24\"><path fill=\"none\" d=\"M0,0h24v24H0V0z\"><\/path><path d=\"M12,2C6.48,2,2,6.48,2,12s4.48,10,10,10s10-4.48,10-10S17.52,2,12,2z M17,13H7v-2h10V13z\"><\/path><\/svg><\/span><h4 class=\"advgb-accordion-header-title\" style=\"color:inherit\">Organisations de producteurs<\/h4><\/div><div class=\"advgb-accordion-body\" style=\"background-color:#D6D6D6;border-style:solid !important;border-width:0px !important;border-color:undefined !important;border-top:none !important;border-radius:14px !important\">\n<p>La sortie du contingentement laitier a \u00e9t\u00e9 r\u00e9alis\u00e9e en deux phases. D\u00e8s 2006, les organisations de producteurs (OP) et les organisations de producteurs-utilisateurs (OPU, organisations qui doivent commercialiser et transformer la mati\u00e8re premi\u00e8re) ont pu conclure elles-m\u00eames leurs contrats d\u2019achat de lait. Le nombre d\u2019OP et d\u2019OPU est pass\u00e9 de 27 en 2006 \u00e0 38 lors de la sortie d\u00e9finitive en 2009.<br>En consid\u00e9rant les dix premi\u00e8res organisations en volume de lait, nous faisons deux constats : premi\u00e8rement, la plupart des organisations sont toujours actives, m\u00eame si un regroupement a vu \u00e9merger en 2017 la coop\u00e9rative mooh (fusionde Miba et de Nordostmilch, et lait de Prolait pris en charge) qui devient le num\u00e9ro 1 avec 542 millions de kilos de lait (16 % du lait commercialis\u00e9, r\u00e9f\u00e9rence 2022). Le deuxi\u00e8me point, en revanche, montre que les dix organisations principales ont perdu du volume, passant de 74 % (2012) \u00e0 63 % (2022) du lait commercialis\u00e9. Il y a ainsi un<br>\u00e9clatement du lait commercialis\u00e9 (de 26 % \u00e0 37 %) au sein d\u2019un plus grand nombre de petites organisations de producteurs OP et OPU, certaines sp\u00e9cialit\u00e9s et petites structures parvenant \u00e0 se d\u00e9marquer.<\/p>\n<\/div><\/div>\n\n\n\n<div class=\"wp-block-advgb-accordion-item advgb-accordion-item\" style=\"margin-bottom:15px\"><div class=\"advgb-accordion-header\" style=\"background-color:#0090C5;color:#eee;border-style:solid;border-width:0px;border-radius:14px\"><span class=\"advgb-accordion-header-icon accordion-state\"><svg class=\"advgb-icon-closed\" fill=\"#fff\" xmlns=\"http:\/\/www.w3.org\/2000\/svg\" width=\"24\" height=\"24\" viewBox=\"0 0 24 24\"><path fill=\"none\" d=\"M0,0h24v24H0V0z\"><\/path><path d=\"M12,2C6.48,2,2,6.48,2,12s4.48,10,10,10s10-4.48,10-10S17.52,2,12,2z M17,13h-4v4h-2v-4H7v-2h4V7h2v4h4V13z\"><\/path><\/svg><svg class=\"advgb-icon-opened\" fill=\"#fff\" xmlns=\"http:\/\/www.w3.org\/2000\/svg\" width=\"24\" height=\"24\" viewBox=\"0 0 24 24\"><path fill=\"none\" d=\"M0,0h24v24H0V0z\"><\/path><path d=\"M12,2C6.48,2,2,6.48,2,12s4.48,10,10,10s10-4.48,10-10S17.52,2,12,2z M17,13H7v-2h10V13z\"><\/path><\/svg><\/span><h4 class=\"advgb-accordion-header-title\" style=\"color:inherit\">Liens entre OP, OPU et transformateurs<\/h4><\/div><div class=\"advgb-accordion-body\" style=\"background-color:#D6D6D6;border-style:solid !important;border-width:0px !important;border-color:undefined !important;border-top:none !important;border-radius:14px !important\">\n<p>Un nombre important d\u2019OPU est contractuellement li\u00e9 \u00e0 un seul transformateur industriel. Les deux principales OPU disposent d\u2019un portfolio d\u2019acheteurs plus vari\u00e9. Inversement, peu de transformateurs aux volumes importants sont li\u00e9s \u00e0 une seule OPU (c\u2019est le cas d\u2019un acteur comme les LRG par exemple). La cat\u00e9gorie \u00ab Autres \u00bb repr\u00e9sente les volumes de lait transform\u00e9s par les fromageries artisanales en Suisse. Ann\u00e9e de r\u00e9f\u00e9rence&nbsp;: 2022<\/p>\n\n\n\n<figure class=\"wp-block-table advgb-dyn-0a0c90f1\"><table><thead><tr><th><strong>Organisations<\/strong><\/th><th><strong>Millions<\/strong><br><strong>kg lait<\/strong><\/th><th>%<\/th><th><strong>Principaux<br>transformateurs<\/strong><\/th><\/tr><\/thead><tbody><tr><td>mooh soci\u00e9t\u00e9 coop\u00e9rative<\/td><td>542<\/td><td>16.2 %<\/td><td>Cremo, Emmi, autres<\/td><\/tr><tr><td>Genossenschaft Zentralschweizer Milchproduzenten ZMP<\/td><td>413<\/td><td>12.3 %<\/td><td>84 % Emmi, 4 %<br>Hochdorf, autres<\/td><\/tr><tr><td>Mittelland Milch (fournisseurs directs d\u2019Emmi AG<\/td><td>372<\/td><td>11.1 %<\/td><td>Emmi<\/td><\/tr><tr><td>Aaremilch AG<\/td><td>172<\/td><td>5.1 %<\/td><td>Emmi, Elsa, autres<\/td><\/tr><tr><td>Arnold Produkte AG<\/td><td>151<\/td><td>4.5 %<\/td><td>Arnold<\/td><\/tr><tr><td>OPU Z\u00fcger Forster<\/td><td>129<\/td><td>3.8 %<\/td><td>Z\u00fcger<\/td><\/tr><tr><td>OPU APL \u2013 ELSA, APLCN-S Neuch\u00e2tel-Seeland<\/td><td>106<\/td><td>3.2 %<\/td><td>Elsa, Cremo<\/td><\/tr><tr><td>APLC (fournisseurs directs de Cremo SA FSFL)<\/td><td>90<\/td><td>2.7 %<\/td><td>Cremo<\/td><\/tr><tr><td>VBMC (Vereinigung Berner-Milchproduzenten Cremo SA)<\/td><td>90<\/td><td>2.7 %<\/td><td>Cremo<\/td><\/tr><tr><td>Molkerei Biedermann AG<\/td><td>37<\/td><td>1.1 %<\/td><td>Biedermann<\/td><\/tr><tr><td>Thur Milch (fournisseurs directs de Hochdorf Swiss<br>Nutrition AG)<\/td><td>25<\/td><td>0.7 %<\/td><td>Hochdorf<\/td><\/tr><tr><td>Str\u00e4hl K\u00e4se AG<\/td><td>22<\/td><td>0.7 %<\/td><td>Str\u00e4hl<\/td><\/tr><tr><td>OPU APL MILCO AG<\/td><td>17<\/td><td>0.5 %<\/td><td>Milco<\/td><\/tr><tr><td>OPU APL NESTLE BROC<\/td><td>14<\/td><td>0.4 %<\/td><td>Nestl\u00e9<\/td><\/tr><tr><td>OPU Laiteries R\u00e9unies de Gen\u00e8ve (LRG)<\/td><td>13<\/td><td>0.4 %<\/td><td>LRG<\/td><\/tr><tr><td>Federazione Ticinese Produttori Latte (FTPL)<\/td><td>8<\/td><td>0.2 %<\/td><td>Repris par ZMP donc Emmi<\/td><\/tr><tr><td>Autres<\/td><td>1153<\/td><td>34 %<\/td><td>Fromageries artisanales<\/td><\/tr><\/tbody><\/table><\/figure>\n<\/div><\/div>\n<\/div>\n\n\n\n<h2 class=\"wp-block-heading\">Conclusion concernant l\u2019\u00e9volution des structures des organisations de producteurs<\/h2>\n\n\n\n<ul class=\"wp-block-list\">\n<li>La plupart des organisations de producteurs sont toujours actives depuis la sortie d\u00e9finitive du contingentement laitier. Toutefois, les dix organisations principales ont perdu du volume, passant de 74 % \u00e0 63 % du lait commercialis\u00e9. Il y a ainsi un \u00e9clatement du lait commercialis\u00e9 au sein d\u2019un plus grand nombre de petites organisations.<\/li>\n\n\n\n<li>Les fromageries artisanales transforment 34 % du lait commercialis\u00e9 en sp\u00e9cialit\u00e9s fromag\u00e8res.<\/li>\n<\/ul>\n<div class=\"acf-fields-container\" data-post-id=\"76120\" data-canto-acf=\"true\"><\/div><style>\r\n        .acf-fields-container {\r\n            margin: 2em 0;\r\n            width: 100%;\r\n            clear: both;\r\n        }\r\n        .acf-field-image {\r\n            margin: 1.5em 0;\r\n            position: relative;\r\n        }\r\n        .acf-field-label {\r\n            margin-bottom: 1em;\r\n        }\r\n        .acf-image {\r\n            max-width: 100%;\r\n            height: auto;\r\n            display: block;\r\n            margin: 1em 0;\r\n        }\r\n    <\/style>","protected":false},"excerpt":{"rendered":"<div class=\"seriesmeta agripedia-series-meta-wrapper\">This entry is part 4 of 6 in the series <a href=\"https:\/\/themes.agripedia.ch\/fr\/series\/la-filiere-lait-suisse\/\" class=\"series-3957\" title=\"La Fili\u00e8re Lait Suisse\">La Fili\u00e8re Lait Suisse<\/a><\/div><p>La production laiti\u00e8re suisse, pr\u00e8s d\u2019un quart de l\u2019agriculture, a fortement \u00e9volu\u00e9 avec la d\u00e9r\u00e9gulation. Les exploitations se sont agrandies tandis que leur nombre a diminu\u00e9. Malgr\u00e9 des volumes r\u00e9gionaux contrast\u00e9s, la production reste stable. La fili\u00e8re, diversifi\u00e9e et structur\u00e9e autour d\u2019OP et de fromageries, cherche un nouvel \u00e9quilibre.<\/p>\n","protected":false},"author":120,"featured_media":76704,"comment_status":"closed","ping_status":"open","sticky":false,"template":"","format":"standard","meta":{"_acf_changed":false,"_autodraft_ids":[],"advgb_blocks_editor_width":"","advgb_blocks_columns_visual_guide":"","_monsterinsights_skip_tracking":false,"_monsterinsights_sitenote_active":false,"_monsterinsights_sitenote_note":"","_monsterinsights_sitenote_category":0,"ngg_post_thumbnail":0,"_sb_is_suggestion_mode":false,"_sb_show_suggestion_boards":false,"_sb_show_comment_boards":false,"_sb_suggestion_history":"","_sb_update_block_changes":"","_is_real_time_mode":false,"_realtime_collaborators":"","footnotes":"","cf_checklist_status":["Category Assigned","Featured Image Added"]},"categories":[159,1],"tags":[],"series":[3957],"ppma_author":[251,138,3928],"class_list":["post-76120","post","type-post","status-publish","format-standard","has-post-thumbnail","hentry","category-filieres","category-unkategorisiert","series-la-filiere-lait-suisse"],"pp_statuses_selecting_workflow":false,"pp_workflow_action":"current","pp_status_selection":"publish","acf":[],"canto_acf_fields":"<div class=\"acf-fields-container\" data-post-id=\"76120\" data-canto-acf=\"true\"><\/div><style>\r\n        .acf-fields-container {\r\n            margin: 2em 0;\r\n            width: 100%;\r\n            clear: both;\r\n        }\r\n        .acf-field-image {\r\n            margin: 1.5em 0;\r\n            position: relative;\r\n        }\r\n        .acf-field-label {\r\n            margin-bottom: 1em;\r\n        }\r\n        .acf-image {\r\n            max-width: 100%;\r\n            height: auto;\r\n            display: block;\r\n            margin: 1em 0;\r\n        }\r\n    <\/style>","author_meta":{"display_name":"Pascal Python","author_link":"https:\/\/themes.agripedia.ch\/fr\/author\/ppy\/"},"featured_img":"https:\/\/themes.agripedia.ch\/wp-content\/uploads\/2025\/10\/3_0237-3-300x198.jpeg","coauthors":[{"link":"https:\/\/themes.agripedia.ch\/fr\/author\/ppy\/","display_name":"Pascal Python"},{"link":"https:\/\/themes.agripedia.ch\/fr\/author\/mes\/","display_name":"Magali Esteve"},{"link":"https:\/\/themes.agripedia.ch\/fr\/author\/mtr0\/","display_name":"Mirjam Traore"}],"tax_additional":{"categories":{"linked":["<a href=\"https:\/\/themes.agripedia.ch\/fr\/theme\/themen-fr\/filieres\/\" class=\"advgb-post-tax-term\">Fili\u00e8res<\/a>","<a href=\"https:\/\/themes.agripedia.ch\/thema\/unkategorisiert\/\" class=\"advgb-post-tax-term\">Unkategorisiert<\/a>"],"unlinked":["<span class=\"advgb-post-tax-term\">Fili\u00e8res<\/span>","<span class=\"advgb-post-tax-term\">Unkategorisiert<\/span>"]}},"comment_count":"0","relative_dates":{"created":"Publi\u00e9 3 mois il y a","modified":"Mis \u00e0 jour 3 mois il y a"},"absolute_dates":{"created":"Publi\u00e9 le 23.01.2026","modified":"Mise \u00e0 jour le 26.01.2026"},"absolute_dates_time":{"created":"Publi\u00e9 le 23.01.2026 3:06 pm","modified":"Mise \u00e0 jour le 26.01.2026 3:41 pm"},"featured_img_caption":"","series_order":4,"authors":[{"term_id":251,"user_id":120,"is_guest":0,"slug":"ppy","display_name":"Pascal Python","avatar_url":"https:\/\/secure.gravatar.com\/avatar\/c5d953d7ebf8bfb6e47c3acebc7380ca2d200b4e05642b6503c016984c4c2873?s=96&d=mm&r=g","0":null,"1":"","2":"","3":"","4":"","5":"","6":"","7":"","8":"","9":""},{"term_id":138,"user_id":49,"is_guest":0,"slug":"mes","display_name":"Magali Esteve","avatar_url":"https:\/\/secure.gravatar.com\/avatar\/?s=96&d=mm&r=g","0":null,"1":"","2":"","3":"","4":"","5":"","6":"","7":"","8":"","9":""},{"term_id":3928,"user_id":176,"is_guest":0,"slug":"mtr0","display_name":"Mirjam Traore","avatar_url":"https:\/\/secure.gravatar.com\/avatar\/55b55ea908d856aab847388618abeb9fc5c6bfa8c893e46a883d7b2d6b155df5?s=96&d=mm&r=g","0":null,"1":"","2":"","3":"","4":"","5":"","6":"","7":"","8":"","9":""}],"_links":{"self":[{"href":"https:\/\/themes.agripedia.ch\/fr\/wp-json\/wp\/v2\/posts\/76120","targetHints":{"allow":["GET"]}}],"collection":[{"href":"https:\/\/themes.agripedia.ch\/fr\/wp-json\/wp\/v2\/posts"}],"about":[{"href":"https:\/\/themes.agripedia.ch\/fr\/wp-json\/wp\/v2\/types\/post"}],"author":[{"embeddable":true,"href":"https:\/\/themes.agripedia.ch\/fr\/wp-json\/wp\/v2\/users\/120"}],"replies":[{"embeddable":true,"href":"https:\/\/themes.agripedia.ch\/fr\/wp-json\/wp\/v2\/comments?post=76120"}],"version-history":[{"count":13,"href":"https:\/\/themes.agripedia.ch\/fr\/wp-json\/wp\/v2\/posts\/76120\/revisions"}],"predecessor-version":[{"id":79766,"href":"https:\/\/themes.agripedia.ch\/fr\/wp-json\/wp\/v2\/posts\/76120\/revisions\/79766"}],"wp:featuredmedia":[{"embeddable":true,"href":"https:\/\/themes.agripedia.ch\/fr\/wp-json\/wp\/v2\/media\/76704"}],"wp:attachment":[{"href":"https:\/\/themes.agripedia.ch\/fr\/wp-json\/wp\/v2\/media?parent=76120"}],"wp:term":[{"taxonomy":"category","embeddable":true,"href":"https:\/\/themes.agripedia.ch\/fr\/wp-json\/wp\/v2\/categories?post=76120"},{"taxonomy":"post_tag","embeddable":true,"href":"https:\/\/themes.agripedia.ch\/fr\/wp-json\/wp\/v2\/tags?post=76120"},{"taxonomy":"series","embeddable":true,"href":"https:\/\/themes.agripedia.ch\/fr\/wp-json\/wp\/v2\/series?post=76120"},{"taxonomy":"author","embeddable":true,"href":"https:\/\/themes.agripedia.ch\/fr\/wp-json\/wp\/v2\/ppma_author?post=76120"}],"curies":[{"name":"wp","href":"https:\/\/api.w.org\/{rel}","templated":true}]}}