{"id":75775,"date":"2026-01-26T15:37:29","date_gmt":"2026-01-26T14:37:29","guid":{"rendered":"https:\/\/themes.agripedia.ch\/?p=75775"},"modified":"2026-03-18T09:55:41","modified_gmt":"2026-03-18T08:55:41","slug":"la-filiere-lait-suisse","status":"publish","type":"post","link":"https:\/\/themes.agripedia.ch\/fr\/la-filiere-lait-suisse\/","title":{"rendered":"La Fili\u00e8re Lait Suisse"},"content":{"rendered":"<div class=\"seriesmeta agripedia-series-meta-wrapper\"><!--This entry is part 1 of 6 in the series--> <a href=\"https:\/\/themes.agripedia.ch\/fr\/series\/la-filiere-lait-suisse\/\" class=\"series-3957\" title=\"La Fili\u00e8re Lait Suisse\">La Fili\u00e8re Lait Suisse<\/a> (1 \/ 6)<\/div>\n<p>L\u2019\u00e9conomie laiti\u00e8re, qui repr\u00e9sente 23,7 % de la production agricole totale (OFAG, rapport agricole 2022) est un secteur important de l\u2019agriculture et de l\u2019industrie agro-alimentaire suisse. Le march\u00e9 du lait et la structuration de la fili\u00e8re laiti\u00e8re en Suisse sont r\u00e9guli\u00e8rement l\u2019objet de questionnements quant \u00e0 leur fonctionnement et leur degr\u00e9 de concentration.<br>Le d\u00e9but des ann\u00e9es 2000 a boulevers\u00e9 les bases du march\u00e9 du lait en Suisse. Trois \u00e9tapes majeures vont progressivement conduire \u00e0 une lib\u00e9ralisation partielle du march\u00e9 du lait: la Conf\u00e9d\u00e9ration abroge la garantie de prix et d\u2019\u00e9coulement en 1999, le march\u00e9 du fromage est lib\u00e9ralis\u00e9 avec l\u2019UE en 2007 et le contingentement laitier est supprim\u00e9 en 2009. Le march\u00e9 du lait en Suisse est classiquement divis\u00e9 en deux grandes sous-fili\u00e8res: la fili\u00e8re du lait d\u2019industrie (ligne blanche2) et la fili\u00e8re fromag\u00e8re (ligne jaune).<\/p>\n\n\n\n<div class=\"wp-block-columns is-layout-flex wp-container-core-columns-is-layout-9d6595d7 wp-block-columns-is-layout-flex\">\n<div class=\"wp-block-column is-layout-flow wp-block-column-is-layout-flow\"><div class=\"agripedia-home-post agripedia-subpage-card\" data-type=\"subpage-card\">\n  <a class=\"agripedia-subpage-card__linkwrap\" href=\"https:\/\/themes.agripedia.ch\/fr\/marche-du-lait-et-politique-agricole-en-suisse\/\" target=\"_blank\" rel=\"noopener noreferrer\">    <div class=\"agripedia-home-thumbnail\">\n              <img decoding=\"async\" src=\"https:\/\/themes.agripedia.ch\/wp-content\/uploads\/2025\/10\/the-national-council-hall-4575420_1280-2-1024x476.jpg\" alt=\"March\u00e9 et Politique\" \/>\n          <\/div>\n  <\/a>\n  <div class=\"agripedia-home-post-content\">\n          <h2 class=\"agripedia-home-post-title\">\n                  <a href=\"https:\/\/themes.agripedia.ch\/fr\/marche-du-lait-et-politique-agricole-en-suisse\/\" target=\"_blank\" rel=\"noopener noreferrer\">\n        \n          March\u00e9 et Politique\n                  <\/a>\n              <\/h2>\n    \n      <\/div>\n<\/div>\n<\/div>\n\n\n\n<div class=\"wp-block-column is-layout-flow wp-block-column-is-layout-flow\"><div class=\"agripedia-home-post agripedia-subpage-card\" data-type=\"subpage-card\">\n  <a class=\"agripedia-subpage-card__linkwrap\" href=\"https:\/\/themes.agripedia.ch\/fr\/?p=76431&#038;preview=true&#038;preview_id=76431&#038;_thumbnail_id=76680\" target=\"_blank\" rel=\"noopener noreferrer\">    <div class=\"agripedia-home-thumbnail\">\n              <img decoding=\"async\" src=\"https:\/\/themes.agripedia.ch\/wp-content\/uploads\/2025\/10\/1_img_0088-1024x682.jpeg\" alt=\"La Carte de la Fili\u00e8re Lait Suisse\" \/>\n          <\/div>\n  <\/a>\n  <div class=\"agripedia-home-post-content\">\n          <h2 class=\"agripedia-home-post-title\">\n                  <a href=\"https:\/\/themes.agripedia.ch\/fr\/?p=76431&#038;preview=true&#038;preview_id=76431&#038;_thumbnail_id=76680\" target=\"_blank\" rel=\"noopener noreferrer\">\n        \n          La Carte de la Fili\u00e8re Lait Suisse\n                  <\/a>\n              <\/h2>\n    \n      <\/div>\n<\/div>\n<\/div>\n<\/div>\n\n\n\n<div class=\"wp-block-columns is-layout-flex wp-container-core-columns-is-layout-9d6595d7 wp-block-columns-is-layout-flex\">\n<div class=\"wp-block-column is-layout-flow wp-block-column-is-layout-flow\"><div class=\"agripedia-home-post agripedia-subpage-card\" data-type=\"subpage-card\">\n  <a class=\"agripedia-subpage-card__linkwrap\" href=\"https:\/\/themes.agripedia.ch\/fr\/production\/?preview_id=76120&#038;_thumbnail_id=76704\" target=\"_blank\" rel=\"noopener noreferrer\">    <div class=\"agripedia-home-thumbnail\">\n              <img decoding=\"async\" src=\"https:\/\/themes.agripedia.ch\/wp-content\/uploads\/2025\/10\/3_0237-1024x675.jpeg\" alt=\"Production\" \/>\n          <\/div>\n  <\/a>\n  <div class=\"agripedia-home-post-content\">\n          <h2 class=\"agripedia-home-post-title\">\n                  <a href=\"https:\/\/themes.agripedia.ch\/fr\/production\/?preview_id=76120&#038;_thumbnail_id=76704\" target=\"_blank\" rel=\"noopener noreferrer\">\n        \n          Production\n                  <\/a>\n              <\/h2>\n    \n      <\/div>\n<\/div>\n<\/div>\n\n\n\n<div class=\"wp-block-column is-layout-flow wp-block-column-is-layout-flow\"><div class=\"agripedia-home-post agripedia-subpage-card\" data-type=\"subpage-card\">\n  <a class=\"agripedia-subpage-card__linkwrap\" href=\"https:\/\/themes.agripedia.ch\/fr\/?p=76123&#038;preview=true&#038;preview_id=76123&#038;_thumbnail_id=76708\" target=\"_blank\" rel=\"noopener noreferrer\">    <div class=\"agripedia-home-thumbnail\">\n              <img decoding=\"async\" src=\"https:\/\/themes.agripedia.ch\/wp-content\/uploads\/2025\/10\/csm_HD-73_a8b9598804-1024x683.jpeg\" alt=\"Transformation\" \/>\n          <\/div>\n  <\/a>\n  <div class=\"agripedia-home-post-content\">\n          <h2 class=\"agripedia-home-post-title\">\n                  <a href=\"https:\/\/themes.agripedia.ch\/fr\/?p=76123&#038;preview=true&#038;preview_id=76123&#038;_thumbnail_id=76708\" target=\"_blank\" rel=\"noopener noreferrer\">\n        \n          Transformation\n                  <\/a>\n              <\/h2>\n    \n      <\/div>\n<\/div>\n<\/div>\n\n\n\n<div class=\"wp-block-column is-layout-flow wp-block-column-is-layout-flow\"><div class=\"agripedia-home-post agripedia-subpage-card\" data-type=\"subpage-card\">\n  <a class=\"agripedia-subpage-card__linkwrap\" href=\"https:\/\/themes.agripedia.ch\/fr\/?p=76125&#038;preview=true&#038;preview_id=76125&#038;_thumbnail_id=76760\" target=\"_blank\" rel=\"noopener noreferrer\">    <div class=\"agripedia-home-thumbnail\">\n              <img decoding=\"async\" src=\"https:\/\/themes.agripedia.ch\/wp-content\/uploads\/2025\/10\/9-cheese-4016647_1280-3-1024x757.jpg\" alt=\"Valorisation du Lait en Fromage\" \/>\n          <\/div>\n  <\/a>\n  <div class=\"agripedia-home-post-content\">\n          <h2 class=\"agripedia-home-post-title\">\n                  <a href=\"https:\/\/themes.agripedia.ch\/fr\/?p=76125&#038;preview=true&#038;preview_id=76125&#038;_thumbnail_id=76760\" target=\"_blank\" rel=\"noopener noreferrer\">\n        \n          Valorisation du Lait en Fromage\n                  <\/a>\n              <\/h2>\n    \n      <\/div>\n<\/div>\n<\/div>\n<\/div>\n\n\n\n<h2 class=\"wp-block-heading\" id=\"conclusion-a423ae35-0694-4ecf-8d6b-8765301c68ef\">Conclusion<\/h2>\n\n\n\n<p>Depuis la semi-lib\u00e9ralisation du march\u00e9 laitier suisse en 2000, la fili\u00e8re a connu une profonde <strong>transformation<\/strong>. Le nombre d\u2019exploitations laiti\u00e8res a chut\u00e9 de 38 000 \u00e0 17 000 en 2023, traduisant une <strong>forte sp\u00e9cialisation<\/strong> et une<strong> hausse de la productivit\u00e9 par exploitation<\/strong>. Bien que les principales organisations de producteurs soient rest\u00e9es actives apr\u00e8s la fin du contingentement, leur part de march\u00e9 a diminu\u00e9, laissant place \u00e0 une <strong>multitude de petites structures<\/strong>.<\/p>\n\n\n\n<p>La transformation du lait est \u00e9galement marqu\u00e9e par une <strong>concentration croissante<\/strong>. En 2022, six grands acteurs ont trait\u00e9 60,5 % du lait commercialis\u00e9, contre 71 % en 2012. Parall\u00e8lement, les fromageries artisanales ont conserv\u00e9 une place importante, transformant 34 % du lait en sp\u00e9cialit\u00e9s fromag\u00e8res, notamment \u00e0 base de lait cru sans ensilage. Toutefois, les nouvelles fromageries cr\u00e9\u00e9es par des organisations de producteurs rencontrent des difficult\u00e9s d\u2019acc\u00e8s au march\u00e9, en raison de la saturation du march\u00e9 int\u00e9rieur, du pouvoir de n\u00e9gociation des acheteurs et de la faible comp\u00e9titivit\u00e9 \u00e0 l\u2019export.<\/p>\n\n\n\n<p>Le<strong> commerce de d\u00e9tail et l\u2019industrie de transformation<\/strong> poursuivent leur d\u00e9veloppement par <strong>des fusions et des rachats<\/strong>, r\u00e9duisant le nombre d\u2019acteurs ind\u00e9pendants dans la cha\u00eene de valeur. Les <strong>entreprises \u00e9troitement li\u00e9es aux grandes enseignes du commerce de d\u00e9tail<\/strong> par des partenariats commerciaux r\u00e9ussissent \u00e0 s\u2019int\u00e9grer et \u00e0 se maintenir \u00e9conomiquement, tandis que les petites entreprises alimentaires voient leur marge de man\u0153uvre se r\u00e9duire.<\/p>\n\n\n\n<p>Enfin, l\u2019analyse du niveau de concentration de la fili\u00e8re repose sur l\u2019observation des parts de march\u00e9 et des comportements commerciaux. Pour mieux \u00e9valuer cette concentration, il serait pertinent de mettre en place des indicateurs sp\u00e9cifiques, comme le ratio de concentration ou l\u2019indice de Herfindahl-Hirschman, et d\u2019\u00e9largir les comp\u00e9tences de l\u2019observatoire des march\u00e9s \u00e0 l\u2019analyse des parts de march\u00e9.<\/p>\n\n\n    \n<div class=\"wp-block-agripedia-impressum\" >\n    \n    <div class=\"agripedia-box-header\">\n        Impressum    <\/div>\n\n    <div class=\"agripedia-box-content\">\n        \n\n<p><\/p>\n\n\n\n<p><\/p>\n\n\n\n<p><strong>Auteurs: <\/strong><\/p>\n\n\n\n<ul class=\"wp-block-list\">\n<li>B\u00e4nninger Alfred, Python Pascal, Est\u00e8ve Magali, M\u00e9trailler Gregory<\/li>\n\n\n\n<li>Gestion agripedia: Mirjam Traor\u00e9<\/li>\n<\/ul>\n\n\n\n<p><strong>Bibliographie et lien utiles:<\/strong><\/p>\n\n\n\n<ul class=\"wp-block-list\">\n<li>Fiche th\u00e9matique: <a href=\"https:\/\/agridea.abacuscity.ch\/fr\/A~2929~1\/La-fili%C3%A8re-laiti%C3%A8re-en-Suisse\/Allemand\/Print-papier\" title=\"\">La Fili\u00e8re Lait Suisse<\/a><\/li>\n\n\n\n<li>Page th\u00e9matique OFAG: <a href=\"https:\/\/www.blw.admin.ch\/fr\/lait-et-produits-laitiers\">Lait et produits laitiers<\/a><\/li>\n\n\n\n<li>Rapport agricole OFAG: <a href=\"https:\/\/www.agrarbericht.ch\/fr\/politique\/production-et-ventes\/economie-laitiere\">Rapport agricole 2024 \u2013 Economie laiti\u00e8re<\/a><\/li>\n\n\n\n<li>Page de l&rsquo;IP Lait: <a href=\"https:\/\/www.ip-lait.ch\/fr\/\">Home &#8211; IP Lait<\/a><\/li>\n\n\n\n<li>Article UFA Revue: <a href=\"https:\/\/www.ufarevue.ch\/fre\/gestion\/marche\/marche-du-lait\">March\u00e9 du lait<\/a><\/li>\n\n\n\n<li>Statistique laiti\u00e8re Suisse de l&rsquo;UPS: <a href=\"https:\/\/www.sbv-usp.ch\/fr\/service\/agristat-statistique-de-lagriculture-suisse\/statistique-laitiere-de-la-suisse\">MiSTA, la statistique laiti\u00e8re d\u00e9taill\u00e9e de la Suisse<\/a><\/li>\n\n\n\n<li>Rapport annuel PSL: <a href=\"https:\/\/www.swissmilk.ch\/fr\/producteurs-de-lait\/portrait\/le-lait-est-notre-force\/rapport-annuel\/\">Rapport annuel | Swissmilk<\/a><\/li>\n\n\n\n<li>Rapport annuel Fromarte: <a href=\"https:\/\/www.fromarte.ch\/fr\/fromarte\/rapports-annuels\">Rapports annuels &#8211; Fromarte<\/a><\/li>\n<\/ul>\n\n    <\/div>\n    \n<\/div><div class=\"acf-fields-container\" data-post-id=\"75775\" data-canto-acf=\"true\"><\/div><style>\r\n        .acf-fields-container {\r\n            margin: 2em 0;\r\n            width: 100%;\r\n            clear: both;\r\n        }\r\n        .acf-field-image {\r\n            margin: 1.5em 0;\r\n            position: relative;\r\n        }\r\n        .acf-field-label {\r\n            margin-bottom: 1em;\r\n        }\r\n        .acf-image {\r\n            max-width: 100%;\r\n            height: auto;\r\n            display: block;\r\n            margin: 1em 0;\r\n        }\r\n    <\/style>","protected":false},"excerpt":{"rendered":"<div class=\"seriesmeta agripedia-series-meta-wrapper\">This entry is part 1 of 6 in the series <a href=\"https:\/\/themes.agripedia.ch\/fr\/series\/la-filiere-lait-suisse\/\" class=\"series-3957\" title=\"La Fili\u00e8re Lait Suisse\">La Fili\u00e8re Lait Suisse<\/a><\/div><p>Cet article pr\u00e9sente la fili\u00e8re laiti\u00e8re suisse, de la production \u00e0 la transformation. Il analyse les enjeux \u00e9conomiques, la diversit\u00e9 des acteurs, la formation des prix et la concentration du march\u00e9. Bas\u00e9 sur donn\u00e9es et entre-tiens, il fournit des cl\u00e9s pour comprendre l\u2019\u00e9volution du secteur laitier.<\/p>\n","protected":false},"author":120,"featured_media":76684,"comment_status":"closed","ping_status":"open","sticky":false,"template":"","format":"standard","meta":{"_acf_changed":false,"_autodraft_ids":[],"advgb_blocks_editor_width":"","advgb_blocks_columns_visual_guide":"","_monsterinsights_skip_tracking":false,"_monsterinsights_sitenote_active":false,"_monsterinsights_sitenote_note":"","_monsterinsights_sitenote_category":0,"ngg_post_thumbnail":0,"_sb_is_suggestion_mode":false,"_sb_show_suggestion_boards":false,"_sb_show_comment_boards":false,"_sb_suggestion_history":"","_sb_update_block_changes":"","_is_real_time_mode":false,"_realtime_collaborators":"","footnotes":"","cf_checklist_status":["SEO Title Length","Category Assigned","Content Word Count","External Links","Alt Text for All Images","Featured Image Added"]},"categories":[150,159,160,108,1],"tags":[],"series":[3957],"ppma_author":[251,138,3928],"class_list":["post-75775","post","type-post","status-publish","format-standard","has-post-thumbnail","hentry","category-diversification-transformation-des-produits","category-filieres","category-marches-agricoles","category-agrarpolitik-fr","category-unkategorisiert","series-la-filiere-lait-suisse"],"pp_statuses_selecting_workflow":false,"pp_workflow_action":"current","pp_status_selection":"publish","acf":[],"canto_acf_fields":"<div class=\"acf-fields-container\" data-post-id=\"75775\" data-canto-acf=\"true\"><\/div><style>\r\n        .acf-fields-container {\r\n            margin: 2em 0;\r\n            width: 100%;\r\n            clear: both;\r\n        }\r\n        .acf-field-image {\r\n            margin: 1.5em 0;\r\n            position: relative;\r\n        }\r\n        .acf-field-label {\r\n            margin-bottom: 1em;\r\n        }\r\n        .acf-image {\r\n            max-width: 100%;\r\n            height: auto;\r\n            display: block;\r\n            margin: 1em 0;\r\n        }\r\n    <\/style>","author_meta":{"display_name":"Pascal Python","author_link":"https:\/\/themes.agripedia.ch\/fr\/author\/ppy\/"},"featured_img":"https:\/\/themes.agripedia.ch\/wp-content\/uploads\/2025\/10\/5_img_2023-300x200.jpeg","coauthors":[{"link":"https:\/\/themes.agripedia.ch\/fr\/author\/ppy\/","display_name":"Pascal Python"},{"link":"https:\/\/themes.agripedia.ch\/fr\/author\/mes\/","display_name":"Magali Esteve"},{"link":"https:\/\/themes.agripedia.ch\/fr\/author\/mtr0\/","display_name":"Mirjam Traore"}],"tax_additional":{"categories":{"linked":["<a href=\"https:\/\/themes.agripedia.ch\/fr\/theme\/themen-fr\/diversification-transformation-des-produits\/\" class=\"advgb-post-tax-term\">Diversification, transformation des produits<\/a>","<a href=\"https:\/\/themes.agripedia.ch\/fr\/theme\/themen-fr\/filieres\/\" class=\"advgb-post-tax-term\">Fili\u00e8res<\/a>","<a href=\"https:\/\/themes.agripedia.ch\/fr\/theme\/themen-fr\/marches-agricoles\/\" class=\"advgb-post-tax-term\">March\u00e9s agricoles<\/a>","<a href=\"https:\/\/themes.agripedia.ch\/fr\/theme\/themen-fr\/agrarpolitik-fr\/\" class=\"advgb-post-tax-term\">Politique agricole<\/a>","<a href=\"https:\/\/themes.agripedia.ch\/thema\/unkategorisiert\/\" class=\"advgb-post-tax-term\">Unkategorisiert<\/a>"],"unlinked":["<span class=\"advgb-post-tax-term\">Diversification, transformation des produits<\/span>","<span class=\"advgb-post-tax-term\">Fili\u00e8res<\/span>","<span class=\"advgb-post-tax-term\">March\u00e9s agricoles<\/span>","<span class=\"advgb-post-tax-term\">Politique agricole<\/span>","<span class=\"advgb-post-tax-term\">Unkategorisiert<\/span>"]}},"comment_count":"0","relative_dates":{"created":"Publi\u00e9 3 mois il y a","modified":"Mis \u00e0 jour 1 mois il y a"},"absolute_dates":{"created":"Publi\u00e9 le 26.01.2026","modified":"Mise \u00e0 jour le 18.03.2026"},"absolute_dates_time":{"created":"Publi\u00e9 le 26.01.2026 3:37 pm","modified":"Mise \u00e0 jour le 18.03.2026 9:55 am"},"featured_img_caption":"","series_order":1,"authors":[{"term_id":251,"user_id":120,"is_guest":0,"slug":"ppy","display_name":"Pascal Python","avatar_url":"https:\/\/secure.gravatar.com\/avatar\/c5d953d7ebf8bfb6e47c3acebc7380ca2d200b4e05642b6503c016984c4c2873?s=96&d=mm&r=g","0":null,"1":"","2":"","3":"","4":"","5":"","6":"","7":"","8":"","9":""},{"term_id":138,"user_id":49,"is_guest":0,"slug":"mes","display_name":"Magali Esteve","avatar_url":"https:\/\/secure.gravatar.com\/avatar\/?s=96&d=mm&r=g","0":null,"1":"","2":"","3":"","4":"","5":"","6":"","7":"","8":"","9":""},{"term_id":3928,"user_id":176,"is_guest":0,"slug":"mtr0","display_name":"Mirjam Traore","avatar_url":"https:\/\/secure.gravatar.com\/avatar\/55b55ea908d856aab847388618abeb9fc5c6bfa8c893e46a883d7b2d6b155df5?s=96&d=mm&r=g","0":null,"1":"","2":"","3":"","4":"","5":"","6":"","7":"","8":"","9":""}],"_links":{"self":[{"href":"https:\/\/themes.agripedia.ch\/fr\/wp-json\/wp\/v2\/posts\/75775","targetHints":{"allow":["GET"]}}],"collection":[{"href":"https:\/\/themes.agripedia.ch\/fr\/wp-json\/wp\/v2\/posts"}],"about":[{"href":"https:\/\/themes.agripedia.ch\/fr\/wp-json\/wp\/v2\/types\/post"}],"author":[{"embeddable":true,"href":"https:\/\/themes.agripedia.ch\/fr\/wp-json\/wp\/v2\/users\/120"}],"replies":[{"embeddable":true,"href":"https:\/\/themes.agripedia.ch\/fr\/wp-json\/wp\/v2\/comments?post=75775"}],"version-history":[{"count":14,"href":"https:\/\/themes.agripedia.ch\/fr\/wp-json\/wp\/v2\/posts\/75775\/revisions"}],"predecessor-version":[{"id":81107,"href":"https:\/\/themes.agripedia.ch\/fr\/wp-json\/wp\/v2\/posts\/75775\/revisions\/81107"}],"wp:featuredmedia":[{"embeddable":true,"href":"https:\/\/themes.agripedia.ch\/fr\/wp-json\/wp\/v2\/media\/76684"}],"wp:attachment":[{"href":"https:\/\/themes.agripedia.ch\/fr\/wp-json\/wp\/v2\/media?parent=75775"}],"wp:term":[{"taxonomy":"category","embeddable":true,"href":"https:\/\/themes.agripedia.ch\/fr\/wp-json\/wp\/v2\/categories?post=75775"},{"taxonomy":"post_tag","embeddable":true,"href":"https:\/\/themes.agripedia.ch\/fr\/wp-json\/wp\/v2\/tags?post=75775"},{"taxonomy":"series","embeddable":true,"href":"https:\/\/themes.agripedia.ch\/fr\/wp-json\/wp\/v2\/series?post=75775"},{"taxonomy":"author","embeddable":true,"href":"https:\/\/themes.agripedia.ch\/fr\/wp-json\/wp\/v2\/ppma_author?post=75775"}],"curies":[{"name":"wp","href":"https:\/\/api.w.org\/{rel}","templated":true}]}}