{"id":71336,"date":"2025-01-08T18:54:00","date_gmt":"2025-01-08T17:54:00","guid":{"rendered":"https:\/\/themes.agripedia.ch\/?p=71336"},"modified":"2026-04-14T11:24:55","modified_gmt":"2026-04-14T09:24:55","slug":"mesures-contre-ruissellement-en-cultures-perennes","status":"publish","type":"post","link":"https:\/\/themes.agripedia.ch\/fr\/mesures-contre-ruissellement-en-cultures-perennes\/","title":{"rendered":"Mesures contre ruissellement en cultures p\u00e9rennes"},"content":{"rendered":"<div class=\"seriesmeta agripedia-series-meta-wrapper\"><!--This entry is part 11 of 11 in the series--> <a href=\"https:\/\/themes.agripedia.ch\/fr\/series\/derive-et-ruissellement-dans-la-protection-des-cultures-fr\/\" class=\"series-3879\" title=\"D\u00e9rive et ruissellement dans la protection des cultures\">D\u00e9rive et ruissellement dans la protection des cultures<\/a> (11 \/ 11)<\/div>\n<h2 class=\"wp-block-heading\"><img loading=\"lazy\" decoding=\"async\" width=\"533\" height=\"383\" class=\"wp-image-50816\" style=\"width: 150px\" src=\"https:\/\/themes.agripedia.ch\/wp-content\/uploads\/2024\/03\/Icon_Abschwemmung.png\" alt=\"\" srcset=\"https:\/\/themes.agripedia.ch\/wp-content\/uploads\/2024\/03\/Icon_Abschwemmung.png 533w, https:\/\/themes.agripedia.ch\/wp-content\/uploads\/2024\/03\/Icon_Abschwemmung-300x216.png 300w\" sizes=\"auto, (max-width: 533px) 100vw, 533px\" \/><mark style=\"background-color:#C17929\" class=\"has-inline-color\"><mark style=\"background-color:#C17929\" class=\"has-inline-color\">Mesures visant \u00e0 r\u00e9duire le risque de ruissellement<\/mark><\/mark><\/h2>\n\n\n\n<p>Cette page pr\u00e9sente les mesures visant \u00e0 r\u00e9duire le risque de ruissellement avec l&rsquo;attribution des points de ruissellement correspondants. Vous trouverez des informations sur la d\u00e9termination des points de ruissellement requis sur la page suivante<\/p>\n\n\n\n<div class=\"wp-block-buttons is-layout-flex wp-block-buttons-is-layout-flex\">\n<div class=\"wp-block-button is-style-outline is-style-outline--1\"><a class=\"wp-block-button__link wp-element-button\" href=\"https:\/\/themes.agripedia.ch\/fr\/risque-de-ruissellement-en-cultures-perennes\/\" target=\"_blank\" rel=\"noreferrer noopener\">Risque de ruissellement en cultures p\u00e9rennes<\/a><\/div>\n<\/div>\n\n\n\n<div class=\"wp-block-columns is-layout-flex wp-container-core-columns-is-layout-9d6595d7 wp-block-columns-is-layout-flex\">\n<div class=\"wp-block-column is-layout-flow wp-block-column-is-layout-flow\">\n<figure class=\"wp-block-image alignright size-full is-resized\"><img decoding=\"async\" src=\"https:\/\/themes.agripedia.ch\/wp-content\/uploads\/2024\/04\/hand-icon.svg\" alt=\"\" class=\"wp-image-56923\" style=\"width:56px;height:auto\"\/><\/figure>\n<\/div>\n\n\n\n<div class=\"wp-block-column is-layout-flow wp-block-column-is-layout-flow\">\n<p>Outre les points de ruissellement, des points de d\u00e9rive doivent \u00e9ventuellement \u00eatre respect\u00e9s. Vous trouverez des informations \u00e0 ce sujet dans les pages consacr\u00e9es \u00e0 la d\u00e9rive.<\/p>\n<\/div>\n<\/div>\n\n\n\n<div class=\"wp-block-columns is-layout-flex wp-container-core-columns-is-layout-9d6595d7 wp-block-columns-is-layout-flex\">\n<div class=\"wp-block-column is-layout-flow wp-block-column-is-layout-flow\">\n<figure class=\"wp-block-image alignright size-full is-resized\"><img loading=\"lazy\" decoding=\"async\" width=\"605\" height=\"460\" src=\"https:\/\/themes.agripedia.ch\/wp-content\/uploads\/2024\/04\/icon_abdrift.png\" alt=\"\" class=\"wp-image-56444\" style=\"width:146px;height:auto\" srcset=\"https:\/\/themes.agripedia.ch\/wp-content\/uploads\/2024\/04\/icon_abdrift.png 605w, https:\/\/themes.agripedia.ch\/wp-content\/uploads\/2024\/04\/icon_abdrift-300x228.png 300w\" sizes=\"auto, (max-width: 605px) 100vw, 605px\" \/><\/figure>\n<\/div>\n\n\n\n<div class=\"wp-block-column is-layout-flow wp-block-column-is-layout-flow\">\n<div class=\"wp-block-buttons alignfull is-layout-flex wp-block-buttons-is-layout-flex\">\n<div class=\"wp-block-button is-style-outline is-style-outline--2\"><a class=\"wp-block-button__link wp-element-button\" href=\"https:\/\/themes.agripedia.ch\/fr\/risque-de-derive-en-cultures-verticales\/\" target=\"_blank\" rel=\"noreferrer noopener\">Risque de deriv\u00e9 en cultures verticales<\/a><\/div>\n\n\n\n<div class=\"wp-block-button is-style-outline is-style-outline--3\"><a class=\"wp-block-button__link wp-element-button\" href=\"https:\/\/themes.agripedia.ch\/fr\/mesures-contre-la-derive-en-cultures-verticales\/\" target=\"_blank\" rel=\"noreferrer noopener\">Mesures contre la deriv\u00e9 en cultures verticales<\/a><\/div>\n<\/div>\n<\/div>\n<\/div>\n\n\n\n<figure class=\"wp-block-image size-full\"><img decoding=\"async\" src=\"https:\/\/themes.agripedia.ch\/wp-content\/uploads\/2025\/03\/3340_F-25_Tabelle4__FR.svg\" alt=\"\" class=\"wp-image-70419\"\/><figcaption class=\"wp-element-caption\"><sup>1<\/sup> Les exigences en vigueur dans le PER ainsi que les exceptions (situations sp\u00e9ciales) sont contenues dans les directives PER<\/figcaption><\/figure>\n\n\n\n<ul class=\"wp-block-list\">\n<li>Si plusieurs produits sont m\u00e9lang\u00e9s, prendre les mesures demand\u00e9es pour le produit pr\u00e9sentant le plus grand risque.<\/li>\n\n\n\n<li>Pour obtenir le nombre de points n\u00e9cessaires, diff\u00e9rentes mesures peuvent \u00eatre additionn\u00e9es.<\/li>\n\n\n\n<li>Durant la phase transitoire, la mention figurant sur divers documents indiquant qu\u2019une \u00ab zone tampon enherb\u00e9e sur toute la<br>surface de 6 m par rapport aux eaux de surface \u00bb doit \u00eatre mise en place correspond \u00e0 un point. Cette mesure peut \u00eatre substitu\u00e9e<br>par une autre qui correspondant \u00e0 un point figurant dans le tableau.<\/li>\n<\/ul>\n\n\n\n<h3 class=\"wp-block-heading\"><strong>Bandes herbeuses (1-3&nbsp;points de ruissellement)<\/strong><\/h3>\n\n\n\n<div class=\"wp-block-columns is-layout-flex wp-container-core-columns-is-layout-9d6595d7 wp-block-columns-is-layout-flex\">\n<div class=\"wp-block-column is-layout-flow wp-block-column-is-layout-flow\">\n<figure class=\"wp-block-image size-full\"><img loading=\"lazy\" decoding=\"async\" width=\"395\" height=\"307\" src=\"https:\/\/themes.agripedia.ch\/wp-content\/uploads\/2025\/03\/P1050316bearb.jpg\" alt=\"\" class=\"wp-image-69720\" srcset=\"https:\/\/themes.agripedia.ch\/wp-content\/uploads\/2025\/03\/P1050316bearb.jpg 395w, https:\/\/themes.agripedia.ch\/wp-content\/uploads\/2025\/03\/P1050316bearb-300x233.jpg 300w\" sizes=\"auto, (max-width: 395px) 100vw, 395px\" \/><figcaption class=\"wp-element-caption\">a + b = minimum 6m aux eaux, jusqu\u2019au<br>sommet de la berge si la pente du talus \u2265&nbsp;50&nbsp;%<br>Les zones non enherb\u00e9es (c) ne peuvent<br>pas \u00eatre comptabilis\u00e9es; source : Johannes Hanhart, AGRIDEA<\/figcaption><\/figure>\n<\/div>\n\n\n\n<div class=\"wp-block-column is-layout-flow wp-block-column-is-layout-flow\">\n<p><mark style=\"background-color:rgba(0, 0, 0, 0)\" class=\"has-inline-color has-white-color\">B<\/mark><\/p>\n\n\n\n<p><strong>Bandes herbeuses entre la parcelle et les eaux superficielles<\/strong><\/p>\n\n\n\n<p>Dans les PER, une zone de 6 m non trait\u00e9e est exig\u00e9e de toute fa\u00e7on le long des eaux de surface pour tous les produits. Dans le cadre de la lutte contre le ruissellement, la bande herbeuse doit \u00eatre mise en place sur toute la largeur annonc\u00e9e<br>(6, 10 ou 20 m\u00e8tres) :<\/p>\n\n\n\n<ul class=\"wp-block-list\">\n<li>s\u2019il y a un chemin entre la parcelle et les eaux de surface, la largeur du chemin ne compte pas dans la largeur consid\u00e9r\u00e9e ;<\/li>\n\n\n\n<li>s\u2019il y a seulement des bandes de roulement sans enherbement, elles doivent \u00eatre d\u00e9duites de la largeur consid\u00e9r\u00e9e.<br>6 m = 1 point 10 m = 2 points 20 m = 3 points<\/li>\n<\/ul>\n\n\n\n<p>Il est possible d\u2019additionner plusieurs bandes herbeuses ; par exemple, deux bandes herbeuses entrecoup\u00e9es par un chemin peuvent \u00eatre combin\u00e9es. Pour obtenir 3 points, il est n\u00e9cessaire que la largeur de ces deux bandes soit \u00e9gale \u00e0 20 m.<br><strong>Le maximum possible dans le cas d\u2019une combinaison de plusieurs bandes herbeuses est de 3 points.<\/strong><\/p>\n<\/div>\n<\/div>\n\n\n\n<h3 class=\"wp-block-heading\">Mesures en cultures p\u00e9rennes<\/h3>\n\n\n\n<div class=\"wp-block-columns is-layout-flex wp-container-core-columns-is-layout-9d6595d7 wp-block-columns-is-layout-flex\">\n<div class=\"wp-block-column is-layout-flow wp-block-column-is-layout-flow\">\n<figure class=\"wp-block-image size-large\"><img loading=\"lazy\" decoding=\"async\" width=\"1024\" height=\"710\" src=\"https:\/\/themes.agripedia.ch\/wp-content\/uploads\/2025\/03\/apfelanlage-3-1024x710.jpg\" alt=\"\" class=\"wp-image-69725\" srcset=\"https:\/\/themes.agripedia.ch\/wp-content\/uploads\/2025\/03\/apfelanlage-3-1024x710.jpg 1024w, https:\/\/themes.agripedia.ch\/wp-content\/uploads\/2025\/03\/apfelanlage-3-300x208.jpg 300w, https:\/\/themes.agripedia.ch\/wp-content\/uploads\/2025\/03\/apfelanlage-3-768x533.jpg 768w, https:\/\/themes.agripedia.ch\/wp-content\/uploads\/2025\/03\/apfelanlage-3-1536x1066.jpg 1536w, https:\/\/themes.agripedia.ch\/wp-content\/uploads\/2025\/03\/apfelanlage-3-1200x832.jpg 1200w, https:\/\/themes.agripedia.ch\/wp-content\/uploads\/2025\/03\/apfelanlage-3.jpg 1871w\" sizes=\"auto, (max-width: 1024px) 100vw, 1024px\" \/><figcaption class=\"wp-element-caption\">Source : Johannes Hanhart, AGRIDEA<\/figcaption><\/figure>\n<\/div>\n\n\n\n<div class=\"wp-block-column is-layout-flow wp-block-column-is-layout-flow\">\n<p><mark style=\"background-color:rgba(0, 0, 0, 0)\" class=\"has-inline-color has-white-color\">B<\/mark><\/p>\n\n\n\n<p><strong>Enherbement entre les rangs<\/strong> <strong>(arboriculture)<\/strong><\/p>\n\n\n\n<ul class=\"wp-block-list\">\n<li>Tout les interlignes doit \u00eatre enherb\u00e9, seul le cavaillon est d\u00e9sherb\u00e9 dans le respect des r\u00e8gles PER.<\/li>\n<\/ul>\n\n\n\n<p><strong>&nbsp;&nbsp;&nbsp;&nbsp;&nbsp;&nbsp;&nbsp;&nbsp;&nbsp;&nbsp; 1 point<\/strong><\/p>\n\n\n\n<ul class=\"wp-block-list\">\n<li>Les tourni\u00e8res doivent aussi \u00eatre enherb\u00e9es.<\/li>\n<\/ul>\n\n\n\n<p><strong>&nbsp;&nbsp;&nbsp;&nbsp;&nbsp;&nbsp;&nbsp;&nbsp;&nbsp; 2 points<\/strong><\/p>\n<\/div>\n<\/div>\n\n\n\n<div class=\"wp-block-columns is-layout-flex wp-container-core-columns-is-layout-9d6595d7 wp-block-columns-is-layout-flex\">\n<div class=\"wp-block-column is-layout-flow wp-block-column-is-layout-flow\">\n<figure class=\"wp-block-image size-large\"><img loading=\"lazy\" decoding=\"async\" width=\"1024\" height=\"576\" src=\"https:\/\/themes.agripedia.ch\/wp-content\/uploads\/2025\/03\/P1050291-1024x576.jpg\" alt=\"\" class=\"wp-image-69739\" srcset=\"https:\/\/themes.agripedia.ch\/wp-content\/uploads\/2025\/03\/P1050291-1024x576.jpg 1024w, https:\/\/themes.agripedia.ch\/wp-content\/uploads\/2025\/03\/P1050291-300x169.jpg 300w, https:\/\/themes.agripedia.ch\/wp-content\/uploads\/2025\/03\/P1050291-768x432.jpg 768w, https:\/\/themes.agripedia.ch\/wp-content\/uploads\/2025\/03\/P1050291-1536x865.jpg 1536w, https:\/\/themes.agripedia.ch\/wp-content\/uploads\/2025\/03\/P1050291-2048x1153.jpg 2048w, https:\/\/themes.agripedia.ch\/wp-content\/uploads\/2025\/03\/P1050291-1200x675.jpg 1200w, https:\/\/themes.agripedia.ch\/wp-content\/uploads\/2025\/03\/P1050291-1980x1114.jpg 1980w\" sizes=\"auto, (max-width: 1024px) 100vw, 1024px\" \/><figcaption class=\"wp-element-caption\">Source : Johannes Hanhart, AGRIDEA<\/figcaption><\/figure>\n<\/div>\n\n\n\n<div class=\"wp-block-column is-layout-flow wp-block-column-is-layout-flow\">\n<p><mark style=\"background-color:rgba(0, 0, 0, 0)\" class=\"has-inline-color has-white-color\">B<\/mark><\/p>\n\n\n\n<p><strong>Enherbement complet<\/strong><\/p>\n\n\n\n<ul class=\"wp-block-list\">\n<li>Toute la surface, y compris le cavaillon et les tourni\u00e8res, doit \u00eatre enti\u00e8rement enherb\u00e9e.<\/li>\n<\/ul>\n\n\n\n<p><strong>3 points<\/strong><\/p>\n<\/div>\n<\/div>\n\n\n\n<div class=\"wp-block-columns is-layout-flex wp-container-core-columns-is-layout-9d6595d7 wp-block-columns-is-layout-flex\">\n<div class=\"wp-block-column is-layout-flow wp-block-column-is-layout-flow\">\n<figure class=\"wp-block-image size-large\"><img loading=\"lazy\" decoding=\"async\" width=\"1024\" height=\"683\" src=\"https:\/\/themes.agripedia.ch\/wp-content\/uploads\/2025\/03\/Begruent_k_Vorg_P1030232-1024x683.jpg\" alt=\"\" class=\"wp-image-69730\" srcset=\"https:\/\/themes.agripedia.ch\/wp-content\/uploads\/2025\/03\/Begruent_k_Vorg_P1030232-1024x683.jpg 1024w, https:\/\/themes.agripedia.ch\/wp-content\/uploads\/2025\/03\/Begruent_k_Vorg_P1030232-300x200.jpg 300w, https:\/\/themes.agripedia.ch\/wp-content\/uploads\/2025\/03\/Begruent_k_Vorg_P1030232-768x512.jpg 768w, https:\/\/themes.agripedia.ch\/wp-content\/uploads\/2025\/03\/Begruent_k_Vorg_P1030232-1536x1024.jpg 1536w, https:\/\/themes.agripedia.ch\/wp-content\/uploads\/2025\/03\/Begruent_k_Vorg_P1030232-2048x1365.jpg 2048w, https:\/\/themes.agripedia.ch\/wp-content\/uploads\/2025\/03\/Begruent_k_Vorg_P1030232-1200x800.jpg 1200w, https:\/\/themes.agripedia.ch\/wp-content\/uploads\/2025\/03\/Begruent_k_Vorg_P1030232-1980x1320.jpg 1980w\" sizes=\"auto, (max-width: 1024px) 100vw, 1024px\" \/><figcaption class=\"wp-element-caption\">Source : Johannes Hanhart, AGRIDEA<\/figcaption><\/figure>\n<\/div>\n\n\n\n<div class=\"wp-block-column is-layout-flow wp-block-column-is-layout-flow\">\n<p><mark style=\"background-color:rgba(0, 0, 0, 0)\" class=\"has-inline-color has-white-color\">B<\/mark><\/p>\n\n\n\n<p><strong><strong>Enherbement entre les rangs<\/strong><\/strong> <strong>(viticulture)<\/strong><\/p>\n\n\n\n<p>Chaque rang est enherb\u00e9, mais il n\u2019y a pas de tourni\u00e8re <\/p>\n\n\n\n<p><strong>1 point<\/strong><\/p>\n<\/div>\n<\/div>\n\n\n\n<div class=\"wp-block-columns is-layout-flex wp-container-core-columns-is-layout-9d6595d7 wp-block-columns-is-layout-flex\">\n<div class=\"wp-block-column is-layout-flow wp-block-column-is-layout-flow\">\n<figure class=\"wp-block-image size-large\"><img loading=\"lazy\" decoding=\"async\" width=\"1024\" height=\"683\" src=\"https:\/\/themes.agripedia.ch\/wp-content\/uploads\/2025\/03\/2.R_begr_inkl.Vorg_P1030222-1024x683.jpg\" alt=\"\" class=\"wp-image-69733\" srcset=\"https:\/\/themes.agripedia.ch\/wp-content\/uploads\/2025\/03\/2.R_begr_inkl.Vorg_P1030222-1024x683.jpg 1024w, https:\/\/themes.agripedia.ch\/wp-content\/uploads\/2025\/03\/2.R_begr_inkl.Vorg_P1030222-300x200.jpg 300w, https:\/\/themes.agripedia.ch\/wp-content\/uploads\/2025\/03\/2.R_begr_inkl.Vorg_P1030222-768x512.jpg 768w, https:\/\/themes.agripedia.ch\/wp-content\/uploads\/2025\/03\/2.R_begr_inkl.Vorg_P1030222-1536x1024.jpg 1536w, https:\/\/themes.agripedia.ch\/wp-content\/uploads\/2025\/03\/2.R_begr_inkl.Vorg_P1030222-2048x1365.jpg 2048w, https:\/\/themes.agripedia.ch\/wp-content\/uploads\/2025\/03\/2.R_begr_inkl.Vorg_P1030222-1200x800.jpg 1200w, https:\/\/themes.agripedia.ch\/wp-content\/uploads\/2025\/03\/2.R_begr_inkl.Vorg_P1030222-1980x1320.jpg 1980w\" sizes=\"auto, (max-width: 1024px) 100vw, 1024px\" \/><figcaption class=\"wp-element-caption\">Source : Johannes Hanhart, AGRIDEA<\/figcaption><\/figure>\n<\/div>\n\n\n\n<div class=\"wp-block-column is-layout-flow wp-block-column-is-layout-flow\">\n<p><strong>ou<\/strong> <\/p>\n\n\n\n<p>Si, conform\u00e9ment aux exigences des PER, un interligne sur deux est enherb\u00e9, il faut qu\u2019il y ait en aval une tourni\u00e8re enherb\u00e9e (accept\u00e9 jusqu\u2019en 2026).<\/p>\n\n\n\n<p><strong>1 point<\/strong><\/p>\n<\/div>\n<\/div>\n\n\n\n<div class=\"wp-block-columns is-layout-flex wp-container-core-columns-is-layout-9d6595d7 wp-block-columns-is-layout-flex\">\n<div class=\"wp-block-column is-layout-flow wp-block-column-is-layout-flow\">\n<figure class=\"wp-block-image size-large\"><img loading=\"lazy\" decoding=\"async\" width=\"1024\" height=\"683\" src=\"https:\/\/themes.agripedia.ch\/wp-content\/uploads\/2025\/03\/begruent_inkl.Vorg_P1030223-1024x683.jpg\" alt=\"\" class=\"wp-image-69736\" srcset=\"https:\/\/themes.agripedia.ch\/wp-content\/uploads\/2025\/03\/begruent_inkl.Vorg_P1030223-1024x683.jpg 1024w, https:\/\/themes.agripedia.ch\/wp-content\/uploads\/2025\/03\/begruent_inkl.Vorg_P1030223-300x200.jpg 300w, https:\/\/themes.agripedia.ch\/wp-content\/uploads\/2025\/03\/begruent_inkl.Vorg_P1030223-768x512.jpg 768w, https:\/\/themes.agripedia.ch\/wp-content\/uploads\/2025\/03\/begruent_inkl.Vorg_P1030223-1536x1024.jpg 1536w, https:\/\/themes.agripedia.ch\/wp-content\/uploads\/2025\/03\/begruent_inkl.Vorg_P1030223-2048x1365.jpg 2048w, https:\/\/themes.agripedia.ch\/wp-content\/uploads\/2025\/03\/begruent_inkl.Vorg_P1030223-1200x800.jpg 1200w, https:\/\/themes.agripedia.ch\/wp-content\/uploads\/2025\/03\/begruent_inkl.Vorg_P1030223-1980x1320.jpg 1980w\" sizes=\"auto, (max-width: 1024px) 100vw, 1024px\" \/><figcaption class=\"wp-element-caption\">Source : Johannes Hanhart, AGRIDEA<\/figcaption><\/figure>\n<\/div>\n\n\n\n<div class=\"wp-block-column is-layout-flow wp-block-column-is-layout-flow\">\n<p><mark style=\"background-color:rgba(0, 0, 0, 0)\" class=\"has-inline-color has-white-color\">B<\/mark><\/p>\n\n\n\n<p>Toute la zone entre les rang\u00e9es ainsi que la tourni\u00e8re aval doivent \u00eatre enherb\u00e9es, seule le cavaillon n&rsquo;est pas enherb\u00e9e.<\/p>\n\n\n\n<p><strong>2 points<\/strong><\/p>\n<\/div>\n<\/div>\n\n\n\n<div class=\"wp-block-columns is-layout-flex wp-container-core-columns-is-layout-9d6595d7 wp-block-columns-is-layout-flex\">\n<div class=\"wp-block-column is-layout-flow wp-block-column-is-layout-flow\">\n<figure class=\"wp-block-image size-large\"><img loading=\"lazy\" decoding=\"async\" width=\"1024\" height=\"683\" src=\"https:\/\/themes.agripedia.ch\/wp-content\/uploads\/2025\/03\/Vollst_begr_inkl.Vorg_P1030234-1024x683.jpg\" alt=\"\" class=\"wp-image-69756\" srcset=\"https:\/\/themes.agripedia.ch\/wp-content\/uploads\/2025\/03\/Vollst_begr_inkl.Vorg_P1030234-1024x683.jpg 1024w, https:\/\/themes.agripedia.ch\/wp-content\/uploads\/2025\/03\/Vollst_begr_inkl.Vorg_P1030234-300x200.jpg 300w, https:\/\/themes.agripedia.ch\/wp-content\/uploads\/2025\/03\/Vollst_begr_inkl.Vorg_P1030234-768x512.jpg 768w, https:\/\/themes.agripedia.ch\/wp-content\/uploads\/2025\/03\/Vollst_begr_inkl.Vorg_P1030234-1536x1024.jpg 1536w, https:\/\/themes.agripedia.ch\/wp-content\/uploads\/2025\/03\/Vollst_begr_inkl.Vorg_P1030234-2048x1365.jpg 2048w, https:\/\/themes.agripedia.ch\/wp-content\/uploads\/2025\/03\/Vollst_begr_inkl.Vorg_P1030234-1200x800.jpg 1200w, https:\/\/themes.agripedia.ch\/wp-content\/uploads\/2025\/03\/Vollst_begr_inkl.Vorg_P1030234-1980x1320.jpg 1980w\" sizes=\"auto, (max-width: 1024px) 100vw, 1024px\" \/><figcaption class=\"wp-element-caption\">Source : Johannes Hanhart, AGRIDEA<\/figcaption><\/figure>\n<\/div>\n\n\n\n<div class=\"wp-block-column is-layout-flow wp-block-column-is-layout-flow\">\n<p><mark style=\"background-color:rgba(0, 0, 0, 0)\" class=\"has-inline-color has-white-color\">B<\/mark><\/p>\n\n\n\n<p><strong>Enherbement complet<\/strong><\/p>\n\n\n\n<p>Tout l\u2019interligne et la tourni\u00e8re situ\u00e9e en aval doivent \u00eatre enherb\u00e9s..<\/p>\n\n\n\n<p><strong>3 points <\/strong><\/p>\n<\/div>\n<\/div>\n\n\n\n<h3 class=\"wp-block-heading\"><strong>Type de plantation<\/strong><\/h3>\n\n\n\n<div class=\"wp-block-columns is-layout-flex wp-container-core-columns-is-layout-9d6595d7 wp-block-columns-is-layout-flex\">\n<div class=\"wp-block-column is-layout-flow wp-block-column-is-layout-flow\">\n<figure class=\"wp-block-image size-large\"><img loading=\"lazy\" decoding=\"async\" width=\"1024\" height=\"681\" src=\"https:\/\/themes.agripedia.ch\/wp-content\/uploads\/2025\/03\/X_Terrasses_PDR-1024x681.jpg\" alt=\"\" class=\"wp-image-69759\" srcset=\"https:\/\/themes.agripedia.ch\/wp-content\/uploads\/2025\/03\/X_Terrasses_PDR-1024x681.jpg 1024w, https:\/\/themes.agripedia.ch\/wp-content\/uploads\/2025\/03\/X_Terrasses_PDR-300x200.jpg 300w, https:\/\/themes.agripedia.ch\/wp-content\/uploads\/2025\/03\/X_Terrasses_PDR-768x511.jpg 768w, https:\/\/themes.agripedia.ch\/wp-content\/uploads\/2025\/03\/X_Terrasses_PDR-1200x798.jpg 1200w, https:\/\/themes.agripedia.ch\/wp-content\/uploads\/2025\/03\/X_Terrasses_PDR.jpg 1421w\" sizes=\"auto, (max-width: 1024px) 100vw, 1024px\" \/><figcaption class=\"wp-element-caption\">Source: Philippe Droz, AGRIDEA<\/figcaption><\/figure>\n<\/div>\n\n\n\n<div class=\"wp-block-column is-layout-flow wp-block-column-is-layout-flow\">\n<p><mark style=\"background-color:rgba(0, 0, 0, 0)\" class=\"has-inline-color has-white-color\">B<\/mark><\/p>\n\n\n\n<p><strong>Terrasses traditionelle (selon l&rsquo;annexe&nbsp;<a href=\"https:\/\/www.fedlex.admin.ch\/eli\/cc\/2013\/765\/fr\" target=\"_blank\" rel=\"noopener\" title=\"\">3&nbsp;OPD<\/a>)<\/strong><\/p>\n\n\n\n<ul class=\"wp-block-list\">\n<li>Les vignes en terrasses doivent \u00eatre constitu\u00e9es de plusieurs paliers bord\u00e9s de murs de sout\u00e8nement en amont et en aval.<\/li>\n\n\n\n<li>La distance s\u00e9parant les murs de sout\u00e8nement d\u2019une terrasse ne doit pas d\u00e9passer 30&nbsp;m\u00e8tres en moyenne entre l\u2019aval et l\u2019amont.<\/li>\n\n\n\n<li>La hauteur du mur de sout\u00e8nement doit \u00eatre d\u2019au moins 1&nbsp;m\u00e8tre.<\/li>\n\n\n\n<li>Les murs de sout\u00e8nement sont faits en types de ma\u00e7onnerie courants (pas de mur en b\u00e9ton conventionnels)<\/li>\n\n\n\n<li>L\u2019am\u00e9nagement en terrasses doit couvrir un p\u00e9rim\u00e8tre total de 1&nbsp;hectare au moins.<\/li>\n<\/ul>\n\n\n\n<p><strong>1 point<\/strong><\/p>\n<\/div>\n<\/div>\n\n\n\n<div class=\"wp-block-columns is-layout-flex wp-container-core-columns-is-layout-9d6595d7 wp-block-columns-is-layout-flex\">\n<div class=\"wp-block-column is-layout-flow wp-block-column-is-layout-flow\">\n<figure class=\"wp-block-image size-large\"><img loading=\"lazy\" decoding=\"async\" width=\"1024\" height=\"683\" src=\"https:\/\/themes.agripedia.ch\/wp-content\/uploads\/2025\/03\/Y-Vigne-en-banquettes-IMG_2018-1024x683.jpg\" alt=\"\" class=\"wp-image-69762\" srcset=\"https:\/\/themes.agripedia.ch\/wp-content\/uploads\/2025\/03\/Y-Vigne-en-banquettes-IMG_2018-1024x683.jpg 1024w, https:\/\/themes.agripedia.ch\/wp-content\/uploads\/2025\/03\/Y-Vigne-en-banquettes-IMG_2018-300x200.jpg 300w, https:\/\/themes.agripedia.ch\/wp-content\/uploads\/2025\/03\/Y-Vigne-en-banquettes-IMG_2018-768x512.jpg 768w, https:\/\/themes.agripedia.ch\/wp-content\/uploads\/2025\/03\/Y-Vigne-en-banquettes-IMG_2018-1200x800.jpg 1200w, https:\/\/themes.agripedia.ch\/wp-content\/uploads\/2025\/03\/Y-Vigne-en-banquettes-IMG_2018.jpg 1417w\" sizes=\"auto, (max-width: 1024px) 100vw, 1024px\" \/><figcaption class=\"wp-element-caption\">Source : St\u00e9phane Emery, Etat du Valais<\/figcaption><\/figure>\n<\/div>\n\n\n\n<div class=\"wp-block-column is-layout-flow wp-block-column-is-layout-flow\">\n<p><mark style=\"background-color:rgba(0, 0, 0, 0)\" class=\"has-inline-color has-white-color\">B<\/mark><\/p>\n\n\n\n<p><strong><strong>Terrasses (banquettes modernes)<\/strong><\/strong><\/p>\n\n\n\n<ul class=\"wp-block-list\">\n<li>La terrasse ne pr\u00e9sente pas de d\u00e9clivit\u00e9 dans le sens de la pente.<\/li>\n<\/ul>\n\n\n\n<p><strong>2 points<\/strong><\/p>\n\n\n\n<p>Pour plus de d\u00e9tails, voir fiches techniques viticuture \u00ab <a href=\"https:\/\/agridea.abacuscity.ch\/fr\/A~1596~1\/3~410300~Shop\/Publications\/Production-v%C3%A9g%C3%A9tale-Environnement\/Cultures-sp%C3%A9ciales\/Viticulture-classeur-de-fiches-techniques\/Deutsch\/Print-Papier\" target=\"_blank\" rel=\"noopener\" title=\"\">Plantation \u2013 Culture en banquette<\/a> \u00bb d\u2019AGRIDEA.<\/p>\n<\/div>\n<\/div>\n\n\n\n<h3 class=\"wp-block-heading\"><strong>Type de traitement<\/strong><\/h3>\n\n\n\n<p><strong>Traitement sur &lt; 50 % de la surface (herbicides)<\/strong><\/p>\n\n\n\n<p>Pour les herbicides qui sont homologu\u00e9s sur toute la surface, le fait de limiter l\u2019application sous le rang permet de r\u00e9duire la quantit\u00e9 de produit de plus de moiti\u00e9.<\/p>\n\n\n\n<p><strong>1 point<\/strong><\/p>\n\n\n\n<p>Pour les herbicides dont la charge mentionne \u00ab uniquement pour traitement sous le rang \u00bb, il n\u2019est pas possible d\u2019obtenir de points. Voir dans \u00ab l\u2019index phytosanitaire pour l\u2019arboriculture \u00bb ou la \u00ab liste des produits phytosanitaires homologu\u00e9s pour les cultures de baies \u00bb.<\/p>\n\n\n\n<div class=\"wp-block-group agripedia-impressum is-layout-flow wp-block-group-is-layout-flow\">\n<div class=\"wp-block-group agripedia-impressum-header is-layout-flow wp-block-group-is-layout-flow\">\n<h5 class=\"wp-block-heading\">Impressum<\/h5>\n<\/div>\n\n\n\n<div class=\"wp-block-group agripedia-impressum-content is-layout-flow wp-block-group-is-layout-flow\">\n<p><strong><strong><strong><strong>Photo de couverture<\/strong><\/strong><\/strong> <strong>:<\/strong><\/strong> Dominique Dietiker, AGRIDEA<\/p>\n\n\n\n<p><strong><strong><strong>Graphique :<\/strong><\/strong><\/strong> Merel Goojer\/Katja Krawetzke, AGRIDEA<\/p>\n\n\n\n<p class=\"no-space\"><strong><strong><strong><strong>Soutien technique :<\/strong><\/strong><\/strong><\/strong><\/p>\n\n\n\n<ul class=\"wp-block-list\">\n<li>Laurent Nyffenegger, OFAG<\/li>\n\n\n\n<li>Martina Keller, OSAV<\/li>\n\n\n\n<li>Nicole Fl\u00fckiger, OSAV<\/li>\n\n\n\n<li>Urs Sch\u00f6nenberger, OFEV<\/li>\n\n\n\n<li>Christian Linder, Agroscope<\/li>\n\n\n\n<li>Max Kopp, Inforama Bern<\/li>\n\n\n\n<li>Marlis N\u00f6lly, BBZ Arenenberg<\/li>\n\n\n\n<li>Fabio Kuonen, Office d&rsquo;arboriculture et cultures mara\u00eech\u00e8res, VS<\/li>\n\n\n\n<li>Lorenz Escher, KOL TG<\/li>\n<\/ul>\n<\/div>\n<\/div>\n<div class=\"acf-fields-container\" data-post-id=\"71336\" data-canto-acf=\"true\"><\/div><style>\r\n        .acf-fields-container {\r\n            margin: 2em 0;\r\n            width: 100%;\r\n            clear: both;\r\n        }\r\n        .acf-field-image {\r\n            margin: 1.5em 0;\r\n            position: relative;\r\n        }\r\n        .acf-field-label {\r\n            margin-bottom: 1em;\r\n        }\r\n        .acf-image {\r\n            max-width: 100%;\r\n            height: auto;\r\n            display: block;\r\n            margin: 1em 0;\r\n        }\r\n    <\/style>","protected":false},"excerpt":{"rendered":"<div class=\"seriesmeta agripedia-series-meta-wrapper\">This entry is part 11 of 11 in the series <a href=\"https:\/\/themes.agripedia.ch\/fr\/series\/derive-et-ruissellement-dans-la-protection-des-cultures-fr\/\" class=\"series-3879\" title=\"D\u00e9rive et ruissellement dans la protection des cultures\">D\u00e9rive et ruissellement dans la protection des cultures<\/a><\/div><p>Mesures contre le ruissellement des produits phytosanitaires dans les cultures p\u00e9rennes.<\/p>\n","protected":false},"author":95,"featured_media":69776,"comment_status":"closed","ping_status":"open","sticky":false,"template":"","format":"standard","meta":{"_acf_changed":false,"_autodraft_ids":[],"advgb_blocks_editor_width":"","advgb_blocks_columns_visual_guide":"","_monsterinsights_skip_tracking":false,"_monsterinsights_sitenote_active":false,"_monsterinsights_sitenote_note":"","_monsterinsights_sitenote_category":0,"ngg_post_thumbnail":0,"_sb_is_suggestion_mode":false,"_sb_show_suggestion_boards":false,"_sb_show_comment_boards":false,"_sb_suggestion_history":"","_sb_update_block_changes":"","_is_real_time_mode":false,"_realtime_collaborators":"","footnotes":"","cf_checklist_status":["SEO Title Length","Content Word Count","Internal Links","External Links","Featured Image Added","Category Assigned"]},"categories":[286,731],"tags":[],"series":[3879],"ppma_author":[345,76,3911,420],"class_list":["post-71336","post","type-post","status-publish","format-standard","has-post-thumbnail","hentry","category-protection-des-cultures","category-protection-des-eaux","series-derive-et-ruissellement-dans-la-protection-des-cultures-fr"],"pp_statuses_selecting_workflow":false,"pp_workflow_action":"current","pp_status_selection":"publish","acf":[],"canto_acf_fields":"<div class=\"acf-fields-container\" data-post-id=\"71336\" data-canto-acf=\"true\"><\/div><style>\r\n        .acf-fields-container {\r\n            margin: 2em 0;\r\n            width: 100%;\r\n            clear: both;\r\n        }\r\n        .acf-field-image {\r\n            margin: 1.5em 0;\r\n            position: relative;\r\n        }\r\n        .acf-field-label {\r\n            margin-bottom: 1em;\r\n        }\r\n        .acf-image {\r\n            max-width: 100%;\r\n            height: auto;\r\n            display: block;\r\n            margin: 1em 0;\r\n        }\r\n    <\/style>","author_meta":{"display_name":"Benedikt Kramer","author_link":"https:\/\/themes.agripedia.ch\/fr\/author\/bkr\/"},"featured_img":"https:\/\/themes.agripedia.ch\/wp-content\/uploads\/2025\/03\/DDI_Beeren-300x200.jpg","coauthors":[{"link":"https:\/\/themes.agripedia.ch\/fr\/author\/bkr\/","display_name":"Benedikt Kramer"},{"link":"https:\/\/themes.agripedia.ch\/fr\/author\/jha\/","display_name":"Johannes Hanhart"},{"link":"https:\/\/themes.agripedia.ch\/fr\/author\/kvo0\/","display_name":"Kathrin von Arx"},{"link":"https:\/\/themes.agripedia.ch\/fr\/author\/glo\/","display_name":"Gabrielle Loichat"}],"tax_additional":{"categories":{"linked":["<a href=\"https:\/\/themes.agripedia.ch\/fr\/theme\/themen-fr\/protection-des-cultures\/\" class=\"advgb-post-tax-term\">Protection des cultures<\/a>","<a href=\"https:\/\/themes.agripedia.ch\/fr\/theme\/themen-fr\/protection-des-eaux\/\" class=\"advgb-post-tax-term\">Protection des eaux<\/a>"],"unlinked":["<span class=\"advgb-post-tax-term\">Protection des cultures<\/span>","<span class=\"advgb-post-tax-term\">Protection des eaux<\/span>"]}},"comment_count":"0","relative_dates":{"created":"Publi\u00e9 1 an il y a","modified":"Mis \u00e0 jour 2 semaines il y a"},"absolute_dates":{"created":"Publi\u00e9 le 08.01.2025","modified":"Mise \u00e0 jour le 14.04.2026"},"absolute_dates_time":{"created":"Publi\u00e9 le 08.01.2025 6:54 pm","modified":"Mise \u00e0 jour le 14.04.2026 11:24 am"},"featured_img_caption":"agricoltura, ger\u00fcst, himbeeren, landwirtschaft, regendach","series_order":11,"authors":[{"term_id":345,"user_id":95,"is_guest":0,"slug":"bkr","display_name":"Benedikt Kramer","avatar_url":"https:\/\/secure.gravatar.com\/avatar\/e4640a693fd4bcd1ce72ab399d08dc051ae127fc75f26bfd9ee64f5df437875a?s=96&d=mm&r=g","0":null,"1":"","2":"","3":"","4":"","5":"","6":"","7":"","8":"","9":""},{"term_id":76,"user_id":36,"is_guest":0,"slug":"jha","display_name":"Johannes Hanhart","avatar_url":"https:\/\/secure.gravatar.com\/avatar\/f4d05773f260b5c86579e034d6c44423477285fad8427a10ad6288a253cbb151?s=96&d=mm&r=g","0":null,"1":"","2":"","3":"","4":"","5":"","6":"","7":"","8":"","9":""},{"term_id":3911,"user_id":174,"is_guest":0,"slug":"kvo0","display_name":"Kathrin von Arx","avatar_url":"https:\/\/secure.gravatar.com\/avatar\/3fd0dd37b2da5c17edb650662165a61eb5205ad799ed354cd8490a3e7e492296?s=96&d=mm&r=g","0":null,"1":"","2":"","3":"","4":"","5":"","6":"","7":"","8":"","9":""},{"term_id":420,"user_id":108,"is_guest":0,"slug":"glo","display_name":"Gabrielle Loichat","avatar_url":"https:\/\/secure.gravatar.com\/avatar\/1e8c65da549e9a4cf38c5bb5fb5590418a0f2515b9385cea370cdcfe6f0730fb?s=96&d=mm&r=g","0":null,"1":"","2":"","3":"","4":"","5":"","6":"","7":"","8":"","9":""}],"_links":{"self":[{"href":"https:\/\/themes.agripedia.ch\/fr\/wp-json\/wp\/v2\/posts\/71336","targetHints":{"allow":["GET"]}}],"collection":[{"href":"https:\/\/themes.agripedia.ch\/fr\/wp-json\/wp\/v2\/posts"}],"about":[{"href":"https:\/\/themes.agripedia.ch\/fr\/wp-json\/wp\/v2\/types\/post"}],"author":[{"embeddable":true,"href":"https:\/\/themes.agripedia.ch\/fr\/wp-json\/wp\/v2\/users\/95"}],"replies":[{"embeddable":true,"href":"https:\/\/themes.agripedia.ch\/fr\/wp-json\/wp\/v2\/comments?post=71336"}],"version-history":[{"count":1,"href":"https:\/\/themes.agripedia.ch\/fr\/wp-json\/wp\/v2\/posts\/71336\/revisions"}],"predecessor-version":[{"id":81286,"href":"https:\/\/themes.agripedia.ch\/fr\/wp-json\/wp\/v2\/posts\/71336\/revisions\/81286"}],"wp:featuredmedia":[{"embeddable":true,"href":"https:\/\/themes.agripedia.ch\/fr\/wp-json\/wp\/v2\/media\/69776"}],"wp:attachment":[{"href":"https:\/\/themes.agripedia.ch\/fr\/wp-json\/wp\/v2\/media?parent=71336"}],"wp:term":[{"taxonomy":"category","embeddable":true,"href":"https:\/\/themes.agripedia.ch\/fr\/wp-json\/wp\/v2\/categories?post=71336"},{"taxonomy":"post_tag","embeddable":true,"href":"https:\/\/themes.agripedia.ch\/fr\/wp-json\/wp\/v2\/tags?post=71336"},{"taxonomy":"series","embeddable":true,"href":"https:\/\/themes.agripedia.ch\/fr\/wp-json\/wp\/v2\/series?post=71336"},{"taxonomy":"author","embeddable":true,"href":"https:\/\/themes.agripedia.ch\/fr\/wp-json\/wp\/v2\/ppma_author?post=71336"}],"curies":[{"name":"wp","href":"https:\/\/api.w.org\/{rel}","templated":true}]}}