{"id":70054,"date":"2025-02-19T12:09:00","date_gmt":"2025-02-19T11:09:00","guid":{"rendered":"https:\/\/themes.agripedia.ch\/?p=70054&#038;preview=true&#038;preview_id=70054"},"modified":"2026-04-14T11:24:31","modified_gmt":"2026-04-14T09:24:31","slug":"foire-aux-questions-faq-sur-le-ruissellement-dans-les-grandes-cultures","status":"publish","type":"post","link":"https:\/\/themes.agripedia.ch\/fr\/foire-aux-questions-faq-sur-le-ruissellement-dans-les-grandes-cultures\/","title":{"rendered":"Foire aux questions (FAQ) sur le ruissellement dans les grandes cultures"},"content":{"rendered":"<div class=\"seriesmeta agripedia-series-meta-wrapper\"><!--This entry is part 7 of 11 in the series--> <a href=\"https:\/\/themes.agripedia.ch\/fr\/series\/derive-et-ruissellement-dans-la-protection-des-cultures-fr\/\" class=\"series-3879\" title=\"D\u00e9rive et ruissellement dans la protection des cultures\">D\u00e9rive et ruissellement dans la protection des cultures<\/a> (7 \/ 11)<\/div>\n<p>La mise en \u0153uvre dans la pratique des dispositions relatives \u00e0 la d\u00e9rive et au ruissellement soul\u00e8ve des questions r\u00e9currentes ou peut conduire \u00e0 des cas particuliers pour lesquels il n&rsquo;existait pas encore de r\u00e9ponse satisfaisante. Cette page rassemble les questions\/r\u00e9ponses sp\u00e9cifiques au ruissellement. Les r\u00e9ponses ont \u00e9t\u00e9 \u00e9labor\u00e9es avec l&rsquo;aide du groupe d\u2019accompagnement et en collaboration avec l&rsquo;OFAG, l&rsquo;OSAV et l&rsquo;OFEV. Celles-ci seront mises \u00e0 jour et compl\u00e9t\u00e9es si n\u00e9cessaire.<\/p>\n\n\n\n<div class=\"wp-block-getwid-toggle has-icon-left\">\n<div class=\"wp-block-getwid-toggle__row\"><div class=\"wp-block-getwid-toggle__header-wrapper\"><span class=\"wp-block-getwid-toggle__header\"><a href=\"#\"><span class=\"wp-block-getwid-toggle__header-title\">Quelles sont les distances \u00e0 respecter par rapport aux cours d\u2019eau lors de l\u2019utilisation de produits phytosanitaires si le canton a d\u00e9limit\u00e9 un espace r\u00e9serv\u00e9 aux cours d\u2019eau&nbsp;?<\/span><span class=\"wp-block-getwid-toggle__icon is-active\"><i class=\"fas fa-plus\"><\/i><\/span><span class=\"wp-block-getwid-toggle__icon is-passive\"><i class=\"fas fa-minus\"><\/i><\/span><\/a><\/span><\/div><div class=\"wp-block-getwid-toggle__content-wrapper\"><div class=\"wp-block-getwid-toggle__content\">\n<p>Aucun produit phytosanitaire ne peut \u00eatre utilis\u00e9 dans l\u2019espace r\u00e9serv\u00e9 aux cours d\u2019eau.<\/p>\n\n\n\n<p><strong>PER<\/strong><\/p>\n\n\n\n<p>Si la bordure tampon obligatoire selon les PER exige une distance plus importante par rapport au cours d\u2019eau, cette distance doit \u00eatre respect\u00e9e. Dans ce cas, la bordure tampon obligatoire selon les PER se mesure \u00e0 partir de la ligne du rivage (annexe&nbsp;1, ch.&nbsp;9.6,&nbsp;OPD).<\/p>\n\n\n\n<p><strong>Homologation<\/strong> <\/p>\n\n\n\n<p>Si des conditions ont \u00e9t\u00e9 fix\u00e9es pour l\u2019application du produit, celles-ci doivent \u00eatre respect\u00e9es. La fiche technique sur les bordures tampon peut aider \u00e0 d\u00e9terminer \u00e0 partir de quel endroit il faut mesurer.<\/p>\n<\/div><\/div><\/div>\n\n\n\n<div class=\"wp-block-getwid-toggle__row\"><div class=\"wp-block-getwid-toggle__header-wrapper\"><span class=\"wp-block-getwid-toggle__header\"><a href=\"#\"><span class=\"wp-block-getwid-toggle__header-title\">Les haies, les bosquets champ\u00eatres, les berges bois\u00e9es, ainsi que la for\u00eat et les \u00e9l\u00e9ments SPB peuvent-ils \u00eatre comptabilis\u00e9s dans une bordure tampon enherb\u00e9e&nbsp;?<\/span><span class=\"wp-block-getwid-toggle__icon is-active\"><i class=\"fas fa-plus\"><\/i><\/span><span class=\"wp-block-getwid-toggle__icon is-passive\"><i class=\"fas fa-minus\"><\/i><\/span><\/a><\/span><\/div><div class=\"wp-block-getwid-toggle__content-wrapper\"><div class=\"wp-block-getwid-toggle__content\">\n<p>Oui, les haies, les bosquets champ\u00eatres, les berges bois\u00e9es et la for\u00eat peuvent \u00eatre comptabilis\u00e9s dans une bordure tampon enherb\u00e9e pour la r\u00e9duction du ruissellement, aussi bien du point de vue des <strong>PER<\/strong> que de celui de <strong>l\u2019homologation<\/strong>. C\u2019est aussi le cas de certains types de SPB<a id=\"_ftnref1\" href=\"#_ftn1\">[1]<\/a>. Les types de SPB concern\u00e9s sont d\u00e9crits dans la fiche technique sur les <a href=\"https:\/\/themes.agripedia.ch\/fr\/massnahmen-z#Bandes-tampons-v\u00e9g\u00e9talis\u00e9es-ruissellementur-vermeidung-von-abdrift-und-abschwemmung-im-feldbau\/\" target=\"_blank\" rel=\"noopener\" title=\"\">bordures tampon en tant que mesures contre le ruissellement<\/a><\/p>\n\n\n\n<hr class=\"wp-block-separator has-alpha-channel-opacity\"\/>\n\n\n\n<p><a id=\"_ftn1\" href=\"#_ftnref1\">[1]<\/a> SPB&nbsp;: surfaces de promotion de la biodiversit\u00e9 selon l\u2019OPD<\/p>\n<\/div><\/div><\/div>\n\n\n\n<div class=\"wp-block-getwid-toggle__row\"><div class=\"wp-block-getwid-toggle__header-wrapper\"><span class=\"wp-block-getwid-toggle__header\"><a href=\"#\"><span class=\"wp-block-getwid-toggle__header-title\">Un cours d\u2019eau (p.&nbsp;ex.&nbsp;ruisseau) est entour\u00e9 par la for\u00eat ou par des berges bois\u00e9es et se trouve \u00e0 moins de 100&nbsp;m de la parcelle. La parcelle a une d\u00e9clivit\u00e9 de plus de 2&nbsp;% en direction du cours d\u2019eau. Quelles exigences faut-il respecter&nbsp;?<\/span><span class=\"wp-block-getwid-toggle__icon is-active\"><i class=\"fas fa-plus\"><\/i><\/span><span class=\"wp-block-getwid-toggle__icon is-passive\"><i class=\"fas fa-minus\"><\/i><\/span><\/a><\/span><\/div><div class=\"wp-block-getwid-toggle__content-wrapper\"><div class=\"wp-block-getwid-toggle__content\">\n<p><strong>PER<\/strong><\/p>\n\n\n\n<p>La fiche technique \u00ab\u00a0<a href=\"https:\/\/agridea.abacuscity.ch\/fr\/A~1399~1\/3~410420~Shop\/Publications\/Production-v%C3%A9g%C3%A9tale-Environnement\/Aspects-l%C3%A9gaux-et-administratifs\/Bordures-tampon-fiche-th%C3%A9matique\/Deutsch\/Print-Papier\" target=\"_blank\" rel=\"noopener\" title=\"\">Bordures tampon. Comment les mesurer, comment les exploiter\u00a0?<\/a>\u00a0\u00bb<a href=\"https:\/\/agridea.abacuscity.ch\/fr\/A~1399~1\/3~410420~Shop\/Publications\/Production-v%C3%A9g%C3%A9tale-Environnement\/Aspects-l%C3%A9gaux-et-administratifs\/Bordures-tampon-fiche-th%C3%A9matique\/German\/Print-paper\"><\/a> s\u2019applique. Selon celle-ci, les bordures tampon doivent avoir une largeur minimale de 3\u00a0m le long des haies, des bosquets champ\u00eatres, des berges bois\u00e9es et des lisi\u00e8res de for\u00eats. Le long des eaux superficielles, une bordure tampon de 6\u00a0m est obligatoire dans les PER.<\/p>\n\n\n\n<p><strong>Homologation<\/strong><\/p>\n\n\n\n<p>Les points de ruissellement fix\u00e9s dans l\u2019homologation doivent \u00eatre atteints. Les surfaces couvertes de for\u00eats ou de haies situ\u00e9es entre une parcelle et des eaux superficielles ont l\u2019effet d\u2019une bordure tampon et peuvent \u00eatre prises en compte dans les conditions SPe. Si la for\u00eat ou les haies s\u2019\u00e9tendent sur plus de 20&nbsp;m entre les eaux superficielles et la limite de la parcelle, cela correspond \u00e0 3&nbsp;points de ruissellement (20&nbsp;m de bordure tampon ou de for\u00eat\/haie = 3&nbsp;points de ruissellement). Nota&nbsp;bene&nbsp;: les bordures tampon doivent avoir une largeur minimale de 3&nbsp;m le long des haies, des bosquets champ\u00eatres, des berges bois\u00e9es et des lisi\u00e8res de for\u00eats.<\/p>\n\n\n\n<figure class=\"wp-block-image size-large\"><img loading=\"lazy\" decoding=\"async\" width=\"1024\" height=\"560\" src=\"https:\/\/themes.agripedia.ch\/wp-content\/uploads\/2025\/02\/Querschnitt-Feld-Wald-Fluss_20m-1-1-1024x560.png\" alt=\"\" class=\"wp-image-68167\" srcset=\"https:\/\/themes.agripedia.ch\/wp-content\/uploads\/2025\/02\/Querschnitt-Feld-Wald-Fluss_20m-1-1-1024x560.png 1024w, https:\/\/themes.agripedia.ch\/wp-content\/uploads\/2025\/02\/Querschnitt-Feld-Wald-Fluss_20m-1-1-300x164.png 300w, https:\/\/themes.agripedia.ch\/wp-content\/uploads\/2025\/02\/Querschnitt-Feld-Wald-Fluss_20m-1-1-768x420.png 768w, https:\/\/themes.agripedia.ch\/wp-content\/uploads\/2025\/02\/Querschnitt-Feld-Wald-Fluss_20m-1-1-1200x657.png 1200w, https:\/\/themes.agripedia.ch\/wp-content\/uploads\/2025\/02\/Querschnitt-Feld-Wald-Fluss_20m-1-1.png 1444w\" sizes=\"auto, (max-width: 1024px) 100vw, 1024px\" \/><figcaption class=\"wp-element-caption\">Graphique : Katja Krawetzke, AGRIDEA<\/figcaption><\/figure>\n<\/div><\/div><\/div>\n\n\n\n<div class=\"wp-block-getwid-toggle__row\"><div class=\"wp-block-getwid-toggle__header-wrapper\"><span class=\"wp-block-getwid-toggle__header\"><a href=\"#\"><span class=\"wp-block-getwid-toggle__header-title\">Quelles mesures contre le ruissellement doivent \u00eatre respect\u00e9es lors de traitements de surface dans une prairie temporaire ou naturelle&nbsp;?<\/span><span class=\"wp-block-getwid-toggle__icon is-active\"><i class=\"fas fa-plus\"><\/i><\/span><span class=\"wp-block-getwid-toggle__icon is-passive\"><i class=\"fas fa-minus\"><\/i><\/span><\/a><\/span><\/div><div class=\"wp-block-getwid-toggle__content-wrapper\"><div class=\"wp-block-getwid-toggle__content\">\n<p><strong>PER<\/strong><\/p>\n\n\n\n<p>En cas de traitement de surface dans une prairie temporaire ou naturelle, il faut atteindre 1&nbsp;point de ruissellement dans les PER. Si la prairie naturelle ou temporaire est bien \u00e9tablie, c\u2019est-\u00e0-dire qu\u2019elle est couverte d\u2019une v\u00e9g\u00e9tation dense sur toute sa surface, la mesure \u00ab&nbsp;<a href=\"https:\/\/themes.agripedia.ch\/fr\/massnahmen-zur-vermeidung-von-abdrift-und-abschwemmung-im-feldbau\/#Bandes-enherb\u00e9es-dans-la-parcelle\" target=\"_blank\" rel=\"noopener\" title=\"\">Bandes enherb\u00e9es dans les zones \u00e0 l\u2019origine du ruissellement<\/a>&nbsp;\u00bb est consid\u00e9r\u00e9e comme r\u00e9alis\u00e9e. Ainsi, 1&nbsp;point de ruissellement est atteint dans les PER et aucune mesure suppl\u00e9mentaire n\u2019est n\u00e9cessaire.&nbsp;<\/p>\n\n\n\n<p><strong>Homologation<\/strong> <\/p>\n\n\n\n<p>Les conditions fix\u00e9es pour le produit et son utilisation doivent \u00eatre respect\u00e9es. Si le produit phytosanitaire concern\u00e9 est soumis \u00e0 une exigence en mati\u00e8re de ruissellement, des mesures doivent \u00eatre prises pour les surfaces situ\u00e9es jusqu\u2019\u00e0 100&nbsp;m des eaux superficielles (en cas de d\u00e9clivit\u00e9 &gt;2&nbsp;% dans la direction du cours d\u2019eau). Les mesures possibles figurent dans les Instructions relatives aux mesures de r\u00e9duction des risques lors de l\u2019application de produits phytosanitaires. Afin de satisfaire au point \u00ab&nbsp;Bandes enherb\u00e9es dans les zones \u00e0 l\u2019origine du ruissellement (largeur d\u2019au moins 3&nbsp;m&nbsp;\u00bb) dans les prairies et les p\u00e2turages, ces derniers doivent \u00eatre bien \u00e9tablis au moment du traitement (v\u00e9g\u00e9tation dense). Une bordure tampon non trait\u00e9e, couverte d\u2019une dense v\u00e9g\u00e9tation, est \u00e9galement une mesure possible pour r\u00e9duire le ruissellement dans les prairies et les p\u00e2turages.&nbsp;&nbsp;&nbsp;&nbsp;<\/p>\n<\/div><\/div><\/div>\n\n\n\n<div class=\"wp-block-getwid-toggle__row\"><div class=\"wp-block-getwid-toggle__header-wrapper\"><span class=\"wp-block-getwid-toggle__header\"><a href=\"#\"><span class=\"wp-block-getwid-toggle__header-title\">Quelles mesures contre le ruissellement doivent \u00eatre prises en cas de traitement d\u2019une culture intercalaire ou d\u2019un engrais vert&nbsp;?<\/span><span class=\"wp-block-getwid-toggle__icon is-active\"><i class=\"fas fa-plus\"><\/i><\/span><span class=\"wp-block-getwid-toggle__icon is-passive\"><i class=\"fas fa-minus\"><\/i><\/span><\/a><\/span><\/div><div class=\"wp-block-getwid-toggle__content-wrapper\"><div class=\"wp-block-getwid-toggle__content\">\n<p><strong>PER<\/strong><\/p>\n\n\n\n<p>Cf.&nbsp;r\u00e8glement concernant l\u2019homologation.<\/p>\n\n\n\n<p><strong>Homologation<\/strong> <\/p>\n\n\n\n<p>Jusqu\u2019au semis de la culture principale, le type de travail du sol est \u00e9galement d\u00e9terminant pour l\u2019ensemencement des cultures d\u00e9rob\u00e9es et des engrais verts (semis sous liti\u00e8re = 2&nbsp;points de ruissellement, semis direct = 3&nbsp;points de ruissellement). Comme pour la culture principale, les points de ruissellement peuvent \u00e9galement \u00eatre comptabilis\u00e9s sur des parcelles situ\u00e9es plus en hauteur, si la superficie de ces parcelles est inf\u00e9rieure \u00e0 celle de la parcelle sur laquelle les mesures ont \u00e9t\u00e9 mises en \u0153uvre (<a href=\"https:\/\/themes.agripedia.ch\/fr\/abschwemmungs-risiko-feldbau\/#risque-ruissellement-homologation-situation-2\" target=\"_blank\" rel=\"noopener\" title=\"\">cf.&nbsp;situation 2, homologation<\/a>).<\/p>\n<\/div><\/div><\/div>\n\n\n\n<div class=\"wp-block-getwid-toggle__row\"><div class=\"wp-block-getwid-toggle__header-wrapper\"><span class=\"wp-block-getwid-toggle__header\"><a href=\"#\"><span class=\"wp-block-getwid-toggle__header-title\">Faut-il r\u00e9aliser des mesures contre le ruissellement en cas de traitement d\u2019un champ de chaume \u00e0 l\u2019aide d\u2019un herbicide&nbsp;?<\/span><span class=\"wp-block-getwid-toggle__icon is-active\"><i class=\"fas fa-plus\"><\/i><\/span><span class=\"wp-block-getwid-toggle__icon is-passive\"><i class=\"fas fa-minus\"><\/i><\/span><\/a><\/span><\/div><div class=\"wp-block-getwid-toggle__content-wrapper\"><div class=\"wp-block-getwid-toggle__content\">\n<p><strong>PER<\/strong><\/p>\n\n\n\n<p>Dans les PER, il faut obtenir 1&nbsp;point de ruissellement lors du traitement de surfaces adjacentes \u00e0 des routes drain\u00e9es ou \u00e0 des eaux superficielles, si la pente l\u2019exige. Du point de vue des PER, la situation d\u2019un champ de chaume correspond \u00e0 celle du \u00ab&nbsp;semis sous liti\u00e8re&nbsp;\u00bb et le point de ruissellement est donc comptabilis\u00e9 en cas de traitement des chaumes.<\/p>\n\n\n\n<p><strong>Homologation<\/strong><\/p>\n\n\n\n<p>Les conditions fix\u00e9es pour le produit et son utilisation doivent \u00eatre respect\u00e9es. Si le produit phytosanitaire concern\u00e9 est soumis \u00e0 une exigence en mati\u00e8re de ruissellement pour l\u2019utilisation pr\u00e9vue, les mesures exig\u00e9es doivent \u00eatre prises pour les surfaces situ\u00e9es jusqu\u2019\u00e0 100&nbsp;m des eaux superficielles (en cas de d\u00e9clivit\u00e9 &gt;2&nbsp;% dans la direction du cours d\u2019eau).<\/p>\n<\/div><\/div><\/div>\n\n\n\n<div class=\"wp-block-getwid-toggle__row\"><div class=\"wp-block-getwid-toggle__header-wrapper\"><span class=\"wp-block-getwid-toggle__header\"><a href=\"#\"><span class=\"wp-block-getwid-toggle__header-title\">Combien de points de ruissellement sont comptabilis\u00e9s pour le semis en bandes (strip-till)&nbsp;?<\/span><span class=\"wp-block-getwid-toggle__icon is-active\"><i class=\"fas fa-plus\"><\/i><\/span><span class=\"wp-block-getwid-toggle__icon is-passive\"><i class=\"fas fa-minus\"><\/i><\/span><\/a><\/span><\/div><div class=\"wp-block-getwid-toggle__content-wrapper\"><div class=\"wp-block-getwid-toggle__content\">\n<p>Aussi bien pour les PER que pour l\u2019homologation, le semis en bandes (strip-till) vis\u00e9 \u00e0 l\u2019art.&nbsp;71<em>d<\/em> (<a href=\"https:\/\/www.fedlex.admin.ch\/eli\/oc\/2022\/737\/fr\" target=\"_blank\" rel=\"noopener\" title=\"\">ordonnance sur les paiements directs<\/a>) doit \u00eatre consid\u00e9r\u00e9 de la m\u00eame mani\u00e8re que le semis en bandes frais\u00e9es et repr\u00e9sente donc 2&nbsp;points de ruissellement.<\/p>\n<\/div><\/div><\/div>\n\n\n\n<div class=\"wp-block-getwid-toggle__row\"><div class=\"wp-block-getwid-toggle__header-wrapper\"><span class=\"wp-block-getwid-toggle__header\"><a href=\"#\"><span class=\"wp-block-getwid-toggle__header-title\">\u00c0 quel endroit du champ faut-il appliquer la mesure \u00ab&nbsp;Bandes enherb\u00e9es dans les zones \u00e0 l\u2019origine du ruissellement&nbsp;\u00bb&nbsp;?<\/span><span class=\"wp-block-getwid-toggle__icon is-active\"><i class=\"fas fa-plus\"><\/i><\/span><span class=\"wp-block-getwid-toggle__icon is-passive\"><i class=\"fas fa-minus\"><\/i><\/span><\/a><\/span><\/div><div class=\"wp-block-getwid-toggle__content-wrapper\"><div class=\"wp-block-getwid-toggle__content\">\n<p>Une \u00ab&nbsp;<a href=\"https:\/\/themes.agripedia.ch\/fr\/massnahmen-zur-vermeidung-von-abdrift-und-abschwemmung-im-feldbau\/#Bandes-enherb\u00e9es-dans-la-parcelle\" target=\"_blank\" rel=\"noopener\" title=\"\">bande enherb\u00e9e dans les zones \u00e0 l\u2019origine du ruissellement<\/a>&nbsp;\u00bb doit pr\u00e9venir le ruissellement de mani\u00e8re efficace. La disposition n\u2019est pas r\u00e9glement\u00e9e plus pr\u00e9cis\u00e9ment pour les <strong>PER<\/strong> et dans le cadre de <strong>l\u2019homologation<\/strong>, afin que l\u2019agriculteur puisse am\u00e9nager la bande dans la zone \u00e0 l\u2019origine du ruissellement et que la mesure puisse ainsi d\u00e9ployer ses effets. Il est donc n\u00e9cessaire d\u2019effectuer une \u00e9valuation sur le terrain. La bande herbeuse est am\u00e9nag\u00e9e de pr\u00e9f\u00e9rence le long des courbes de niveau.<\/p>\n<\/div><\/div><\/div>\n\n\n\n<div class=\"wp-block-getwid-toggle__row\"><div class=\"wp-block-getwid-toggle__header-wrapper\"><span class=\"wp-block-getwid-toggle__header\"><a href=\"#\"><span class=\"wp-block-getwid-toggle__header-title\">L\u2019enregistrement d\u2019une bande herbeuse en tant qu\u2019\u00e9l\u00e9ment SIG distinct cr\u00e9e-t-il une deuxi\u00e8me parcelle pour laquelle aucune mesure ne doit \u00eatre mise en \u0153uvre&nbsp;?<\/span><span class=\"wp-block-getwid-toggle__icon is-active\"><i class=\"fas fa-plus\"><\/i><\/span><span class=\"wp-block-getwid-toggle__icon is-passive\"><i class=\"fas fa-minus\"><\/i><\/span><\/a><\/span><\/div><div class=\"wp-block-getwid-toggle__content-wrapper\"><div class=\"wp-block-getwid-toggle__content\">\n<p>Une <a href=\"https:\/\/themes.agripedia.ch\/fr\/massnahmen-zur-vermeidung-von-abdrift-und-abschwemmung-im-feldbau\/#Bandes-tampons-v%C3%A9g%C3%A9talis%C3%A9es-ruissellementur-vermeidung-von-abdrift-und-abschwemmung-im-feldbau\/\" target=\"_blank\" rel=\"noopener\" title=\"\">bordure tampon enherb\u00e9e<\/a> ou une \u00ab&nbsp;<a href=\"https:\/\/themes.agripedia.ch\/fr\/massnahmen-zur-vermeidung-von-abdrift-und-abschwemmung-im-feldbau\/#Bandes-tampons-v%C3%A9g%C3%A9talis%C3%A9es-ruissellementur-vermeidung-von-abdrift-und-abschwemmung-im-feldbau\/\" target=\"_blank\" rel=\"noopener\" title=\"\">bande enherb\u00e9e dans les zones \u00e0 l\u2019origine du ruissellement<\/a>&nbsp;\u00bb peut \u00eatre comptabilis\u00e9e dans la culture jusqu\u2019\u00e0 une largeur de 6&nbsp;m et ne repr\u00e9sente pas un \u00e9l\u00e9ment SIG \u00e0 part.<br>Si une bande plus large ou un \u00e9l\u00e9ment SPB doivent \u00eatre cr\u00e9\u00e9s, il est n\u00e9cessaire de les dessiner s\u00e9par\u00e9ment dans le SIG. Si la bande est continue sur toute la longueur de la parcelle, cela cr\u00e9e techniquement trois nouvelles parcelles. La bande est une parcelle \u00e0 part enti\u00e8re (parcelle&nbsp;B) et ne peut \u00eatre comptabilis\u00e9e comme mesure que sur la parcelle situ\u00e9e en amont (parcelle&nbsp;C) (voir croquis ci-dessous).<\/p>\n\n\n\n<p><br><strong>PER<\/strong><strong><\/strong><\/p>\n\n\n\n<p>Le long d\u2019une route drain\u00e9e&nbsp;: la bande herbeuse (parcelle&nbsp;B) ne peut pas \u00eatre comptabilis\u00e9e pour la parcelle&nbsp;A. Une autre mesure doit \u00eatre choisie pour cette parcelle. Si la parcelle&nbsp;C est situ\u00e9e \u00e0 plus de 6&nbsp;m de la route, aucune mesure ne doit \u00eatre prise pour cette parcelle.<\/p>\n\n\n\n<figure class=\"wp-block-image size-large\"><img loading=\"lazy\" decoding=\"async\" width=\"1024\" height=\"655\" src=\"https:\/\/themes.agripedia.ch\/wp-content\/uploads\/2025\/02\/Zeichnung_Parzelle-A_B_C_entwStrasse__fr-1024x655.png\" alt=\"\" class=\"wp-image-68430\" srcset=\"https:\/\/themes.agripedia.ch\/wp-content\/uploads\/2025\/02\/Zeichnung_Parzelle-A_B_C_entwStrasse__fr-1024x655.png 1024w, https:\/\/themes.agripedia.ch\/wp-content\/uploads\/2025\/02\/Zeichnung_Parzelle-A_B_C_entwStrasse__fr-300x192.png 300w, https:\/\/themes.agripedia.ch\/wp-content\/uploads\/2025\/02\/Zeichnung_Parzelle-A_B_C_entwStrasse__fr-768x492.png 768w, https:\/\/themes.agripedia.ch\/wp-content\/uploads\/2025\/02\/Zeichnung_Parzelle-A_B_C_entwStrasse__fr-1200x768.png 1200w, https:\/\/themes.agripedia.ch\/wp-content\/uploads\/2025\/02\/Zeichnung_Parzelle-A_B_C_entwStrasse__fr.png 1528w\" sizes=\"auto, (max-width: 1024px) 100vw, 1024px\" \/><figcaption class=\"wp-element-caption\">Graphique : Katja Krawetzke, AGRIDEA<\/figcaption><\/figure>\n\n\n\n<p><strong>Homologation<\/strong><\/p>\n\n\n\n<p>Le long des eaux superficielles : la parcelle A remplit d\u00e9j\u00e0 un point de ruissellement en raison de la bordure tampon de 6 m de large le long du cours d\u2019eau (attention, seule la surface v\u00e9g\u00e9talis\u00e9e peut \u00eatre comptabilis\u00e9e dans la bordure tampon enherb\u00e9e). Si l\u2019homologation exige davantage de points de ruissellement, d\u2019autres mesures doivent \u00eatre prises sur la parcelle A. Deux points sont r\u00e9alis\u00e9s sur la parcelle C.<\/p>\n\n\n\n<figure class=\"wp-block-image size-large\"><img loading=\"lazy\" decoding=\"async\" width=\"1024\" height=\"725\" src=\"https:\/\/themes.agripedia.ch\/wp-content\/uploads\/2025\/02\/Zeichnung_Parzelle-A_B_C_Wassergraben_fr-1024x725.png\" alt=\"\" class=\"wp-image-68433\" srcset=\"https:\/\/themes.agripedia.ch\/wp-content\/uploads\/2025\/02\/Zeichnung_Parzelle-A_B_C_Wassergraben_fr-1024x725.png 1024w, https:\/\/themes.agripedia.ch\/wp-content\/uploads\/2025\/02\/Zeichnung_Parzelle-A_B_C_Wassergraben_fr-300x212.png 300w, https:\/\/themes.agripedia.ch\/wp-content\/uploads\/2025\/02\/Zeichnung_Parzelle-A_B_C_Wassergraben_fr-768x543.png 768w, https:\/\/themes.agripedia.ch\/wp-content\/uploads\/2025\/02\/Zeichnung_Parzelle-A_B_C_Wassergraben_fr-1536x1087.png 1536w, https:\/\/themes.agripedia.ch\/wp-content\/uploads\/2025\/02\/Zeichnung_Parzelle-A_B_C_Wassergraben_fr-1200x849.png 1200w, https:\/\/themes.agripedia.ch\/wp-content\/uploads\/2025\/02\/Zeichnung_Parzelle-A_B_C_Wassergraben_fr.png 1754w\" sizes=\"auto, (max-width: 1024px) 100vw, 1024px\" \/><\/figure>\n<\/div><\/div><\/div>\n\n\n\n<div class=\"wp-block-getwid-toggle__row\"><div class=\"wp-block-getwid-toggle__header-wrapper\"><span class=\"wp-block-getwid-toggle__header\"><a href=\"#\"><span class=\"wp-block-getwid-toggle__header-title\">Y a-t-il des restrictions sp\u00e9cifiques \u00e0 la culture concernant certaines mesures contre le ruissellement, comme les bandes de paillis ou de paille&nbsp;?<\/span><span class=\"wp-block-getwid-toggle__icon is-active\"><i class=\"fas fa-plus\"><\/i><\/span><span class=\"wp-block-getwid-toggle__icon is-passive\"><i class=\"fas fa-minus\"><\/i><\/span><\/a><\/span><\/div><div class=\"wp-block-getwid-toggle__content-wrapper\"><div class=\"wp-block-getwid-toggle__content\">\n<p>Non, il n\u2019y a aucune restriction concernant des cultures d\u00e9termin\u00e9es, que ce soit dans les <strong>PER<\/strong> ou du point de vue de l\u2019<strong>homologation<\/strong>. Cependant, les mesures ne sont accept\u00e9es que si elles sont pertinentes pour la r\u00e9duction demand\u00e9e du ruissellement. La bande de paillis ou de paille doit \u00eatre appliqu\u00e9e avant ou imm\u00e9diatement apr\u00e8s le traitement aux produits phytosanitaires mais avant la prochaine pluie. L\u2019effet est d\u00fb au freinage de l\u2019eau de pluie par la couche de paillis ou de paille.<\/p>\n<\/div><\/div><\/div>\n\n\n\n<div class=\"wp-block-getwid-toggle__row\"><div class=\"wp-block-getwid-toggle__header-wrapper\"><span class=\"wp-block-getwid-toggle__header\"><a href=\"#\"><span class=\"wp-block-getwid-toggle__header-title\">Comment faut-il \u00e9valuer les regards de drainage qui ne se d\u00e9versent pas dans les eaux superficielles&nbsp;?<\/span><span class=\"wp-block-getwid-toggle__icon is-active\"><i class=\"fas fa-plus\"><\/i><\/span><span class=\"wp-block-getwid-toggle__icon is-passive\"><i class=\"fas fa-minus\"><\/i><\/span><\/a><\/span><\/div><div class=\"wp-block-getwid-toggle__content-wrapper\"><div class=\"wp-block-getwid-toggle__content\">\n<p><strong>PER<\/strong><\/p>\n\n\n\n<p>Si les regards ne d\u00e9versent pas l\u2019eau collect\u00e9e dans des eaux superficielles ou une STEP, mais qu\u2019il est prouv\u00e9 que l\u2019eau s\u2019infiltre dans une surface v\u00e9g\u00e9talis\u00e9e, on consid\u00e8re que l\u2019eau est \u00e9vacu\u00e9e sur l\u2019accotement. Il n\u2019y a alors aucune exigence suppl\u00e9mentaire concernant le ruissellement. L\u2019exploitant doit d\u00e9montrer \u00e0 quel endroit les regards de drainage sont d\u00e9vers\u00e9s.<\/p>\n\n\n\n<p><strong>Homologation<\/strong> <\/p>\n\n\n\n<p>L\u2019homologation ne pr\u00e9voit aucune disposition concernant les regards de drainages.<\/p>\n<\/div><\/div><\/div>\n\n\n\n<div class=\"wp-block-getwid-toggle__row\"><div class=\"wp-block-getwid-toggle__header-wrapper\"><span class=\"wp-block-getwid-toggle__header\"><a href=\"#\"><span class=\"wp-block-getwid-toggle__header-title\">Dans le cas d\u2019une route drain\u00e9e&nbsp;: pour l\u2019\u00e9valuation des 2&nbsp;% de d\u00e9clivit\u00e9, faut-il mesurer \u00e0 partir de la limite de la parcelle ou \u00e0 partir de la route&nbsp;?<\/span><span class=\"wp-block-getwid-toggle__icon is-active\"><i class=\"fas fa-plus\"><\/i><\/span><span class=\"wp-block-getwid-toggle__icon is-passive\"><i class=\"fas fa-minus\"><\/i><\/span><\/a><\/span><\/div><div class=\"wp-block-getwid-toggle__content-wrapper\"><div class=\"wp-block-getwid-toggle__content\">\n<p><strong>PER<\/strong><\/p>\n\n\n\n<p>La limite de la parcelle est d\u00e9terminante.<\/p>\n\n\n\n<p><strong>Homologation<\/strong> L\u2019homologation ne pr\u00e9voit aucune disposition concernant les routes et chemins drain\u00e9s.<\/p>\n<\/div><\/div><\/div>\n\n\n\n<div class=\"wp-block-getwid-toggle__row\"><div class=\"wp-block-getwid-toggle__header-wrapper\"><span class=\"wp-block-getwid-toggle__header\"><a href=\"#\"><span class=\"wp-block-getwid-toggle__header-title\">Les talus v\u00e9g\u00e9talis\u00e9s le long des routes ou des chemins drain\u00e9s peuvent-ils \u00eatre ajout\u00e9s \u00e0 une bordure tampon&nbsp;?<\/span><span class=\"wp-block-getwid-toggle__icon is-active\"><i class=\"fas fa-plus\"><\/i><\/span><span class=\"wp-block-getwid-toggle__icon is-passive\"><i class=\"fas fa-minus\"><\/i><\/span><\/a><\/span><\/div><div class=\"wp-block-getwid-toggle__content-wrapper\"><div class=\"wp-block-getwid-toggle__content\">\n<p><strong>PER<\/strong><\/p>\n\n\n\n<p>Le talus v\u00e9g\u00e9talis\u00e9 fait partie de la bordure tampon. La distance par rapport \u00e0 la route drain\u00e9e ou \u00e0 un chemin drain\u00e9 dans les PER est mesur\u00e9e horizontalement. (par analogie avec <a href=\"https:\/\/agridea.abacuscity.ch\/fr\/A~1399~1\/3~410420~Shop\/Publications\/Production-v%C3%A9g%C3%A9tale-Environnement\/Aspects-l%C3%A9gaux-et-administratifs\/Bordures-tampon-fiche-th%C3%A9matique\/German\/Print-paper\">la fiche technique sur les bordures tampon<\/a> et les syst\u00e8mes SIG). On mesure \u00e0 partir de la route drain\u00e9e. Cf.&nbsp;exemple&nbsp;:<\/p>\n\n\n\n<figure class=\"wp-block-image size-large\"><img loading=\"lazy\" decoding=\"async\" width=\"1024\" height=\"725\" src=\"https:\/\/themes.agripedia.ch\/wp-content\/uploads\/2025\/02\/Querschnitt-Feld-Boeschung-Strasse_2-1-1024x725.png\" alt=\"\" class=\"wp-image-68276\" srcset=\"https:\/\/themes.agripedia.ch\/wp-content\/uploads\/2025\/02\/Querschnitt-Feld-Boeschung-Strasse_2-1-1024x725.png 1024w, https:\/\/themes.agripedia.ch\/wp-content\/uploads\/2025\/02\/Querschnitt-Feld-Boeschung-Strasse_2-1-300x212.png 300w, https:\/\/themes.agripedia.ch\/wp-content\/uploads\/2025\/02\/Querschnitt-Feld-Boeschung-Strasse_2-1-768x543.png 768w, https:\/\/themes.agripedia.ch\/wp-content\/uploads\/2025\/02\/Querschnitt-Feld-Boeschung-Strasse_2-1-1536x1087.png 1536w, https:\/\/themes.agripedia.ch\/wp-content\/uploads\/2025\/02\/Querschnitt-Feld-Boeschung-Strasse_2-1-1200x849.png 1200w, https:\/\/themes.agripedia.ch\/wp-content\/uploads\/2025\/02\/Querschnitt-Feld-Boeschung-Strasse_2-1.png 1754w\" sizes=\"auto, (max-width: 1024px) 100vw, 1024px\" \/><figcaption class=\"wp-element-caption\">Graphique : Katja Krawetzke, AGRIDEA<\/figcaption><\/figure>\n\n\n\n<p>Si une bordure tampon enherb\u00e9e de 6 m\u00e8tres de large est requise le long de la route (1&nbsp;point de ruissellement), la largeur du talus mesur\u00e9e horizontalement (2&nbsp;m sur le croquis) peut \u00eatre prise en compte. La bordure tampon doit encore \u00eatre compl\u00e9t\u00e9e dans le champ (4&nbsp;m sur le croquis). Attention&nbsp;: seule la surface enherb\u00e9e est comptabilis\u00e9e pour la bordure tampon. Les orni\u00e8res doivent \u00eatre d\u00e9duites.<\/p>\n\n\n\n<p><strong>Homologation<\/strong><\/p>\n\n\n\n<p>L\u2019homologation ne pr\u00e9voit aucune disposition concernant les routes et chemins drain\u00e9s.<\/p>\n<\/div><\/div><\/div>\n<\/div>\n\n\n\n<p><\/p>\n<div class=\"acf-fields-container\" data-post-id=\"70054\" data-canto-acf=\"true\"><\/div><style>\r\n        .acf-fields-container {\r\n            margin: 2em 0;\r\n            width: 100%;\r\n            clear: both;\r\n        }\r\n        .acf-field-image {\r\n            margin: 1.5em 0;\r\n            position: relative;\r\n        }\r\n        .acf-field-label {\r\n            margin-bottom: 1em;\r\n        }\r\n        .acf-image {\r\n            max-width: 100%;\r\n            height: auto;\r\n            display: block;\r\n            margin: 1em 0;\r\n        }\r\n    <\/style>","protected":false},"excerpt":{"rendered":"<div class=\"seriesmeta agripedia-series-meta-wrapper\">This entry is part 7 of 11 in the series <a href=\"https:\/\/themes.agripedia.ch\/fr\/series\/derive-et-ruissellement-dans-la-protection-des-cultures-fr\/\" class=\"series-3879\" title=\"D\u00e9rive et ruissellement dans la protection des cultures\">D\u00e9rive et ruissellement dans la protection des cultures<\/a><\/div><p>Cette page traite des questions sp\u00e9ciales relatives au ruissellement en grandes cultures, auxquelles la fiche technique ne r\u00e9pond pas clairement.<\/p>\n","protected":false},"author":95,"featured_media":63631,"comment_status":"closed","ping_status":"open","sticky":false,"template":"","format":"standard","meta":{"_acf_changed":false,"_autodraft_ids":[],"advgb_blocks_editor_width":"","advgb_blocks_columns_visual_guide":"","_monsterinsights_skip_tracking":false,"_monsterinsights_sitenote_active":false,"_monsterinsights_sitenote_note":"","_monsterinsights_sitenote_category":0,"ngg_post_thumbnail":0,"_sb_is_suggestion_mode":false,"_sb_show_suggestion_boards":false,"_sb_show_comment_boards":false,"_sb_suggestion_history":"","_sb_update_block_changes":"","_is_real_time_mode":false,"_realtime_collaborators":"","footnotes":"","cf_checklist_status":["Internal Links","External Links","Featured Image Added","Category Assigned"]},"categories":[286,731],"tags":[],"series":[3879],"ppma_author":[345,3911,420],"class_list":["post-70054","post","type-post","status-publish","format-standard","has-post-thumbnail","hentry","category-protection-des-cultures","category-protection-des-eaux","series-derive-et-ruissellement-dans-la-protection-des-cultures-fr"],"pp_statuses_selecting_workflow":false,"pp_workflow_action":"current","pp_status_selection":"publish","acf":[],"canto_acf_fields":"<div class=\"acf-fields-container\" data-post-id=\"70054\" data-canto-acf=\"true\"><\/div><style>\r\n        .acf-fields-container {\r\n            margin: 2em 0;\r\n            width: 100%;\r\n            clear: both;\r\n        }\r\n        .acf-field-image {\r\n            margin: 1.5em 0;\r\n            position: relative;\r\n        }\r\n        .acf-field-label {\r\n            margin-bottom: 1em;\r\n        }\r\n        .acf-image {\r\n            max-width: 100%;\r\n            height: auto;\r\n            display: block;\r\n            margin: 1em 0;\r\n        }\r\n    <\/style>","author_meta":{"display_name":"Benedikt Kramer","author_link":"https:\/\/themes.agripedia.ch\/fr\/author\/bkr\/"},"featured_img":"https:\/\/themes.agripedia.ch\/wp-content\/uploads\/2024\/10\/Titelbild_FAQ-300x131.png","coauthors":[{"link":"https:\/\/themes.agripedia.ch\/fr\/author\/bkr\/","display_name":"Benedikt Kramer"},{"link":"https:\/\/themes.agripedia.ch\/fr\/author\/kvo0\/","display_name":"Kathrin von Arx"},{"link":"https:\/\/themes.agripedia.ch\/fr\/author\/glo\/","display_name":"Gabrielle Loichat"}],"tax_additional":{"categories":{"linked":["<a href=\"https:\/\/themes.agripedia.ch\/fr\/theme\/themen-fr\/protection-des-cultures\/\" class=\"advgb-post-tax-term\">Protection des cultures<\/a>","<a href=\"https:\/\/themes.agripedia.ch\/fr\/theme\/themen-fr\/protection-des-eaux\/\" class=\"advgb-post-tax-term\">Protection des eaux<\/a>"],"unlinked":["<span class=\"advgb-post-tax-term\">Protection des cultures<\/span>","<span class=\"advgb-post-tax-term\">Protection des eaux<\/span>"]}},"comment_count":"0","relative_dates":{"created":"Publi\u00e9 1 an il y a","modified":"Mis \u00e0 jour 2 semaines il y a"},"absolute_dates":{"created":"Publi\u00e9 le 19.02.2025","modified":"Mise \u00e0 jour le 14.04.2026"},"absolute_dates_time":{"created":"Publi\u00e9 le 19.02.2025 12:09 pm","modified":"Mise \u00e0 jour le 14.04.2026 11:24 am"},"featured_img_caption":"","series_order":7,"authors":[{"term_id":345,"user_id":95,"is_guest":0,"slug":"bkr","display_name":"Benedikt Kramer","avatar_url":"https:\/\/secure.gravatar.com\/avatar\/e4640a693fd4bcd1ce72ab399d08dc051ae127fc75f26bfd9ee64f5df437875a?s=96&d=mm&r=g","0":null,"1":"","2":"","3":"","4":"","5":"","6":"","7":"","8":"","9":""},{"term_id":3911,"user_id":174,"is_guest":0,"slug":"kvo0","display_name":"Kathrin von Arx","avatar_url":"https:\/\/secure.gravatar.com\/avatar\/3fd0dd37b2da5c17edb650662165a61eb5205ad799ed354cd8490a3e7e492296?s=96&d=mm&r=g","0":null,"1":"","2":"","3":"","4":"","5":"","6":"","7":"","8":"","9":""},{"term_id":420,"user_id":108,"is_guest":0,"slug":"glo","display_name":"Gabrielle Loichat","avatar_url":"https:\/\/secure.gravatar.com\/avatar\/1e8c65da549e9a4cf38c5bb5fb5590418a0f2515b9385cea370cdcfe6f0730fb?s=96&d=mm&r=g","0":null,"1":"","2":"","3":"","4":"","5":"","6":"","7":"","8":"","9":""}],"_links":{"self":[{"href":"https:\/\/themes.agripedia.ch\/fr\/wp-json\/wp\/v2\/posts\/70054","targetHints":{"allow":["GET"]}}],"collection":[{"href":"https:\/\/themes.agripedia.ch\/fr\/wp-json\/wp\/v2\/posts"}],"about":[{"href":"https:\/\/themes.agripedia.ch\/fr\/wp-json\/wp\/v2\/types\/post"}],"author":[{"embeddable":true,"href":"https:\/\/themes.agripedia.ch\/fr\/wp-json\/wp\/v2\/users\/95"}],"replies":[{"embeddable":true,"href":"https:\/\/themes.agripedia.ch\/fr\/wp-json\/wp\/v2\/comments?post=70054"}],"version-history":[{"count":1,"href":"https:\/\/themes.agripedia.ch\/fr\/wp-json\/wp\/v2\/posts\/70054\/revisions"}],"predecessor-version":[{"id":81283,"href":"https:\/\/themes.agripedia.ch\/fr\/wp-json\/wp\/v2\/posts\/70054\/revisions\/81283"}],"wp:featuredmedia":[{"embeddable":true,"href":"https:\/\/themes.agripedia.ch\/fr\/wp-json\/wp\/v2\/media\/63631"}],"wp:attachment":[{"href":"https:\/\/themes.agripedia.ch\/fr\/wp-json\/wp\/v2\/media?parent=70054"}],"wp:term":[{"taxonomy":"category","embeddable":true,"href":"https:\/\/themes.agripedia.ch\/fr\/wp-json\/wp\/v2\/categories?post=70054"},{"taxonomy":"post_tag","embeddable":true,"href":"https:\/\/themes.agripedia.ch\/fr\/wp-json\/wp\/v2\/tags?post=70054"},{"taxonomy":"series","embeddable":true,"href":"https:\/\/themes.agripedia.ch\/fr\/wp-json\/wp\/v2\/series?post=70054"},{"taxonomy":"author","embeddable":true,"href":"https:\/\/themes.agripedia.ch\/fr\/wp-json\/wp\/v2\/ppma_author?post=70054"}],"curies":[{"name":"wp","href":"https:\/\/api.w.org\/{rel}","templated":true}]}}