{"id":66832,"date":"2025-02-04T16:10:54","date_gmt":"2025-02-04T15:10:54","guid":{"rendered":"https:\/\/themes.agripedia.ch\/?p=66832"},"modified":"2025-05-23T15:07:14","modified_gmt":"2025-05-23T13:07:14","slug":"les-lactations-longues-chez-les-chevres-laitieres","status":"publish","type":"post","link":"https:\/\/themes.agripedia.ch\/fr\/les-lactations-longues-chez-les-chevres-laitieres\/","title":{"rendered":"Les lactations longues chez les ch\u00e8vres laiti\u00e8res"},"content":{"rendered":"\n<p>Les lactations longues chez les ch\u00e8vres laiti\u00e8res permettent de produire du lait toute l\u2019ann\u00e9e. Elles s&rsquo;inscrivent dans la strat\u00e9gie de l&rsquo;exploitation et ne doivent pas \u00eatre improvis\u00e9es ou subies. Si cette pratique rencontre un int\u00e9r\u00eat dans certains \u00e9levages suisses, elle n&rsquo;est pas pour autant adapt\u00e9e \u00e0 toutes les ch\u00e8vres. Un projet de vulgarisation conduit en partenariat entre AGRIDEA, la F\u00e9d\u00e9ration Suisse d\u2019Elevage Caprin et la fromagerie Odermatt a permis de synth\u00e9tiser les connaissances actuelles sur le sujet, en Suisse et \u00e0 l&rsquo;\u00e9tranger. <\/p>\n\n\n\n<div class=\"wp-block-columns is-layout-flex wp-container-core-columns-is-layout-9d6595d7 wp-block-columns-is-layout-flex\">\n<div class=\"wp-block-column is-vertically-aligned-stretch is-layout-flow wp-block-column-is-layout-flow\">\n<figure class=\"wp-block-image aligncenter size-large is-resized\"><img loading=\"lazy\" decoding=\"async\" width=\"1024\" height=\"1024\" src=\"https:\/\/themes.agripedia.ch\/wp-content\/uploads\/2025\/01\/Logo_Kaserei-Odermatt-1024x1024.jpg\" alt=\"\" class=\"wp-image-66866\" style=\"width:124px;height:auto\" srcset=\"https:\/\/themes.agripedia.ch\/wp-content\/uploads\/2025\/01\/Logo_Kaserei-Odermatt-1024x1024.jpg 1024w, https:\/\/themes.agripedia.ch\/wp-content\/uploads\/2025\/01\/Logo_Kaserei-Odermatt-300x300.jpg 300w, https:\/\/themes.agripedia.ch\/wp-content\/uploads\/2025\/01\/Logo_Kaserei-Odermatt-150x150.jpg 150w, https:\/\/themes.agripedia.ch\/wp-content\/uploads\/2025\/01\/Logo_Kaserei-Odermatt-768x768.jpg 768w, https:\/\/themes.agripedia.ch\/wp-content\/uploads\/2025\/01\/Logo_Kaserei-Odermatt-1536x1536.jpg 1536w, https:\/\/themes.agripedia.ch\/wp-content\/uploads\/2025\/01\/Logo_Kaserei-Odermatt-1200x1200.jpg 1200w, https:\/\/themes.agripedia.ch\/wp-content\/uploads\/2025\/01\/Logo_Kaserei-Odermatt.jpg 1772w\" sizes=\"auto, (max-width: 1024px) 100vw, 1024px\" \/><\/figure>\n<\/div>\n\n\n\n<div class=\"wp-block-column is-vertically-aligned-stretch is-layout-flow wp-block-column-is-layout-flow\">\n<figure class=\"wp-block-image alignwide size-full\"><img loading=\"lazy\" decoding=\"async\" width=\"283\" height=\"154\" src=\"https:\/\/themes.agripedia.ch\/wp-content\/uploads\/2025\/01\/szzv_p661CVU-2.png\" alt=\"\" class=\"wp-image-67221\"\/><\/figure>\n<\/div>\n\n\n\n<div class=\"wp-block-column is-vertically-aligned-stretch is-layout-flow wp-block-column-is-layout-flow\">\n<figure class=\"wp-block-image alignfull size-full\"><img loading=\"lazy\" decoding=\"async\" width=\"839\" height=\"342\" src=\"https:\/\/themes.agripedia.ch\/wp-content\/uploads\/2025\/02\/AGRIDEA_sans_texte_RVB-AGRIPEDIA_AGRIDEA_sans_texte_RVB.jpg\" alt=\"\" class=\"wp-image-68532\" srcset=\"https:\/\/themes.agripedia.ch\/wp-content\/uploads\/2025\/02\/AGRIDEA_sans_texte_RVB-AGRIPEDIA_AGRIDEA_sans_texte_RVB.jpg 839w, https:\/\/themes.agripedia.ch\/wp-content\/uploads\/2025\/02\/AGRIDEA_sans_texte_RVB-AGRIPEDIA_AGRIDEA_sans_texte_RVB-300x122.jpg 300w, https:\/\/themes.agripedia.ch\/wp-content\/uploads\/2025\/02\/AGRIDEA_sans_texte_RVB-AGRIPEDIA_AGRIDEA_sans_texte_RVB-768x313.jpg 768w\" sizes=\"auto, (max-width: 839px) 100vw, 839px\" \/><\/figure>\n<\/div>\n<\/div>\n\n\n\n<h3 class=\"wp-block-heading\" id=\"objectifs-et-deroule-du-projet-6cc64cab-543e-4ce6-bf23-1b61310c0c45\">Objectifs et d\u00e9roul\u00e9 du projet<\/h3>\n\n\n\n<h4 class=\"wp-block-heading\"><strong>Le projet avait pour objectif<\/strong><strong> de r\u00e9pondre aux questions suivantes<\/strong> :<\/h4>\n\n\n\n<ul class=\"wp-block-list\">\n<li>Comment choisir les ch\u00e8vres les plus aptes \u00e0 la lactation longue ?<\/li>\n\n\n\n<li>Quelles sont les conditions de r\u00e9ussite de cette pratique, en particulier au niveau de l&rsquo;alimentation et de la gestion du troupeau ?<\/li>\n\n\n\n<li>Quelles sont les sp\u00e9cificit\u00e9s de la production laiti\u00e8re des ch\u00e8vres en lactation longue ?<\/li>\n\n\n\n<li>Toutes les exploitations caprines peuvent-elles mettre en place les lactations longues ?<\/li>\n\n\n\n<li>Quelles sont les cons\u00e9quences sur la qualit\u00e9 du lait en termes de transformation fromag\u00e8re ?<\/li>\n<\/ul>\n\n\n\n<h4 class=\"wp-block-heading\"><strong>La r\u00e9alisation du projet s&rsquo;est articul\u00e9 autour de 4 modules<\/strong> :<\/h4>\n\n\n\n<p><strong>Module 1<\/strong><\/p>\n\n\n\n<ul class=\"wp-block-list\">\n<li>Recherche bibliographique : identification des conditions de r\u00e9ussite de la lactation longue.<\/li>\n<\/ul>\n\n\n\n<p><strong>Module 2<\/strong><\/p>\n\n\n\n<ul class=\"wp-block-list\">\n<li>Identification des acteurs-cl\u00e9s en Suisse : \u00e9levages pratiquant la lactation longue, transformateurs et autres experts de la production caprine. Elaboration d&rsquo;un questionnaire \u00e0 destination des \u00e9leveur-euse-s. Entretien avec un transformateur.<\/li>\n\n\n\n<li>Echanges avec des experts \u00e0 l&rsquo;\u00e9tranger (France et Allemagne) en tenant compte des sp\u00e9cificit\u00e9s du contexte suisse. <\/li>\n<\/ul>\n\n\n\n<p><strong>Module 3<\/strong><\/p>\n\n\n\n<ul class=\"wp-block-list\">\n<li>Calcul d&rsquo;un budget partiel pour 2 exploitations (cons\u00e9quences \u00e9conomiques des lactations longues).<\/li>\n\n\n\n<li>Elaboration d&rsquo;une fiche th\u00e9matique synth\u00e9tisant les points importants pour la r\u00e9ussite des lactations longues (choix des ch\u00e8vres, alimentation, gestion du troupeau, point de vue du transformateur, avantages et inconv\u00e9nients de cette pratique). <\/li>\n\n\n\n<li>R\u00e9alisation de deux portraits d&rsquo;exploitations suisses pratiquant la lactation longue depuis plusieurs ann\u00e9es (d\u00e9tail de la mise en oeuvre concr\u00e8te et budget partiel).<\/li>\n<\/ul>\n\n\n\n<p><strong>Module 4<\/strong><\/p>\n\n\n\n<ul class=\"wp-block-list\">\n<li>Formation des multiplicateur-rice-s lors de cours.<\/li>\n<\/ul>\n\n\n\n<div class=\"wp-block-group agripedia-box is-layout-flow wp-block-group-is-layout-flow\">\n<div class=\"wp-block-group agripedia-box-header is-layout-flow wp-block-group-is-layout-flow\">\n<h5 class=\"wp-block-heading\" id=\"activites-publications-3e5bfae7-8837-4cba-8181-f1dd93563955\">Activit\u00e9s \/ publications<\/h5>\n<\/div>\n\n\n\n<div class=\"wp-block-group agripedia-box-content is-layout-flow wp-block-group-is-layout-flow\">\n<p><strong>Cours en ligne<\/strong><\/p>\n\n\n\n<p>Le cours \u00ab\u00a0Verl\u00e4ngerung der Laktation bei Milchziegen : Neue Wege in der Schweizer Milchziegenhaltung?\u00a0\u00bb a eu lieu en ligne le 09\/04\/2024.<br><\/p>\n\n\n\n<p>Les diff\u00e9rentes pr\u00e9sentations (uniquement en allemand) peuvent \u00eatre t\u00e9l\u00e9charg\u00e9es ici :<\/p>\n\n\n\n<p><br><strong>1. <a href=\"https:\/\/themes.agripedia.ch\/wp-content\/uploads\/2025\/01\/Prasentation-LL_S-Graf_AGRIDEA.pdf\" title=\"\">Verl\u00e4ngerung der Laktation bei Milchziegen in der Schweiz<\/a><\/strong><\/p>\n\n\n\n<p><em>Sabina Graf, AGRIDEA<\/em><br><br><strong>2. <a href=\"https:\/\/themes.agripedia.ch\/wp-content\/uploads\/2025\/05\/Verlangerte-Laktation-bei-Ziegen_Homepage.pdf\" title=\"\">Verl\u00e4ngerte Laktation bei Ziegen &#8211; F\u00fctterung als ein zentraler Faktor<\/a><\/strong><\/p>\n\n\n\n<p><em>Jonas Salzmann, UFA<\/em><br><br><strong>3. <a href=\"https:\/\/themes.agripedia.ch\/wp-content\/uploads\/2025\/05\/Verlangerte-Laktationen_Teil-Zucht_SZZV.pdf\" title=\"\">Zucht und Auswahl der Ziegen f\u00fcr lange Laktation<\/a><\/strong><br><em>Stefan Geissmann, Schweizer Ziegenzuchtverband<\/em><\/p>\n\n\n\n<p><br><\/p>\n\n\n\n<p><strong><mdspan datatext=\"el1744008046859\" class=\"mdspan-comment\">Fiche th\u00e9matique<\/mdspan><\/strong><\/p>\n\n\n\n<div class=\"wp-block-advgb-button alignnone\"><a class=\"wp-block-advgb-button_link advgbbtn-5d708b79-fae3-44ce-9945-326e6dc4b214\" href=\"https:\/\/themes.agripedia.ch\/wp-content\/uploads\/2025\/01\/4586__F-24__les-lactations-longues-chez-les-chevres_web.pdf\" target=\"_blank\" rel=\"noopener noreferrer\"><span>Les lactations longues chez les ch\u00e8vres laiti\u00e8res<\/span><\/a><\/div>\n\n\n\n<p><strong>Portraits de deux exploitations caprines suisses<\/strong><\/p>\n\n\n\n<div class=\"wp-block-advgb-button alignnone is-style-default\"><a class=\"wp-block-advgb-button_link advgbbtn-493fb0da-5f4d-43ae-8240-68eac5112993\" href=\"https:\/\/themes.agripedia.ch\/wp-content\/uploads\/2025\/01\/4586_F_24_Portrait-exploitation_Balmer_WEB.pdf\" target=\"_blank\" rel=\"noopener noreferrer\"><span>Exploitation Balmer<\/span><\/a><\/div>\n\n\n\n<div class=\"wp-block-advgb-button alignnone\"><a class=\"wp-block-advgb-button_link advgbbtn-2c7001cf-8cc4-4f77-8884-1688b611c568\" href=\"https:\/\/themes.agripedia.ch\/wp-content\/uploads\/2025\/01\/4586_F_24_Portrait-exploitation_Blaser_WEB.pdf\" target=\"_blank\" rel=\"noopener noreferrer\"><span>Exploitation Blaser<\/span><\/a><\/div>\n\n\n\n<p><strong>Pour en savoir plus<\/strong><\/p>\n\n\n\n<p>Consulter la brochure de l&rsquo;Institut de l&rsquo;Elevage en France \u00e9dit\u00e9e en 2024 : \u00ab\u00a0<a href=\"https:\/\/idele.fr\/detail-article\/les-lactations-longues-en-elevage-caprin\" title=\"\"><strong>Les lactations longues en \u00e9levage caprin. Les \u00e9l\u00e9ments-cl\u00e9s pour les ma\u00eetriser<\/strong><\/a>\u00ab\u00a0.<\/p>\n<\/div>\n<\/div>\n\n\n\n<div class=\"wp-block-group agripedia-box is-layout-flow wp-block-group-is-layout-flow\">\n<div class=\"wp-block-group agripedia-box-header is-layout-flow wp-block-group-is-layout-flow\">\n<h5 class=\"wp-block-heading\" id=\"contacts-30dfa4db-875a-4780-95f1-6b415421f0ee\">Contacts<\/h5>\n<\/div>\n\n\n\n<div class=\"wp-block-group agripedia-box-content is-layout-flow wp-block-group-is-layout-flow\">\n<p>Pour toute question ou suggestion, vous pouvez contacter :<br><br>Fabienne Gresset (F)<br>021 619 44 91<br><a href=\"mailto:fabienne.gresset@agridea.ch\" title=\"\">fabienne.gresset@agridea.ch<\/a><br><br>Sabina Graf (D)<br>052 354 97&nbsp;46<br><a href=\"mailto:sabina.graf@agridea.ch\" title=\"sabina.graf@agridea.ch\">sabina.graf@agridea.ch<\/a><\/p>\n<\/div>\n<\/div>\n\n\n\n<h4 class=\"wp-block-heading\" id=\"mentions-legales-1a835a7c-1f57-47ad-a771-eea3c2a6375e\">Mentions l\u00e9gales<\/h4>\n\n\n\n<p>Image de couverture : \u00a9 Patrick Odermatt<\/p>\n<style class=\"advgb-styles-renderer\">.advgbbtn-5d708b79-fae3-44ce-9945-326e6dc4b214{font-size:18px;color:#fff !important;background-color:#0090C5 !important;margin:0px 0px 0px 0px !important;padding:10px 30px 10px 30px;border-width:1px !important;border-style:none;border-radius:50px !important;}.advgbbtn-5d708b79-fae3-44ce-9945-326e6dc4b214:hover{box-shadow:1px 1px 12px 0px #ccc;opacity:1;transition:all 0.2s ease;}.advgbbtn-5d708b79-fae3-44ce-9945-326e6dc4b214 > i {font-size:30px;color:inherit;float:left;margin-right:7px;}.advgbbtn-493fb0da-5f4d-43ae-8240-68eac5112993{font-size:18px;color:#fff !important;background-color:#0090C5 !important;margin:0px 0px 0px 0px !important;padding:10px 30px 10px 30px;border-width:1px !important;border-style:none;border-radius:50px !important;}.advgbbtn-493fb0da-5f4d-43ae-8240-68eac5112993:hover{box-shadow:1px 1px 12px 0px #ccc;opacity:1;transition:all 0.2s ease;}.advgbbtn-493fb0da-5f4d-43ae-8240-68eac5112993 > i {font-size:30px;color:inherit;float:left;margin-right:7px;}.advgbbtn-2c7001cf-8cc4-4f77-8884-1688b611c568{font-size:18px;color:#fff !important;background-color:#0090C5 !important;margin:0px 0px 0px 0px !important;padding:10px 30px 10px 30px;border-width:1px !important;border-style:none;border-radius:50px !important;}.advgbbtn-2c7001cf-8cc4-4f77-8884-1688b611c568:hover{box-shadow:1px 1px 12px 0px #ccc;opacity:1;transition:all 0.2s ease;}.advgbbtn-2c7001cf-8cc4-4f77-8884-1688b611c568 > i {font-size:30px;color:inherit;float:left;margin-right:7px;}.advgbbtn-5d708b79-fae3-44ce-9945-326e6dc4b214{font-size:18px;color:#fff !important;background-color:#0090C5 !important;margin:0px 0px 0px 0px !important;padding:10px 30px 10px 30px;border-width:1px !important;border-style:none;border-radius:50px !important;}.advgbbtn-5d708b79-fae3-44ce-9945-326e6dc4b214:hover{box-shadow:1px 1px 12px 0px #ccc;opacity:1;transition:all 0.2s ease;}.advgbbtn-5d708b79-fae3-44ce-9945-326e6dc4b214 > i {font-size:30px;color:inherit;float:left;margin-right:7px;}.advgbbtn-493fb0da-5f4d-43ae-8240-68eac5112993{font-size:18px;color:#fff !important;background-color:#0090C5 !important;margin:0px 0px 0px 0px !important;padding:10px 30px 10px 30px;border-width:1px !important;border-style:none;border-radius:50px !important;}.advgbbtn-493fb0da-5f4d-43ae-8240-68eac5112993:hover{box-shadow:1px 1px 12px 0px #ccc;opacity:1;transition:all 0.2s ease;}.advgbbtn-493fb0da-5f4d-43ae-8240-68eac5112993 > i {font-size:30px;color:inherit;float:left;margin-right:7px;}.advgbbtn-2c7001cf-8cc4-4f77-8884-1688b611c568{font-size:18px;color:#fff !important;background-color:#0090C5 !important;margin:0px 0px 0px 0px !important;padding:10px 30px 10px 30px;border-width:1px !important;border-style:none;border-radius:50px !important;}.advgbbtn-2c7001cf-8cc4-4f77-8884-1688b611c568:hover{box-shadow:1px 1px 12px 0px #ccc;opacity:1;transition:all 0.2s ease;}.advgbbtn-2c7001cf-8cc4-4f77-8884-1688b611c568 > i {font-size:30px;color:inherit;float:left;margin-right:7px;}.advgbbtn-5d708b79-fae3-44ce-9945-326e6dc4b214{font-size:18px;color:#fff !important;background-color:#0090C5 !important;margin:0px 0px 0px 0px !important;padding:10px 30px 10px 30px;border-width:1px !important;border-style:none;border-radius:50px !important;}.advgbbtn-5d708b79-fae3-44ce-9945-326e6dc4b214:hover{box-shadow:1px 1px 12px 0px #ccc;opacity:1;transition:all 0.2s ease;}.advgbbtn-5d708b79-fae3-44ce-9945-326e6dc4b214 > i {font-size:30px;color:inherit;float:left;margin-right:7px;}.advgbbtn-493fb0da-5f4d-43ae-8240-68eac5112993{font-size:18px;color:#fff !important;background-color:#0090C5 !important;margin:0px 0px 0px 0px !important;padding:10px 30px 10px 30px;border-width:1px !important;border-style:none;border-radius:50px !important;}.advgbbtn-493fb0da-5f4d-43ae-8240-68eac5112993:hover{box-shadow:1px 1px 12px 0px #ccc;opacity:1;transition:all 0.2s ease;}.advgbbtn-493fb0da-5f4d-43ae-8240-68eac5112993 > i {font-size:30px;color:inherit;float:left;margin-right:7px;}.advgbbtn-2c7001cf-8cc4-4f77-8884-1688b611c568{font-size:18px;color:#fff !important;background-color:#0090C5 !important;margin:0px 0px 0px 0px !important;padding:10px 30px 10px 30px;border-width:1px !important;border-style:none;border-radius:50px !important;}.advgbbtn-2c7001cf-8cc4-4f77-8884-1688b611c568:hover{box-shadow:1px 1px 12px 0px #ccc;opacity:1;transition:all 0.2s ease;}.advgbbtn-2c7001cf-8cc4-4f77-8884-1688b611c568 > i {font-size:30px;color:inherit;float:left;margin-right:7px;}<\/style><div class=\"acf-fields-container\" data-post-id=\"66832\" data-canto-acf=\"true\"><\/div><style>\r\n        .acf-fields-container {\r\n            margin: 2em 0;\r\n            width: 100%;\r\n            clear: both;\r\n        }\r\n        .acf-field-image {\r\n            margin: 1.5em 0;\r\n            position: relative;\r\n        }\r\n        .acf-field-label {\r\n            margin-bottom: 1em;\r\n        }\r\n        .acf-image {\r\n            max-width: 100%;\r\n            height: auto;\r\n            display: block;\r\n            margin: 1em 0;\r\n        }\r\n    <\/style>","protected":false},"excerpt":{"rendered":"<p>Les lactations longues chez les ch\u00e8vres laiti\u00e8res permettent de produire du lait toute l\u2019ann\u00e9e. Elles s&rsquo;inscrivent dans la strat\u00e9gie de l&rsquo;exploitation et ne doivent pas \u00eatre improvis\u00e9es ou subies. Si cette pratique rencontre un int\u00e9r\u00eat dans certains \u00e9levages suisses, elle n&rsquo;est pas pour autant adapt\u00e9e \u00e0 toutes les ch\u00e8vres. Un projet de vulgarisation conduit en [&hellip;]<\/p>\n","protected":false},"author":119,"featured_media":66834,"comment_status":"closed","ping_status":"open","sticky":false,"template":"","format":"standard","meta":{"_acf_changed":false,"_autodraft_ids":["th_901744009541601","th_921744007591786"],"advgb_blocks_editor_width":"","advgb_blocks_columns_visual_guide":"","_monsterinsights_skip_tracking":false,"_monsterinsights_sitenote_active":false,"_monsterinsights_sitenote_note":"","_monsterinsights_sitenote_category":0,"ngg_post_thumbnail":0,"_sb_is_suggestion_mode":false,"_sb_show_suggestion_boards":false,"_sb_show_comment_boards":false,"_sb_suggestion_history":"{\"191740476770879\":[{\"action\":\"Delete\",\"mode\":\"Delete\",\"text\":\"<em>s<\/em>\",\"tagNameArray\":[],\"is_text\":true,\"is_element\":false,\"is_attr_update\":false,\"is_block_align\":false,\"uid\":66,\"is_draft\":false,\"updated_at\":1744014689,\"timestamp\":1740480370,\"status\":{\"action\":\"accept\",\"user\":119,\"timestamp\":1744014689}}],\"651744007554755\":[{\"action\":\"Format\",\"mode\":\"Edit\",\"text\":\"Highlight, Bold, Font\",\"tagNameArray\":[\"mark\",\"strong\"],\"oldvalue\":\"Cours en ligneLe cours \\\"Verl\u00e4ngerung der Laktation bei Milchziegen : Neue Wege in der Schweizer Milchziegenhaltung?\\\" a eu lieu en ligne le 09\/04\/2024.\",\"newvalue\":\"<mark style=\\\"background-color:rgba(0, 0, 0, 0)\\\" class=\\\"has-inline-color has-white-color\\\"><strong>Cours en ligne<\/strong><br>Le cours \\\"<strong>Verl\u00e4ngerung der Laktation bei Milchziegen : Neue Wege in der Schweizer Milchziegenhaltung<\/strong>?\\\" a eu lieu en ligne le 09\/04\/2024.<\/mark>\",\"is_text\":false,\"is_element\":true,\"is_attr_update\":true,\"is_block_align\":false,\"attrs_old\":{},\"attrs_new\":{},\"uid\":119,\"is_draft\":false,\"updated_at\":1744014842,\"timestamp\":1744014754,\"status\":{\"action\":\"reject\",\"user\":119,\"timestamp\":1744014842}}],\"271744007554822\":[{\"action\":\"Format\",\"mode\":\"Edit\",\"text\":\"Highlight, Bold, Font\",\"tagNameArray\":[\"mark\",\"strong\"],\"oldvalue\":\"Cours en ligneLe cours \\\"Verl\u00e4ngerung der Laktation bei Milchziegen : Neue Wege in der Schweizer Milchziegenhaltung?\\\" a eu lieu en ligne le 09\/04\/2024.\",\"newvalue\":\"<mark style=\\\"background-color:rgba(0, 0, 0, 0)\\\" class=\\\"has-inline-color has-white-color\\\"><strong>Cours en ligne<\/strong><br>Le cours \\\"<strong>Verl\u00e4ngerung der Laktation bei Milchziegen : Neue Wege in der Schweizer Milchziegenhaltung<\/strong>?\\\" a eu lieu en ligne le 09\/04\/2024.<\/mark>\",\"is_text\":false,\"is_element\":true,\"is_attr_update\":true,\"is_block_align\":false,\"attrs_old\":{},\"attrs_new\":{},\"uid\":119,\"is_draft\":false,\"updated_at\":1744014764,\"timestamp\":1744014754,\"status\":{\"action\":\"reject\",\"user\":119,\"timestamp\":1744014764}}],\"921744007591786\":[{\"action\":\"Format\",\"mode\":\"Edit\",\"text\":\"Highlight\",\"tagNameArray\":[\"mark\"],\"oldvalue\":\"Les diff\u00e9rentes pr\u00e9sentations (uniquement en allemand) peuvent \u00eatre t\u00e9l\u00e9charg\u00e9es ici :\",\"newvalue\":\"<mark style=\\\"background-color:rgba(0, 0, 0, 0)\\\" class=\\\"has-inline-color has-white-color\\\">Les diff\u00e9rentes pr\u00e9sentations (uniquement en allemand) peuvent \u00eatre t\u00e9l\u00e9charg\u00e9es ici :<br>1. <strong><a href=\\\"https:\/\/themes.agripedia.ch\/wp-content\/uploads\/2025\/01\/Prasentation-LL_S-Graf_AGRIDEA.pdf\\\" title=\\\"\\\">Verl\u00e4ngerung der Laktation in der Schweiz<\/a><\/strong><br>Sabina Graf, AGRIDEA<br><br>2. <strong>F\u00fctterung der Ziegen mit langer Laktation<\/strong><br>Jonas Salzmann, UFA<\/mark>\",\"is_text\":false,\"is_element\":true,\"is_attr_update\":true,\"is_block_align\":false,\"attrs_old\":{},\"attrs_new\":{},\"uid\":119,\"is_draft\":false,\"updated_at\":1744014792,\"timestamp\":1744014792}],\"161744007591864\":[{\"action\":\"Format\",\"mode\":\"Edit\",\"text\":\"Highlight\",\"tagNameArray\":[\"mark\"],\"oldvalue\":\"Les diff\u00e9rentes pr\u00e9sentations (uniquement en allemand) peuvent \u00eatre t\u00e9l\u00e9charg\u00e9es ici :\",\"newvalue\":\"<mark style=\\\"background-color:rgba(0, 0, 0, 0)\\\" class=\\\"has-inline-color has-white-color\\\">Les diff\u00e9rentes pr\u00e9sentations (uniquement en allemand) peuvent \u00eatre t\u00e9l\u00e9charg\u00e9es ici :<br>1. <strong><a href=\\\"https:\/\/themes.agripedia.ch\/wp-content\/uploads\/2025\/01\/Prasentation-LL_S-Graf_AGRIDEA.pdf\\\" title=\\\"\\\">Verl\u00e4ngerung der Laktation in der Schweiz<\/a><\/strong><br>Sabina Graf, AGRIDEA<br><br>2. <strong>F\u00fctterung der Ziegen mit langer Laktation<\/strong><br>Jonas Salzmann, UFA<\/mark>\",\"is_text\":false,\"is_element\":true,\"is_attr_update\":true,\"is_block_align\":false,\"attrs_old\":{},\"attrs_new\":{},\"uid\":119,\"is_draft\":false,\"updated_at\":1744014845,\"timestamp\":1744014792,\"status\":{\"action\":\"reject\",\"user\":119,\"timestamp\":1744014845}}],\"431744007591946\":[{\"action\":\"Format\",\"mode\":\"Edit\",\"text\":\"Bold, Font, Highlight\",\"tagNameArray\":[\"strong\",\"mark\"],\"oldvalue\":\"Sabina Graf, AGRIDEA\",\"newvalue\":\"<strong><ins data-uid=\\\"119\\\" id=\\\"431744007591946\\\" class=\\\"mdmodified\\\"><mark style=\\\"background-color:rgba(0, 0, 0, 0)\\\" class=\\\"has-inline-color has-white-color\\\">Sabina Graf, AGRIDEA<\/mark><\/ins><br><br><ins data-uid=\\\"119\\\" id=\\\"371744007592022\\\" class=\\\"mdmodified\\\"><mark style=\\\"background-color:rgba(0, 0, 0, 0)\\\" class=\\\"has-inline-color has-white-color\\\">2. F\u00fctterung der Ziegen mit langer Laktation<\/mark><\/ins><br><ins data-uid=\\\"119\\\" id=\\\"881744007592093\\\" class=\\\"mdmodified\\\"><mark style=\\\"background-color:rgba(0, 0, 0, 0)\\\" class=\\\"has-inline-color has-white-color\\\">Jonas Salzmann, UFA<\/mark><\/ins><br><br><ins data-uid=\\\"119\\\" id=\\\"401744007611927\\\" class=\\\"mdmodified\\\"><mark style=\\\"background-color:rgba(0, 0, 0, 0)\\\" class=\\\"has-inline-color has-white-color\\\">3. Zucht und Auswahl der Ziegen f\u00fcr lange Laktation anhand der MLP Daten<\/mark><\/ins><br><ins data-uid=\\\"119\\\" id=\\\"821744007612002\\\" class=\\\"mdmodified\\\"><mark style=\\\"background-color:rgba(0, 0, 0, 0)\\\" class=\\\"has-inline-color has-white-color\\\">Stefan Geissmann, Schweizer Ziegenzuchtverband<\/mark><\/ins><br><br><ins data-uid=\\\"119\\\" id=\\\"901744007612077\\\" class=\\\"mdmodified\\\"><mark style=\\\"background-color:rgba(0, 0, 0, 0)\\\" class=\\\"has-inline-color has-white-color\\\">Publications<\/mark><\/ins><\/strong>\",\"is_text\":false,\"is_element\":true,\"is_attr_update\":false,\"is_block_align\":false,\"uid\":119,\"is_draft\":false,\"updated_at\":1744015332,\"timestamp\":1744015332,\"status\":{\"action\":\"reject\",\"user\":119,\"timestamp\":1744016635}}],\"371744007592022\":[{\"action\":\"Format\",\"mode\":\"Edit\",\"text\":\"Bold, Font, Highlight\",\"tagNameArray\":[\"strong\",\"mark\"],\"oldvalue\":\"Sabina Graf, AGRIDEA\",\"newvalue\":\"<strong><ins data-uid=\\\"119\\\" id=\\\"431744007591946\\\" class=\\\"mdmodified\\\"><mark style=\\\"background-color:rgba(0, 0, 0, 0)\\\" class=\\\"has-inline-color has-white-color\\\">Sabina Graf, AGRIDEA<\/mark><\/ins><br><br><ins data-uid=\\\"119\\\" id=\\\"371744007592022\\\" class=\\\"mdmodified\\\"><mark style=\\\"background-color:rgba(0, 0, 0, 0)\\\" class=\\\"has-inline-color has-white-color\\\">2. F\u00fctterung der Ziegen mit langer Laktation<\/mark><\/ins><br><ins data-uid=\\\"119\\\" id=\\\"881744007592093\\\" class=\\\"mdmodified\\\"><mark style=\\\"background-color:rgba(0, 0, 0, 0)\\\" class=\\\"has-inline-color has-white-color\\\">Jonas Salzmann, UFA<\/mark><\/ins><br><br><ins data-uid=\\\"119\\\" id=\\\"401744007611927\\\" class=\\\"mdmodified\\\"><mark style=\\\"background-color:rgba(0, 0, 0, 0)\\\" class=\\\"has-inline-color has-white-color\\\">3. Zucht und Auswahl der Ziegen f\u00fcr lange Laktation anhand der MLP Daten<\/mark><\/ins><br><ins data-uid=\\\"119\\\" id=\\\"821744007612002\\\" class=\\\"mdmodified\\\"><mark style=\\\"background-color:rgba(0, 0, 0, 0)\\\" class=\\\"has-inline-color has-white-color\\\">Stefan Geissmann, Schweizer Ziegenzuchtverband<\/mark><\/ins><br><br><ins data-uid=\\\"119\\\" id=\\\"901744007612077\\\" class=\\\"mdmodified\\\"><mark style=\\\"background-color:rgba(0, 0, 0, 0)\\\" class=\\\"has-inline-color has-white-color\\\">Publications<\/mark><\/ins><\/strong>\",\"is_text\":false,\"is_element\":true,\"is_attr_update\":false,\"is_block_align\":false,\"uid\":119,\"is_draft\":false,\"updated_at\":1744015332,\"timestamp\":1744015332,\"status\":{\"action\":\"reject\",\"user\":119,\"timestamp\":1744016602}}],\"881744007592093\":[{\"action\":\"Format\",\"mode\":\"Edit\",\"text\":\"Bold, Font, Highlight\",\"tagNameArray\":[\"strong\",\"mark\"],\"oldvalue\":\"Sabina Graf, AGRIDEA\",\"newvalue\":\"<strong><ins data-uid=\\\"119\\\" id=\\\"431744007591946\\\" class=\\\"mdmodified\\\"><mark style=\\\"background-color:rgba(0, 0, 0, 0)\\\" class=\\\"has-inline-color has-white-color\\\">Sabina Graf, AGRIDEA<\/mark><\/ins><br><br><ins data-uid=\\\"119\\\" id=\\\"371744007592022\\\" class=\\\"mdmodified\\\"><mark style=\\\"background-color:rgba(0, 0, 0, 0)\\\" class=\\\"has-inline-color has-white-color\\\">2. F\u00fctterung der Ziegen mit langer Laktation<\/mark><\/ins><br><ins data-uid=\\\"119\\\" id=\\\"881744007592093\\\" class=\\\"mdmodified\\\"><mark style=\\\"background-color:rgba(0, 0, 0, 0)\\\" class=\\\"has-inline-color has-white-color\\\">Jonas Salzmann, UFA<\/mark><\/ins><br><br><ins data-uid=\\\"119\\\" id=\\\"401744007611927\\\" class=\\\"mdmodified\\\"><mark style=\\\"background-color:rgba(0, 0, 0, 0)\\\" class=\\\"has-inline-color has-white-color\\\">3. Zucht und Auswahl der Ziegen f\u00fcr lange Laktation anhand der MLP Daten<\/mark><\/ins><br><ins data-uid=\\\"119\\\" id=\\\"821744007612002\\\" class=\\\"mdmodified\\\"><mark style=\\\"background-color:rgba(0, 0, 0, 0)\\\" class=\\\"has-inline-color has-white-color\\\">Stefan Geissmann, Schweizer Ziegenzuchtverband<\/mark><\/ins><br><br><ins data-uid=\\\"119\\\" id=\\\"901744007612077\\\" class=\\\"mdmodified\\\"><mark style=\\\"background-color:rgba(0, 0, 0, 0)\\\" class=\\\"has-inline-color has-white-color\\\">Publications<\/mark><\/ins><\/strong>\",\"is_text\":false,\"is_element\":true,\"is_attr_update\":false,\"is_block_align\":false,\"uid\":119,\"is_draft\":false,\"updated_at\":1744015332,\"timestamp\":1744015332,\"status\":{\"action\":\"reject\",\"user\":119,\"timestamp\":1744016636}}],\"401744007611927\":[{\"action\":\"Format\",\"mode\":\"Edit\",\"text\":\"Bold, Font, Highlight\",\"tagNameArray\":[\"strong\",\"mark\"],\"oldvalue\":\"Sabina Graf, AGRIDEA\",\"newvalue\":\"<strong><ins data-uid=\\\"119\\\" id=\\\"431744007591946\\\" class=\\\"mdmodified\\\"><mark style=\\\"background-color:rgba(0, 0, 0, 0)\\\" class=\\\"has-inline-color has-white-color\\\">Sabina Graf, AGRIDEA<\/mark><\/ins><br><br><ins data-uid=\\\"119\\\" id=\\\"371744007592022\\\" class=\\\"mdmodified\\\"><mark style=\\\"background-color:rgba(0, 0, 0, 0)\\\" class=\\\"has-inline-color has-white-color\\\">2. F\u00fctterung der Ziegen mit langer Laktation<\/mark><\/ins><br><ins data-uid=\\\"119\\\" id=\\\"881744007592093\\\" class=\\\"mdmodified\\\"><mark style=\\\"background-color:rgba(0, 0, 0, 0)\\\" class=\\\"has-inline-color has-white-color\\\">Jonas Salzmann, UFA<\/mark><\/ins><br><br><ins data-uid=\\\"119\\\" id=\\\"401744007611927\\\" class=\\\"mdmodified\\\"><mark style=\\\"background-color:rgba(0, 0, 0, 0)\\\" class=\\\"has-inline-color has-white-color\\\">3. Zucht und Auswahl der Ziegen f\u00fcr lange Laktation anhand der MLP Daten<\/mark><\/ins><br><ins data-uid=\\\"119\\\" id=\\\"821744007612002\\\" class=\\\"mdmodified\\\"><mark style=\\\"background-color:rgba(0, 0, 0, 0)\\\" class=\\\"has-inline-color has-white-color\\\">Stefan Geissmann, Schweizer Ziegenzuchtverband<\/mark><\/ins><br><br><ins data-uid=\\\"119\\\" id=\\\"901744007612077\\\" class=\\\"mdmodified\\\"><mark style=\\\"background-color:rgba(0, 0, 0, 0)\\\" class=\\\"has-inline-color has-white-color\\\">Publications<\/mark><\/ins><\/strong>\",\"is_text\":false,\"is_element\":true,\"is_attr_update\":false,\"is_block_align\":false,\"uid\":119,\"is_draft\":false,\"updated_at\":1744015332,\"timestamp\":1744015332,\"status\":{\"action\":\"reject\",\"user\":119,\"timestamp\":1744016624}}],\"821744007612002\":[{\"action\":\"Format\",\"mode\":\"Edit\",\"text\":\"Bold, Font, Highlight\",\"tagNameArray\":[\"strong\",\"mark\"],\"oldvalue\":\"Sabina Graf, AGRIDEA\",\"newvalue\":\"<strong><ins data-uid=\\\"119\\\" id=\\\"431744007591946\\\" class=\\\"mdmodified\\\"><mark style=\\\"background-color:rgba(0, 0, 0, 0)\\\" class=\\\"has-inline-color has-white-color\\\">Sabina Graf, AGRIDEA<\/mark><\/ins><br><br><ins data-uid=\\\"119\\\" id=\\\"371744007592022\\\" class=\\\"mdmodified\\\"><mark style=\\\"background-color:rgba(0, 0, 0, 0)\\\" class=\\\"has-inline-color has-white-color\\\">2. F\u00fctterung der Ziegen mit langer Laktation<\/mark><\/ins><br><ins data-uid=\\\"119\\\" id=\\\"881744007592093\\\" class=\\\"mdmodified\\\"><mark style=\\\"background-color:rgba(0, 0, 0, 0)\\\" class=\\\"has-inline-color has-white-color\\\">Jonas Salzmann, UFA<\/mark><\/ins><br><br><ins data-uid=\\\"119\\\" id=\\\"401744007611927\\\" class=\\\"mdmodified\\\"><mark style=\\\"background-color:rgba(0, 0, 0, 0)\\\" class=\\\"has-inline-color has-white-color\\\">3. Zucht und Auswahl der Ziegen f\u00fcr lange Laktation anhand der MLP Daten<\/mark><\/ins><br><ins data-uid=\\\"119\\\" id=\\\"821744007612002\\\" class=\\\"mdmodified\\\"><mark style=\\\"background-color:rgba(0, 0, 0, 0)\\\" class=\\\"has-inline-color has-white-color\\\">Stefan Geissmann, Schweizer Ziegenzuchtverband<\/mark><\/ins><br><br><ins data-uid=\\\"119\\\" id=\\\"901744007612077\\\" class=\\\"mdmodified\\\"><mark style=\\\"background-color:rgba(0, 0, 0, 0)\\\" class=\\\"has-inline-color has-white-color\\\">Publications<\/mark><\/ins><\/strong>\",\"is_text\":false,\"is_element\":true,\"is_attr_update\":false,\"is_block_align\":false,\"uid\":119,\"is_draft\":false,\"updated_at\":1744015332,\"timestamp\":1744015332,\"status\":{\"action\":\"reject\",\"user\":119,\"timestamp\":1744016641}}],\"901744007612077\":[{\"action\":\"Format\",\"mode\":\"Edit\",\"text\":\"Bold, Font, Highlight\",\"tagNameArray\":[\"strong\",\"mark\"],\"oldvalue\":\"Sabina Graf, AGRIDEA\",\"newvalue\":\"<strong><ins data-uid=\\\"119\\\" id=\\\"431744007591946\\\" class=\\\"mdmodified\\\"><mark style=\\\"background-color:rgba(0, 0, 0, 0)\\\" class=\\\"has-inline-color has-white-color\\\">Sabina Graf, AGRIDEA<\/mark><\/ins><br><br><ins data-uid=\\\"119\\\" id=\\\"371744007592022\\\" class=\\\"mdmodified\\\"><mark style=\\\"background-color:rgba(0, 0, 0, 0)\\\" class=\\\"has-inline-color has-white-color\\\">2. F\u00fctterung der Ziegen mit langer Laktation<\/mark><\/ins><br><ins data-uid=\\\"119\\\" id=\\\"881744007592093\\\" class=\\\"mdmodified\\\"><mark style=\\\"background-color:rgba(0, 0, 0, 0)\\\" class=\\\"has-inline-color has-white-color\\\">Jonas Salzmann, UFA<\/mark><\/ins><br><br><ins data-uid=\\\"119\\\" id=\\\"401744007611927\\\" class=\\\"mdmodified\\\"><mark style=\\\"background-color:rgba(0, 0, 0, 0)\\\" class=\\\"has-inline-color has-white-color\\\">3. Zucht und Auswahl der Ziegen f\u00fcr lange Laktation anhand der MLP Daten<\/mark><\/ins><br><ins data-uid=\\\"119\\\" id=\\\"821744007612002\\\" class=\\\"mdmodified\\\"><mark style=\\\"background-color:rgba(0, 0, 0, 0)\\\" class=\\\"has-inline-color has-white-color\\\">Stefan Geissmann, Schweizer Ziegenzuchtverband<\/mark><\/ins><br><br><ins data-uid=\\\"119\\\" id=\\\"901744007612077\\\" class=\\\"mdmodified\\\"><mark style=\\\"background-color:rgba(0, 0, 0, 0)\\\" class=\\\"has-inline-color has-white-color\\\">Publications<\/mark><\/ins><\/strong>\",\"is_text\":false,\"is_element\":true,\"is_attr_update\":false,\"is_block_align\":false,\"uid\":119,\"is_draft\":false,\"updated_at\":1744016648,\"timestamp\":1744015332,\"status\":{\"action\":\"reject\",\"user\":119,\"timestamp\":1744016648}}],\"151744007821061\":[{\"action\":\"Delete\",\"mode\":\"Delete\",\"text\":\"<em>Cours en ligneLe cours \\\"Verl\u00e4ngerung der Laktation bei Milchziegen : Neue Wege in der Schweizer Milchziegenhaltung?\\\" a eu lieu en ligne le 09\/04\/2024.<\/em>\",\"tagNameArray\":[],\"is_text\":true,\"is_element\":false,\"is_attr_update\":false,\"is_block_align\":false,\"uid\":119,\"is_draft\":false,\"updated_at\":1744015025,\"timestamp\":1744015021,\"status\":{\"action\":\"accept\",\"user\":119,\"timestamp\":1744015025}}],\"891744007833549\":[{\"action\":\"Delete\",\"mode\":\"Delete\",\"text\":\"Line Break\",\"tagNameArray\":[\"br\"],\"is_text\":false,\"is_element\":true,\"is_attr_update\":false,\"is_block_align\":false,\"uid\":119,\"is_draft\":false,\"updated_at\":1744015038,\"timestamp\":1744015033,\"status\":{\"action\":\"accept\",\"user\":119,\"timestamp\":1744015038}}],\"661744007877211\":[{\"action\":\"Format\",\"mode\":\"Edit\",\"text\":\"Bold, Font\",\"tagNameArray\":[\"strong\"],\"oldvalue\":\"Cours en ligne\",\"newvalue\":\"<strong>Cours en ligne<\/strong>\",\"is_text\":false,\"is_element\":true,\"is_attr_update\":false,\"is_block_align\":false,\"uid\":119,\"is_draft\":false,\"updated_at\":1744015079,\"timestamp\":1744015077,\"status\":{\"action\":\"accept\",\"user\":119,\"timestamp\":1744015079}}],\"221744007887319\":[{\"action\":\"Delete\",\"mode\":\"Delete\",\"text\":\"<em>Les diff\u00e9rentes pr\u00e9sentations (uniquement en allemand) peuvent \u00eatre t\u00e9l\u00e9charg\u00e9es ici :<\/em>\",\"tagNameArray\":[],\"is_text\":false,\"is_element\":false,\"is_attr_update\":false,\"is_block_align\":false,\"uid\":119,\"is_draft\":false,\"updated_at\":1744015090,\"timestamp\":1744015087,\"status\":{\"action\":\"accept\",\"user\":119,\"timestamp\":1744015090}}],\"521744007892548\":[{\"action\":\"Delete\",\"mode\":\"Delete\",\"text\":\"Line Break (2 times)\",\"tagNameArray\":[\"br\"],\"is_text\":false,\"is_element\":true,\"is_attr_update\":false,\"is_block_align\":false,\"uid\":119,\"is_draft\":false,\"updated_at\":1744015114,\"timestamp\":1744015098,\"status\":{\"action\":\"accept\",\"user\":119,\"timestamp\":1744015114}}],\"441744007898308\":[{\"action\":\"Add\",\"mode\":\"Add\",\"text\":\"Line Break\",\"tagNameArray\":[\"br\"],\"oldvalue\":\"\",\"newvalue\":\"<br>\",\"is_text\":false,\"is_element\":true,\"is_attr_update\":false,\"is_block_align\":false,\"uid\":119,\"is_draft\":false,\"updated_at\":1744015100,\"timestamp\":1744015098,\"status\":{\"action\":\"accept\",\"user\":119,\"timestamp\":1744015100}}],\"511744007948688\":[{\"action\":\"Format\",\"mode\":\"Edit\",\"text\":\"Bold, Font, Highlight\",\"tagNameArray\":[\"strong\",\"mark\"],\"oldvalue\":\"Portraits de deux exploitations caprines suisses\",\"newvalue\":\"<strong><mark style=\\\"background-color:rgba(0, 0, 0, 0)\\\" class=\\\"has-inline-color has-white-color\\\">Portraits de deux exploitations caprines suisses<\/mark><\/strong>\",\"is_text\":false,\"is_element\":true,\"is_attr_update\":true,\"is_block_align\":false,\"attrs_old\":{},\"attrs_new\":{},\"uid\":119,\"is_draft\":false,\"updated_at\":1744015151,\"timestamp\":1744015148,\"status\":{\"action\":\"accept\",\"user\":119,\"timestamp\":1744015151}}],\"531744007972086\":[{\"action\":\"Format\",\"mode\":\"Edit\",\"text\":\"Bold, Font, Highlight\",\"tagNameArray\":[\"strong\",\"mark\"],\"oldvalue\":\"Portraits de deux exploitations caprines suisses\",\"newvalue\":\"<strong><mark style=\\\"background-color:rgba(0, 0, 0, 0)\\\" class=\\\"has-inline-color has-black-color\\\">Portraits de deux exploitations caprines suisses<\/mark><\/strong>\",\"is_text\":false,\"is_element\":true,\"is_attr_update\":true,\"is_block_align\":false,\"attrs_old\":{},\"attrs_new\":{},\"uid\":119,\"is_draft\":false,\"updated_at\":1744015172,\"timestamp\":1744015172,\"status\":{\"action\":\"reject\",\"user\":119,\"timestamp\":1744016569}}],\"491744008007863\":[{\"action\":\"Format\",\"mode\":\"Edit\",\"text\":\"Highlight, Bold, Font\",\"tagNameArray\":[\"mark\",\"strong\"],\"oldvalue\":\"Fiche th\u00e9matique\",\"newvalue\":\"<mark><strong>Fiche th\u00e9matique<\/strong><\/mark>\",\"is_text\":false,\"is_element\":true,\"is_attr_update\":false,\"is_block_align\":false,\"uid\":119,\"is_draft\":false,\"updated_at\":1744015219,\"timestamp\":1744015219,\"status\":{\"action\":\"reject\",\"user\":119,\"timestamp\":1744016646}}],\"181744008312558\":[{\"action\":\"Delete\",\"mode\":\"Delete\",\"text\":\"<em>peuvent \u00eatre t\u00e9l\u00e9charg\u00e9es ici :<\/em>\",\"tagNameArray\":[],\"is_text\":true,\"is_element\":false,\"is_attr_update\":false,\"is_block_align\":false,\"uid\":119,\"is_draft\":false,\"updated_at\":1744015512,\"timestamp\":1744015512,\"status\":{\"action\":\"reject\",\"user\":119,\"timestamp\":1744016577}}],\"571744008312560\":[{\"action\":\"Add\",\"mode\":\"Add\",\"text\":\"<em>\u00e9taient les suivantes<\/em>\",\"tagNameArray\":[],\"is_text\":true,\"is_element\":false,\"is_attr_update\":false,\"is_block_align\":false,\"uid\":119,\"is_draft\":false,\"updated_at\":1744015527,\"timestamp\":1744015527,\"status\":{\"action\":\"reject\",\"user\":119,\"timestamp\":1744016618}}],\"901744009541601\":[{\"action\":\"Add\",\"mode\":\"Add\",\"text\":\"<em>1. <\/em>\",\"tagNameArray\":[],\"is_text\":true,\"is_element\":false,\"is_attr_update\":false,\"is_block_align\":false,\"uid\":119,\"is_draft\":false,\"updated_at\":1744016742,\"timestamp\":1744016742}],\"861744009548751\":[{\"action\":\"Add\",\"mode\":\"Add\",\"text\":\"<em>les la<\/em>\",\"tagNameArray\":[],\"is_text\":true,\"is_element\":false,\"is_attr_update\":false,\"is_block_align\":false,\"uid\":119,\"is_draft\":false,\"updated_at\":1744016750,\"timestamp\":1744016750,\"status\":{\"action\":\"accept\",\"user\":119,\"timestamp\":1744016825}}]}","_sb_update_block_changes":"{\"5cee2109-c578-4b9c-8407-d2bcb26f986e\":true}","_is_real_time_mode":false,"_realtime_collaborators":"{\"119\":{\"userAvatar\":\"https:\\\/\\\/secure.gravatar.com\\\/avatar\\\/9fdb3b7cf7c6bdc1b71b193746ea53a4?s=96&d=mm&r=g\",\"role\":\"author\",\"userId\":119,\"email\":\"fabienne.gresset@agridea.ch\",\"username\":\"Fabienne Gresset\"},\"66\":{\"userAvatar\":\"https:\\\/\\\/secure.gravatar.com\\\/avatar\\\/2f15895f12f861898e46594f850b0eaf?s=96&d=mm&r=g\",\"role\":\"lektorat\",\"userId\":66,\"email\":\"aurora-rosa.cicciari@agridea.ch\",\"username\":\"aci\"}}","footnotes":"","cf_checklist_status":[]},"categories":[124],"tags":[],"series":[],"ppma_author":[457],"class_list":["post-66832","post","type-post","status-publish","format-standard","has-post-thumbnail","hentry","category-tierhaltung-fr"],"pp_statuses_selecting_workflow":false,"pp_workflow_action":"current","pp_status_selection":"publish","acf":[],"canto_acf_fields":"<div class=\"acf-fields-container\" data-post-id=\"66832\" data-canto-acf=\"true\"><\/div><style>\r\n        .acf-fields-container {\r\n            margin: 2em 0;\r\n            width: 100%;\r\n            clear: both;\r\n        }\r\n        .acf-field-image {\r\n            margin: 1.5em 0;\r\n            position: relative;\r\n        }\r\n        .acf-field-label {\r\n            margin-bottom: 1em;\r\n        }\r\n        .acf-image {\r\n            max-width: 100%;\r\n            height: auto;\r\n            display: block;\r\n            margin: 1em 0;\r\n        }\r\n    <\/style>","author_meta":{"display_name":"Fabienne Gresset","author_link":"https:\/\/themes.agripedia.ch\/fr\/author\/fgr\/"},"featured_img":"https:\/\/themes.agripedia.ch\/wp-content\/uploads\/2025\/01\/4586_4_F-2-300x155.jpg","coauthors":[{"link":"https:\/\/themes.agripedia.ch\/fr\/author\/fgr\/","display_name":"Fabienne Gresset"}],"tax_additional":{"categories":{"linked":["<a href=\"https:\/\/themes.agripedia.ch\/fr\/theme\/themen-fr\/tierhaltung-fr\/\" class=\"advgb-post-tax-term\">Production animale<\/a>"],"unlinked":["<span class=\"advgb-post-tax-term\">Production animale<\/span>"]}},"comment_count":"0","relative_dates":{"created":"Publi\u00e9 1 an il y a","modified":"Mis \u00e0 jour 11 mois il y a"},"absolute_dates":{"created":"Publi\u00e9 le 04.02.2025","modified":"Mise \u00e0 jour le 23.05.2025"},"absolute_dates_time":{"created":"Publi\u00e9 le 04.02.2025 4:10 pm","modified":"Mise \u00e0 jour le 23.05.2025 3:07 pm"},"featured_img_caption":"","series_order":null,"authors":[{"term_id":457,"user_id":119,"is_guest":0,"slug":"fgr","display_name":"Fabienne Gresset","avatar_url":"https:\/\/secure.gravatar.com\/avatar\/?s=96&d=mm&r=g","0":null,"1":"","2":"","3":"","4":"","5":"","6":"","7":"","8":"","9":""}],"_links":{"self":[{"href":"https:\/\/themes.agripedia.ch\/fr\/wp-json\/wp\/v2\/posts\/66832","targetHints":{"allow":["GET"]}}],"collection":[{"href":"https:\/\/themes.agripedia.ch\/fr\/wp-json\/wp\/v2\/posts"}],"about":[{"href":"https:\/\/themes.agripedia.ch\/fr\/wp-json\/wp\/v2\/types\/post"}],"author":[{"embeddable":true,"href":"https:\/\/themes.agripedia.ch\/fr\/wp-json\/wp\/v2\/users\/119"}],"replies":[{"embeddable":true,"href":"https:\/\/themes.agripedia.ch\/fr\/wp-json\/wp\/v2\/comments?post=66832"}],"version-history":[{"count":0,"href":"https:\/\/themes.agripedia.ch\/fr\/wp-json\/wp\/v2\/posts\/66832\/revisions"}],"wp:featuredmedia":[{"embeddable":true,"href":"https:\/\/themes.agripedia.ch\/fr\/wp-json\/wp\/v2\/media\/66834"}],"wp:attachment":[{"href":"https:\/\/themes.agripedia.ch\/fr\/wp-json\/wp\/v2\/media?parent=66832"}],"wp:term":[{"taxonomy":"category","embeddable":true,"href":"https:\/\/themes.agripedia.ch\/fr\/wp-json\/wp\/v2\/categories?post=66832"},{"taxonomy":"post_tag","embeddable":true,"href":"https:\/\/themes.agripedia.ch\/fr\/wp-json\/wp\/v2\/tags?post=66832"},{"taxonomy":"series","embeddable":true,"href":"https:\/\/themes.agripedia.ch\/fr\/wp-json\/wp\/v2\/series?post=66832"},{"taxonomy":"author","embeddable":true,"href":"https:\/\/themes.agripedia.ch\/fr\/wp-json\/wp\/v2\/ppma_author?post=66832"}],"curies":[{"name":"wp","href":"https:\/\/api.w.org\/{rel}","templated":true}]}}