{"id":60207,"date":"2025-06-12T09:45:54","date_gmt":"2025-06-12T07:45:54","guid":{"rendered":"https:\/\/themes.agripedia.ch\/?p=60207"},"modified":"2025-06-12T10:10:03","modified_gmt":"2025-06-12T08:10:03","slug":"canton-dargovie-restauration-collective-mesures-et-initiatives","status":"publish","type":"post","link":"https:\/\/themes.agripedia.ch\/fr\/canton-dargovie-restauration-collective-mesures-et-initiatives\/","title":{"rendered":"Canton d&rsquo;Argovie\u00a0: restauration collective &#8211; mesures et initiatives"},"content":{"rendered":"<div class=\"seriesmeta agripedia-series-meta-wrapper\"><!--This entry is part 2 of 16 in the series--> <a href=\"https:\/\/themes.agripedia.ch\/fr\/series\/restauration-collective-dans-les-cantons-suisses\/\" class=\"series-2563\" title=\"Restauration collective dans les cantons suisses\">Restauration collective dans les cantons suisses<\/a> (2 \/ 16)<\/div>\n<h2 class=\"wp-block-heading\">Origine et gestion<\/h2>\n\n\n\n<p>Il existe diverses actions isol\u00e9es mais pas de programme g\u00e9n\u00e9ral. Premi\u00e8rement, <a href=\"https:\/\/landwirtschaft.ag\/aargau-isch-fein\" target=\"_blank\" rel=\"noreferrer noopener\">Aargau isch fein<\/a>, qui est un label de qualit\u00e9 pour la restauration individuelle et restauration collective, qui se concentre sur les produits r\u00e9gionaux et l&rsquo;achat direct de produits aupr\u00e8s de fermes r\u00e9gionales. Le <a href=\"https:\/\/www.liebegg.ch\/de\/\" target=\"_blank\" rel=\"noreferrer noopener\">centre agricole Liebegg<\/a> offre \u00e9galement diff\u00e9rents soutiens. Enfin, le service de la durabilit\u00e9 de l\u2019Office du paysage et des eaux est en charge d\u2019une autre mesure, la feuille de route 2040, qui touche \u00e0 la restauration collective.<\/p>\n\n\n\n<div class=\"wp-block-advgb-accordions advgb-accordions-b7527432-355c-42b3-92fc-19521ff7270b advgb-accordion-wrapper\" data-collapsed=\"true\">\n<div class=\"wp-block-advgb-accordion-item advgb-accordion-item\" style=\"margin-bottom:15px\"><div class=\"advgb-accordion-header\" style=\"background-color:#0090C5;color:#FFFFFF;border-style:solid;border-width:1px;border-radius:13px\"><span class=\"advgb-accordion-header-icon\"><svg fill=\"#fff\" xmlns=\"http:\/\/www.w3.org\/2000\/svg\" width=\"24\" height=\"24\" viewBox=\"0 0 24 24\"><path fill=\"none\" d=\"M0,0h24v24H0V0z\"><\/path><path d=\"M13,7h-2v4H7v2h4v4h2v-4h4v-2h-4V7z M12,2C6.48,2,2,6.48,2,12s4.48,10,10,10s10-4.48,10-10S17.52,2,12,2z M12,20 c-4.41,0-8-3.59-8-8s3.59-8,8-8s8,3.59,8,8S16.41,20,12,20z\"><\/path><\/svg><\/span><h4 class=\"advgb-accordion-header-title\" style=\"color:inherit\">Origine et base l\u00e9gale des mesures<\/h4><\/div><div class=\"advgb-accordion-body\" style=\"background-color:#D6D6D6;border-style:solid !important;border-width:1px !important;border-color:undefined !important;border-top:none !important;border-radius:13px !important\">\n<p>Il n&rsquo;y a pas de d\u00e9claration concr\u00e8te sur l&rsquo;alimentation durable ou la restauration collective. Les activit\u00e9s s\u2019inscrivent&nbsp;dans&nbsp;:<\/p>\n\n\n\n<ul class=\"wp-block-list\">\n<li>La strat\u00e9gie climatique&nbsp;:<a href=\"https:\/\/www.ag.ch\/de\/themen\/klimawandel\/kanton\" target=\"_blank\" rel=\"noopener\" title=\"\"> le canton d\u2019Argovie va de l\u2019avant<\/a><\/li>\n\n\n\n<li>Le <a href=\"https:\/\/www.ag.ch\/de\/rr\/strategie\/entwicklungsleitbild\" target=\"_blank\" rel=\"noopener\" title=\"\">mod\u00e8le de d\u00e9veloppement 2021-2030<\/a> avec un objectif partiel de protection du climat<\/li>\n\n\n\n<li>La <a href=\"https:\/\/www.ag.ch\/de\/verwaltung\/bvu\/umwelt-natur-landschaft\/nachhaltige-entwicklung\" target=\"_blank\" rel=\"noopener\" title=\"\">strat\u00e9gie et rapport de d\u00e9veloppement durable<\/a><\/li>\n<\/ul>\n<\/div><\/div>\n<\/div>\n\n\n\n<div class=\"wp-block-advgb-accordions advgb-accordions-c107d10b-7396-476e-81da-bcaeddb28ab4 advgb-accordion-wrapper\" data-collapsed=\"true\">\n<div class=\"wp-block-advgb-accordion-item advgb-accordion-item\" style=\"margin-bottom:15px\"><div class=\"advgb-accordion-header\" style=\"background-color:#0090C5;color:#FFFFFF;border-style:solid;border-width:1px;border-radius:13px\"><span class=\"advgb-accordion-header-icon\"><svg fill=\"#fff\" xmlns=\"http:\/\/www.w3.org\/2000\/svg\" width=\"24\" height=\"24\" viewBox=\"0 0 24 24\"><path fill=\"none\" d=\"M0,0h24v24H0V0z\"><\/path><path d=\"M13,7h-2v4H7v2h4v4h2v-4h4v-2h-4V7z M12,2C6.48,2,2,6.48,2,12s4.48,10,10,10s10-4.48,10-10S17.52,2,12,2z M12,20 c-4.41,0-8-3.59-8-8s3.59-8,8-8s8,3.59,8,8S16.41,20,12,20z\"><\/path><\/svg><\/span><h4 class=\"advgb-accordion-header-title\" style=\"color:inherit\">Responsables<\/h4><\/div><div class=\"advgb-accordion-body\" style=\"background-color:#D6D6D6;border-style:solid !important;border-width:1px !important;border-color:undefined !important;border-top:none !important;border-radius:13px !important\">\n<ul class=\"wp-block-list\">\n<li>Activit\u00e9 1&nbsp;: Aargau isch fein, cr\u00e9\u00e9 par <a href=\"https:\/\/bvaargau.ch\/\" target=\"_blank\" rel=\"noopener\" title=\"\">Bauernverband Aargau<\/a><\/li>\n\n\n\n<li>Activit\u00e9 2&nbsp;: Centre agricole Liebegg&nbsp;: Centre de comp\u00e9tences pour l&rsquo;agriculture, l&rsquo;\u00e9conomie familiale et l&rsquo;alimentation<\/li>\n\n\n\n<li>Activit\u00e9 3&nbsp;: D\u00e9partement du paysage et des eaux, Service de la durabilit\u00e9<\/li>\n<\/ul>\n<\/div><\/div>\n<\/div>\n\n\n\n<div class=\"wp-block-advgb-accordions advgb-accordions-6facb7e4-566a-488e-b9a9-d53a3d09303a advgb-accordion-wrapper\" data-collapsed=\"true\">\n<div class=\"wp-block-advgb-accordion-item advgb-accordion-item\" style=\"margin-bottom:15px\"><div class=\"advgb-accordion-header\" style=\"background-color:#0090C5;color:#FFFFFF;border-style:solid;border-width:1px;border-radius:13px\"><span class=\"advgb-accordion-header-icon\"><svg fill=\"#fff\" xmlns=\"http:\/\/www.w3.org\/2000\/svg\" width=\"24\" height=\"24\" viewBox=\"0 0 24 24\"><path fill=\"none\" d=\"M0,0h24v24H0V0z\"><\/path><path d=\"M13,7h-2v4H7v2h4v4h2v-4h4v-2h-4V7z M12,2C6.48,2,2,6.48,2,12s4.48,10,10,10s10-4.48,10-10S17.52,2,12,2z M12,20 c-4.41,0-8-3.59-8-8s3.59-8,8-8s8,3.59,8,8S16.41,20,12,20z\"><\/path><\/svg><\/span><h4 class=\"advgb-accordion-header-title\" style=\"color:inherit\">Partenaires<\/h4><\/div><div class=\"advgb-accordion-body\" style=\"background-color:#D6D6D6;border-style:solid !important;border-width:1px !important;border-color:undefined !important;border-top:none !important;border-radius:13px !important\">\n<ul class=\"wp-block-list\">\n<li>Activit\u00e9 1: Gastro Aargau, Aargau Tourismus, Centre agricole Liebegg<\/li>\n\n\n\n<li>Activit\u00e9 2 : Fourchette verte &#8211; Ama terra<\/li>\n<\/ul>\n<\/div><\/div>\n<\/div>\n\n\n\n<h2 class=\"wp-block-heading\">Mesures et initiatives<\/h2>\n\n\n\n<div class=\"wp-block-advgb-accordions advgb-accordions-5dd2a39b-5e2e-43d4-8299-81f8fba15536 advgb-accordion-wrapper\" data-collapsed=\"true\">\n<div class=\"wp-block-advgb-accordion-item advgb-accordion-item\" style=\"margin-bottom:15px\"><div class=\"advgb-accordion-header\" style=\"background-color:#0090C5;color:#FFFFFF;border-style:solid;border-width:1px;border-radius:13px\"><span class=\"advgb-accordion-header-icon\"><svg fill=\"#fff\" xmlns=\"http:\/\/www.w3.org\/2000\/svg\" width=\"24\" height=\"24\" viewBox=\"0 0 24 24\"><path fill=\"none\" d=\"M0,0h24v24H0V0z\"><\/path><path d=\"M13,7h-2v4H7v2h4v4h2v-4h4v-2h-4V7z M12,2C6.48,2,2,6.48,2,12s4.48,10,10,10s10-4.48,10-10S17.52,2,12,2z M12,20 c-4.41,0-8-3.59-8-8s3.59-8,8-8s8,3.59,8,8S16.41,20,12,20z\"><\/path><\/svg><\/span><h4 class=\"advgb-accordion-header-title\" style=\"color:inherit\">Mesures et objectifs<\/h4><\/div><div class=\"advgb-accordion-body\" style=\"background-color:#D6D6D6;border-style:solid !important;border-width:1px !important;border-color:undefined !important;border-top:none !important;border-radius:13px !important\">\n<ul class=\"wp-block-list\">\n<li>Activit\u00e9 1 &#8211; Aargau isch fein&nbsp;&#8211; restauration collective:\n<ul class=\"wp-block-list\">\n<li>Le menu hebdomadaire comprend au moins deux menus, dont les principaux composants proviennent du canton d&rsquo;Argovie. Ceux-ci sont marqu\u00e9s du logo Aargau isch fein.<\/li>\n\n\n\n<li>Les aliments et les boissons argoviens doivent \u00eatre d\u00e9clar\u00e9s, m\u00eame en dehors des deux plats principaux mentionn\u00e9s ci-dessus.<\/li>\n\n\n\n<li>Les mati\u00e8res premi\u00e8res suivantes proviennent toujours, si possible, du canton d&rsquo;Argovie et au moins de Suisse : l\u00e9gumes, pommes de terre, \u0153ufs, b\u0153uf, veau, lapin et porc, poulet.<\/li>\n\n\n\n<li>Pour certains des aliments propos\u00e9s, travail avec au moins une famille d&rsquo;agriculteurs d&rsquo;Argovie.<\/li>\n\n\n\n<li>Si du vin est servi, la carte des boissons comprend au moins deux vins blancs d&rsquo;Argovie et deux vins rouges d&rsquo;Argovie.<\/li>\n<\/ul>\n<\/li>\n\n\n\n<li>Activit\u00e9 2 &#8211; Centre agricole Liebegg&nbsp;:\n<ul class=\"wp-block-list\">\n<li>Organisations et offres des conseils, des formations continues et des expos\u00e9s pour les communes, les associations, le corps enseignant et la restauration au sujet de l\u2019alimentation durable.<\/li>\n\n\n\n<li>Soutien \u00e0 la commercialisation directe, p. ex. manifestations de mise en r\u00e9seau de la restauration et des exploitations agricoles.<\/li>\n\n\n\n<li>Conseils et soutien pour la certification des cr\u00e8ches et des services de repas (Senior@home) avec le label Fourchette verte, d\u00e9sormais aussi Ama terra.<\/li>\n\n\n\n<li>Formation \u00e0 Fourchette Verte Ama Terra en septembre 2024.<\/li>\n<\/ul>\n<\/li>\n\n\n\n<li>Activit\u00e9 3 &#8211; D\u00e9partement du paysage et des eaux, Service de la durabilit\u00e9&nbsp;:\n<ul class=\"wp-block-list\">\n<li>Feuille de route 2040 : l&rsquo;administration doit atteindre le z\u00e9ro net en 2040. les objectifs et mesures pour l&rsquo;approvisionnement sont d\u00e9finis dans les diff\u00e9rents secteurs d&rsquo;achats. Les denr\u00e9es alimentaires\/l&rsquo;alimentation (par ex. la restauration collective du canton) sont \u00e9galement examin\u00e9es.&nbsp; La feuille de route est en cours d&rsquo;\u00e9laboration.<\/li>\n\n\n\n<li>Offre de conseil aux communes (en collaboration avec <a href=\"https:\/\/www.pusch.ch\/fr\/\" target=\"_blank\" rel=\"noopener\" title=\"\">Pusch<\/a>) pour des directives d&rsquo;achat durables, dont font partie les denr\u00e9es alimentaires\/l&rsquo;alimentation.&nbsp;<\/li>\n<\/ul>\n<\/li>\n\n\n\n<li>Autres&nbsp;:\n<ul class=\"wp-block-list\">\n<li>La Fondation <a href=\"http:\/\/Kantonale%20Kantine%20Aarau%20(ozl.ch)\" target=\"_blank\" rel=\"noopener\" title=\"\">Orte zum Leben<\/a> fournit 3 cantines de l&rsquo;administration. Ce qui est achet\u00e9 et cuisin\u00e9 est d\u00e9cid\u00e9 par la fondation.&nbsp;<\/li>\n\n\n\n<li>Manifestation <a href=\"http:\/\/iBL%20-%20Bio%20auch%20in%20der%20Kantine\" target=\"_blank\" rel=\"noopener\" title=\"\">Bio aussi \u00e0 la cantine<\/a><\/li>\n<\/ul>\n<\/li>\n<\/ul>\n<\/div><\/div>\n<\/div>\n\n\n\n<div class=\"wp-block-advgb-accordions advgb-accordions-7cfc3ec3-d72c-4164-a9e7-ce338776aa10 advgb-accordion-wrapper\" data-collapsed=\"true\">\n<div class=\"wp-block-advgb-accordion-item advgb-accordion-item\" style=\"margin-bottom:15px\" datatext=\"\"><div class=\"advgb-accordion-header\" style=\"background-color:#0090C5;color:#FFFFFF;border-style:solid;border-width:1px;border-radius:13px\"><span class=\"advgb-accordion-header-icon\"><svg fill=\"#fff\" xmlns=\"http:\/\/www.w3.org\/2000\/svg\" width=\"24\" height=\"24\" viewBox=\"0 0 24 24\"><path fill=\"none\" d=\"M0,0h24v24H0V0z\"><\/path><path d=\"M13,7h-2v4H7v2h4v4h2v-4h4v-2h-4V7z M12,2C6.48,2,2,6.48,2,12s4.48,10,10,10s10-4.48,10-10S17.52,2,12,2z M12,20 c-4.41,0-8-3.59-8-8s3.59-8,8-8s8,3.59,8,8S16.41,20,12,20z\"><\/path><\/svg><\/span><h4 class=\"advgb-accordion-header-title\" style=\"color:inherit\">En chiffre<\/h4><\/div><div class=\"advgb-accordion-body\" style=\"background-color:#D6D6D6;border-style:solid !important;border-width:1px !important;border-color:undefined !important;border-top:none !important;border-radius:13px !important\">\n<ul class=\"wp-block-list\">\n<li>Nombre de certifications en 2024 :\n<ul class=\"wp-block-list\">\n<li>40 cr\u00e8ches Fourchette verte junior<\/li>\n\n\n\n<li>7 services de repas Fourchette verte Senior@home<\/li>\n\n\n\n<li>Fourchette verte &#8211; Ama Terra : n&rsquo;est propos\u00e9 que depuis 2025, pas encore de certification.<\/li>\n\n\n\n<li>1 restaurant (Centre agricole Liebegg ) avec le label Aargau isch fein &#8211; Restauration collective<\/li>\n<\/ul>\n<\/li>\n<\/ul>\n<\/div><\/div>\n<\/div>\n\n\n\n<div class=\"wp-block-advgb-accordions advgb-accordions-c1e3a437-2602-46ad-81a6-89f0e2212011 advgb-accordion-wrapper\" data-collapsed=\"true\">\n<div class=\"wp-block-advgb-accordion-item advgb-accordion-item\" style=\"margin-bottom:15px\"><div class=\"advgb-accordion-header\" style=\"background-color:#0090C5;color:#FFFFFF;border-style:solid;border-width:1px;border-radius:13px\"><span class=\"advgb-accordion-header-icon\"><svg fill=\"#fff\" xmlns=\"http:\/\/www.w3.org\/2000\/svg\" width=\"24\" height=\"24\" viewBox=\"0 0 24 24\"><path fill=\"none\" d=\"M0,0h24v24H0V0z\"><\/path><path d=\"M13,7h-2v4H7v2h4v4h2v-4h4v-2h-4V7z M12,2C6.48,2,2,6.48,2,12s4.48,10,10,10s10-4.48,10-10S17.52,2,12,2z M12,20 c-4.41,0-8-3.59-8-8s3.59-8,8-8s8,3.59,8,8S16.41,20,12,20z\"><\/path><\/svg><\/span><h4 class=\"advgb-accordion-header-title\" style=\"color:inherit\">Plateforme<\/h4><\/div><div class=\"advgb-accordion-body\" style=\"background-color:#D6D6D6;border-style:solid !important;border-width:1px !important;border-color:undefined !important;border-top:none !important;border-radius:13px !important\">\n<ul class=\"wp-block-list\">\n<li>Pas de plateforme<\/li>\n<\/ul>\n<\/div><\/div>\n<\/div>\n\n\n\n<h2 class=\"wp-block-heading\"><br><\/h2>\n\n\n    \n<div class=\"wp-block-agripedia-impressum\" >\n    \n    <div class=\"agripedia-box-header\">\n        Impressum    <\/div>\n\n    <div class=\"agripedia-box-content\">\n        \n\n<p><strong>Auteur:<\/strong> Gregory M\u00e9trailler, AGRIDEA<\/p>\n\n\n\n<p><strong>Collaboration:<\/strong> Franziska Hoffet, Magali Est\u00e8ve, Astrid Gerz, AGRIDEA; responsable des mesures des diff\u00e9rents cantons<\/p>\n\n\n\n<p><strong>Web Support:<\/strong>&nbsp;Solomon Araya, AGRIDEA<\/p>\n\n\n\n<p><strong>Image de titre<\/strong>: \u00a9EHL, Gastronomie, Jean-Marie Michel<\/p>\n\n    <\/div>\n    \n<\/div>\n\n\n<p><br><\/p>\n<div class=\"acf-fields-container\" data-post-id=\"60207\" data-canto-acf=\"true\"><\/div><style>\r\n        .acf-fields-container {\r\n            margin: 2em 0;\r\n            width: 100%;\r\n            clear: both;\r\n        }\r\n        .acf-field-image {\r\n            margin: 1.5em 0;\r\n            position: relative;\r\n        }\r\n        .acf-field-label {\r\n            margin-bottom: 1em;\r\n        }\r\n        .acf-image {\r\n            max-width: 100%;\r\n            height: auto;\r\n            display: block;\r\n            margin: 1em 0;\r\n        }\r\n    <\/style>","protected":false},"excerpt":{"rendered":"<div class=\"seriesmeta agripedia-series-meta-wrapper\">This entry is part 2 of 16 in the series <a href=\"https:\/\/themes.agripedia.ch\/fr\/series\/restauration-collective-dans-les-cantons-suisses\/\" class=\"series-2563\" title=\"Restauration collective dans les cantons suisses\">Restauration collective dans les cantons suisses<\/a><\/div><p>Origine et gestion Il existe diverses actions isol\u00e9es mais pas de programme g\u00e9n\u00e9ral. Premi\u00e8rement, Aargau isch fein, qui est un label de qualit\u00e9 pour la restauration individuelle et restauration collective, qui se concentre sur les produits r\u00e9gionaux et l&rsquo;achat direct de produits aupr\u00e8s de fermes r\u00e9gionales. Le centre agricole Liebegg offre \u00e9galement diff\u00e9rents soutiens. Enfin, [&hellip;]<\/p>\n","protected":false},"author":140,"featured_media":72316,"comment_status":"closed","ping_status":"open","sticky":false,"template":"","format":"standard","meta":{"_acf_changed":false,"_autodraft_ids":[],"advgb_blocks_editor_width":"","advgb_blocks_columns_visual_guide":"","_monsterinsights_skip_tracking":false,"_monsterinsights_sitenote_active":false,"_monsterinsights_sitenote_note":"","_monsterinsights_sitenote_category":0,"ngg_post_thumbnail":0,"_sb_is_suggestion_mode":false,"_sb_show_suggestion_boards":false,"_sb_show_comment_boards":false,"_sb_suggestion_history":"","_sb_update_block_changes":"","_is_real_time_mode":false,"_realtime_collaborators":"","footnotes":"","cf_checklist_status":[]},"categories":[1814],"tags":[],"series":[2563],"ppma_author":[1263,158,138,264],"class_list":["post-60207","post","type-post","status-publish","format-standard","has-post-thumbnail","hentry","category-restauration-collective","series-restauration-collective-dans-les-cantons-suisses"],"pp_statuses_selecting_workflow":false,"pp_workflow_action":"current","pp_status_selection":"publish","acf":[],"canto_acf_fields":"<div class=\"acf-fields-container\" data-post-id=\"60207\" data-canto-acf=\"true\"><\/div><style>\r\n        .acf-fields-container {\r\n            margin: 2em 0;\r\n            width: 100%;\r\n            clear: both;\r\n        }\r\n        .acf-field-image {\r\n            margin: 1.5em 0;\r\n            position: relative;\r\n        }\r\n        .acf-field-label {\r\n            margin-bottom: 1em;\r\n        }\r\n        .acf-image {\r\n            max-width: 100%;\r\n            height: auto;\r\n            display: block;\r\n            margin: 1em 0;\r\n        }\r\n    <\/style>","author_meta":{"display_name":"Gregory M\u00e9trailler","author_link":"https:\/\/themes.agripedia.ch\/fr\/author\/gme\/"},"featured_img":"https:\/\/themes.agripedia.ch\/wp-content\/uploads\/2025\/05\/Aargau-300x225.jpg","coauthors":[{"link":"https:\/\/themes.agripedia.ch\/fr\/author\/gme\/","display_name":"Gregory M\u00e9trailler"},{"link":"https:\/\/themes.agripedia.ch\/fr\/author\/fho\/","display_name":"Franziska Hoffet"},{"link":"https:\/\/themes.agripedia.ch\/fr\/author\/mes\/","display_name":"Magali Esteve"},{"link":"https:\/\/themes.agripedia.ch\/fr\/author\/age2\/","display_name":"Astrid Gerz"}],"tax_additional":{"categories":{"linked":["<a href=\"https:\/\/themes.agripedia.ch\/fr\/theme\/themen-fr\/restauration-collective\/\" class=\"advgb-post-tax-term\">Restauration collective<\/a>"],"unlinked":["<span class=\"advgb-post-tax-term\">Restauration collective<\/span>"]}},"comment_count":"0","relative_dates":{"created":"Publi\u00e9 11 mois il y a","modified":"Mis \u00e0 jour 11 mois il y a"},"absolute_dates":{"created":"Publi\u00e9 le 12.06.2025","modified":"Mise \u00e0 jour le 12.06.2025"},"absolute_dates_time":{"created":"Publi\u00e9 le 12.06.2025 9:45 am","modified":"Mise \u00e0 jour le 12.06.2025 10:10 am"},"featured_img_caption":"","series_order":2,"authors":[{"term_id":1263,"user_id":140,"is_guest":0,"slug":"gme","display_name":"Gregory M\u00e9trailler","avatar_url":"https:\/\/secure.gravatar.com\/avatar\/39a1d7c9fd3902e8e8969786b6a54772b14d38a4671cc85af2b6fddcbcd562ad?s=96&d=mm&r=g","0":null,"1":"","2":"","3":"","4":"","5":"","6":"","7":"","8":"","9":""},{"term_id":158,"user_id":53,"is_guest":0,"slug":"fho","display_name":"Franziska Hoffet","avatar_url":"https:\/\/secure.gravatar.com\/avatar\/2f148033eb47329054899413ac5e7c5f1e3a0b0c19431650b2de0eebed6e557e?s=96&d=mm&r=g","0":null,"1":"","2":"","3":"","4":"","5":"","6":"","7":"","8":"","9":""},{"term_id":138,"user_id":49,"is_guest":0,"slug":"mes","display_name":"Magali Esteve","avatar_url":"https:\/\/secure.gravatar.com\/avatar\/?s=96&d=mm&r=g","0":null,"1":"","2":"","3":"","4":"","5":"","6":"","7":"","8":"","9":""},{"term_id":264,"user_id":76,"is_guest":0,"slug":"age2","display_name":"Astrid Gerz","avatar_url":"https:\/\/secure.gravatar.com\/avatar\/b3f75740f07290e659b1dff029530a8aceadd37736b902d5c480d57459ce3487?s=96&d=mm&r=g","0":null,"1":"","2":"","3":"","4":"","5":"","6":"","7":"","8":"","9":""}],"_links":{"self":[{"href":"https:\/\/themes.agripedia.ch\/fr\/wp-json\/wp\/v2\/posts\/60207","targetHints":{"allow":["GET"]}}],"collection":[{"href":"https:\/\/themes.agripedia.ch\/fr\/wp-json\/wp\/v2\/posts"}],"about":[{"href":"https:\/\/themes.agripedia.ch\/fr\/wp-json\/wp\/v2\/types\/post"}],"author":[{"embeddable":true,"href":"https:\/\/themes.agripedia.ch\/fr\/wp-json\/wp\/v2\/users\/140"}],"replies":[{"embeddable":true,"href":"https:\/\/themes.agripedia.ch\/fr\/wp-json\/wp\/v2\/comments?post=60207"}],"version-history":[{"count":0,"href":"https:\/\/themes.agripedia.ch\/fr\/wp-json\/wp\/v2\/posts\/60207\/revisions"}],"wp:featuredmedia":[{"embeddable":true,"href":"https:\/\/themes.agripedia.ch\/fr\/wp-json\/wp\/v2\/media\/72316"}],"wp:attachment":[{"href":"https:\/\/themes.agripedia.ch\/fr\/wp-json\/wp\/v2\/media?parent=60207"}],"wp:term":[{"taxonomy":"category","embeddable":true,"href":"https:\/\/themes.agripedia.ch\/fr\/wp-json\/wp\/v2\/categories?post=60207"},{"taxonomy":"post_tag","embeddable":true,"href":"https:\/\/themes.agripedia.ch\/fr\/wp-json\/wp\/v2\/tags?post=60207"},{"taxonomy":"series","embeddable":true,"href":"https:\/\/themes.agripedia.ch\/fr\/wp-json\/wp\/v2\/series?post=60207"},{"taxonomy":"author","embeddable":true,"href":"https:\/\/themes.agripedia.ch\/fr\/wp-json\/wp\/v2\/ppma_author?post=60207"}],"curies":[{"name":"wp","href":"https:\/\/api.w.org\/{rel}","templated":true}]}}