{"id":60203,"date":"2025-06-10T10:42:48","date_gmt":"2025-06-10T08:42:48","guid":{"rendered":"https:\/\/themes.agripedia.ch\/?p=60203"},"modified":"2025-06-12T10:09:43","modified_gmt":"2025-06-12T08:09:43","slug":"restauration-collective-outils-et-certifications","status":"publish","type":"post","link":"https:\/\/themes.agripedia.ch\/fr\/restauration-collective-outils-et-certifications\/","title":{"rendered":"Restauration collective &#8211; Outils et certifications"},"content":{"rendered":"<div class=\"seriesmeta agripedia-series-meta-wrapper\"><!--This entry is part 16 of 16 in the series--> <a href=\"https:\/\/themes.agripedia.ch\/fr\/series\/restauration-collective-dans-les-cantons-suisses\/\" class=\"series-2563\" title=\"Restauration collective dans les cantons suisses\">Restauration collective dans les cantons suisses<\/a> (16 \/ 16)<\/div>\n<p>Dans le domaine de la restauration collective, l&rsquo;optimisation de l&rsquo;offre alimentaire et la gestion de la qualit\u00e9 nutritionnelle sont des enjeux majeurs. Pour r\u00e9pondre \u00e0 ces d\u00e9fis, des outils et certifications ont \u00e9t\u00e9 d\u00e9velopp\u00e9s. Ces derniers permettent aux gestionnaires de la restauration collective de garantir des repas \u00e9quilibr\u00e9s, durables et adapt\u00e9s aux besoins des clients, tout en facilitant le suivi et l&rsquo;\u00e9valuation des pratiques alimentaires. La liste n&rsquo;est toutefois pas exhaustive.<\/p>\n\n\n\n<div class=\"wp-block-advgb-container advgb-blocks-container\">\n<div class=\"wp-block-advgb-container advgb-blocks-container\"><\/div>\n<\/div>\n\n\n\n<div class=\"wp-block-advgb-accordions advgb-accordions-1564dc1a-4867-4994-b4f2-62097992810a advgb-accordion-wrapper\" data-collapsed=\"true\">\n<div class=\"wp-block-advgb-accordion-item advgb-accordion-item\" style=\"margin-bottom:15px\"><div class=\"advgb-accordion-header\" style=\"background-color:#0090C5;color:#FFFFFF;border-style:solid;border-width:1px;border-radius:11px\"><span class=\"advgb-accordion-header-icon\"><svg fill=\"#fff\" xmlns=\"http:\/\/www.w3.org\/2000\/svg\" width=\"24\" height=\"24\" viewBox=\"0 0 24 24\"><path fill=\"none\" d=\"M0,0h24v24H0V0z\"><\/path><path d=\"M13,7h-2v4H7v2h4v4h2v-4h4v-2h-4V7z M12,2C6.48,2,2,6.48,2,12s4.48,10,10,10s10-4.48,10-10S17.52,2,12,2z M12,20 c-4.41,0-8-3.59-8-8s3.59-8,8-8s8,3.59,8,8S16.41,20,12,20z\"><\/path><\/svg><\/span><h4 class=\"advgb-accordion-header-title\" style=\"color:inherit\">Fourchette Verte &#8211; Ama terra<\/h4><\/div><div class=\"advgb-accordion-body\" style=\"background-color:#D6D6D6;border-style:solid !important;border-width:1px !important;border-color:undefined !important;border-top:none !important;border-radius:11px !important\">\n<div class=\"wp-block-columns is-layout-flex wp-container-core-columns-is-layout-9d6595d7 wp-block-columns-is-layout-flex\">\n<div class=\"wp-block-column is-layout-flow wp-block-column-is-layout-flow\" style=\"flex-basis:66.66%\">\n<p><a href=\"https:\/\/www.fourchetteverte.ch\/#news\" target=\"_blank\" rel=\"noopener\" title=\"\">Fourchette Verte<\/a> &nbsp;est une association qui soutient une alimentation \u00e9quilibr\u00e9e au sein des \u00e9tablissements de restauration collective. Elle s&rsquo;appuie sur les recommandations nutritionnelles de l&rsquo;Office f\u00e9d\u00e9ral de la s\u00e9curit\u00e9 alimentaire et des affaires v\u00e9t\u00e9rinaires (OSAV) ainsi que de la Soci\u00e9t\u00e9 Suisse de Nutrition (SSN).<br><\/p>\n<\/div>\n\n\n\n<div class=\"wp-block-column is-layout-flow wp-block-column-is-layout-flow\" style=\"flex-basis:33.33%\">\n<figure class=\"wp-block-image alignright size-large is-resized\"><img loading=\"lazy\" decoding=\"async\" width=\"1024\" height=\"718\" src=\"https:\/\/themes.agripedia.ch\/wp-content\/uploads\/2025\/02\/image-10-1024x718.png\" alt=\"\" class=\"wp-image-68965\" style=\"width:179px;height:auto\" srcset=\"https:\/\/themes.agripedia.ch\/wp-content\/uploads\/2025\/02\/image-10-1024x718.png 1024w, https:\/\/themes.agripedia.ch\/wp-content\/uploads\/2025\/02\/image-10-300x210.png 300w, https:\/\/themes.agripedia.ch\/wp-content\/uploads\/2025\/02\/image-10-768x538.png 768w, https:\/\/themes.agripedia.ch\/wp-content\/uploads\/2025\/02\/image-10-1536x1077.png 1536w, https:\/\/themes.agripedia.ch\/wp-content\/uploads\/2025\/02\/image-10-2048x1436.png 2048w, https:\/\/themes.agripedia.ch\/wp-content\/uploads\/2025\/02\/image-10-1200x841.png 1200w, https:\/\/themes.agripedia.ch\/wp-content\/uploads\/2025\/02\/image-10-1980x1388.png 1980w\" sizes=\"auto, (max-width: 1024px) 100vw, 1024px\" \/><\/figure>\n<\/div>\n<\/div>\n\n\n\n<p>Fourchette Verte incite \u00e9galement les professionnel\u2e31le\u2e31s de la restauration collective \u00e0 accorder une attention particuli\u00e8re \u00e0 l&rsquo;origine des produits, \u00e0 leur saisonnalit\u00e9 et aux m\u00e9thodes de production, tout en veillant \u00e0 limiter la consommation de produits d&rsquo;origine animale et en r\u00e9duisant le gaspillage alimentaire.<\/p>\n\n\n    \n<div class=\"has-background-color-agripedia-blue wp-block-agripedia-box\" >\n    \n            <div class=\"agripedia-box-header\">\n            Label Fourchette Verte        <\/div>\n    \n    <div class=\"agripedia-box-content\">\n        \n\n<p>Les sections cantonales accompagnent les membres de la restauration collective, publique ou priv\u00e9e&nbsp;afin d&rsquo;obtenir et de conserver le label Fourchette Verte.<\/p>\n\n\n\n<p><strong>Mesures:<\/strong><\/p>\n\n\n\n<ul class=\"wp-block-list\">\n<li>Accompagnement et conseils par des di\u00e9t\u00e9ticien.ne.s et professionnel.le.s;<\/li>\n\n\n\n<li><a href=\"https:\/\/www.fourchetteverte.ch\/media\/filer_public\/26\/b6\/26b6fa75-52f5-4625-a0fe-1ac2aa4caa07\/fv_brochure_fr_juin_2021.pdf\" target=\"_blank\" rel=\"noopener\" title=\"\">Analyse et optimisation des menus<\/a> (deux menus v\u00e9g\u00e9tariens\/semaine, petites portions de viandes, etc.) et pratiques (hygi\u00e8ne, tri des d\u00e9chets);<\/li>\n\n\n\n<li>Encouragement \u00e0 l\u2019approvisionnement local et respectueux des ressources;<\/li>\n\n\n\n<li>Valorisation des restaurateurs;<\/li>\n\n\n\n<li>Cours et formations.<\/li>\n<\/ul>\n\n    <\/div>\n<\/div>\n\n\n    \n<div class=\"has-background-color-agripedia-blue wp-block-agripedia-box\" >\n    \n            <div class=\"agripedia-box-header\">\n            Label Ama terra        <\/div>\n    \n    <div class=\"agripedia-box-content\">\n        \n\n<p>Ama terra est un profil additionnel au label Fourchette verte, propos\u00e9 dans certains cantons, attestant que l\u2019\u00e9tablissement suive \u00e9galement les principes du d\u00e9veloppement durable. Cette offre compl\u00e8te ainsi les crit\u00e8res d\u2019\u00e9quilibre alimentaire de Fourchette verte.<\/p>\n\n\n\n<p><strong>Mesures:<\/strong><\/p>\n\n\n\n<ul class=\"wp-block-list\">\n<li>Les aliments privil\u00e9gi\u00e9s lors des achats r\u00e9pondent \u00e0 des crit\u00e8res sociaux, environnementaux et respectant les animaux.<\/li>\n\n\n\n<li> Les produits sont donc en priorit\u00e9 de proximit\u00e9, saisonniers et r\u00e9gionaux (viande, \u0153ufs et produit laitiers suisses).<\/li>\n\n\n\n<li>Produits import\u00e9s portent en grande partie un label bio ou de commerce \u00e9quitable.<\/li>\n\n\n\n<li>Importance particuli\u00e8re \u00e0 l&rsquo;atmosph\u00e8re \u00e0 table, comprenant notamment l&rsquo;am\u00e9nagement des locaux et certains aspects p\u00e9dagogiques.\u202f&nbsp;<\/li>\n<\/ul>\n\n    <\/div>\n<\/div>\n\n\n\n<p><br><strong>Nombre d&rsquo;\u00e9tablissements:<\/strong><\/p>\n\n\n\n<ul class=\"wp-block-list\">\n<li>Pr\u00e9sence dans 18 cantons, plus de <a href=\"https:\/\/www.fourchetteverte.ch\/media\/filer_public\/ae\/a2\/aea2de2e-d398-4671-84b9-a8900b6de23f\/statistik_31072024_f_i.pdf\" target=\"_blank\" rel=\"noopener\" title=\"\">1700 \u00e9tablissements<\/a> labellis\u00e9s dont 250 FV-Ama terra : 120\u2019000 repas par jour dont 10&rsquo;000 Ama terra<\/li>\n<\/ul>\n\n\n\n<p><strong>Retour d&rsquo;exp\u00e9rience:<\/strong><\/p>\n\n\n\n<ul class=\"wp-block-list\">\n<li>Question du repas v\u00e9g\u00e9tarien parfois complexe, appr\u00e9hension au niveau des consommateurs ou des cuisiniers pour les prot\u00e9ines v\u00e9g\u00e9tales<\/li>\n\n\n\n<li>Manque de formation pour les cuisiniers<\/li>\n\n\n\n<li>Conflit de choix au niveau politique dans certains cantons privil\u00e9giant le local au bio<\/li>\n<\/ul>\n<\/div><\/div>\n<\/div>\n\n\n\n<div class=\"wp-block-advgb-accordions advgb-accordions-873c6063-bd54-40e5-a651-fffaa029bcf9 advgb-accordion-wrapper\" data-collapsed=\"true\">\n<div class=\"wp-block-advgb-accordion-item advgb-accordion-item\" style=\"margin-bottom:15px\"><div class=\"advgb-accordion-header\" style=\"background-color:#0090C5;color:#FFFFFF;border-style:solid;border-width:1px;border-radius:11px\"><span class=\"advgb-accordion-header-icon\"><svg fill=\"#fff\" xmlns=\"http:\/\/www.w3.org\/2000\/svg\" width=\"24\" height=\"24\" viewBox=\"0 0 24 24\"><path fill=\"none\" d=\"M0,0h24v24H0V0z\"><\/path><path d=\"M13,7h-2v4H7v2h4v4h2v-4h4v-2h-4V7z M12,2C6.48,2,2,6.48,2,12s4.48,10,10,10s10-4.48,10-10S17.52,2,12,2z M12,20 c-4.41,0-8-3.59-8-8s3.59-8,8-8s8,3.59,8,8S16.41,20,12,20z\"><\/path><\/svg><\/span><h4 class=\"advgb-accordion-header-title\" style=\"color:inherit\">Beelong<\/h4><\/div><div class=\"advgb-accordion-body\" style=\"background-color:#D6D6D6;border-style:solid !important;border-width:1px !important;border-color:undefined !important;border-top:none !important;border-radius:11px !important\">\n<div class=\"wp-block-columns is-layout-flex wp-container-core-columns-is-layout-9d6595d7 wp-block-columns-is-layout-flex\">\n<div class=\"wp-block-column is-layout-flow wp-block-column-is-layout-flow\" style=\"flex-basis:66.66%\">\n<p><a href=\"https:\/\/beelong.ch\/eco-score-beelong\/\" target=\"_blank\" rel=\"noopener\" title=\"\">ECO-SCORE\u00ae by Beelong<\/a> permet d&rsquo;obtenir l\u2019impact environnemental des produits alimentaires et un accompagnement pour le r\u00e9duire en utilisant les donn\u00e9es scientifiques actuelles et les informations disponibles sur le march\u00e9, notamment pour la restauration collective. De plus, il permet d\u2019int\u00e9grer des param\u00e8tres habituellement non consid\u00e9r\u00e9s dans les ACV, comme la valorisation de la biodiversit\u00e9 et du bien-\u00eatre animal.<br><\/p>\n<\/div>\n\n\n\n<div class=\"wp-block-column is-layout-flow wp-block-column-is-layout-flow\" style=\"flex-basis:33.33%\">\n<figure class=\"wp-block-image alignright size-large\"><img loading=\"lazy\" decoding=\"async\" width=\"1024\" height=\"243\" src=\"https:\/\/themes.agripedia.ch\/wp-content\/uploads\/2025\/02\/image-11-1024x243.png\" alt=\"\" class=\"wp-image-68968\" srcset=\"https:\/\/themes.agripedia.ch\/wp-content\/uploads\/2025\/02\/image-11-1024x243.png 1024w, https:\/\/themes.agripedia.ch\/wp-content\/uploads\/2025\/02\/image-11-300x71.png 300w, https:\/\/themes.agripedia.ch\/wp-content\/uploads\/2025\/02\/image-11-768x182.png 768w, https:\/\/themes.agripedia.ch\/wp-content\/uploads\/2025\/02\/image-11-1200x284.png 1200w, https:\/\/themes.agripedia.ch\/wp-content\/uploads\/2025\/02\/image-11.png 1431w\" sizes=\"auto, (max-width: 1024px) 100vw, 1024px\" \/><\/figure>\n<\/div>\n<\/div>\n\n\n    \n<div class=\"has-background-color-agripedia-blue wp-block-agripedia-box\" >\n    \n            <div class=\"agripedia-box-header\">\n            ECO-SCORE\u00ae        <\/div>\n    \n    <div class=\"agripedia-box-content\">\n        \n\n<p><strong>Mesures:<\/strong><\/p>\n\n\n\n<ul class=\"wp-block-list\">\n<li>Diagnostic des achats alimentaires sur la base des bulletins de livraison et recherches d&rsquo;informations sur les produits;<\/li>\n\n\n\n<li>Recherche des informations utiles sur les produits: compositions, provenances, labels, techniques de p\u00eache, modes de transport, emballages, etc.;<\/li>\n\n\n\n<li>Liste de recommandations adapt\u00e9es, proposition d&rsquo;alternatives et plan d&rsquo;action;<\/li>\n\n\n\n<li>Health-score inclut dans l&rsquo;analyse qui permet de calculer l&rsquo;\u00e9quilibre nutritionnel.<\/li>\n<\/ul>\n\n    <\/div>\n<\/div>\n\n\n\n<p><br><strong>Nombre d&rsquo;\u00e9tablissements:<\/strong><\/p>\n\n\n\n<ul class=\"wp-block-list\">\n<li>+600 partenaires restaurateurs<\/li>\n\n\n\n<li>+100 millions de repas influenc\u00e9s<\/li>\n<\/ul>\n\n\n\n<p><strong>Retour d&rsquo;exp\u00e9rience:<\/strong><\/p>\n\n\n\n<ul class=\"wp-block-list\">\n<li>Un manque de transparence du march\u00e9 alimentaire, manque d\u2019acc\u00e8s d&rsquo;informations sur les produits, de tra\u00e7abilit\u00e9.<\/li>\n\n\n\n<li>Manque de connaissance des professionnels de la restauration au sujet de l&rsquo;alimentation durable.<\/li>\n\n\n\n<li>Limite budg\u00e9taire souvent soulev\u00e9s par les clients.&nbsp;<\/li>\n\n\n\n<li>peu de raisons de faire des achats durables car aucun objectif impos\u00e9 aux structures.<\/li>\n<\/ul>\n<\/div><\/div>\n<\/div>\n\n\n\n<div class=\"wp-block-advgb-accordions advgb-accordions-ed582433-9c94-4011-b0c3-cc126cce1959 advgb-accordion-wrapper\" data-collapsed=\"true\">\n<div class=\"wp-block-advgb-accordion-item advgb-accordion-item\" style=\"margin-bottom:15px\"><div class=\"advgb-accordion-header\" style=\"background-color:#0090C5;color:#FFFFFF;border-style:solid;border-width:1px;border-radius:11px\"><span class=\"advgb-accordion-header-icon\"><svg fill=\"#fff\" xmlns=\"http:\/\/www.w3.org\/2000\/svg\" width=\"24\" height=\"24\" viewBox=\"0 0 24 24\"><path fill=\"none\" d=\"M0,0h24v24H0V0z\"><\/path><path d=\"M13,7h-2v4H7v2h4v4h2v-4h4v-2h-4V7z M12,2C6.48,2,2,6.48,2,12s4.48,10,10,10s10-4.48,10-10S17.52,2,12,2z M12,20 c-4.41,0-8-3.59-8-8s3.59-8,8-8s8,3.59,8,8S16.41,20,12,20z\"><\/path><\/svg><\/span><h4 class=\"advgb-accordion-header-title\" style=\"color:inherit\">Eaternity<\/h4><\/div><div class=\"advgb-accordion-body\" style=\"background-color:#D6D6D6;border-style:solid !important;border-width:1px !important;border-color:undefined !important;border-top:none !important;border-radius:11px !important\">\n<div class=\"wp-block-columns is-layout-flex wp-container-core-columns-is-layout-9d6595d7 wp-block-columns-is-layout-flex\">\n<div class=\"wp-block-column is-layout-flow wp-block-column-is-layout-flow\" style=\"flex-basis:66.66%\">\n<p><a href=\"https:\/\/eaternity.org\/\" target=\"_blank\" rel=\"noopener\" title=\"\">Eaternity<\/a> est une organisation suisse qui d\u00e9veloppe une solution pour l&rsquo;industrie alimentaire afin de mesurer et de r\u00e9duire l&rsquo;impact des produits alimentaires sur l&rsquo;environnement. Au niveau de la restauration collective, elle calcule l&#8217;empreinte environnementale et CO\u2082 des recettes et des menus en se basant sur sa base de donn\u00e9e et les informations transmises par le restaurant, afin de fixer des objectifs de r\u00e9duction..<br><\/p>\n<\/div>\n\n\n\n<div class=\"wp-block-column is-layout-flow wp-block-column-is-layout-flow\" style=\"flex-basis:33.33%\">\n<figure class=\"wp-block-image alignright size-large is-resized\"><img loading=\"lazy\" decoding=\"async\" width=\"1024\" height=\"279\" src=\"https:\/\/themes.agripedia.ch\/wp-content\/uploads\/2025\/02\/image-12-1024x279.png\" alt=\"\" class=\"wp-image-68971\" style=\"width:255px;height:auto\" srcset=\"https:\/\/themes.agripedia.ch\/wp-content\/uploads\/2025\/02\/image-12-1024x279.png 1024w, https:\/\/themes.agripedia.ch\/wp-content\/uploads\/2025\/02\/image-12-300x82.png 300w, https:\/\/themes.agripedia.ch\/wp-content\/uploads\/2025\/02\/image-12-768x210.png 768w, https:\/\/themes.agripedia.ch\/wp-content\/uploads\/2025\/02\/image-12-1200x327.png 1200w, https:\/\/themes.agripedia.ch\/wp-content\/uploads\/2025\/02\/image-12.png 1466w\" sizes=\"auto, (max-width: 1024px) 100vw, 1024px\" \/><\/figure>\n<\/div>\n<\/div>\n\n\n    \n<div class=\"has-background-color-agripedia-blue wp-block-agripedia-box\" >\n    \n            <div class=\"agripedia-box-header\">\n            Eaternity Gastro        <\/div>\n    \n    <div class=\"agripedia-box-content\">\n        \n\n<p><strong>Mesures:<\/strong><\/p>\n\n\n\n<ul class=\"wp-block-list\">\n<li>Indicateurs pour la sant\u00e9, le changement d&rsquo;affectation des terres, le bon traitement des animaux, la saisonnalit\u00e9 ainsi que l&#8217;empreinte hydrique, afin d&rsquo;aider le secteur de la restauration dans leurs choix.<\/li>\n\n\n\n<li>Analyse des \u00e9missions de CO\u2082 des recettes, de l&rsquo;approvisionnement et d&rsquo;autres donn\u00e9es n\u00e9cessaires.<\/li>\n\n\n\n<li>Rapport mensuels et mise en place d&rsquo;objectifs de r\u00e9duction des \u00e9missions de CO\u2082.<\/li>\n<\/ul>\n\n    <\/div>\n<\/div>\n\n\n\n<p><br><strong>Nombre d&rsquo;\u00e9tablissements:<\/strong><\/p>\n\n\n\n<ul class=\"wp-block-list\">\n<li>Une centaine de clients r\u00e9partie en Europe, la plupart sont entreprises de restauration collective.<\/li>\n<\/ul>\n\n\n\n<p><strong>Retour d&rsquo;exp\u00e9rience:<\/strong><\/p>\n\n\n\n<ul class=\"wp-block-list\">\n<li>L&rsquo;\u00e9tablissement de la base de donn\u00e9es (collecte, v\u00e9rification, connexion) est le point le plus complexe.<\/li>\n\n\n\n<li>Am\u00e9lioration afin d&rsquo;augmenter la pr\u00e9cision des calculs en cours.<\/li>\n<\/ul>\n<\/div><\/div>\n<\/div>\n\n\n\n<div class=\"wp-block-advgb-accordions advgb-accordions-c0934997-9a46-4f0c-a5a3-fe48fd375862 advgb-accordion-wrapper\" data-collapsed=\"true\">\n<div class=\"wp-block-advgb-accordion-item advgb-accordion-item\" style=\"margin-bottom:15px\"><div class=\"advgb-accordion-header\" style=\"background-color:#0090C5;color:#FFFFFF;border-style:solid;border-width:1px;border-radius:11px\"><span class=\"advgb-accordion-header-icon\"><svg fill=\"#fff\" xmlns=\"http:\/\/www.w3.org\/2000\/svg\" width=\"24\" height=\"24\" viewBox=\"0 0 24 24\"><path fill=\"none\" d=\"M0,0h24v24H0V0z\"><\/path><path d=\"M13,7h-2v4H7v2h4v4h2v-4h4v-2h-4V7z M12,2C6.48,2,2,6.48,2,12s4.48,10,10,10s10-4.48,10-10S17.52,2,12,2z M12,20 c-4.41,0-8-3.59-8-8s3.59-8,8-8s8,3.59,8,8S16.41,20,12,20z\"><\/path><\/svg><\/span><h4 class=\"advgb-accordion-header-title\" style=\"color:inherit\">Bio Cuisine<\/h4><\/div><div class=\"advgb-accordion-body\" style=\"background-color:#D6D6D6;border-style:solid !important;border-width:1px !important;border-color:undefined !important;border-top:none !important;border-radius:11px !important\">\n<div class=\"wp-block-columns is-layout-flex wp-container-core-columns-is-layout-9d6595d7 wp-block-columns-is-layout-flex\">\n<div class=\"wp-block-column is-layout-flow wp-block-column-is-layout-flow\" style=\"flex-basis:66.66%\">\n<p><a href=\"https:\/\/www.bio-suisse.ch\/fr\/vivre-bio-suisse\/blog\/posts\/2023\/04\/bio-cuisine.html\" target=\"_blank\" rel=\"noopener\" title=\"\">Bio Cuisine<\/a> est le nouveau label de Bio Suisse pour la restauration qui permet de certifier l&rsquo;utilisation de produits bio dans la composition des menus. En effet, de nombreux restaurants s&rsquo;engagent dans une restauration durable et \u00e9cologique et ce label permet de valoriser et de mieux communiquer ces efforts.<br><\/p>\n<\/div>\n\n\n\n<div class=\"wp-block-column is-layout-flow wp-block-column-is-layout-flow\" style=\"flex-basis:33.33%\">\n<figure class=\"wp-block-image alignright size-large is-resized\"><img loading=\"lazy\" decoding=\"async\" width=\"980\" height=\"1024\" src=\"https:\/\/themes.agripedia.ch\/wp-content\/uploads\/2025\/02\/image-14-980x1024.png\" alt=\"\" class=\"wp-image-68978\" style=\"width:151px;height:auto\" srcset=\"https:\/\/themes.agripedia.ch\/wp-content\/uploads\/2025\/02\/image-14-980x1024.png 980w, https:\/\/themes.agripedia.ch\/wp-content\/uploads\/2025\/02\/image-14-287x300.png 287w, https:\/\/themes.agripedia.ch\/wp-content\/uploads\/2025\/02\/image-14-768x803.png 768w, https:\/\/themes.agripedia.ch\/wp-content\/uploads\/2025\/02\/image-14.png 991w\" sizes=\"auto, (max-width: 980px) 100vw, 980px\" \/><\/figure>\n<\/div>\n<\/div>\n\n\n\n<p><\/p>\n\n\n    \n<div class=\"has-background-color-agripedia-blue wp-block-agripedia-box\" >\n    \n            <div class=\"agripedia-box-header\">\n            Label Bio Cuisine        <\/div>\n    \n    <div class=\"agripedia-box-content\">\n        \n\n<p><strong>Mesures:<\/strong><\/p>\n\n\n\n<ul class=\"wp-block-list\">\n<li>Approbation de la charte Bio Cuisine<\/li>\n\n\n\n<li>Obtention d&rsquo;\u00e9toiles sur le logo du label en fonction de la quantit\u00e9 d&rsquo;aliments bio : 30&nbsp;% (une \u00e9toile), de 60 \u00e0 90&nbsp;% (deux \u00e9toiles) ou plus de 90&nbsp;% (trois \u00e9toiles)<\/li>\n\n\n\n<li>Au moins deux tiers de la part bio indiqu\u00e9e issus de produits&nbsp;Bourgeon<\/li>\n<\/ul>\n\n    <\/div>\n<\/div>\n\n\n\n<p><br><strong>Nombre d&rsquo;\u00e9tablissements:<\/strong><\/p>\n\n\n\n<ul class=\"wp-block-list\">\n<li>34 entreprises certifi\u00e9es<\/li>\n<\/ul>\n\n\n\n<p><strong>Retour d&rsquo;exp\u00e9rience:<\/strong><\/p>\n\n\n\n<ul class=\"wp-block-list\">\n<li>Ces informations ne sont pas encore disponibles.<\/li>\n<\/ul>\n<\/div><\/div>\n<\/div>\n\n\n\n<p><br><br><br><\/p>\n\n\n    \n<div class=\"wp-block-agripedia-impressum\" >\n    \n    <div class=\"agripedia-box-header\">\n        Impressum    <\/div>\n\n    <div class=\"agripedia-box-content\">\n        \n\n<p><strong>Auteur:<\/strong> Gregory M\u00e9trailler, AGRIDEA<\/p>\n\n\n\n<p><strong>Collaboration:<\/strong> Franziska Hoffet, Magali Est\u00e8ve, Astrid Gerz, AGRIDEA; \u00e9change avec les acteurs des diff\u00e9rents outils et certifications<\/p>\n\n\n\n<p><strong>Image de titre<\/strong>: \u00a9EHL, Gastronomie, Jean-Marie Michel; Logo, ChatGPT<\/p>\n\n    <\/div>\n    \n<\/div>\n\n\n<p><\/p>\n<div class=\"acf-fields-container\" data-post-id=\"60203\" data-canto-acf=\"true\"><\/div><style>\r\n        .acf-fields-container {\r\n            margin: 2em 0;\r\n            width: 100%;\r\n            clear: both;\r\n        }\r\n        .acf-field-image {\r\n            margin: 1.5em 0;\r\n            position: relative;\r\n        }\r\n        .acf-field-label {\r\n            margin-bottom: 1em;\r\n        }\r\n        .acf-image {\r\n            max-width: 100%;\r\n            height: auto;\r\n            display: block;\r\n            margin: 1em 0;\r\n        }\r\n    <\/style>","protected":false},"excerpt":{"rendered":"<div class=\"seriesmeta agripedia-series-meta-wrapper\">This entry is part 16 of 16 in the series <a href=\"https:\/\/themes.agripedia.ch\/fr\/series\/restauration-collective-dans-les-cantons-suisses\/\" class=\"series-2563\" title=\"Restauration collective dans les cantons suisses\">Restauration collective dans les cantons suisses<\/a><\/div><p>Dans cette page, nous allons explorer les principaux outils et certifications durables qui existent pour la restauration collective en Suisse.<\/p>\n","protected":false},"author":140,"featured_media":72524,"comment_status":"closed","ping_status":"open","sticky":false,"template":"","format":"standard","meta":{"_acf_changed":false,"_autodraft_ids":[],"advgb_blocks_editor_width":"","advgb_blocks_columns_visual_guide":"","_monsterinsights_skip_tracking":false,"_monsterinsights_sitenote_active":false,"_monsterinsights_sitenote_note":"","_monsterinsights_sitenote_category":0,"ngg_post_thumbnail":0,"_sb_is_suggestion_mode":false,"_sb_show_suggestion_boards":false,"_sb_show_comment_boards":false,"_sb_suggestion_history":"","_sb_update_block_changes":"","_is_real_time_mode":false,"_realtime_collaborators":"{\"53\":{\"userAvatar\":\"https:\\\/\\\/secure.gravatar.com\\\/avatar\\\/ea3ab832cb4daf4f5f54700b59509ca1?s=96&d=mm&r=g\",\"role\":\"author\",\"userId\":53,\"email\":\"franziska.hoffet@agridea.ch\",\"username\":\"fho\"}}","footnotes":"","cf_checklist_status":[]},"categories":[1814],"tags":[],"series":[2563],"ppma_author":[1263,158,138,264],"class_list":["post-60203","post","type-post","status-publish","format-standard","has-post-thumbnail","hentry","category-restauration-collective","series-restauration-collective-dans-les-cantons-suisses"],"pp_statuses_selecting_workflow":false,"pp_workflow_action":"current","pp_status_selection":"publish","acf":[],"canto_acf_fields":"<div class=\"acf-fields-container\" data-post-id=\"60203\" data-canto-acf=\"true\"><\/div><style>\r\n        .acf-fields-container {\r\n            margin: 2em 0;\r\n            width: 100%;\r\n            clear: both;\r\n        }\r\n        .acf-field-image {\r\n            margin: 1.5em 0;\r\n            position: relative;\r\n        }\r\n        .acf-field-label {\r\n            margin-bottom: 1em;\r\n        }\r\n        .acf-image {\r\n            max-width: 100%;\r\n            height: auto;\r\n            display: block;\r\n            margin: 1em 0;\r\n        }\r\n    <\/style>","author_meta":{"display_name":"Gregory M\u00e9trailler","author_link":"https:\/\/themes.agripedia.ch\/fr\/author\/gme\/"},"featured_img":"https:\/\/themes.agripedia.ch\/wp-content\/uploads\/2025\/05\/certification-R.coll_-1.png","coauthors":[{"link":"https:\/\/themes.agripedia.ch\/fr\/author\/gme\/","display_name":"Gregory M\u00e9trailler"},{"link":"https:\/\/themes.agripedia.ch\/fr\/author\/fho\/","display_name":"Franziska Hoffet"},{"link":"https:\/\/themes.agripedia.ch\/fr\/author\/mes\/","display_name":"Magali Esteve"},{"link":"https:\/\/themes.agripedia.ch\/fr\/author\/age2\/","display_name":"Astrid Gerz"}],"tax_additional":{"categories":{"linked":["<a href=\"https:\/\/themes.agripedia.ch\/fr\/theme\/themen-fr\/restauration-collective\/\" class=\"advgb-post-tax-term\">Restauration collective<\/a>"],"unlinked":["<span class=\"advgb-post-tax-term\">Restauration collective<\/span>"]}},"comment_count":"0","relative_dates":{"created":"Publi\u00e9 11 mois il y a","modified":"Mis \u00e0 jour 11 mois il y a"},"absolute_dates":{"created":"Publi\u00e9 le 10.06.2025","modified":"Mise \u00e0 jour le 12.06.2025"},"absolute_dates_time":{"created":"Publi\u00e9 le 10.06.2025 10:42 am","modified":"Mise \u00e0 jour le 12.06.2025 10:09 am"},"featured_img_caption":"","series_order":16,"authors":[{"term_id":1263,"user_id":140,"is_guest":0,"slug":"gme","display_name":"Gregory M\u00e9trailler","avatar_url":"https:\/\/secure.gravatar.com\/avatar\/39a1d7c9fd3902e8e8969786b6a54772b14d38a4671cc85af2b6fddcbcd562ad?s=96&d=mm&r=g","0":null,"1":"","2":"","3":"","4":"","5":"","6":"","7":"","8":"","9":""},{"term_id":158,"user_id":53,"is_guest":0,"slug":"fho","display_name":"Franziska Hoffet","avatar_url":"https:\/\/secure.gravatar.com\/avatar\/2f148033eb47329054899413ac5e7c5f1e3a0b0c19431650b2de0eebed6e557e?s=96&d=mm&r=g","0":null,"1":"","2":"","3":"","4":"","5":"","6":"","7":"","8":"","9":""},{"term_id":138,"user_id":49,"is_guest":0,"slug":"mes","display_name":"Magali Esteve","avatar_url":"https:\/\/secure.gravatar.com\/avatar\/?s=96&d=mm&r=g","0":null,"1":"","2":"","3":"","4":"","5":"","6":"","7":"","8":"","9":""},{"term_id":264,"user_id":76,"is_guest":0,"slug":"age2","display_name":"Astrid Gerz","avatar_url":"https:\/\/secure.gravatar.com\/avatar\/b3f75740f07290e659b1dff029530a8aceadd37736b902d5c480d57459ce3487?s=96&d=mm&r=g","0":null,"1":"","2":"","3":"","4":"","5":"","6":"","7":"","8":"","9":""}],"_links":{"self":[{"href":"https:\/\/themes.agripedia.ch\/fr\/wp-json\/wp\/v2\/posts\/60203","targetHints":{"allow":["GET"]}}],"collection":[{"href":"https:\/\/themes.agripedia.ch\/fr\/wp-json\/wp\/v2\/posts"}],"about":[{"href":"https:\/\/themes.agripedia.ch\/fr\/wp-json\/wp\/v2\/types\/post"}],"author":[{"embeddable":true,"href":"https:\/\/themes.agripedia.ch\/fr\/wp-json\/wp\/v2\/users\/140"}],"replies":[{"embeddable":true,"href":"https:\/\/themes.agripedia.ch\/fr\/wp-json\/wp\/v2\/comments?post=60203"}],"version-history":[{"count":0,"href":"https:\/\/themes.agripedia.ch\/fr\/wp-json\/wp\/v2\/posts\/60203\/revisions"}],"wp:featuredmedia":[{"embeddable":true,"href":"https:\/\/themes.agripedia.ch\/fr\/wp-json\/wp\/v2\/media\/72524"}],"wp:attachment":[{"href":"https:\/\/themes.agripedia.ch\/fr\/wp-json\/wp\/v2\/media?parent=60203"}],"wp:term":[{"taxonomy":"category","embeddable":true,"href":"https:\/\/themes.agripedia.ch\/fr\/wp-json\/wp\/v2\/categories?post=60203"},{"taxonomy":"post_tag","embeddable":true,"href":"https:\/\/themes.agripedia.ch\/fr\/wp-json\/wp\/v2\/tags?post=60203"},{"taxonomy":"series","embeddable":true,"href":"https:\/\/themes.agripedia.ch\/fr\/wp-json\/wp\/v2\/series?post=60203"},{"taxonomy":"author","embeddable":true,"href":"https:\/\/themes.agripedia.ch\/fr\/wp-json\/wp\/v2\/ppma_author?post=60203"}],"curies":[{"name":"wp","href":"https:\/\/api.w.org\/{rel}","templated":true}]}}