{"id":60200,"date":"2024-01-01T16:41:00","date_gmt":"2024-01-01T15:41:00","guid":{"rendered":"https:\/\/themes.agripedia.ch\/?p=60200"},"modified":"2025-05-20T09:59:04","modified_gmt":"2025-05-20T07:59:04","slug":"canton-de-bale-campagne-restauration-collective-mesures-et-initiatives","status":"publish","type":"post","link":"https:\/\/themes.agripedia.ch\/fr\/canton-de-bale-campagne-restauration-collective-mesures-et-initiatives\/","title":{"rendered":"Canton de B\u00e2le-Campagne: restauration collective &#8211; mesures et initiatives"},"content":{"rendered":"<div class=\"seriesmeta agripedia-series-meta-wrapper\"><!--This entry is part 3 of 16 in the series--> <a href=\"https:\/\/themes.agripedia.ch\/fr\/series\/restauration-collective-dans-les-cantons-suisses\/\" class=\"series-2563\" title=\"Restauration collective dans les cantons suisses\">Restauration collective dans les cantons suisses<\/a> (3 \/ 16)<\/div>\n<h2 class=\"wp-block-heading\">Origine et gestion<\/h2>\n\n\n\n<p>Ebenrain met en \u0153uvre diff\u00e9rents \u00e9l\u00e9ments au sujet de la restauration collective dans le canton de B\u00e2le-Campagne.<\/p>\n\n\n\n<div class=\"wp-block-advgb-accordions advgb-accordions-76db14f0-e5b9-4762-994e-15ada29070c3 advgb-accordion-wrapper\" data-collapsed=\"true\">\n<div class=\"wp-block-advgb-accordion-item advgb-accordion-item\" style=\"margin-bottom:15px\"><div class=\"advgb-accordion-header\" style=\"background-color:#0090C5;color:#FFFFFF;border-style:solid;border-width:1px;border-radius:13px\"><span class=\"advgb-accordion-header-icon\"><svg fill=\"#fff\" xmlns=\"http:\/\/www.w3.org\/2000\/svg\" width=\"24\" height=\"24\" viewBox=\"0 0 24 24\"><path fill=\"none\" d=\"M0,0h24v24H0V0z\"><\/path><path d=\"M13,7h-2v4H7v2h4v4h2v-4h4v-2h-4V7z M12,2C6.48,2,2,6.48,2,12s4.48,10,10,10s10-4.48,10-10S17.52,2,12,2z M12,20 c-4.41,0-8-3.59-8-8s3.59-8,8-8s8,3.59,8,8S16.41,20,12,20z\"><\/path><\/svg><\/span><h4 class=\"advgb-accordion-header-title\" style=\"color:inherit\">Origine et base l\u00e9gale des mesures<\/h4><\/div><div class=\"advgb-accordion-body\" style=\"background-color:#D6D6D6;border-style:solid !important;border-width:1px !important;border-color:undefined !important;border-top:none !important;border-radius:13px !important\">\n<ul class=\"wp-block-list\">\n<li>Strat\u00e9gie climatique du canton (sans objectifs concrets, approche g\u00e9n\u00e9rale sur le gaspillage alimentaire et la nourriture respectueuse du climat dans la gastronomie)<\/li>\n<\/ul>\n<\/div><\/div>\n<\/div>\n\n\n\n<div class=\"wp-block-advgb-accordions advgb-accordions-1a623f90-dc58-4284-b403-9e7adb9e2b23 advgb-accordion-wrapper\" data-collapsed=\"true\">\n<div class=\"wp-block-advgb-accordion-item advgb-accordion-item\" style=\"margin-bottom:15px\"><div class=\"advgb-accordion-header\" style=\"background-color:#0090C5;color:#FFFFFF;border-style:solid;border-width:1px;border-radius:13px\"><span class=\"advgb-accordion-header-icon\"><svg fill=\"#fff\" xmlns=\"http:\/\/www.w3.org\/2000\/svg\" width=\"24\" height=\"24\" viewBox=\"0 0 24 24\"><path fill=\"none\" d=\"M0,0h24v24H0V0z\"><\/path><path d=\"M13,7h-2v4H7v2h4v4h2v-4h4v-2h-4V7z M12,2C6.48,2,2,6.48,2,12s4.48,10,10,10s10-4.48,10-10S17.52,2,12,2z M12,20 c-4.41,0-8-3.59-8-8s3.59-8,8-8s8,3.59,8,8S16.41,20,12,20z\"><\/path><\/svg><\/span><h4 class=\"advgb-accordion-header-title\" style=\"color:inherit\">Responsable<\/h4><\/div><div class=\"advgb-accordion-body\" style=\"background-color:#D6D6D6;border-style:solid !important;border-width:1px !important;border-color:undefined !important;border-top:none !important;border-radius:13px !important\">\n<ul class=\"wp-block-list\">\n<li>Centre Ebenrain pour l&rsquo;agriculture, la nature et l&rsquo;alimentation<\/li>\n<\/ul>\n<\/div><\/div>\n<\/div>\n\n\n\n<div class=\"wp-block-advgb-accordions advgb-accordions-73e441b4-8cef-4e5e-a345-d127d7edaa4a advgb-accordion-wrapper\" data-collapsed=\"true\">\n<div class=\"wp-block-advgb-accordion-item advgb-accordion-item\" style=\"margin-bottom:15px\"><div class=\"advgb-accordion-header\" style=\"background-color:#0090C5;color:#FFFFFF;border-style:solid;border-width:1px;border-radius:13px\"><span class=\"advgb-accordion-header-icon\"><svg fill=\"#fff\" xmlns=\"http:\/\/www.w3.org\/2000\/svg\" width=\"24\" height=\"24\" viewBox=\"0 0 24 24\"><path fill=\"none\" d=\"M0,0h24v24H0V0z\"><\/path><path d=\"M13,7h-2v4H7v2h4v4h2v-4h4v-2h-4V7z M12,2C6.48,2,2,6.48,2,12s4.48,10,10,10s10-4.48,10-10S17.52,2,12,2z M12,20 c-4.41,0-8-3.59-8-8s3.59-8,8-8s8,3.59,8,8S16.41,20,12,20z\"><\/path><\/svg><\/span><h4 class=\"advgb-accordion-header-title\" style=\"color:inherit\">Gouvernance<\/h4><\/div><div class=\"advgb-accordion-body\" style=\"background-color:#D6D6D6;border-style:solid !important;border-width:1px !important;border-color:undefined !important;border-top:none !important;border-radius:13px !important\">\n<p>&#8211;<\/p>\n<\/div><\/div>\n<\/div>\n\n\n\n<div class=\"wp-block-advgb-accordions advgb-accordions-dd4ecd2d-c14d-4b98-8de9-24efaaceef16 advgb-accordion-wrapper\" data-collapsed=\"true\">\n<div class=\"wp-block-advgb-accordion-item advgb-accordion-item\" style=\"margin-bottom:15px\"><div class=\"advgb-accordion-header\" style=\"background-color:#0090C5;color:#FFFFFF;border-style:solid;border-width:1px;border-radius:13px\"><span class=\"advgb-accordion-header-icon\"><svg fill=\"#fff\" xmlns=\"http:\/\/www.w3.org\/2000\/svg\" width=\"24\" height=\"24\" viewBox=\"0 0 24 24\"><path fill=\"none\" d=\"M0,0h24v24H0V0z\"><\/path><path d=\"M13,7h-2v4H7v2h4v4h2v-4h4v-2h-4V7z M12,2C6.48,2,2,6.48,2,12s4.48,10,10,10s10-4.48,10-10S17.52,2,12,2z M12,20 c-4.41,0-8-3.59-8-8s3.59-8,8-8s8,3.59,8,8S16.41,20,12,20z\"><\/path><\/svg><\/span><h4 class=\"advgb-accordion-header-title\" style=\"color:inherit\">Partenaires<\/h4><\/div><div class=\"advgb-accordion-body\" style=\"background-color:#D6D6D6;border-style:solid !important;border-width:1px !important;border-color:undefined !important;border-top:none !important;border-radius:13px !important\">\n<ul class=\"wp-block-list\">\n<li>Fourchette verte &#8211; Ama Terra<\/li>\n<\/ul>\n<\/div><\/div>\n<\/div>\n\n\n\n<h2 class=\"wp-block-heading\">Mesures et initiatives<\/h2>\n\n\n\n<div class=\"wp-block-advgb-accordions advgb-accordions-92a4f3a6-76d8-4f31-bc51-30ad06f307a1 advgb-accordion-wrapper\" data-collapsed=\"true\">\n<div class=\"wp-block-advgb-accordion-item advgb-accordion-item\" style=\"margin-bottom:15px\"><div class=\"advgb-accordion-header\" style=\"background-color:#0090C5;color:#FFFFFF;border-style:solid;border-width:1px;border-radius:13px\"><span class=\"advgb-accordion-header-icon\"><svg fill=\"#fff\" xmlns=\"http:\/\/www.w3.org\/2000\/svg\" width=\"24\" height=\"24\" viewBox=\"0 0 24 24\"><path fill=\"none\" d=\"M0,0h24v24H0V0z\"><\/path><path d=\"M13,7h-2v4H7v2h4v4h2v-4h4v-2h-4V7z M12,2C6.48,2,2,6.48,2,12s4.48,10,10,10s10-4.48,10-10S17.52,2,12,2z M12,20 c-4.41,0-8-3.59-8-8s3.59-8,8-8s8,3.59,8,8S16.41,20,12,20z\"><\/path><\/svg><\/span><h4 class=\"advgb-accordion-header-title\" style=\"color:inherit\">Mesures et objectifs<\/h4><\/div><div class=\"advgb-accordion-body\" style=\"background-color:#D6D6D6;border-style:solid !important;border-width:1px !important;border-color:undefined !important;border-top:none !important;border-radius:13px !important\">\n<ul class=\"wp-block-list\">\n<li>Mise en \u0153uvre de Fourchette verte &#8211; Ama Terra en collaboration avec l&rsquo;Office de la sant\u00e9 et <a href=\"https:\/\/promotionsante.ch\/programmes-daction-cantonaux\/cantons-participants\/canton-de-bale-campagne\" target=\"_blank\" rel=\"noopener\" title=\"\">Promotion Sant\u00e9 Suisse<\/a><\/li>\n\n\n\n<li>Poste de 20% \u00e0 Ebenrain pour la gestion des mesures Fourchette verte<\/li>\n\n\n\n<li>Transmission des connaissances th\u00e9oriques de base sur l&rsquo;alimentation r\u00e9gionale et respectueuse des ressources, par le biais de supports tels que le calendrier des saisons, le site Internet ou des dossiers sp\u00e9cialis\u00e9s<\/li>\n\n\n\n<li>Base de donn\u00e9es <a href=\"https:\/\/ebenfein.bl.ch\/\" target=\"_blank\" rel=\"noopener\" title=\"\">Ebenfein<\/a> avec des recettes durables, r\u00e9gionales et \u00e9quilibr\u00e9es<\/li>\n\n\n\n<li>Cours de cuisine sur l&rsquo;alimentation durable, r\u00e9gionale et saisonni\u00e8re<\/li>\n\n\n\n<li>Programme <a href=\"https:\/\/www.baselland.ch\/politik-und-behorden\/direktionen\/volkswirtschafts-und-gesundheitsdirektion\/medienmitteilungen\/201eernahrungplus201c-2013-mehr-als-essen-und\" target=\"_blank\" rel=\"noopener\" title=\"\">Ern\u00e4hrungPlus<\/a> : un programme strat\u00e9gique pour une alimentation respectueuse du climat<\/li>\n<\/ul>\n<\/div><\/div>\n<\/div>\n\n\n\n<div class=\"wp-block-advgb-accordions advgb-accordions-9f8eb043-e931-4c3a-a8a8-ae6726836b9c advgb-accordion-wrapper\" data-collapsed=\"true\">\n<div class=\"wp-block-advgb-accordion-item advgb-accordion-item\" style=\"margin-bottom:15px\"><div class=\"advgb-accordion-header\" style=\"background-color:#0090C5;color:#FFFFFF;border-style:solid;border-width:1px;border-radius:13px\"><span class=\"advgb-accordion-header-icon\"><svg fill=\"#fff\" xmlns=\"http:\/\/www.w3.org\/2000\/svg\" width=\"24\" height=\"24\" viewBox=\"0 0 24 24\"><path fill=\"none\" d=\"M0,0h24v24H0V0z\"><\/path><path d=\"M13,7h-2v4H7v2h4v4h2v-4h4v-2h-4V7z M12,2C6.48,2,2,6.48,2,12s4.48,10,10,10s10-4.48,10-10S17.52,2,12,2z M12,20 c-4.41,0-8-3.59-8-8s3.59-8,8-8s8,3.59,8,8S16.41,20,12,20z\"><\/path><\/svg><\/span><h4 class=\"advgb-accordion-header-title\" style=\"color:inherit\">En chiffre<\/h4><\/div><div class=\"advgb-accordion-body\" style=\"background-color:#D6D6D6;border-style:solid !important;border-width:1px !important;border-color:undefined !important;border-top:none !important;border-radius:13px !important\">\n<ul class=\"wp-block-list\">\n<li>20 cr\u00e8ches certifi\u00e9es Ama Terra<\/li>\n\n\n\n<li>Autres institutions en cours de d\u00e9veloppement (gastronomie pour adultes)<\/li>\n\n\n\n<li>Cantine Ebenrain certifi\u00e9e Ama Terra, environ 10&rsquo;000 repas par an avec des aliments de saison et r\u00e9gionaux, pr\u00e9f\u00e9rence donn\u00e9e aux aliments produits de mani\u00e8re biologique. Les produits alimentaires proviennent de 35 producteurs et productrices locaux.<\/li>\n<\/ul>\n<\/div><\/div>\n<\/div>\n\n\n\n<div class=\"wp-block-advgb-accordions advgb-accordions-94c8367c-e3bc-4d77-9773-d93c824f95de advgb-accordion-wrapper\" data-collapsed=\"true\">\n<div class=\"wp-block-advgb-accordion-item advgb-accordion-item\" style=\"margin-bottom:15px\"><div class=\"advgb-accordion-header\" style=\"background-color:#0090C5;color:#FFFFFF;border-style:solid;border-width:1px;border-radius:13px\"><span class=\"advgb-accordion-header-icon\"><svg fill=\"#fff\" xmlns=\"http:\/\/www.w3.org\/2000\/svg\" width=\"24\" height=\"24\" viewBox=\"0 0 24 24\"><path fill=\"none\" d=\"M0,0h24v24H0V0z\"><\/path><path d=\"M13,7h-2v4H7v2h4v4h2v-4h4v-2h-4V7z M12,2C6.48,2,2,6.48,2,12s4.48,10,10,10s10-4.48,10-10S17.52,2,12,2z M12,20 c-4.41,0-8-3.59-8-8s3.59-8,8-8s8,3.59,8,8S16.41,20,12,20z\"><\/path><\/svg><\/span><h4 class=\"advgb-accordion-header-title\" style=\"color:inherit\">Plateforme<\/h4><\/div><div class=\"advgb-accordion-body\" style=\"background-color:#D6D6D6;border-style:solid !important;border-width:1px !important;border-color:undefined !important;border-top:none !important;border-radius:13px !important\">\n<ul class=\"wp-block-list\">\n<li>Plateforme <a href=\"https:\/\/feldzutisch.ch\/\" target=\"_blank\" rel=\"noopener\" title=\"Feld zu Tisch\">Feld zu Tisch<\/a><\/li>\n<\/ul>\n<\/div><\/div>\n<\/div>\n\n\n\n<h2 class=\"wp-block-heading\">Retour d&rsquo;exp\u00e9rience<\/h2>\n\n\n\n<div class=\"wp-block-advgb-accordions advgb-accordions-2c9cf6f9-d227-42b5-92fd-5ee677000c75 advgb-accordion-wrapper\" data-collapsed=\"true\">\n<div class=\"wp-block-advgb-accordion-item advgb-accordion-item\" style=\"margin-bottom:15px\"><div class=\"advgb-accordion-header\" style=\"background-color:#0090C5;color:#FFFFFF;border-style:solid;border-width:1px;border-radius:11px\"><span class=\"advgb-accordion-header-icon\"><svg fill=\"#fff\" xmlns=\"http:\/\/www.w3.org\/2000\/svg\" width=\"24\" height=\"24\" viewBox=\"0 0 24 24\"><path fill=\"none\" d=\"M0,0h24v24H0V0z\"><\/path><path d=\"M13,7h-2v4H7v2h4v4h2v-4h4v-2h-4V7z M12,2C6.48,2,2,6.48,2,12s4.48,10,10,10s10-4.48,10-10S17.52,2,12,2z M12,20 c-4.41,0-8-3.59-8-8s3.59-8,8-8s8,3.59,8,8S16.41,20,12,20z\"><\/path><\/svg><\/span><h4 class=\"advgb-accordion-header-title\" style=\"color:inherit\">Retour sur la pratique<\/h4><\/div><div class=\"advgb-accordion-body\" style=\"background-color:#D6D6D6;border-style:solid !important;border-width:1px !important;border-color:undefined !important;border-top:none !important;border-radius:11px !important\">\n<div class=\"wp-block-columns is-layout-flex wp-container-core-columns-is-layout-9d6595d7 wp-block-columns-is-layout-flex\">\n<div class=\"wp-block-column is-layout-flow wp-block-column-is-layout-flow\">    \n<div class=\"has-background-color-agripedia-green wp-block-agripedia-box\" >\n    \n            <div class=\"agripedia-box-header\">\n            Points de r\u00e9ussite\/progression        <\/div>\n    \n    <div class=\"agripedia-box-content\">\n        \n\n<ul class=\"wp-block-list\">\n<li>Dans les cr\u00e8ches, les \u00e9ducateurs\/\u00e9ducatrices mangent \u00e9galement avec les enfants, ce qui a un effet multiplicateur.<\/li>\n\n\n\n<li>Projet d&rsquo;\u00e9largir la d\u00e9marche aux adultes.<\/li>\n<\/ul>\n\n    <\/div>\n<\/div>\n<\/div>\n\n\n\n<div class=\"wp-block-column is-layout-flow wp-block-column-is-layout-flow\">    \n<div class=\"has-background-color-agripedia-orange wp-block-agripedia-box\" >\n    \n            <div class=\"agripedia-box-header\">\n            Points de tension        <\/div>\n    \n    <div class=\"agripedia-box-content\">\n        \n\n<ul class=\"wp-block-list\">\n<li>La r\u00e9duction de l&rsquo;offre de viande est difficile : baisse de fr\u00e9quentation lors des journ\u00e9es v\u00e9g\u00e9tariennes \u00e0 la cantine d&rsquo;Ebenrain.<\/li>\n\n\n\n<li>Au final, les repas doivent plaire aux invit\u00e9s, ce qui n&rsquo;est pas toujours le cas avec les menus sains (en particulier v\u00e9g\u00e9tariens).<\/li>\n\n\n\n<li>Il est difficile de convaincre les entreprises : il faut plus de temps pour l&rsquo;organisation et la pr\u00e9paration dans la restauration collective lorsque les produits sont directement fournis par les producteurs et que tout est transform\u00e9 sur place.<\/li>\n<\/ul>\n\n    <\/div>\n<\/div>\n<\/div>\n<\/div>\n<\/div><\/div>\n<\/div>\n\n\n\n<div class=\"wp-block-advgb-accordions advgb-accordions-e1dff2fd-6213-4702-9378-db7608eda9f7 advgb-accordion-wrapper\" data-collapsed=\"true\">\n<div class=\"wp-block-advgb-accordion-item advgb-accordion-item\" style=\"margin-bottom:15px\"><div class=\"advgb-accordion-header\" style=\"background-color:#0090C5;color:#FFFFFF;border-style:solid;border-width:1px;border-radius:11px\"><span class=\"advgb-accordion-header-icon\"><svg fill=\"#fff\" xmlns=\"http:\/\/www.w3.org\/2000\/svg\" width=\"24\" height=\"24\" viewBox=\"0 0 24 24\"><path fill=\"none\" d=\"M0,0h24v24H0V0z\"><\/path><path d=\"M13,7h-2v4H7v2h4v4h2v-4h4v-2h-4V7z M12,2C6.48,2,2,6.48,2,12s4.48,10,10,10s10-4.48,10-10S17.52,2,12,2z M12,20 c-4.41,0-8-3.59-8-8s3.59-8,8-8s8,3.59,8,8S16.41,20,12,20z\"><\/path><\/svg><\/span><h4 class=\"advgb-accordion-header-title\" style=\"color:inherit\">Conseils<\/h4><\/div><div class=\"advgb-accordion-body\" style=\"background-color:#D6D6D6;border-style:solid !important;border-width:1px !important;border-color:undefined !important;border-top:none !important;border-radius:11px !important\">\n<ul class=\"wp-block-list\">\n<li>Conseiller et \u00e9duquer<\/li>\n\n\n\n<li>Mettre en relation le r\u00e9seau, les producteurs et la gastronomie<\/li>\n\n\n\n<li>Questionnement sur le nombre de mesures en parall\u00e8le (Universit\u00e9s, divers D\u00e9partements, etc.) qui restent floues et compliqu\u00e9es pour les entreprises.<\/li>\n<\/ul>\n<\/div><\/div>\n<\/div>\n\n\n\n<p><br><br><\/p>\n\n\n    \n<div class=\"wp-block-agripedia-impressum\" >\n    \n    <div class=\"agripedia-box-header\">\n        Impressum    <\/div>\n\n    <div class=\"agripedia-box-content\">\n        \n\n<p><strong>Auteur:<\/strong> Gregory M\u00e9trailler, AGRIDEA<\/p>\n\n\n\n<p><strong>Collaboration:<\/strong> Franziska Hoffet, Magali Est\u00e8ve, Astrid Gerz, AGRIDEA; responsable des mesures des diff\u00e9rents cantons<\/p>\n\n\n\n<p><strong>Image de titre<\/strong>: \u00a9EHL, Gastronomie, Jean-Marie Michel<\/p>\n\n    <\/div>\n    \n<\/div>\n\n\n<p><\/p>\n\n\n\n<p><\/p>\n<div class=\"acf-fields-container\" data-post-id=\"60200\" data-canto-acf=\"true\"><\/div><style>\r\n        .acf-fields-container {\r\n            margin: 2em 0;\r\n            width: 100%;\r\n            clear: both;\r\n        }\r\n        .acf-field-image {\r\n            margin: 1.5em 0;\r\n            position: relative;\r\n        }\r\n        .acf-field-label {\r\n            margin-bottom: 1em;\r\n        }\r\n        .acf-image {\r\n            max-width: 100%;\r\n            height: auto;\r\n            display: block;\r\n            margin: 1em 0;\r\n        }\r\n    <\/style>","protected":false},"excerpt":{"rendered":"<div class=\"seriesmeta agripedia-series-meta-wrapper\">This entry is part 3 of 16 in the series <a href=\"https:\/\/themes.agripedia.ch\/fr\/series\/restauration-collective-dans-les-cantons-suisses\/\" class=\"series-2563\" title=\"Restauration collective dans les cantons suisses\">Restauration collective dans les cantons suisses<\/a><\/div><p>Cette fiche pr\u00e9sente les diff\u00e9rentes mesures cantonales mises en place dans le canton de B\u00e2le-Campagne au sujet de la restauration collective.<\/p>\n","protected":false},"author":140,"featured_media":72360,"comment_status":"closed","ping_status":"open","sticky":false,"template":"","format":"standard","meta":{"_acf_changed":false,"_autodraft_ids":[],"advgb_blocks_editor_width":"","advgb_blocks_columns_visual_guide":"","_monsterinsights_skip_tracking":false,"_monsterinsights_sitenote_active":false,"_monsterinsights_sitenote_note":"","_monsterinsights_sitenote_category":0,"ngg_post_thumbnail":0,"_sb_is_suggestion_mode":false,"_sb_show_suggestion_boards":false,"_sb_show_comment_boards":false,"_sb_suggestion_history":"","_sb_update_block_changes":"","_is_real_time_mode":false,"_realtime_collaborators":"","footnotes":"","cf_checklist_status":[]},"categories":[1814],"tags":[],"series":[2563],"ppma_author":[1263,158,138,252],"class_list":["post-60200","post","type-post","status-publish","format-standard","has-post-thumbnail","hentry","category-restauration-collective","series-restauration-collective-dans-les-cantons-suisses"],"pp_statuses_selecting_workflow":false,"pp_workflow_action":"current","pp_status_selection":"publish","acf":[],"canto_acf_fields":"<div class=\"acf-fields-container\" data-post-id=\"60200\" data-canto-acf=\"true\"><\/div><style>\r\n        .acf-fields-container {\r\n            margin: 2em 0;\r\n            width: 100%;\r\n            clear: both;\r\n        }\r\n        .acf-field-image {\r\n            margin: 1.5em 0;\r\n            position: relative;\r\n        }\r\n        .acf-field-label {\r\n            margin-bottom: 1em;\r\n        }\r\n        .acf-image {\r\n            max-width: 100%;\r\n            height: auto;\r\n            display: block;\r\n            margin: 1em 0;\r\n        }\r\n    <\/style>","author_meta":{"display_name":"Gregory M\u00e9trailler","author_link":"https:\/\/themes.agripedia.ch\/fr\/author\/gme\/"},"featured_img":"https:\/\/themes.agripedia.ch\/wp-content\/uploads\/2024\/01\/Bale-Campagne-1-300x225.jpg","coauthors":[{"link":"https:\/\/themes.agripedia.ch\/fr\/author\/gme\/","display_name":"Gregory M\u00e9trailler"},{"link":"https:\/\/themes.agripedia.ch\/fr\/author\/fho\/","display_name":"Franziska Hoffet"},{"link":"https:\/\/themes.agripedia.ch\/fr\/author\/mes\/","display_name":"Magali Esteve"},{"link":"https:\/\/themes.agripedia.ch\/fr\/author\/age\/","display_name":"Astrid Gerz"}],"tax_additional":{"categories":{"linked":["<a href=\"https:\/\/themes.agripedia.ch\/fr\/theme\/themen-fr\/restauration-collective\/\" class=\"advgb-post-tax-term\">Restauration collective<\/a>"],"unlinked":["<span class=\"advgb-post-tax-term\">Restauration collective<\/span>"]}},"comment_count":"0","relative_dates":{"created":"Publi\u00e9 2 ans il y a","modified":"Mis \u00e0 jour 12 mois il y a"},"absolute_dates":{"created":"Publi\u00e9 le 01.01.2024","modified":"Mise \u00e0 jour le 20.05.2025"},"absolute_dates_time":{"created":"Publi\u00e9 le 01.01.2024 4:41 pm","modified":"Mise \u00e0 jour le 20.05.2025 9:59 am"},"featured_img_caption":"","series_order":3,"authors":[{"term_id":1263,"user_id":140,"is_guest":0,"slug":"gme","display_name":"Gregory M\u00e9trailler","avatar_url":"https:\/\/secure.gravatar.com\/avatar\/39a1d7c9fd3902e8e8969786b6a54772b14d38a4671cc85af2b6fddcbcd562ad?s=96&d=mm&r=g","0":null,"1":"","2":"","3":"","4":"","5":"","6":"","7":"","8":"","9":""},{"term_id":158,"user_id":53,"is_guest":0,"slug":"fho","display_name":"Franziska Hoffet","avatar_url":"https:\/\/secure.gravatar.com\/avatar\/2f148033eb47329054899413ac5e7c5f1e3a0b0c19431650b2de0eebed6e557e?s=96&d=mm&r=g","0":null,"1":"","2":"","3":"","4":"","5":"","6":"","7":"","8":"","9":""},{"term_id":138,"user_id":49,"is_guest":0,"slug":"mes","display_name":"Magali Esteve","avatar_url":"https:\/\/secure.gravatar.com\/avatar\/?s=96&d=mm&r=g","0":null,"1":"","2":"","3":"","4":"","5":"","6":"","7":"","8":"","9":""},{"term_id":252,"user_id":0,"is_guest":1,"slug":"age","display_name":"Astrid Gerz","avatar_url":"https:\/\/secure.gravatar.com\/avatar\/b3f75740f07290e659b1dff029530a8aceadd37736b902d5c480d57459ce3487?s=96&d=mm&r=g","0":null,"1":"","2":"","3":"","4":"","5":"","6":"","7":"","8":"","9":""}],"_links":{"self":[{"href":"https:\/\/themes.agripedia.ch\/fr\/wp-json\/wp\/v2\/posts\/60200","targetHints":{"allow":["GET"]}}],"collection":[{"href":"https:\/\/themes.agripedia.ch\/fr\/wp-json\/wp\/v2\/posts"}],"about":[{"href":"https:\/\/themes.agripedia.ch\/fr\/wp-json\/wp\/v2\/types\/post"}],"author":[{"embeddable":true,"href":"https:\/\/themes.agripedia.ch\/fr\/wp-json\/wp\/v2\/users\/140"}],"replies":[{"embeddable":true,"href":"https:\/\/themes.agripedia.ch\/fr\/wp-json\/wp\/v2\/comments?post=60200"}],"version-history":[{"count":0,"href":"https:\/\/themes.agripedia.ch\/fr\/wp-json\/wp\/v2\/posts\/60200\/revisions"}],"wp:featuredmedia":[{"embeddable":true,"href":"https:\/\/themes.agripedia.ch\/fr\/wp-json\/wp\/v2\/media\/72360"}],"wp:attachment":[{"href":"https:\/\/themes.agripedia.ch\/fr\/wp-json\/wp\/v2\/media?parent=60200"}],"wp:term":[{"taxonomy":"category","embeddable":true,"href":"https:\/\/themes.agripedia.ch\/fr\/wp-json\/wp\/v2\/categories?post=60200"},{"taxonomy":"post_tag","embeddable":true,"href":"https:\/\/themes.agripedia.ch\/fr\/wp-json\/wp\/v2\/tags?post=60200"},{"taxonomy":"series","embeddable":true,"href":"https:\/\/themes.agripedia.ch\/fr\/wp-json\/wp\/v2\/series?post=60200"},{"taxonomy":"author","embeddable":true,"href":"https:\/\/themes.agripedia.ch\/fr\/wp-json\/wp\/v2\/ppma_author?post=60200"}],"curies":[{"name":"wp","href":"https:\/\/api.w.org\/{rel}","templated":true}]}}