{"id":60198,"date":"2025-06-10T10:39:28","date_gmt":"2025-06-10T08:39:28","guid":{"rendered":"https:\/\/themes.agripedia.ch\/?p=60198"},"modified":"2025-09-11T14:45:12","modified_gmt":"2025-09-11T12:45:12","slug":"analyse-transversale-restauration-collective-mesures-et-initiatives","status":"publish","type":"post","link":"https:\/\/themes.agripedia.ch\/fr\/analyse-transversale-restauration-collective-mesures-et-initiatives\/","title":{"rendered":"Analyse transversale:   restauration collective &#8211; mesures et initiatives"},"content":{"rendered":"<div class=\"seriesmeta agripedia-series-meta-wrapper\"><!--This entry is part 15 of 16 in the series--> <a href=\"https:\/\/themes.agripedia.ch\/fr\/series\/restauration-collective-dans-les-cantons-suisses\/\" class=\"series-2563\" title=\"Restauration collective dans les cantons suisses\">Restauration collective dans les cantons suisses<\/a> (15 \/ 16)<\/div>\n<h2 class=\"wp-block-heading\" id=\"base-legale-et-dappui-17128b32-9fad-467e-a62a-1a52d8c7a6f0\">Base l\u00e9gale et d&rsquo;appui<\/h2>\n\n\n\n<p>\u00c0 l\u2019issue de l\u2019analyse men\u00e9e, voici une synth\u00e8se des fondements l\u00e9gaux ainsi que des appuis et actions politiques identifi\u00e9s dans les cantons ayant instaur\u00e9 des mesures effectives en mati\u00e8re de restauration collective:<\/p>\n\n\n\n<div class=\"wp-block-group is-layout-constrained wp-block-group-is-layout-constrained\">\n<div class=\"wp-block-columns is-layout-flex wp-container-core-columns-is-layout-9d6595d7 wp-block-columns-is-layout-flex\">\n<div class=\"wp-block-column is-layout-flow wp-block-column-is-layout-flow\" style=\"flex-basis:100%\">\n<table class=\"wp-block-advgb-table alignwide advgb-table-frontend is-style-stripes\"><tbody><tr><td><strong>Canton<\/strong><\/td><td><strong>Base l\u00e9gale ou d&rsquo;appui<\/strong><\/td><\/tr><tr><td><strong><em>Argovie<\/em><\/strong><\/td><td>Strat\u00e9gie climatique du canton, Mod\u00e8le de d\u00e9veloppement 2021-2030, Strat\u00e9gie d\u00e9veloppement durable<\/td><\/tr><tr><td><strong><em>B\u00e2le-Campagne<\/em><\/strong><\/td><td>Strat\u00e9gie climatique du canton<\/td><\/tr><tr><td><strong>B\u00e2le-Ville<\/strong><\/td><td>Strat\u00e9gie de protection du climat, Constitution cantonale, Strat\u00e9gie pour une alimentation durable \u00e0 B\u00e2le-Ville 2030<\/td><\/tr><tr><td><strong><em>Berne<\/em><\/strong><\/td><td>Lignes directrices gouvernementales \u00ab\u00a0Engagement 2030\u00a0\u00bb (d\u00e9veloppement durable<\/td><\/tr><tr><td><strong><em>Fribourg<\/em><\/strong><\/td><td>R\u00e9ponse motion, Loi sur l&rsquo;agriculture, Strat\u00e9gie de d\u00e9veloppement durable 2021-31<\/td><\/tr><tr><td><strong><em>Gen\u00e8ve<\/em><\/strong><\/td><td>Loi sur la promotion de l&rsquo;agriculture, Principes du d\u00e9veloppement durable Agenda 21<\/td><\/tr><tr><td><strong><em>Jura<\/em><\/strong><\/td><td>R\u00e9ponse motion, Projet pilote<\/td><\/tr><tr><td><strong><em>Lucerne<\/em><\/strong><\/td><td>Politique climatique et \u00e9nerg\u00e9tique, Plan d\u2019action pour l\u2019agriculture biologique<\/td><\/tr><tr><td><strong><em>Neuch\u00e2tel<\/em><\/strong><\/td><td>Plan climat, R\u00e9ponses \u00e0 2 motions<\/td><\/tr><tr><td><strong><em>Tessin<\/em><\/strong><\/td><td>Loi sur l&rsquo;agriculture<\/td><\/tr><tr><td><strong><em>Valais<\/em><\/strong><\/td><td>Postulats et Agenda 2030 de d\u00e9veloppement durable<\/td><\/tr><tr><td><strong><em>Vaud<\/em><\/strong><\/td><td>Loi sur l&rsquo;agriculture, Postulat, Programme de l\u00e9gislature, Plan climat<\/td><\/tr><tr><td><strong><em>Zurich<\/em><\/strong><\/td><td>Strat\u00e9gie protection du climat, R\u00e9solution du Conseil d&rsquo;\u00c9tat zurichois<\/td><\/tr><\/tbody><\/table>\n<\/div>\n<\/div>\n<\/div>\n\n\n\n<p>Sur le plan politique, il appara\u00eet que plusieurs d\u00e9marches et mesures mises en \u0153uvre ont b\u00e9n\u00e9fici\u00e9 d\u2019un soutien politique mat\u00e9rialis\u00e9 notamment dans des motions ou des postulats.<\/p>\n\n\n\n<p>Les bases l\u00e9gales des mesures sont inscrites en majorit\u00e9 et souvent conjointement dans:<\/p>\n\n\n\n<ul class=\"wp-block-list\">\n<li>Les strat\u00e9gies et principes du d\u00e9veloppement durable (5)<\/li>\n\n\n\n<li>Les strat\u00e9gies et lois et sur l&rsquo;agriculture (5)<\/li>\n\n\n\n<li>Les strat\u00e9gies et politiques climatiques (7)<\/li>\n<\/ul>\n\n\n\n<h2 class=\"wp-block-heading\" id=\"caracteristiques-des-demarchesmesures-c7f388c1-fcf6-4790-9ef4-5c3ccf5e1f8e\">Caract\u00e9ristiques des d\u00e9marches\/mesures<\/h2>\n\n\n\n<p>Ce tableau regroupe les diff\u00e9rentes d\u00e9marches ainsi que leurs principales caract\u00e9ristiques:<\/p>\n\n\n\n<table class=\"wp-block-advgb-table advgb-table-frontend is-style-stripes\"><tbody><tr><td><strong>Canton<\/strong><\/td><td><strong>Obligatoire\/volontaire<\/strong><\/td><td><strong>Local et de saison<\/strong><\/td><td><strong>Bio\/IP -Suisse<\/strong><\/td><td><strong>Gaspillage alimentaire<\/strong><\/td><\/tr><tr><td><strong><em>Argovie<\/em><\/strong><\/td><td>En cours d&rsquo;\u00e9laboration<\/td><td>&#8211;<\/td><td>&#8211;<\/td><td>&#8211;<\/td><\/tr><tr><td><strong><em>B\u00e2le-Campagne<\/em><\/strong><\/td><td>Volontaire<\/td><td>Oui, Mise en \u0153uvre Fv &#8211; Ama Terra<\/td><td>Oui, mise en \u0153uvre Fv &#8211; Ama Terra<\/td><td>Oui, mise en \u0153uvre Fv &#8211; Ama Terra<\/td><\/tr><tr><td><strong><em>B\u00e2le-Ville<\/em><\/strong><\/td><td>D\u00e9pendant des mesures<\/td><td>Oui, mise en \u0153uvre Fv &#8211; Ama Terra<\/td><td>Oui, mise en \u0153uvre Fv &#8211; Ama Terra<br><\/td><td>Oui, mise en \u0153uvre Fv &#8211; Ama Terra<br><\/td><\/tr><tr><td><strong><em>Berne<\/em><\/strong><\/td><td>Volontaire<\/td><td>Local et bio, pas d&rsquo;objectif sp\u00e9cifique<\/td><td>Local et bio, pas d&rsquo;objectif sp\u00e9cifique<\/td><td>Oui<\/td><\/tr><tr><td><strong><em>Fribourg<\/em><\/strong><\/td><td>Volontaire<\/td><td>Au maximum selon restaurant<\/td><td>25% bio ou IP-Suisse<\/td><td>Oui<\/td><\/tr><tr><td><strong><em>Gen\u00e8ve<\/em><\/strong><\/td><td>Volontaire<\/td><td>Au minimum 3 produits certifi\u00e9s GRTA dans les offres journali\u00e8res de cat\u00e9gories diff\u00e9rentes<\/td><td>Choix du restaurant<\/td><td>Non<\/td><\/tr><tr><td><strong><em>Jura<\/em><\/strong><\/td><td>Obligatoire pour les restaurants du projet pilote<\/td><td>50% de produits r\u00e9gionaux<\/td><td>25% bio<\/td><td>Non<\/td><\/tr><tr><td><strong><em>Lucerne<\/em><\/strong><\/td><td>En cours d&rsquo;\u00e9laboration<\/td><td>&#8211;<\/td><td>&#8211;<\/td><td>&#8211;<\/td><\/tr><tr><td><strong><em>Neuch\u00e2tel<\/em><\/strong><\/td><td>Volontaire<\/td><td>En cours d&rsquo;\u00e9laboration<\/td><td>&#8211;<\/td><td>&#8211;<\/td><\/tr><tr><td><strong><em>Tessin<\/em><\/strong><\/td><td>Volontaire<\/td><td>Satisfaisant \u00e0 partir de 30-40% <\/td><td>Choix du restaurant<\/td><td>Non<\/td><\/tr><tr><td><strong><em>Valais<\/em><\/strong><\/td><td>Obligatoire pour \u00e9tablissements subventionn\u00e9s d&rsquo;au moins 50% de leur budget ou appartenant \u00e0 des institutions de droit public<\/td><td>Au maximum selon restaurant<\/td><td>Choix du restaurant<\/td><td>Oui<\/td><\/tr><tr><td><strong><em>Vaud<\/em><\/strong><\/td><td>Obligatoire pour les \u00e9tablissements de l\u2019administration cantonale<\/td><td>60% de produits r\u00e9gionaux dont 100% de viande vaudoise ou suisse<\/td><td>Choix du restaurant<\/td><td>Oui<\/td><\/tr><tr><td><strong><em>Zurich<\/em><\/strong><\/td><td>Des mesures obligatoires, recommand\u00e9es ou facultatives pour les \u00e9tablissements cantonaux et entreprises de restauration mandat\u00e9es par le canton<\/td><td>Indirect (r\u00e9duction de gaz \u00e0 effet de serre)<\/td><td>Indirect  (r\u00e9duction de gaz \u00e0 effet de serre)<\/td><td>Oui<\/td><\/tr><\/tbody><\/table>\n\n\n\n<p>Certains cantons (6) ont mis\u00e9 sur le volontariat des \u00e9tablissements et n&rsquo;ont pas impos\u00e9 de mesures obligatoires. Cependant, cela n&rsquo;a pas sembl\u00e9 ralentir ou emp\u00eacher la d\u00e9marche.<\/p>\n\n\n\n<p>Nous pouvons d\u00e9gager 4 objectifs principaux des mesures que l&rsquo;on retrouve dans les cantons:<\/p>\n\n\n\n<ul class=\"wp-block-list\">\n<li>+++ Achats de <strong>produits locaux et de<\/strong> <strong>saison<\/strong>, ne portant pas forc\u00e9ment une marque r\u00e9gionale (variation en fonction des cantons) mais faisant l&rsquo;objet de contr\u00f4les par les cantons.<\/li>\n\n\n\n<li>+++<strong> R\u00e9duction des gaz \u00e0 effet de serre<\/strong>, par la consommation de produits de saison et locaux, la r\u00e9duction de la viande et du gaspillage alimentaire. Cette r\u00e9duction est formul\u00e9e de fa\u00e7on explicite au sein des mesures ou de mani\u00e8re indirecte, puisque les mesures trouvent g\u00e9n\u00e9ralement leurs origines dans les plans\/lois sur le climat et strat\u00e9gies de d\u00e9veloppement durable des cantons. <\/li>\n\n\n\n<li>++ Achats de <strong>produits labellis\u00e9s<\/strong>, cependant l&rsquo;achat de produits biologiques suisses ou \u00e9trangers peut entrer en collision avec l&rsquo;objectif de consommation la plus locale possible.<\/li>\n\n\n\n<li>++ R\u00e9duction du <strong>gaspillage alimentaire<\/strong>, ce qui permet de r\u00e9duire les \u00e9missions de gaz \u00e0 effet de serre (production, transport et traitement des d\u00e9chets), d&rsquo;\u00e9conomiser les ressources naturelles lors de la production, ainsi que de r\u00e9duire les pertes financi\u00e8res pour les entreprises.<\/li>\n<\/ul>\n\n\n\n<h2 class=\"wp-block-heading\" id=\"retours-dexperiences-9b75de54-93fb-4ccc-a959-cc8bb124ac50\">Retours d&rsquo;exp\u00e9riences<\/h2>\n\n\n\n<p>Les retours et conseils obtenus lors des entretiens restent propres \u00e0 chaque canton. En effet, elles d\u00e9pendent des mesures \u00e9tablies, du budget \u00e0 disposition, du soutien et de la dynamique politique, ainsi que de la taille et la production de chaque canton. Pour obtenir les d\u00e9tails, vous pouvez consulter les pages sp\u00e9cifiques. N\u00e9anmoins, voici des tableaux r\u00e9capitulatifs qui d\u00e9crivent les tendances qui se retrouvent r\u00e9guli\u00e8rement:<\/p>\n\n\n\n<h3 class=\"wp-block-heading\">Retours positifs<\/h3>\n\n\n\n<table class=\"wp-block-advgb-table advgb-table-frontend is-style-stripes\"><tbody><tr><td><strong>Cat\u00e9gorie<\/strong><\/td><td><strong>Aspects positifs<\/strong><\/td><\/tr><tr><td><strong><strong><em>Soutien et engagement<\/em><\/strong><\/strong><\/td><td>D\u00e9marches bien encadr\u00e9es<br><br>Bonne collaboration et partenariats solides entre les acteurs (\u00e9tablissements, cantons, partenaires)<br><br>Volont\u00e9 d&rsquo;\u00e9voluer<br>&nbsp;<\/td><\/tr><tr><td><strong><em><strong>B\u00e9n\u00e9fices sociaux<\/strong><\/em><\/strong><\/td><td>Alimentation saine, locale et vari\u00e9e pour les consommateurs<br><br>Souverainet\u00e9 alimentaire<br><br>Education et sensibilisation aux enjeux de durabilit\u00e9 et \u00e0 des produits alimentaires moins r\u00e9pandus<br><br>Tissu social local renforc\u00e9<\/td><\/tr><tr><td><strong><em><strong>B\u00e9n\u00e9fices \u00e9conomiques<\/strong><\/em><\/strong><\/td><td>Augmentation de la part de production locale au sein du march\u00e9 alimentaire<br><br>Valeur ajout\u00e9e interne au canton<br><br>Utilisation de produits diff\u00e9rents de la consommation \u00e0 domicile<\/td><\/tr><tr><td><strong><em><strong>B\u00e9n\u00e9fices environnementaux<\/strong><\/em><\/strong><\/td><td>Distance de transport<br><br>Production respectueuse de l\u2019environnement (prestations \u00e9cologiques requises, production int\u00e9gr\u00e9e ou biologique)<br><br>Consommation de produits de saison<\/td><\/tr><\/tbody><\/table>\n\n\n\n<h3 class=\"wp-block-heading\"><br><br>Points de tension<\/h3>\n\n\n\n<p><\/p>\n\n\n\n<table class=\"wp-block-advgb-table advgb-table-frontend is-style-stripes\"><tbody><tr><td><strong>Cat\u00e9gorie<\/strong><\/td><td><strong>Probl\u00e8mes identifi\u00e9s<\/strong><\/td><\/tr><tr><td><strong><em>Financement et co\u00fbts<\/em><\/strong><\/td><td>Manque de ressources financi\u00e8res pour les cantons et \u00e9tablissements<br><br>Contraintes budg\u00e9taires des \u00e9tablissements freinant l\u2019achat local<br><br>Co\u00fbt \u00e9lev\u00e9 des produits locaux<br>&nbsp;<\/td><\/tr><tr><td><strong><em>Approvisionnement et logistique<\/em><\/strong><\/td><td>Faible volume et irr\u00e9gularit\u00e9 de livraison par les petits producteurs<br><br>Approvisionnement d\u00e9centralis\u00e9 et donc difficile \u00e0 coordonner<br><br>Difficult\u00e9 \u00e0 changer les habitudes d\u2019approvisionnement<\/td><\/tr><tr><td><strong><em>Ressources humaines et organisation<\/em><\/strong><\/td><td>Manque de ressources humaines pour les cantons et \u00e9tablissements<br><br>Changement fr\u00e9quent de prestataire ou de personnel n\u00e9cessitant une sensibilisation constante<br><br>Augmentation des activit\u00e9s sans ressource suppl\u00e9mentaire (exemple&nbsp;: transformation sur place des aliments)<\/td><\/tr><tr><td><strong><em>Acceptabilit\u00e9 sociale et culturelle<\/em><\/strong><\/td><td>R\u00e9actions n\u00e9gatives face aux menus plus sains et moins carn\u00e9s<br><br>Risque de baisse de fr\u00e9quentation (exemple&nbsp;: journ\u00e9es v\u00e9g\u00e9tariennes)<br><br>Produits saisonniers peu appr\u00e9ci\u00e9s l\u2019hiver<br><br>Demande et attentes variables de la part des clients (exemples : saumon, desserts)<\/td><\/tr><tr><td><strong><em>Collaboration<\/em><\/strong><\/td><td>Divergences d\u2019objectifs entre partenaires<br><br>Risque de non reprise des cuisines en cas d&rsquo;exigences trop strictes<\/td><\/tr><\/tbody><\/table>\n\n\n\n<h3 class=\"wp-block-heading\"><br><br>Conseils<\/h3>\n\n\n\n<table class=\"wp-block-advgb-table advgb-table-frontend is-style-stripes\"><tbody><tr><td><strong>Cat\u00e9gorie<\/strong><\/td><td><strong>Conseils<\/strong><\/td><\/tr><tr><td><strong><em>Relations humaines et accompagnement<\/em><\/strong><\/td><td>Aller sur le terrain, rencontrer les chefs de cuisine<br><br>Miser sur la relation humaine<\/td><\/tr><tr><td><strong><em>Partenariats et coop\u00e9ration<\/em><\/strong><\/td><td>Renforcer les partenariats entre cantons, villes et communes<br><br>S\u2019appuyer sur des initiatives existantes et les mutualiser<\/td><\/tr><tr><td><strong><em>Organisation et pilotage des d\u00e9marches<\/em><\/strong><\/td><td>Fixer des objectifs r\u00e9alistes, progressifs et atteignables<br><br>Souplesse des mesures afin de tenir compte de la diversit\u00e9 des acteurs et situations<br><br>Inclure les partenaires dans la conception des solutions<\/td><\/tr><tr><td><strong><em>Communication et sensibilisation<\/em><\/strong><\/td><td>N\u00e9cessit\u00e9 d\u2019un changement global des mentalit\u00e9s<br><br>Bien expliquer les d\u00e9marches<br><br>Informer et sensibiliser sur l\u2019alimentation durable<\/td><\/tr><tr><td><strong><em>Financement<\/em><\/strong><\/td><td>Allouer un budget d\u00e9di\u00e9 et p\u00e9renne pour la d\u00e9marche<\/td><\/tr><\/tbody><\/table>\n\n\n\n<p><br><br><br><\/p>\n\n\n    \n<div class=\"wp-block-agripedia-impressum\" >\n    \n    <div class=\"agripedia-box-header\">\n        Impressum    <\/div>\n\n    <div class=\"agripedia-box-content\">\n        \n\n<p><strong>Auteur:<\/strong> Gregory M\u00e9trailler, AGRIDEA<\/p>\n\n\n\n<p><strong>Collaboration:<\/strong> Franziska Hoffet, Magali Est\u00e8ve, Astrid Gerz, AGRIDEA; responsable des mesures des diff\u00e9rents cantons<\/p>\n\n\n\n<p><strong>Image de titre<\/strong>: \u00a9EHL, Gastronomie, Jean-Marie Michel; Logo, ChatGPT<\/p>\n\n    <\/div>\n    \n<\/div>\n\n\n<p><\/p>\n<div class=\"acf-fields-container\" data-post-id=\"60198\" data-canto-acf=\"true\"><\/div><style>\r\n        .acf-fields-container {\r\n            margin: 2em 0;\r\n            width: 100%;\r\n            clear: both;\r\n        }\r\n        .acf-field-image {\r\n            margin: 1.5em 0;\r\n            position: relative;\r\n        }\r\n        .acf-field-label {\r\n            margin-bottom: 1em;\r\n        }\r\n        .acf-image {\r\n            max-width: 100%;\r\n            height: auto;\r\n            display: block;\r\n            margin: 1em 0;\r\n        }\r\n    <\/style>","protected":false},"excerpt":{"rendered":"<div class=\"seriesmeta agripedia-series-meta-wrapper\">This entry is part 15 of 16 in the series <a href=\"https:\/\/themes.agripedia.ch\/fr\/series\/restauration-collective-dans-les-cantons-suisses\/\" class=\"series-2563\" title=\"Restauration collective dans les cantons suisses\">Restauration collective dans les cantons suisses<\/a><\/div><p>Cette page a pour objectif de faire une synth\u00e8se transversale des diff\u00e9rentes d\u00e9marches pour la restauration collective  dans les diff\u00e9rents cantons suisses. Cela permettra de r\u00e9sumer les diff\u00e9rentes bases l\u00e9gales et appuis politiques, ainsi que de d\u00e9gager les points positifs, les points de difficult\u00e9 et les conseils qui se retrouvent r\u00e9guli\u00e8rement dans les diff\u00e9rentes exp\u00e9riences des acteurs au sein des cantons.<\/p>\n","protected":false},"author":140,"featured_media":72517,"comment_status":"closed","ping_status":"open","sticky":false,"template":"","format":"standard","meta":{"_acf_changed":false,"_autodraft_ids":[],"advgb_blocks_editor_width":"","advgb_blocks_columns_visual_guide":"","_monsterinsights_skip_tracking":false,"_monsterinsights_sitenote_active":false,"_monsterinsights_sitenote_note":"","_monsterinsights_sitenote_category":0,"ngg_post_thumbnail":0,"_sb_is_suggestion_mode":false,"_sb_show_suggestion_boards":false,"_sb_show_comment_boards":false,"_sb_suggestion_history":"","_sb_update_block_changes":"","_is_real_time_mode":false,"_realtime_collaborators":"","footnotes":"","cf_checklist_status":[]},"categories":[1814],"tags":[],"series":[2563],"ppma_author":[1263,158,138,264],"class_list":["post-60198","post","type-post","status-publish","format-standard","has-post-thumbnail","hentry","category-restauration-collective","series-restauration-collective-dans-les-cantons-suisses"],"pp_statuses_selecting_workflow":false,"pp_workflow_action":"current","pp_status_selection":"publish","acf":[],"canto_acf_fields":"<div class=\"acf-fields-container\" data-post-id=\"60198\" data-canto-acf=\"true\"><\/div><style>\r\n        .acf-fields-container {\r\n            margin: 2em 0;\r\n            width: 100%;\r\n            clear: both;\r\n        }\r\n        .acf-field-image {\r\n            margin: 1.5em 0;\r\n            position: relative;\r\n        }\r\n        .acf-field-label {\r\n            margin-bottom: 1em;\r\n        }\r\n        .acf-image {\r\n            max-width: 100%;\r\n            height: auto;\r\n            display: block;\r\n            margin: 1em 0;\r\n        }\r\n    <\/style>","author_meta":{"display_name":"Gregory M\u00e9trailler","author_link":"https:\/\/themes.agripedia.ch\/fr\/author\/gme\/"},"featured_img":"https:\/\/themes.agripedia.ch\/wp-content\/uploads\/2025\/05\/Gastronomie_\u00a9EHL_jean-marie_michel_print079-1-300x225.jpg","coauthors":[{"link":"https:\/\/themes.agripedia.ch\/fr\/author\/gme\/","display_name":"Gregory M\u00e9trailler"},{"link":"https:\/\/themes.agripedia.ch\/fr\/author\/fho\/","display_name":"Franziska Hoffet"},{"link":"https:\/\/themes.agripedia.ch\/fr\/author\/mes\/","display_name":"Magali Esteve"},{"link":"https:\/\/themes.agripedia.ch\/fr\/author\/age2\/","display_name":"Astrid Gerz"}],"tax_additional":{"categories":{"linked":["<a href=\"https:\/\/themes.agripedia.ch\/fr\/theme\/themen-fr\/restauration-collective\/\" class=\"advgb-post-tax-term\">Restauration collective<\/a>"],"unlinked":["<span class=\"advgb-post-tax-term\">Restauration collective<\/span>"]}},"comment_count":"0","relative_dates":{"created":"Publi\u00e9 11 mois il y a","modified":"Mis \u00e0 jour 8 mois il y a"},"absolute_dates":{"created":"Publi\u00e9 le 10.06.2025","modified":"Mise \u00e0 jour le 11.09.2025"},"absolute_dates_time":{"created":"Publi\u00e9 le 10.06.2025 10:39 am","modified":"Mise \u00e0 jour le 11.09.2025 2:45 pm"},"featured_img_caption":"","series_order":15,"authors":[{"term_id":1263,"user_id":140,"is_guest":0,"slug":"gme","display_name":"Gregory M\u00e9trailler","avatar_url":"https:\/\/secure.gravatar.com\/avatar\/39a1d7c9fd3902e8e8969786b6a54772b14d38a4671cc85af2b6fddcbcd562ad?s=96&d=mm&r=g","0":null,"1":"","2":"","3":"","4":"","5":"","6":"","7":"","8":"","9":""},{"term_id":158,"user_id":53,"is_guest":0,"slug":"fho","display_name":"Franziska Hoffet","avatar_url":"https:\/\/secure.gravatar.com\/avatar\/2f148033eb47329054899413ac5e7c5f1e3a0b0c19431650b2de0eebed6e557e?s=96&d=mm&r=g","0":null,"1":"","2":"","3":"","4":"","5":"","6":"","7":"","8":"","9":""},{"term_id":138,"user_id":49,"is_guest":0,"slug":"mes","display_name":"Magali Esteve","avatar_url":"https:\/\/secure.gravatar.com\/avatar\/?s=96&d=mm&r=g","0":null,"1":"","2":"","3":"","4":"","5":"","6":"","7":"","8":"","9":""},{"term_id":264,"user_id":76,"is_guest":0,"slug":"age2","display_name":"Astrid Gerz","avatar_url":"https:\/\/secure.gravatar.com\/avatar\/b3f75740f07290e659b1dff029530a8aceadd37736b902d5c480d57459ce3487?s=96&d=mm&r=g","0":null,"1":"","2":"","3":"","4":"","5":"","6":"","7":"","8":"","9":""}],"_links":{"self":[{"href":"https:\/\/themes.agripedia.ch\/fr\/wp-json\/wp\/v2\/posts\/60198","targetHints":{"allow":["GET"]}}],"collection":[{"href":"https:\/\/themes.agripedia.ch\/fr\/wp-json\/wp\/v2\/posts"}],"about":[{"href":"https:\/\/themes.agripedia.ch\/fr\/wp-json\/wp\/v2\/types\/post"}],"author":[{"embeddable":true,"href":"https:\/\/themes.agripedia.ch\/fr\/wp-json\/wp\/v2\/users\/140"}],"replies":[{"embeddable":true,"href":"https:\/\/themes.agripedia.ch\/fr\/wp-json\/wp\/v2\/comments?post=60198"}],"version-history":[{"count":0,"href":"https:\/\/themes.agripedia.ch\/fr\/wp-json\/wp\/v2\/posts\/60198\/revisions"}],"wp:featuredmedia":[{"embeddable":true,"href":"https:\/\/themes.agripedia.ch\/fr\/wp-json\/wp\/v2\/media\/72517"}],"wp:attachment":[{"href":"https:\/\/themes.agripedia.ch\/fr\/wp-json\/wp\/v2\/media?parent=60198"}],"wp:term":[{"taxonomy":"category","embeddable":true,"href":"https:\/\/themes.agripedia.ch\/fr\/wp-json\/wp\/v2\/categories?post=60198"},{"taxonomy":"post_tag","embeddable":true,"href":"https:\/\/themes.agripedia.ch\/fr\/wp-json\/wp\/v2\/tags?post=60198"},{"taxonomy":"series","embeddable":true,"href":"https:\/\/themes.agripedia.ch\/fr\/wp-json\/wp\/v2\/series?post=60198"},{"taxonomy":"author","embeddable":true,"href":"https:\/\/themes.agripedia.ch\/fr\/wp-json\/wp\/v2\/ppma_author?post=60198"}],"curies":[{"name":"wp","href":"https:\/\/api.w.org\/{rel}","templated":true}]}}