{"id":50234,"date":"2024-08-12T11:57:22","date_gmt":"2024-08-12T09:57:22","guid":{"rendered":"https:\/\/themes.agripedia.ch\/?p=50234"},"modified":"2026-02-16T16:30:42","modified_gmt":"2026-02-16T15:30:42","slug":"economie-alpestre-approvisionnement-en-eau","status":"publish","type":"post","link":"https:\/\/themes.agripedia.ch\/fr\/economie-alpestre-approvisionnement-en-eau\/","title":{"rendered":"Approvisionnement en eau sur les alpages"},"content":{"rendered":"<div class=\"seriesmeta agripedia-series-meta-wrapper\"><!--This entry is part 2 of 3 in the series--> <a href=\"https:\/\/themes.agripedia.ch\/fr\/series\/environnement-et-climat-a-lalpage\/\" class=\"series-1284\" title=\"Environnement et climat \u00e0 l\u2019alpage\">Environnement et climat \u00e0 l\u2019alpage<\/a> (2 \/ 3)<\/div>\n<h2 class=\"wp-block-heading\" id=\"gaf2ff79081ed\">Table des mati\u00e8res<\/h2>\n\n\n\n<div class=\"wp-block-getwid-table-of-contents is-style-default\"><ul class=\"wp-block-getwid-table-of-contents__list\"><li><a href=\"#gaf2ff79081ed\">Table des mati\u00e8res<\/a><\/li><li><a href=\"#hintergrund\">Contexte<\/a><\/li><li><a href=\"#exemples-pratiques\">Exemples pratiques<\/a><\/li><li><a href=\"#fiches-techniques\">Fiches techniques et guides pratiques<\/a><\/li><li><a href=\"#evenements\">Compte-rendu d&rsquo;\u00e9v\u00e8nements<\/a><\/li><li><a href=\"#recherche-et-vulgarisation\">Projets de recherche et de vulgarisation<\/a><\/li><\/ul><\/div>\n\n\n\n<h2 class=\"wp-block-heading\" id=\"contexte\">Contexte<\/h2>\n\n\n\n<p>Pour l&rsquo;estivage, les changements dans le r\u00e9gime hydrologique et le climat peuvent notamment entra\u00eener un retard dans l&rsquo;approvisionnement en fourrage, une baisse de la production et du stress chez les animaux. Ils ont \u00e9galement une incidence sur les processus op\u00e9rationnels dans les alpages, par exemple dans la transformation du lait.<\/p>\n\n\n\n<p>Comment les diff\u00e9rentes exploitations d&rsquo;estivage font-elles face \u00e0 ces d\u00e9fis ? Quels sont les facteurs qui influencent de mani\u00e8re d\u00e9cisive le r\u00e9gime hydrologique d&rsquo;une exploitation d&rsquo;estivage ? Quelles sont les possibilit\u00e9s pour am\u00e9liorer l&rsquo;approvisionnement en eau et le stockage de l&rsquo;eau, et comment les mesures sont-elles mises en \u0153uvre ? Dans quelle mesure la gestion des p\u00e2turages peut-elle \u00eatre adapt\u00e9e aux nouvelles conditions ?<\/p>\n\n\n\n<p>Ces questions et d&rsquo;autres encore sont abord\u00e9es ici.<\/p>\n\n\n\n<div class=\"wp-block-group agripedia-box is-layout-flow wp-block-group-is-layout-flow\">\n<div class=\"wp-block-group agripedia-box-header is-layout-flow wp-block-group-is-layout-flow\">\n<h5 class=\"wp-block-heading\">Forum pour une gestion durable de l&rsquo;eau dans l&rsquo;agriculture<\/h5>\n<\/div>\n\n\n\n<div class=\"wp-block-group agripedia-box-content is-layout-flow wp-block-group-is-layout-flow\">\n<p>Le <a href=\"https:\/\/agripedia.ch\/forum-wasser-landwirtschaft\/fr\/association\/\" target=\"_blank\" rel=\"noreferrer noopener\">Forum pour une gestion durable de l&rsquo;eau dans l&rsquo;agriculture<\/a> sert de plaque tournante pour tout ce qui concerne l&rsquo;utilisation durable de l&rsquo;eau dans l&rsquo;agriculture.<\/p>\n\n\n\n<p>Il existe un <strong>groupe de travail d\u00e9di\u00e9 \u00e0 la gestion de l&rsquo;eau dans les r\u00e9gions d&rsquo;estivage<\/strong>. Si vous souhaitez approfondir ce sujet avec des personnes partageant les m\u00eames id\u00e9es, rejoignez le groupe de travail. Pour en savoir plus, consultez la <a href=\"https:\/\/agripedia.ch\/forum-wasser-landwirtschaft\/fr\/association\/\" target=\"_blank\" rel=\"noreferrer noopener\">page du forum consacr\u00e9e \u00e0 l&rsquo;association<\/a>.<\/p>\n\n\n\n<p>Informations compl\u00e9mentaires :<\/p>\n\n\n\n<p>\u2794 Forum pour une gestion durable de l&rsquo;eau dans l&rsquo;agriculture &#8211; <a href=\"https:\/\/agripedia.ch\/wasserforum\/wp-content\/uploads\/sites\/64\/2025\/05\/Flyer_Forum_Gestion_Durable_Eau_F.pdf\" target=\"_blank\" rel=\"noreferrer noopener\">D\u00e9pliant d&rsquo;information<\/a><\/p>\n\n\n\n<p>\u2794 Forum pour une gestion durable de l&rsquo;eau dans l&rsquo;agriculture &#8211; <a href=\"https:\/\/agripedia.ch\/forum-wasser-landwirtschaft\/fr\/la-plate-forme-de-connaissances\/\" target=\"_blank\" rel=\"noreferrer noopener\">Plate-forme de connaissances<\/a><\/p>\n<\/div>\n<\/div>\n\n\n\n<h2 class=\"wp-block-heading\" id=\"exemples-pratiques\">Exemples pratiques<\/h2>\n\n\n    \n<div class=\"has-background-color-agripedia-blue wp-block-agripedia-box\" >\n    \n    \n    <div class=\"agripedia-box-content\">\n        \n\n<h3 class=\"wp-block-heading\" id=\"portraits-penurie-deau\">Cinq portraits sur l\u2019approvisionnement en eau dans la r\u00e9gion d\u2019estivage suisse<\/h3>\n\n\n\n<div class=\"wp-block-advgb-columns advgb-columns-wrapper\" id=\"advgb-cols-59acf173-c7d5-4f80-81fa-78d78043f06b\"><div class=\"advgb-columns-container\"><div class=\"advgb-columns advgb-columns-row advgb-is-mobile columns-valign-middle advgb-columns-2 layout-14-34 mbl-layout-stacked gutter-20 vgutter-10\">\n<div class=\"wp-block-advgb-column advgb-column\" id=\"advgb-col-f5938e6a-dbe7-4823-b519-ae6fd3937102\"><div class=\"advgb-column-inner\" style=\"border-style:none;border-width:1px\">\n<div class=\"wp-block-buttons is-content-justification-left is-layout-flex wp-container-core-buttons-is-layout-fdcfc74e wp-block-buttons-is-layout-flex\">\n<div class=\"wp-block-button\"><a class=\"wp-block-button__link wp-element-button\" href=\"https:\/\/agripedia.ch\/wasserversorgung\/fr\/\" style=\"text-transform:none\" target=\"_blank\" rel=\"noreferrer noopener\">Article \u00ab\u00a0\u00c9conomie alpestre et changement climatique &#8211; Apprendre l&rsquo;usage rationnel de l&rsquo;eau\u00a0\u00bb<\/a><\/div>\n<\/div>\n<\/div><\/div>\n\n\n\n<div class=\"wp-block-advgb-column advgb-column\" id=\"advgb-col-619c6a4c-9e98-4087-b405-a8dd6e555a46\"><div class=\"advgb-column-inner\" style=\"border-style:none;border-width:1px\">\n<div class=\"wp-block-advgb-accordions advgb-accordions-227cfb93-0893-4132-b0ce-e4c2901c9b3e advgb-accordion-wrapper\" data-collapsed=\"true\">\n<div class=\"wp-block-advgb-accordion-item advgb-accordion-item\" style=\"margin-bottom:15px\"><div class=\"advgb-accordion-header\" style=\"background-color:#D6D6D6;color:#141414;border-style:dotted;border-width:0px;border-color:#FFFFFF\"><span class=\"advgb-accordion-header-icon accordion-state\"><svg class=\"advgb-icon-closed\" fill=\"#141414\" xmlns=\"http:\/\/www.w3.org\/2000\/svg\" width=\"24\" height=\"24\" viewBox=\"0 0 24 24\"><path fill=\"none\" d=\"M0,0h24v24H0V0z\"><\/path><path d=\"M12,5.83L15.17,9l1.41-1.41L12,3L7.41,7.59L8.83,9L12,5.83z M12,18.17L8.83,15l-1.41,1.41L12,21l4.59-4.59L15.17,15 L12,18.17z\"><\/path><\/svg><svg class=\"advgb-icon-opened\" fill=\"#141414\" xmlns=\"http:\/\/www.w3.org\/2000\/svg\" width=\"24\" height=\"24\" viewBox=\"0 0 24 24\"><path fill=\"none\" d=\"M0,0h24v24H0V0z\"><\/path><path d=\"M7.41,18.59L8.83,20L12,16.83L15.17,20l1.41-1.41L12,14L7.41,18.59z M16.59,5.41L15.17,4L12,7.17L8.83,4L7.41,5.41L12,10L16.59,5.41z\"><\/path><\/svg><\/span><h5 class=\"advgb-accordion-header-title\" style=\"color:inherit\">D\u00e9tails<\/h5><\/div><div class=\"advgb-accordion-body\" style=\"background-color:#FFFFFF;border-style:dotted !important;border-width:0px !important;border-color:#FFFFFF !important;border-top:none !important\">\n<p><a title=\"\" href=\"https:\/\/www.agridea.ch\/fr\/\" target=\"_blank\" rel=\"noopener\">AGRIDEA<\/a> et l\u2019<a title=\"\" href=\"https:\/\/www.aidemontagne.ch\/\" target=\"_blank\" rel=\"noopener\">Aide suisse \u00e0 la montagne<\/a> montrent dans cinq portraits comment des exploitations d\u2019alpage font face \u00e0 la p\u00e9nurie d&rsquo;eau croissante.<\/p>\n\n\n\n<p>Les alpagistes, les propri\u00e9taires d\u2019alpages, les conseillers et les autres acteurs doivent profiter de l\u2019exp\u00e9rience et des connaissances acquises dans le cadre des projets afin de pouvoir \u00e9laborer leurs propres strat\u00e9gies durables.<\/p>\n\n\n\n<p>Les diff\u00e9rents projets sont :<\/p>\n\n\n\n<ol class=\"wp-block-list\">\n<li><a href=\"https:\/\/agripedia.ch\/wasserversorgung\/fr\/breccaschlund\/\" target=\"_blank\" rel=\"noopener\" title=\"\">Breccaschlund (FR) &#8211; Paysage primitif sans ruisseaux<\/a><\/li>\n\n\n\n<li><a href=\"https:\/\/agripedia.ch\/wasserversorgung\/fr\/schinboden\/\" target=\"_blank\" rel=\"noopener\" title=\"\">Schinboden (SZ) &#8211; Distribution de l&rsquo;eau dans l&rsquo;esprit du bien collectif<\/a><\/li>\n\n\n\n<li><a href=\"https:\/\/agripedia.ch\/wasserversorgung\/fr\/selamatt\/\" target=\"_blank\" rel=\"noopener\" title=\"\">Selamatt (SG) &#8211; Plan d&rsquo;urgence gr\u00e2ce \u00e0 une installation d&rsquo;enneigement<\/a><\/li>\n\n\n\n<li><a href=\"https:\/\/agripedia.ch\/wasserversorgung\/fr\/le-suchet\/\" target=\"_blank\" rel=\"noopener\" title=\"\">Le Suchet (VD) &#8211; La steppe africaine de la Suisse<\/a><\/li>\n\n\n\n<li><a href=\"https:\/\/agripedia.ch\/wasserversorgung\/fr\/alpages-duntervaz\/\" target=\"_blank\" rel=\"noopener\" title=\"\">Alpages d&rsquo;Untervaz (GR) &#8211; De la source aux abreuvoirs, avec la bonne pression<\/a><\/li>\n<\/ol>\n<\/div><\/div>\n<\/div>\n<\/div><\/div>\n<\/div><\/div><\/div>\n\n\n\n<div style=\"height:20px\" aria-hidden=\"true\" class=\"wp-block-spacer\"><\/div>\n\n\n\n<h3 class=\"wp-block-heading\" id=\"arge-alp\">Utilisation de l\u2019eau sur les alpages \u2013 Collection d&rsquo;exemples de bonnes pratiques dans l\u2019espace alpin<\/h3>\n\n\n\n<div class=\"wp-block-advgb-columns advgb-columns-wrapper\" id=\"advgb-cols-9f130d05-e324-4827-9a9c-fc3d87d4b53e\"><div class=\"advgb-columns-container\"><div class=\"advgb-columns advgb-columns-row advgb-is-mobile columns-valign-middle advgb-columns-2 layout-14-34 mbl-layout-stacked gutter-20 vgutter-10\">\n<div class=\"wp-block-advgb-column advgb-column\" id=\"advgb-col-15a9e0fd-8a7b-4812-970a-86e5e201f090\"><div class=\"advgb-column-inner\" style=\"border-style:none;border-width:1px\">\n<div class=\"wp-block-buttons is-layout-flex wp-block-buttons-is-layout-flex\">\n<div class=\"wp-block-button\"><a class=\"wp-block-button__link wp-element-button\" href=\"https:\/\/www.argealp.org\/de\/wasserkarte\" style=\"text-transform:none\" target=\"_blank\" rel=\"noreferrer noopener\">Carte \u00ab\u00a0Alpines Wassermangement\u00a0\u00bb <em>(en allemand)<\/em><\/a><\/div>\n<\/div>\n\n\n\n<div style=\"height:20px\" aria-hidden=\"true\" class=\"wp-block-spacer\"><\/div>\n\n\n\n<div class=\"wp-block-buttons is-layout-flex wp-block-buttons-is-layout-flex\">\n<div class=\"wp-block-button\"><a class=\"wp-block-button__link wp-element-button\" href=\"https:\/\/www.argealp.org\/de\/wasserprojekte?tx_template_waterprotectionprojectprojectlist%5BisMap%5D=1&amp;cHash=162a10f7a47ae3fd3665ebb98edc1b6b\" style=\"text-transform:none\" target=\"_blank\" rel=\"noreferrer noopener\">Liste des projets sur l&rsquo;eau <em>(en allemand)<\/em><\/a><\/div>\n<\/div>\n<\/div><\/div>\n\n\n\n<div class=\"wp-block-advgb-column advgb-column\" id=\"advgb-col-b21abd0a-ea9f-48f2-a95b-e9deef5c6c42\"><div class=\"advgb-column-inner\" style=\"border-style:none;border-width:1px\">\n<div class=\"wp-block-advgb-accordions advgb-accordions-5e2d1468-ff91-4958-88e6-b9793730e765 advgb-accordion-wrapper\" data-collapsed=\"true\">\n<div class=\"wp-block-advgb-accordion-item advgb-accordion-item\" style=\"margin-bottom:15px\"><div class=\"advgb-accordion-header\" style=\"background-color:#D6D6D6;color:#141414;border-style:dotted;border-width:0px;border-color:#FFFFFF\"><span class=\"advgb-accordion-header-icon accordion-state\"><svg class=\"advgb-icon-closed\" fill=\"#141414\" xmlns=\"http:\/\/www.w3.org\/2000\/svg\" width=\"24\" height=\"24\" viewBox=\"0 0 24 24\"><path fill=\"none\" d=\"M0,0h24v24H0V0z\"><\/path><path d=\"M12,5.83L15.17,9l1.41-1.41L12,3L7.41,7.59L8.83,9L12,5.83z M12,18.17L8.83,15l-1.41,1.41L12,21l4.59-4.59L15.17,15 L12,18.17z\"><\/path><\/svg><svg class=\"advgb-icon-opened\" fill=\"#141414\" xmlns=\"http:\/\/www.w3.org\/2000\/svg\" width=\"24\" height=\"24\" viewBox=\"0 0 24 24\"><path fill=\"none\" d=\"M0,0h24v24H0V0z\"><\/path><path d=\"M7.41,18.59L8.83,20L12,16.83L15.17,20l1.41-1.41L12,14L7.41,18.59z M16.59,5.41L15.17,4L12,7.17L8.83,4L7.41,5.41L12,10L16.59,5.41z\"><\/path><\/svg><\/span><h5 class=\"advgb-accordion-header-title\" style=\"color:inherit\">D\u00e9tails<\/h5><\/div><div class=\"advgb-accordion-body\" style=\"background-color:#FFFFFF;border-style:dotted !important;border-width:0px !important;border-color:#FFFFFF !important;border-top:none !important\">\n<p>G\u00e9rer durablement l&rsquo;eau en tant que ressource pr\u00e9cieuse sur les alpages : ce th\u00e8me est aussi au centre des pr\u00e9occupations de l&rsquo;<a title=\"\" href=\"https:\/\/www.argealp.org\/de\" target=\"_blank\" rel=\"noopener\">ARGE ALP<\/a>, la \u00ab\u00a0Communaut\u00e9 de travail des pays alpins\u00a0\u00bb (Arbeitsgemeinschaft der Alpenl\u00e4nder).<\/p>\n\n\n\n<p>Dans le cadre du projet, des <strong>exemples de bonnes pratiques <\/strong>ont \u00e9t\u00e9 collect\u00e9s dans l&rsquo;espace alpin et mis en ligne sur un site web <em>en allemand<\/em>.<\/p>\n\n\n\n<p>Plus d&rsquo;informations :<\/p>\n\n\n\n<p>\u2794 ARGE ALP &#8211; <a href=\"https:\/\/www.argealp.org\/de\/wasserkarte\/details\" target=\"_blank\" rel=\"noreferrer noopener\">D\u00e9tails sur le projet <em>(en allemand)<\/em><\/a><\/p>\n\n\n\n<p>\u2794 Canton Tessin &#8211; <a href=\"https:\/\/www4.ti.ch\/generale\/argealp\/progetti\/acqua-sugli-alpeggi\" target=\"_blank\" rel=\"noopener\" title=\"\">Acqua sugli alpeggi <em>(en italien)<\/em><\/a><\/p>\n\n\n\n<p>\u2794 Canton Tessin &#8211; <a href=\"https:\/\/www4.ti.ch\/generale\/argealp\/progetti\/gestione-sostenibile-dellacqua-sugli-alpeggi\" target=\"_blank\" rel=\"noopener\" title=\"\">Gestione sostenibile dell&rsquo;acqua sugli alpeggi <em>(en italien)<\/em><\/a><\/p>\n\n\n\n<div style=\"height:20px\" aria-hidden=\"true\" class=\"wp-block-spacer\"><\/div>\n\n\n\n<p>Deux exemples de la L\u00e9ventine au Tessin et du Trentin (IT) sont pr\u00e9sent\u00e9s dans une vid\u00e9o :<\/p>\n\n\n\n<figure class=\"wp-block-embed is-type-video is-provider-youtube wp-block-embed-youtube wp-embed-aspect-16-9 wp-has-aspect-ratio\"><div class=\"wp-block-embed__wrapper\">\n<iframe loading=\"lazy\" title=\"Gestione sostenibile dell&#039;acqua sugli alpeggi - Nachhaltiges Wassermanagement auf Almen und Alpen\" width=\"580\" height=\"326\" src=\"https:\/\/www.youtube.com\/embed\/1kOToDd1Yac?feature=oembed\" frameborder=\"0\" allow=\"accelerometer; autoplay; clipboard-write; encrypted-media; gyroscope; picture-in-picture; web-share\" referrerpolicy=\"strict-origin-when-cross-origin\" allowfullscreen><\/iframe>\n<\/div><figcaption class=\"wp-element-caption\">Canton Tessin &#8211; Gestion durable de l&rsquo;eau sur les alpages (en italien, sous-titres en allemand)<\/figcaption><\/figure>\n<\/div><\/div>\n<\/div>\n<\/div><\/div>\n<\/div><\/div><\/div>\n\n    <\/div>\n<\/div>\n\n\n\n<h2 class=\"wp-block-heading\" id=\"fiches-techniques\">Fiches techniques et guides pratiques<\/h2>\n\n\n    \n<div class=\"has-background-color-agripedia-blue wp-block-agripedia-box\" >\n    \n    \n    <div class=\"agripedia-box-content\">\n        \n\n<h3 class=\"wp-block-heading\" id=\"fiche-technique-montanum\">Mesures, co\u00fbts et planification de projet<\/h3>\n\n\n\n<div class=\"wp-block-advgb-columns advgb-columns-wrapper\" id=\"advgb-cols-ee7dfb82-d30b-45f0-8fb5-b4a7ad26a040\"><div class=\"advgb-columns-container\"><div class=\"advgb-columns advgb-columns-row advgb-is-mobile columns-valign-middle advgb-columns-2 layout-14-34 mbl-layout-stacked gutter-20 vgutter-10\">\n<div class=\"wp-block-advgb-column advgb-column\" id=\"advgb-col-4cdfa9cd-effe-403a-9452-55bbd483abc6\"><div class=\"advgb-column-inner\" style=\"border-style:none;border-width:1px\">\n<div class=\"wp-block-buttons is-content-justification-left is-layout-flex wp-container-core-buttons-is-layout-fdcfc74e wp-block-buttons-is-layout-flex\">\n<div class=\"wp-block-button\"><a class=\"wp-block-button__link wp-element-button\" href=\"https:\/\/www.prometerre.ch\/s3\/site\/1714568844_guideapprovisionnementeneaudanslesalpagesquipementsetsubventionnements.pdf\" style=\"text-transform:none\" target=\"_blank\" rel=\"noreferrer noopener\">Fiches techniques \u00ab\u00a0Mesures d&rsquo;approvisionnement en eau sur les alpages\u00a0\u00bb<\/a><\/div>\n<\/div>\n<\/div><\/div>\n\n\n\n<div class=\"wp-block-advgb-column advgb-column\" id=\"advgb-col-37115533-e2a2-4db3-b940-6b998996e970\"><div class=\"advgb-column-inner\" style=\"border-style:none;border-width:1px\">\n<div class=\"wp-block-advgb-accordions advgb-accordions-5e91743c-0e6b-4d37-9fb3-a40e1d3ea175 advgb-accordion-wrapper\" data-collapsed=\"true\">\n<div class=\"wp-block-advgb-accordion-item advgb-accordion-item\" style=\"margin-bottom:15px\"><div class=\"advgb-accordion-header\" style=\"background-color:#D6D6D6;color:#141414;border-style:dotted;border-width:0px;border-color:#FFFFFF\"><span class=\"advgb-accordion-header-icon accordion-state\"><svg class=\"advgb-icon-closed\" fill=\"#141414\" xmlns=\"http:\/\/www.w3.org\/2000\/svg\" width=\"24\" height=\"24\" viewBox=\"0 0 24 24\"><path fill=\"none\" d=\"M0,0h24v24H0V0z\"><\/path><path d=\"M12,5.83L15.17,9l1.41-1.41L12,3L7.41,7.59L8.83,9L12,5.83z M12,18.17L8.83,15l-1.41,1.41L12,21l4.59-4.59L15.17,15 L12,18.17z\"><\/path><\/svg><svg class=\"advgb-icon-opened\" fill=\"#141414\" xmlns=\"http:\/\/www.w3.org\/2000\/svg\" width=\"24\" height=\"24\" viewBox=\"0 0 24 24\"><path fill=\"none\" d=\"M0,0h24v24H0V0z\"><\/path><path d=\"M7.41,18.59L8.83,20L12,16.83L15.17,20l1.41-1.41L12,14L7.41,18.59z M16.59,5.41L15.17,4L12,7.17L8.83,4L7.41,5.41L12,10L16.59,5.41z\"><\/path><\/svg><\/span><h5 class=\"advgb-accordion-header-title\" style=\"color:inherit\">D\u00e9tails<\/h5><\/div><div class=\"advgb-accordion-body\" style=\"background-color:#FFFFFF;border-style:dotted !important;border-width:0px !important;border-color:#FFFFFF !important;border-top:none !important\">\n<p>Ces fiches techniques, publi\u00e9es par <a href=\"https:\/\/www.prometerre.ch\/\" target=\"_blank\" rel=\"noopener\" title=\"\">Prom\u00e9terre<\/a>, le bureau <a href=\"https:\/\/www.montanum.ch\/\" target=\"_blank\" rel=\"noopener\" title=\"\">Montanum<\/a> et la <a href=\"https:\/\/www.svea-vd.ch\/\" target=\"_blank\" rel=\"noopener\" title=\"\">Soci\u00e9t\u00e9 vaudoise d\u2019\u00e9conomie alpestre<\/a>, pr\u00e9sentent diff\u00e9rentes mesures visant \u00e0 am\u00e9liorer l&rsquo;approvisionnement en eau sur les exploitations d\u2019estivage.<\/p>\n\n\n\n<p>Pour chaque mesure, des informations sont fournies sur <strong>les caract\u00e9ristiques g\u00e9n\u00e9rales, les avantages et les inconv\u00e9nients<\/strong> ainsi que <strong>les co\u00fbts<\/strong>.<\/p>\n\n\n\n<p>Les fiches techniques se composent des sections suivantes :<\/p>\n\n\n\n<ol class=\"wp-block-list\">\n<li>Citerne enterr\u00e9e<\/li>\n\n\n\n<li>Citerne souple<\/li>\n\n\n\n<li>Etang de r\u00e9cup\u00e9ration d\u2019eau de pluie<\/li>\n\n\n\n<li>Bassin d\u2019accumulation d\u2019eau<\/li>\n\n\n\n<li>R\u00e9cup\u00e9ration d\u2019eau des toitures<\/li>\n\n\n\n<li>Captage d&rsquo;eau de source<\/li>\n\n\n\n<li>Adduction d&rsquo;eau<\/li>\n\n\n\n<li>Pompes<\/li>\n\n\n\n<li>Proc\u00e9dure administrative et financement<\/li>\n<\/ol>\n<\/div><\/div>\n<\/div>\n<\/div><\/div>\n<\/div><\/div><\/div>\n\n\n\n<div style=\"height:20px\" aria-hidden=\"true\" class=\"wp-block-spacer\"><\/div>\n\n\n\n<h3 class=\"wp-block-heading\" id=\"fact-sheet-sab\">Fiche d&rsquo;information avec exemples de mesures<\/h3>\n\n\n\n<div class=\"wp-block-advgb-columns advgb-columns-wrapper\" id=\"advgb-cols-3440de89-e744-41e0-a43c-f9fe28933916\"><div class=\"advgb-columns-container\"><div class=\"advgb-columns advgb-columns-row advgb-is-mobile columns-valign-middle advgb-columns-2 layout-14-34 mbl-layout-stacked gutter-20 vgutter-10\">\n<div class=\"wp-block-advgb-column advgb-column\" id=\"advgb-col-e910756a-a366-4742-9116-4d5bbcca7327\"><div class=\"advgb-column-inner\" style=\"border-style:none;border-width:1px\">\n<div class=\"wp-block-buttons is-layout-flex wp-block-buttons-is-layout-flex\">\n<div class=\"wp-block-button\"><a class=\"wp-block-button__link wp-element-button\" href=\"https:\/\/www.sab.ch\/wp-content\/uploads\/2023\/09\/14-SAB_Fact-Sheet-Faire-face-a-penurie-deau_fr.pdf\" style=\"text-transform:none\" target=\"_blank\" rel=\"noreferrer noopener\">Fiche d&rsquo;information \u00ab\u00a0Faire face \u00e0 la p\u00e9nurie croissante d&rsquo;eau dans l&rsquo;agriculture de montagne\u00a0\u00bb<\/a><\/div>\n<\/div>\n<\/div><\/div>\n\n\n\n<div class=\"wp-block-advgb-column advgb-column\" id=\"advgb-col-3f96707a-3e2b-4b51-8bd4-fefc5079a1d4\"><div class=\"advgb-column-inner\" style=\"border-style:none;border-width:1px\">\n<div class=\"wp-block-advgb-accordions advgb-accordions-6785dc47-70b8-4221-ab2a-2a6440c638f7 advgb-accordion-wrapper\" data-collapsed=\"true\">\n<div class=\"wp-block-advgb-accordion-item advgb-accordion-item\" style=\"margin-bottom:15px\"><div class=\"advgb-accordion-header\" style=\"background-color:#D6D6D6;color:#141414;border-style:dotted;border-width:0px;border-color:#FFFFFF\"><span class=\"advgb-accordion-header-icon accordion-state\"><svg class=\"advgb-icon-closed\" fill=\"#141414\" xmlns=\"http:\/\/www.w3.org\/2000\/svg\" width=\"24\" height=\"24\" viewBox=\"0 0 24 24\"><path fill=\"none\" d=\"M0,0h24v24H0V0z\"><\/path><path d=\"M12,5.83L15.17,9l1.41-1.41L12,3L7.41,7.59L8.83,9L12,5.83z M12,18.17L8.83,15l-1.41,1.41L12,21l4.59-4.59L15.17,15 L12,18.17z\"><\/path><\/svg><svg class=\"advgb-icon-opened\" fill=\"#141414\" xmlns=\"http:\/\/www.w3.org\/2000\/svg\" width=\"24\" height=\"24\" viewBox=\"0 0 24 24\"><path fill=\"none\" d=\"M0,0h24v24H0V0z\"><\/path><path d=\"M7.41,18.59L8.83,20L12,16.83L15.17,20l1.41-1.41L12,14L7.41,18.59z M16.59,5.41L15.17,4L12,7.17L8.83,4L7.41,5.41L12,10L16.59,5.41z\"><\/path><\/svg><\/span><h5 class=\"advgb-accordion-header-title\" style=\"color:inherit\">D\u00e9tails<\/h5><\/div><div class=\"advgb-accordion-body\" style=\"background-color:#FFFFFF;border-style:dotted !important;border-width:0px !important;border-color:#FFFFFF !important;border-top:none !important\">\n<p>Dans une courte fiche d&rsquo;information, le <a href=\"https:\/\/www.sab.ch\/fr\/\" target=\"_blank\" rel=\"noopener\" title=\"\">Groupement suisse pour les r\u00e9gions de montagne (SAB)<\/a> pr\u00e9sente des exemples de mesures qui peuvent \u00eatre mises en \u0153uvre \u00e0 court et \u00e0 long terme pour faire face \u00e0 la p\u00e9nurie d&rsquo;eau croissante dans l&rsquo;agriculture de montagne et l&rsquo;\u00e9conomie alpestre.<\/p>\n<\/div><\/div>\n<\/div>\n<\/div><\/div>\n<\/div><\/div><\/div>\n\n\n\n<div style=\"height:20px\" aria-hidden=\"true\" class=\"wp-block-spacer\"><\/div>\n\n\n\n<h3 class=\"wp-block-heading\" id=\"etangs-agroecologiques\">\u00c9tangs agro\u00e9cologiques<\/h3>\n\n\n\n<div class=\"wp-block-advgb-columns advgb-columns-wrapper\" id=\"advgb-cols-923d0b58-40e5-4f3c-b443-a8369171cc89\"><div class=\"advgb-columns-container\"><div class=\"advgb-columns advgb-columns-row advgb-is-mobile columns-valign-middle advgb-columns-2 layout-14-34 mbl-layout-stacked gutter-20 vgutter-10\">\n<div class=\"wp-block-advgb-column advgb-column\" id=\"advgb-col-744dd92a-60ce-47c6-8a5d-8d8d2e9dc21b\"><div class=\"advgb-column-inner\" style=\"border-style:none;border-width:1px\">\n<div class=\"wp-block-buttons is-layout-flex wp-block-buttons-is-layout-flex\">\n<div class=\"wp-block-button\"><a class=\"wp-block-button__link wp-element-button\" href=\"https:\/\/parcjuravaudois.ch\/fr\/etangs-agroecologiques\" style=\"text-transform:none\" target=\"_blank\" rel=\"noreferrer noopener\">Fiche technique \u00ab\u00a0\u00c9tangs agro\u00e9coloqiques\u00a0\u00bb<\/a><\/div>\n<\/div>\n\n\n\n<div style=\"height:20px\" aria-hidden=\"true\" class=\"wp-block-spacer\"><\/div>\n\n\n\n<div class=\"wp-block-buttons is-layout-flex wp-block-buttons-is-layout-flex\">\n<div class=\"wp-block-button\"><a class=\"wp-block-button__link wp-element-button\" href=\"https:\/\/www.vd.ch\/fileadmin\/user_upload\/themes\/environnement\/biodiversite\/fichiers_pdf\/Bo%C3%AEte_%C3%A0_outils_pour_les_communes\/D-Milieux_naturels_et_am%C3%A9nag%C3%A9s_prairies_talus_friches_espaces_verts_..._\/Fiche_D14_Etangs_agroecologiques_20240918.pdf\" style=\"text-transform:none\" target=\"_blank\" rel=\"noreferrer noopener\">Fiche technique canton VD \u00ab\u00a0\u00c9tangs agro\u00e9cologiques\u00a0\u00bb<\/a><\/div>\n<\/div>\n<\/div><\/div>\n\n\n\n<div class=\"wp-block-advgb-column advgb-column\" id=\"advgb-col-22449487-6a82-4b20-9273-9c9acbef0410\"><div class=\"advgb-column-inner\" style=\"border-style:none;border-width:1px\">\n<div class=\"wp-block-advgb-accordions advgb-accordions-8704045e-3ae2-4c6c-8f9e-e29aee996512 advgb-accordion-wrapper\" data-collapsed=\"true\">\n<div class=\"wp-block-advgb-accordion-item advgb-accordion-item\" style=\"margin-bottom:15px\"><div class=\"advgb-accordion-header\" style=\"background-color:#D6D6D6;color:#141414;border-style:dotted;border-width:0px;border-color:#FFFFFF\"><span class=\"advgb-accordion-header-icon accordion-state\"><svg class=\"advgb-icon-closed\" fill=\"#141414\" xmlns=\"http:\/\/www.w3.org\/2000\/svg\" width=\"24\" height=\"24\" viewBox=\"0 0 24 24\"><path fill=\"none\" d=\"M0,0h24v24H0V0z\"><\/path><path d=\"M12,5.83L15.17,9l1.41-1.41L12,3L7.41,7.59L8.83,9L12,5.83z M12,18.17L8.83,15l-1.41,1.41L12,21l4.59-4.59L15.17,15 L12,18.17z\"><\/path><\/svg><svg class=\"advgb-icon-opened\" fill=\"#141414\" xmlns=\"http:\/\/www.w3.org\/2000\/svg\" width=\"24\" height=\"24\" viewBox=\"0 0 24 24\"><path fill=\"none\" d=\"M0,0h24v24H0V0z\"><\/path><path d=\"M7.41,18.59L8.83,20L12,16.83L15.17,20l1.41-1.41L12,14L7.41,18.59z M16.59,5.41L15.17,4L12,7.17L8.83,4L7.41,5.41L12,10L16.59,5.41z\"><\/path><\/svg><\/span><h5 class=\"advgb-accordion-header-title\" style=\"color:inherit\">D\u00e9tails<\/h5><\/div><div class=\"advgb-accordion-body\" style=\"background-color:#FFFFFF;border-style:dotted !important;border-width:0px !important;border-color:#FFFFFF !important;border-top:none !important\">\n<p>Les \u00e9tangs agro\u00e9cologiques fournissent de l&rsquo;eau potable pour le b\u00e9tail sur les alpages et offrent en outre un habitat \u00e0 de nombreuses esp\u00e8ces animales tout en s&rsquo;int\u00e9grant bien dans le paysage.<\/p>\n\n\n\n<p>Le <a title=\"\" href=\"https:\/\/parcjuravaudois.ch\/fr\" target=\"_blank\" rel=\"noopener\">Parc naturel Jura vaudois<\/a> a \u00e9labor\u00e9, en collaboration avec la <a title=\"\" href=\"https:\/\/www.infofauna.ch\/fr#gsc.tab=0\" target=\"_blank\" rel=\"noopener\">fondation info fauna<\/a>, une fiche technique sur la cr\u00e9ation d&rsquo;\u00e9tangs agro\u00e9cologiques dans les alpages. La fiche peut \u00eatre t\u00e9l\u00e9charg\u00e9e sur le site web du parc naturel.<\/p>\n\n\n\n<p>Le canton de Vaud a publi\u00e9 une version adapt\u00e9e de la notice technique.<\/p>\n<\/div><\/div>\n<\/div>\n<\/div><\/div>\n<\/div><\/div><\/div>\n\n\n\n<div style=\"height:20px\" aria-hidden=\"true\" class=\"wp-block-spacer\"><\/div>\n\n\n\n<h3 class=\"wp-block-heading\" id=\"catalogue-aclimo\">Adaptation au manque d\u2019eau en alpage &#8211; Catalogue des pratiques 2025<\/h3>\n\n\n\n<div class=\"wp-block-advgb-columns advgb-columns-wrapper\" id=\"advgb-cols-ff06a151-b400-4732-bfd9-34952ccf9b04\"><div class=\"advgb-columns-container\"><div class=\"advgb-columns advgb-columns-row advgb-is-mobile columns-valign-middle advgb-columns-2 layout-14-34 mbl-layout-stacked gutter-20 vgutter-10\">\n<div class=\"wp-block-advgb-column advgb-column\" id=\"advgb-col-a75ff514-03f7-4397-b271-65b4229918c7\"><div class=\"advgb-column-inner\" style=\"border-style:none;border-width:1px\">\n<div class=\"wp-block-buttons is-layout-flex wp-block-buttons-is-layout-flex\">\n<div class=\"wp-block-button\"><a class=\"wp-block-button__link wp-element-button\" href=\"https:\/\/agriculture-alpes.fr\/wp-content\/uploads\/2024\/01\/Livret_CIMA_vf-ADEM-Drome.pdf\" style=\"text-transform:none\" target=\"_blank\" rel=\"noreferrer noopener\">Catalogue \u00ab\u00a0<strong>Adaptation au manque d&rsquo;eau en alpage &#8211; Catalogue des pratiques 2025<\/strong>\u00ab\u00a0<\/a><\/div>\n<\/div>\n<\/div><\/div>\n\n\n\n<div class=\"wp-block-advgb-column advgb-column\" id=\"advgb-col-3ec867b4-272a-44cd-852c-f2a623289b73\"><div class=\"advgb-column-inner\" style=\"border-style:none;border-width:1px\">\n<div class=\"wp-block-advgb-accordions advgb-accordions-a9085074-4686-4cd6-a11b-38e6854c565e advgb-accordion-wrapper\" data-collapsed=\"true\">\n<div class=\"wp-block-advgb-accordion-item advgb-accordion-item\" style=\"margin-bottom:15px\"><div class=\"advgb-accordion-header\" style=\"background-color:#D6D6D6;color:#141414;border-style:dotted;border-width:0px;border-color:#FFFFFF\"><span class=\"advgb-accordion-header-icon accordion-state\"><svg class=\"advgb-icon-closed\" fill=\"#141414\" xmlns=\"http:\/\/www.w3.org\/2000\/svg\" width=\"24\" height=\"24\" viewBox=\"0 0 24 24\"><path fill=\"none\" d=\"M0,0h24v24H0V0z\"><\/path><path d=\"M12,5.83L15.17,9l1.41-1.41L12,3L7.41,7.59L8.83,9L12,5.83z M12,18.17L8.83,15l-1.41,1.41L12,21l4.59-4.59L15.17,15 L12,18.17z\"><\/path><\/svg><svg class=\"advgb-icon-opened\" fill=\"#141414\" xmlns=\"http:\/\/www.w3.org\/2000\/svg\" width=\"24\" height=\"24\" viewBox=\"0 0 24 24\"><path fill=\"none\" d=\"M0,0h24v24H0V0z\"><\/path><path d=\"M7.41,18.59L8.83,20L12,16.83L15.17,20l1.41-1.41L12,14L7.41,18.59z M16.59,5.41L15.17,4L12,7.17L8.83,4L7.41,5.41L12,10L16.59,5.41z\"><\/path><\/svg><\/span><h5 class=\"advgb-accordion-header-title\" style=\"color:inherit\">D\u00e9tails<\/h5><\/div><div class=\"advgb-accordion-body\" style=\"background-color:#FFFFFF;border-style:dotted !important;border-width:0px !important;border-color:#FFFFFF !important;border-top:none !important\">\n<p>Ce catalogue recense les diff\u00e9rentes solutions d\u2019adaptations possibles pour l&rsquo;activit\u00e9 pastorale en tenant compte de leurs divers impacts. Il fournit un outil d&rsquo;aide \u00e0 la d\u00e9cision aux gestionnaires d\u2019espaces prot\u00e9g\u00e9s et \u00e0 tous les acteurs concern\u00e9s par les enjeux du manque d\u2019eau en alpage. Il a \u00e9t\u00e9 r\u00e9alis\u00e9 dans le cadre du <a href=\"https:\/\/themes.agripedia.ch\/fr\/economie-alpestre-approvisionnement-en-eau\/#projets-transfrontaliers\" target=\"_blank\" rel=\"noreferrer noopener\">projet europ\u00e9en ACLIMO<\/a>, qui vise \u00e0 accompagner les territoires des Alpes franco-italiennes face aux d\u00e9fis du changement climatique et de la r\u00e9duction de la ressource en eau, tout en pr\u00e9servant le patrimoine naturel.<\/p>\n<\/div><\/div>\n<\/div>\n<\/div><\/div>\n<\/div><\/div><\/div>\n\n\n\n<div style=\"height:20px\" aria-hidden=\"true\" class=\"wp-block-spacer\"><\/div>\n\n\n\n<h3 class=\"wp-block-heading\" id=\"abbreuver-troupeaux-cima\">Informations sur le stockage et l&rsquo;approvisionnement pour abbreuver les troupeaux<\/h3>\n\n\n\n<div class=\"wp-block-advgb-columns advgb-columns-wrapper\" id=\"advgb-cols-fd1bf74d-01a7-44bb-8f7f-f961d5657e26\"><div class=\"advgb-columns-container\"><div class=\"advgb-columns advgb-columns-row advgb-is-mobile columns-valign-middle advgb-columns-2 layout-14-34 mbl-layout-stacked gutter-20 vgutter-10\">\n<div class=\"wp-block-advgb-column advgb-column\" id=\"advgb-col-7f9686a3-3187-4a57-96fe-b465f476e0a5\"><div class=\"advgb-column-inner\" style=\"border-style:none;border-width:1px\">\n<div class=\"wp-block-buttons is-layout-flex wp-block-buttons-is-layout-flex\">\n<div class=\"wp-block-button\"><a class=\"wp-block-button__link wp-element-button\" href=\"https:\/\/agriculture-alpes.fr\/wp-content\/uploads\/2024\/01\/Livret_CIMA_vf-ADEM-Drome.pdf\" style=\"text-transform:none\" target=\"_blank\" rel=\"noreferrer noopener\">Guide pratique \u00ab\u00a0Stocker l&rsquo;eau pour abbreuver les troupeaux : un choix rationnel et indispensable face au changement climatique\u00a0\u00bb<\/a><\/div>\n<\/div>\n<\/div><\/div>\n\n\n\n<div class=\"wp-block-advgb-column advgb-column\" id=\"advgb-col-d20ca6d7-a55d-4688-a6c2-8b82fd3f4f02\"><div class=\"advgb-column-inner\" style=\"border-style:none;border-width:1px\">\n<div class=\"wp-block-advgb-accordions advgb-accordions-62596022-dfc6-4358-99f9-480f6d43cc24 advgb-accordion-wrapper\" data-collapsed=\"true\">\n<div class=\"wp-block-advgb-accordion-item advgb-accordion-item\" style=\"margin-bottom:15px\"><div class=\"advgb-accordion-header\" style=\"background-color:#D6D6D6;color:#141414;border-style:dotted;border-width:0px;border-color:#FFFFFF\"><span class=\"advgb-accordion-header-icon accordion-state\"><svg class=\"advgb-icon-closed\" fill=\"#141414\" xmlns=\"http:\/\/www.w3.org\/2000\/svg\" width=\"24\" height=\"24\" viewBox=\"0 0 24 24\"><path fill=\"none\" d=\"M0,0h24v24H0V0z\"><\/path><path d=\"M12,5.83L15.17,9l1.41-1.41L12,3L7.41,7.59L8.83,9L12,5.83z M12,18.17L8.83,15l-1.41,1.41L12,21l4.59-4.59L15.17,15 L12,18.17z\"><\/path><\/svg><svg class=\"advgb-icon-opened\" fill=\"#141414\" xmlns=\"http:\/\/www.w3.org\/2000\/svg\" width=\"24\" height=\"24\" viewBox=\"0 0 24 24\"><path fill=\"none\" d=\"M0,0h24v24H0V0z\"><\/path><path d=\"M7.41,18.59L8.83,20L12,16.83L15.17,20l1.41-1.41L12,14L7.41,18.59z M16.59,5.41L15.17,4L12,7.17L8.83,4L7.41,5.41L12,10L16.59,5.41z\"><\/path><\/svg><\/span><h5 class=\"advgb-accordion-header-title\" style=\"color:inherit\">D\u00e9tails<\/h5><\/div><div class=\"advgb-accordion-body\" style=\"background-color:#FFFFFF;border-style:dotted !important;border-width:0px !important;border-color:#FFFFFF !important;border-top:none !important\">\n<p>Un guide pratique explique des points de r\u00e9flexion importants concernant le stockage et l&rsquo;approvisionnement en eau des troupeaux dans la r\u00e9gion d&rsquo;estivage.<\/p>\n\n\n\n<p>Ce guide s&rsquo;adresse aux exploitant-e-s et aux propri\u00e9taires d&rsquo;alpages.<\/p>\n\n\n\n<p>Il a \u00e9t\u00e9 \u00e9labor\u00e9 dans le cadre d&rsquo;un <a title=\"\" href=\"https:\/\/agriculture-alpes.fr\/projet\/guide-pratique-sur-le-stockage-deau-dans-les-espaces-pastoraux\/\" target=\"_blank\" rel=\"noopener\">projet<\/a> de la <a title=\"\" href=\"https:\/\/www.haute-savoie.gouv.fr\/Publications\/Plans-et-schemas\/CIMA\" target=\"_blank\" rel=\"noopener\">Convention Interr\u00e9gionale pour le Massif Alpin (CIMA)<\/a> fran\u00e7aise.<\/p>\n<\/div><\/div>\n<\/div>\n<\/div><\/div>\n<\/div><\/div><\/div>\n\n    <\/div>\n<\/div>\n\n\n\n<div style=\"height:20px\" aria-hidden=\"true\" class=\"wp-block-spacer\"><\/div>\n\n\n\n<h2 class=\"wp-block-heading\" id=\"evenements\">Compte-rendu d&rsquo;\u00e9v\u00e8nements<\/h2>\n\n\n    \n<div class=\"has-background-color-agripedia-blue wp-block-agripedia-box\" >\n    \n    \n    <div class=\"agripedia-box-content\">\n        \n\n<h3 class=\"wp-block-heading\" id=\"forumfutur-alpes-2025\">Impact de la crise climatique sur le \u00ab ch\u00e2teau d&rsquo;eau des Alpes \u00bb lors de la Conf\u00e9rence ForumFutur Alpes (2025)<\/h3>\n\n\n\n<div class=\"wp-block-advgb-columns advgb-columns-wrapper\" id=\"advgb-cols-76a693ad-8e42-44a9-a1b7-183c38902d1e\"><div class=\"advgb-columns-container\"><div class=\"advgb-columns advgb-columns-row advgb-is-mobile columns-valign-middle advgb-columns-2 layout-14-34 mbl-layout-stacked gutter-20 vgutter-10\">\n<div class=\"wp-block-advgb-column advgb-column\" id=\"advgb-col-85b723a3-0b24-4928-b103-fe5a9861036e\"><div class=\"advgb-column-inner\" style=\"border-style:none;border-width:1px\">\n<div class=\"wp-block-buttons is-layout-flex wp-block-buttons-is-layout-flex\">\n<div class=\"wp-block-button\"><a class=\"wp-block-button__link wp-element-button\" href=\"https:\/\/forumfuturalpes.li\/retrospective\/\" style=\"text-transform:none\" target=\"_blank\" rel=\"noreferrer noopener\">ForumFutur Alpes \u00ab\u00a0H<sub>2<\/sub>O : un bien pr\u00e9cieux, puissant et vuln\u00e9rable\u200b\u00a0\u00bb<\/a><\/div>\n<\/div>\n<\/div><\/div>\n\n\n\n<div class=\"wp-block-advgb-column advgb-column\" id=\"advgb-col-b8938732-32f2-4869-8aba-1fd295acc1fa\"><div class=\"advgb-column-inner\" style=\"border-style:none;border-width:1px\">\n<div class=\"wp-block-advgb-accordions advgb-accordions-0bd1f7c4-a65e-4fbf-bbd4-af46d277e784 advgb-accordion-wrapper\" data-collapsed=\"true\">\n<div class=\"wp-block-advgb-accordion-item advgb-accordion-item\" style=\"margin-bottom:15px\"><div class=\"advgb-accordion-header\" style=\"background-color:#D6D6D6;color:#141414;border-style:dotted;border-width:0px;border-color:#FFFFFF\"><span class=\"advgb-accordion-header-icon accordion-state\"><svg class=\"advgb-icon-closed\" fill=\"#141414\" xmlns=\"http:\/\/www.w3.org\/2000\/svg\" width=\"24\" height=\"24\" viewBox=\"0 0 24 24\"><path fill=\"none\" d=\"M0,0h24v24H0V0z\"><\/path><path d=\"M12,5.83L15.17,9l1.41-1.41L12,3L7.41,7.59L8.83,9L12,5.83z M12,18.17L8.83,15l-1.41,1.41L12,21l4.59-4.59L15.17,15 L12,18.17z\"><\/path><\/svg><svg class=\"advgb-icon-opened\" fill=\"#141414\" xmlns=\"http:\/\/www.w3.org\/2000\/svg\" width=\"24\" height=\"24\" viewBox=\"0 0 24 24\"><path fill=\"none\" d=\"M0,0h24v24H0V0z\"><\/path><path d=\"M7.41,18.59L8.83,20L12,16.83L15.17,20l1.41-1.41L12,14L7.41,18.59z M16.59,5.41L15.17,4L12,7.17L8.83,4L7.41,5.41L12,10L16.59,5.41z\"><\/path><\/svg><\/span><h5 class=\"advgb-accordion-header-title\" style=\"color:inherit\">D\u00e9tails<\/h5><\/div><div class=\"advgb-accordion-body\" style=\"background-color:#FFFFFF;border-style:dotted !important;border-width:0px !important;border-color:#FFFFFF !important;border-top:none !important\">\n<p>Du 27 au 28 juin 2025, le ForumFutur Alpes a organis\u00e9 \u00e0 Schaan, au Liechtenstein, une conf\u00e9rence sur le th\u00e8me de l&rsquo;eau en tant que milieu de vie et ressource dans l&rsquo;espace alpin.<\/p>\n\n\n\n<p>Le ForumFutur Alpes du Liechtenstein est plac\u00e9 sous le patronage du gouvernement de la Principaut\u00e9 du Liechtenstein. Il est organis\u00e9 par <a href=\"https:\/\/www.cipra.org\/fr\/cipra\/landingpage?set_language=fr\" target=\"_blank\" rel=\"noreferrer noopener\">CIPRA International<\/a> et b\u00e9n\u00e9ficie du soutien financier de la commune de Schaan.<\/p>\n\n\n\n<p>Le programme, les pr\u00e9sentations et les r\u00e9sultats de la conf\u00e9rence sont disponibles sur le <a href=\"https:\/\/forumfuturalpes.li\/\" target=\"_blank\" rel=\"noreferrer noopener\">site web du ForumFutur Alpes<\/a>.<\/p>\n<\/div><\/div>\n<\/div>\n<\/div><\/div>\n<\/div><\/div><\/div>\n\n\n\n<div style=\"height:20px\" aria-hidden=\"true\" class=\"wp-block-spacer\"><\/div>\n\n\n\n<h3 class=\"wp-block-heading\" id=\"blueark-conference-2025\">Enjeux dans la gestion de l\u2019eau dans les alpages lors de la BlueArk Conf\u00e9rence (2025)<\/h3>\n\n\n\n<div class=\"wp-block-advgb-columns advgb-columns-wrapper\" id=\"advgb-cols-69dafad9-5a4e-4bc8-8595-cec27f1681f7\"><div class=\"advgb-columns-container\"><div class=\"advgb-columns advgb-columns-row advgb-is-mobile columns-valign-middle advgb-columns-2 layout-14-34 mbl-layout-stacked gutter-20 vgutter-10\">\n<div class=\"wp-block-advgb-column advgb-column\" id=\"advgb-col-8614cff1-dac2-4271-9382-c23fe2fee8fd\"><div class=\"advgb-column-inner\" style=\"border-style:none;border-width:1px\">\n<div class=\"wp-block-buttons is-layout-flex wp-block-buttons-is-layout-flex\">\n<div class=\"wp-block-button\"><a class=\"wp-block-button__link wp-element-button\" href=\"https:\/\/blueark.ch\/wp-content\/uploads\/2025\/11\/PRESENTATIONS-BlueArk-Conference-2025_2.pdf\" style=\"text-transform:none\" target=\"_blank\" rel=\"noreferrer noopener\">BlueArk Conf\u00e9rence &#8211; Session th\u00e9matique \u00ab\u00a0Gestion de l&rsquo;eau dans les alpages &#8211; Quels enjeux ?\u00a0\u00bb<\/a><\/div>\n<\/div>\n<\/div><\/div>\n\n\n\n<div class=\"wp-block-advgb-column advgb-column\" id=\"advgb-col-9793b734-ae57-4255-9be6-f51d73e71c6f\"><div class=\"advgb-column-inner\" style=\"border-style:none;border-width:1px\">\n<div class=\"wp-block-advgb-accordions advgb-accordions-912e6b4c-6283-4454-adcd-81b5c0e87096 advgb-accordion-wrapper\" data-collapsed=\"true\">\n<div class=\"wp-block-advgb-accordion-item advgb-accordion-item\" style=\"margin-bottom:15px\"><div class=\"advgb-accordion-header\" style=\"background-color:#D6D6D6;color:#141414;border-style:dotted;border-width:0px;border-color:#FFFFFF\"><span class=\"advgb-accordion-header-icon accordion-state\"><svg class=\"advgb-icon-closed\" fill=\"#141414\" xmlns=\"http:\/\/www.w3.org\/2000\/svg\" width=\"24\" height=\"24\" viewBox=\"0 0 24 24\"><path fill=\"none\" d=\"M0,0h24v24H0V0z\"><\/path><path d=\"M12,5.83L15.17,9l1.41-1.41L12,3L7.41,7.59L8.83,9L12,5.83z M12,18.17L8.83,15l-1.41,1.41L12,21l4.59-4.59L15.17,15 L12,18.17z\"><\/path><\/svg><svg class=\"advgb-icon-opened\" fill=\"#141414\" xmlns=\"http:\/\/www.w3.org\/2000\/svg\" width=\"24\" height=\"24\" viewBox=\"0 0 24 24\"><path fill=\"none\" d=\"M0,0h24v24H0V0z\"><\/path><path d=\"M7.41,18.59L8.83,20L12,16.83L15.17,20l1.41-1.41L12,14L7.41,18.59z M16.59,5.41L15.17,4L12,7.17L8.83,4L7.41,5.41L12,10L16.59,5.41z\"><\/path><\/svg><\/span><h5 class=\"advgb-accordion-header-title\" style=\"color:inherit\">D\u00e9tails<\/h5><\/div><div class=\"advgb-accordion-body\" style=\"background-color:#FFFFFF;border-style:dotted !important;border-width:0px !important;border-color:#FFFFFF !important;border-top:none !important\">\n<p>Lors d&rsquo;une session th\u00e9matique de la BlueArk Conf\u00e9rence, les participant-e-s ont discut\u00e9 des enjeux actuels et futurs de l\u2019exploitation de l\u2019eau dans les alpages. Apr\u00e8s deux expos\u00e9s introductifs sur la gestion de l\u2019eau dans les Alpes et dans le Jura, les d\u00e9bats ont continu\u00e9 autour de trois axes : eau et biodiversit\u00e9, quantification des besoins en eau et conciliation des besoins en eau du tourisme et du pastoralisme.<\/p>\n<\/div><\/div>\n<\/div>\n<\/div><\/div>\n<\/div><\/div><\/div>\n\n\n\n<div style=\"height:20px\" aria-hidden=\"true\" class=\"wp-block-spacer\"><\/div>\n\n\n\n<h3 class=\"wp-block-heading\" id=\"ssea-2024\">\u00c9v\u00e8nements de la SSEA sur l&rsquo;eau et le changement climatique (2024)<\/h3>\n\n\n\n<div class=\"wp-block-advgb-accordions advgb-accordions-d85af947-774d-4fae-8fe5-dffed321e91a advgb-accordion-wrapper\" data-collapsed=\"true\">\n<div class=\"wp-block-advgb-accordion-item advgb-accordion-item\" style=\"margin-bottom:15px\"><div class=\"advgb-accordion-header\" style=\"background-color:#D6D6D6;color:#141414;border-style:dotted;border-width:0px;border-color:#FFFFFF\"><span class=\"advgb-accordion-header-icon accordion-state\"><svg class=\"advgb-icon-closed\" fill=\"#141414\" xmlns=\"http:\/\/www.w3.org\/2000\/svg\" width=\"24\" height=\"24\" viewBox=\"0 0 24 24\"><path fill=\"none\" d=\"M0,0h24v24H0V0z\"><\/path><path d=\"M12,5.83L15.17,9l1.41-1.41L12,3L7.41,7.59L8.83,9L12,5.83z M12,18.17L8.83,15l-1.41,1.41L12,21l4.59-4.59L15.17,15 L12,18.17z\"><\/path><\/svg><svg class=\"advgb-icon-opened\" fill=\"#141414\" xmlns=\"http:\/\/www.w3.org\/2000\/svg\" width=\"24\" height=\"24\" viewBox=\"0 0 24 24\"><path fill=\"none\" d=\"M0,0h24v24H0V0z\"><\/path><path d=\"M7.41,18.59L8.83,20L12,16.83L15.17,20l1.41-1.41L12,14L7.41,18.59z M16.59,5.41L15.17,4L12,7.17L8.83,4L7.41,5.41L12,10L16.59,5.41z\"><\/path><\/svg><\/span><h5 class=\"advgb-accordion-header-title\" style=\"color:inherit\">D\u00e9tails<\/h5><\/div><div class=\"advgb-accordion-body\" style=\"background-color:#FFFFFF;border-style:dotted !important;border-width:0px !important;border-color:#FFFFFF !important;border-top:none !important\">\n<p>La <a href=\"https:\/\/www.alpwirtschaft.ch\/fr\/\" target=\"_blank\" rel=\"noopener\" title=\"\">Soci\u00e9t\u00e9 suisse d&rsquo;\u00e9conomie alpestre (SSEA)<\/a> a mis l&rsquo;accent sur l&rsquo;approvisionnement en eau sur les alpages lors de plusieurs de ses \u00e9v\u00e8nements. Les pr\u00e9sentations ax\u00e9es sur la pratique sont disponibles ici <em>(en allemand uniquement)<\/em> :<\/p>\n\n\n\n<p><a href=\"https:\/\/themes.agripedia.ch\/wp-content\/uploads\/2024\/08\/240118_Empfehlungen-zur-Umsetzung-von-Massnahmen_SMueller.pdf\" target=\"_blank\" rel=\"noopener\" title=\"\">Wasserinfrastrukturen auf Alpen, Empfehlungen zur Umsetzung von Massnahmen \u2013 Stefan M\u00fcller, SSEA (2024)<\/a><\/p>\n\n\n\n<p><a href=\"https:\/\/themes.agripedia.ch\/wp-content\/uploads\/2024\/08\/240118_Alpwirtschaft-und-Klimawandel_UAndereggen.pdf\" target=\"_blank\" rel=\"noopener\" title=\"\">Alpwirtschaft und Klimawandel, wie weiter? \u2013 Urs Andereggen, Office des Am\u00e9liorations structurelles du Valais (2024)<\/a><\/p>\n\n\n\n<p><a href=\"https:\/\/themes.agripedia.ch\/wp-content\/uploads\/2024\/08\/240118_Klimaveraenderungen_OSchelbert.pdf\" target=\"_blank\" rel=\"noopener\" title=\"\">Klimaver\u00e4nderungen und Auswirkungen auf die Alpwirtschaft (\u2013 Othmar Schelbert, Alpwirtschaftlicher Verein Schwyz (2024)<\/a><\/p>\n\n\n\n<p><a href=\"https:\/\/themes.agripedia.ch\/wp-content\/uploads\/2024\/08\/22_Erschliessung-Alpschaft-Ueschinen_EWandfluh.pdf\" target=\"_blank\" rel=\"noopener\" title=\"\">Erschliessung Alpschaft Ueschinen oder eine Erfolgsgeschichte von der Alp \u2013 Ernst Wandfluh, Alpwirtschaftlicher Verein Bern (2022)<\/a><\/p>\n\n\n\n<p><a href=\"https:\/\/themes.agripedia.ch\/wp-content\/uploads\/2024\/08\/240118_Berghilfe-und-Strukturverbesserungen_MHartmann.pdf\" target=\"_blank\" rel=\"noopener\" title=\"\">Wie kann die Schweizer Berghilfe Strukturverbesserungen unterst\u00fctzen \u2013 Michael Hartmann, Aide suisse \u00e0 la montagne (2024)<\/a><\/p>\n<\/div><\/div>\n<\/div>\n\n\n\n<div style=\"height:20px\" aria-hidden=\"true\" class=\"wp-block-spacer\"><\/div>\n\n\n\n<h3 class=\"wp-block-heading\" id=\"cours-montagne-2023\">Approvisionnement en eau et en \u00e9nergie lors du cours montagne (2023)<\/h3>\n\n\n\n<div class=\"wp-block-advgb-columns advgb-columns-wrapper\" id=\"advgb-cols-85dd4be9-f8c7-41eb-b7ae-99763785d439\"><div class=\"advgb-columns-container\"><div class=\"advgb-columns advgb-columns-row advgb-is-mobile columns-valign-middle advgb-columns-2 layout-14-34 mbl-layout-stacked gutter-20 vgutter-10\">\n<div class=\"wp-block-advgb-column advgb-column\" id=\"advgb-col-4ea250c3-78f2-49f8-967a-09998c0ee286\"><div class=\"advgb-column-inner\" style=\"border-style:none;border-width:1px\">\n<div class=\"wp-block-buttons is-layout-flex wp-block-buttons-is-layout-flex\">\n<div class=\"wp-block-button\"><a class=\"wp-block-button__link wp-element-button\" href=\"https:\/\/www.sab.ch\/fr\/documents-des-reunions\/\" style=\"text-transform:none\" target=\"_blank\" rel=\"noreferrer noopener\">4\u00e8me r\u00e9union, 5.\/6.09.2023 &#8211; Approvisionnement en eau et en \u00e9nergie sur les alpages<\/a><\/div>\n<\/div>\n<\/div><\/div>\n\n\n\n<div class=\"wp-block-advgb-column advgb-column\" id=\"advgb-col-904510ff-5b59-4bad-8fe4-a4d5202a88ab\"><div class=\"advgb-column-inner\" style=\"border-style:none;border-width:1px\">\n<div class=\"wp-block-advgb-accordions advgb-accordions-9f0618fa-7f97-4c7b-993f-03500cca2a1f advgb-accordion-wrapper\" data-collapsed=\"true\">\n<div class=\"wp-block-advgb-accordion-item advgb-accordion-item\" style=\"margin-bottom:15px\"><div class=\"advgb-accordion-header\" style=\"background-color:#D6D6D6;color:#141414;border-style:dotted;border-width:0px;border-color:#FFFFFF\"><span class=\"advgb-accordion-header-icon accordion-state\"><svg class=\"advgb-icon-closed\" fill=\"#141414\" xmlns=\"http:\/\/www.w3.org\/2000\/svg\" width=\"24\" height=\"24\" viewBox=\"0 0 24 24\"><path fill=\"none\" d=\"M0,0h24v24H0V0z\"><\/path><path d=\"M12,5.83L15.17,9l1.41-1.41L12,3L7.41,7.59L8.83,9L12,5.83z M12,18.17L8.83,15l-1.41,1.41L12,21l4.59-4.59L15.17,15 L12,18.17z\"><\/path><\/svg><svg class=\"advgb-icon-opened\" fill=\"#141414\" xmlns=\"http:\/\/www.w3.org\/2000\/svg\" width=\"24\" height=\"24\" viewBox=\"0 0 24 24\"><path fill=\"none\" d=\"M0,0h24v24H0V0z\"><\/path><path d=\"M7.41,18.59L8.83,20L12,16.83L15.17,20l1.41-1.41L12,14L7.41,18.59z M16.59,5.41L15.17,4L12,7.17L8.83,4L7.41,5.41L12,10L16.59,5.41z\"><\/path><\/svg><\/span><h5 class=\"advgb-accordion-header-title\" style=\"color:inherit\">D\u00e9tails<\/h5><\/div><div class=\"advgb-accordion-body\" style=\"background-color:#FFFFFF;border-style:dotted !important;border-width:0px !important;border-color:#FFFFFF !important;border-top:none !important\">\n<p>Le cours montagne 2023, organis\u00e9 conjointement par <a href=\"https:\/\/www.agridea.ch\/fr\/\" target=\"_blank\" rel=\"noreferrer noopener\">AGRIDEA<\/a> et le <a href=\"https:\/\/www.sab.ch\/fr\/\" target=\"_blank\" rel=\"noreferrer noopener\">SAB<\/a> dans le cadre de la <a title=\"\" href=\"https:\/\/www.sab.ch\/fr\/dienstleistungen\/plate-forme-de-dialogue\/\" target=\"_blank\" rel=\"noopener\">plate-forme de dialogue \u00ab\u00a0Recherche et pratique dans l&rsquo;agriculture de montagne\u00a0\u00bb<\/a>, \u00e9tait consacr\u00e9 \u00e0 la gestion de l&rsquo;eau et \u00e0 l&rsquo;approvisionnement en \u00e9nergie sur les alpages.<\/p>\n\n\n\n<p>Diff\u00e9rentes exploitations d\u2019estivage ont \u00e9t\u00e9 visit\u00e9es dans les cantons de Fribourg et de Vaud, sur lesquelles des projets et des mesures visant \u00e0 assurer l&rsquo;approvisionnement en eau et en \u00e9nergie ont d\u00e9j\u00e0 \u00e9t\u00e9 mis en \u0153uvre. Un accent suppl\u00e9mentaire a \u00e9t\u00e9 mis sur la r\u00e9gion du Jura et les solutions possibles pour faire face \u00e0 la s\u00e9cheresse.<\/p>\n\n\n\n<p><strong>Le programme, les pr\u00e9sentations<\/strong> et <strong>les d\u00e9tails des projets visit\u00e9s<\/strong> sont disponibles aupr\u00e8s du SAB.<\/p>\n<\/div><\/div>\n<\/div>\n<\/div><\/div>\n<\/div><\/div><\/div>\n\n    <\/div>\n<\/div>\n\n\n\n<h2 class=\"wp-block-heading\" id=\"recherche-et-vulgarisation\"><mark style=\"background-color:rgba(0, 0, 0, 0)\" class=\"has-inline-color has-black-color\">Projets de recherche et de vulgarisation<\/mark><\/h2>\n\n\n    \n<div class=\"has-background-color-agripedia-blue wp-block-agripedia-box\" >\n    \n    \n    <div class=\"agripedia-box-content\">\n        \n\n<h3 class=\"wp-block-heading\" id=\"bilan-hydrique-hafl\">D\u00e9veloppement d&rsquo;un outil d&rsquo;\u00e9valuation du bilan hydrique pour les exploitations d&rsquo;estivage<\/h3>\n\n\n\n<div class=\"wp-block-advgb-columns advgb-columns-wrapper\" id=\"advgb-cols-5647b5f9-027d-4eaf-b023-a12b52c3c330\"><div class=\"advgb-columns-container\"><div class=\"advgb-columns advgb-columns-row advgb-is-mobile columns-valign-middle advgb-columns-2 layout-14-34 mbl-layout-stacked gutter-20 vgutter-10\">\n<div class=\"wp-block-advgb-column advgb-column\" id=\"advgb-col-e14c4281-2129-4ea5-96ff-0d43a797f5ff\"><div class=\"advgb-column-inner\" style=\"border-style:none;border-width:1px\">\n<div class=\"wp-block-buttons is-layout-flex wp-block-buttons-is-layout-flex\">\n<div class=\"wp-block-button\"><a class=\"wp-block-button__link wp-element-button\" href=\"https:\/\/www.bfh.ch\/fr\/recherche\/domaines-de-recherche\/economie-alpestre-agriculture-montagne\/#gestion-de-l-eau-dans-les-exploitations-d-estivage\" style=\"text-transform:none\" target=\"_blank\" rel=\"noreferrer noopener\">Projet de recherche \u00ab\u00a0Gestion de l&rsquo;eau dans les exploitations d&rsquo;estivage\u00a0\u00bb<\/a><\/div>\n<\/div>\n<\/div><\/div>\n\n\n\n<div class=\"wp-block-advgb-column advgb-column\" id=\"advgb-col-ad02b77f-a5bd-44c1-a930-572e99636b06\"><div class=\"advgb-column-inner\" style=\"border-style:none;border-width:1px\">\n<div class=\"wp-block-advgb-accordions advgb-accordions-0e9710f9-3d04-4374-aab5-db24ce776740 advgb-accordion-wrapper\" data-collapsed=\"true\">\n<div class=\"wp-block-advgb-accordion-item advgb-accordion-item\" style=\"margin-bottom:15px\"><div class=\"advgb-accordion-header\" style=\"background-color:#D6D6D6;color:#141414;border-style:dotted;border-width:0px;border-color:#FFFFFF\"><span class=\"advgb-accordion-header-icon accordion-state\"><svg class=\"advgb-icon-closed\" fill=\"#141414\" xmlns=\"http:\/\/www.w3.org\/2000\/svg\" width=\"24\" height=\"24\" viewBox=\"0 0 24 24\"><path fill=\"none\" d=\"M0,0h24v24H0V0z\"><\/path><path d=\"M12,5.83L15.17,9l1.41-1.41L12,3L7.41,7.59L8.83,9L12,5.83z M12,18.17L8.83,15l-1.41,1.41L12,21l4.59-4.59L15.17,15 L12,18.17z\"><\/path><\/svg><svg class=\"advgb-icon-opened\" fill=\"#141414\" xmlns=\"http:\/\/www.w3.org\/2000\/svg\" width=\"24\" height=\"24\" viewBox=\"0 0 24 24\"><path fill=\"none\" d=\"M0,0h24v24H0V0z\"><\/path><path d=\"M7.41,18.59L8.83,20L12,16.83L15.17,20l1.41-1.41L12,14L7.41,18.59z M16.59,5.41L15.17,4L12,7.17L8.83,4L7.41,5.41L12,10L16.59,5.41z\"><\/path><\/svg><\/span><h5 class=\"advgb-accordion-header-title\" style=\"color:inherit\">D\u00e9tails<\/h5><\/div><div class=\"advgb-accordion-body\" style=\"background-color:#FFFFFF;border-style:dotted !important;border-width:0px !important;border-color:#FFFFFF !important;border-top:none !important\">\n<p>Dans le cadre du projet de recherche \u00ab\u00a0Gestion de l&rsquo;eau dans les exploitations d&rsquo;estivage\u00a0\u00bb de la <a title=\"\" href=\"https:\/\/www.bfh.ch\/fr\/\" target=\"_blank\" rel=\"noopener\">BFH-HAFL<\/a>, un <strong>outil<\/strong> est d\u00e9velopp\u00e9 <strong>pour les exploitations d\u2019estivage<\/strong> afin que celles-ci puissent estimer leur <strong>consommation<\/strong> et la <strong>disponibilit\u00e9 en eau<\/strong>.<\/p>\n\n\n\n<blockquote class=\"wp-block-quote is-layout-flow wp-block-quote-is-layout-flow\">\n<p>L\u2019outil d\u00e9velopp\u00e9 permet de d\u00e9terminer le bilan hydrique au cours de la saison d\u2019alpage, et ainsi d\u2019identifier les p\u00e9nuries et les exc\u00e9dents d\u2019eau. On peut alors \u00e9valuer les besoins d\u2019action et d\u00e9velopper les prochaines strat\u00e9gies de gestion de l\u2019eau.<br><br>Le travail de master de la BFH-HAFL traite les questions suivantes&nbsp;:<\/p>\n\n\n\n<ul class=\"wp-block-list\">\n<li>Quels sont les facteurs qui influencent de mani\u00e8re d\u00e9cisive le r\u00e9gime hydrique d\u2019une exploitation d\u2019alpage&nbsp;?<\/li>\n\n\n\n<li>Comment la disponibilit\u00e9 et les besoins en eau d\u2019une exploitation d\u2019estivage peuvent-ils \u00eatre repr\u00e9sent\u00e9s de mani\u00e8re m\u00e9thodique et pertinente, et quelles sont les bases n\u00e9cessaires \u00e0 cet effet&nbsp;?<\/li>\n\n\n\n<li>Le bilan hydrique \u00e9tabli peut-il fournir des informations sur certains probl\u00e8mes ou points faibles du syst\u00e8me de gestion de l\u2019eau d\u2019une exploitation d\u2019alpage&nbsp;?<\/li>\n\n\n\n<li>Quelle pourrait \u00eatre la situation de l\u2019eau \u00e0 l\u2019avenir, compte tenu de l\u2019\u00e9volution des conditions climatiques&nbsp;?<\/li>\n<\/ul>\n\n\n\n<p>L\u2019applicabilit\u00e9 de l\u2019outil sera test\u00e9e par le biais d\u2019\u00e9tudes de cas sur deux alpages. Auparavant, des entretiens ont permis de rassembler toutes les donn\u00e9es pertinentes pour estimer le bilan hydrique et quelques valeurs indicatives ont \u00e9t\u00e9 d\u00e9finies gr\u00e2ce \u00e0 la litt\u00e9rature existante.<\/p>\n<cite><a href=\"https:\/\/www.bfh.ch\/fr\/recherche\/domaines-de-recherche\/economie-alpestre-agriculture-montagne\/#gestion-de-l-eau-dans-les-exploitations-d-estivage\" target=\"_blank\" rel=\"noopener\" title=\"\">Gestion de l&rsquo;eau dans les exploitations d&rsquo;estivage<\/a>, BFH-HAFL 2024<\/cite><\/blockquote>\n<\/div><\/div>\n<\/div>\n<\/div><\/div>\n<\/div><\/div><\/div>\n\n\n\n<div style=\"height:20px\" aria-hidden=\"true\" class=\"wp-block-spacer\"><\/div>\n\n\n\n<h3 class=\"wp-block-heading\" id=\"projets-transfrontaliers\">Projets transfrontaliers sur la diminution des ressources en eau dans les Alpes<\/h3>\n\n\n\n<div class=\"wp-block-advgb-accordions advgb-accordions-bb0cff71-31a7-48d1-a740-d4278074337a advgb-accordion-wrapper\" data-collapsed=\"true\">\n<div class=\"wp-block-advgb-accordion-item advgb-accordion-item\" style=\"margin-bottom:15px\"><div class=\"advgb-accordion-header\" style=\"background-color:#D6D6D6;color:#141414;border-style:dotted;border-width:0px;border-color:#FFFFFF\"><span class=\"advgb-accordion-header-icon accordion-state\"><svg class=\"advgb-icon-closed\" fill=\"#141414\" xmlns=\"http:\/\/www.w3.org\/2000\/svg\" width=\"24\" height=\"24\" viewBox=\"0 0 24 24\"><path fill=\"none\" d=\"M0,0h24v24H0V0z\"><\/path><path d=\"M12,5.83L15.17,9l1.41-1.41L12,3L7.41,7.59L8.83,9L12,5.83z M12,18.17L8.83,15l-1.41,1.41L12,21l4.59-4.59L15.17,15 L12,18.17z\"><\/path><\/svg><svg class=\"advgb-icon-opened\" fill=\"#141414\" xmlns=\"http:\/\/www.w3.org\/2000\/svg\" width=\"24\" height=\"24\" viewBox=\"0 0 24 24\"><path fill=\"none\" d=\"M0,0h24v24H0V0z\"><\/path><path d=\"M7.41,18.59L8.83,20L12,16.83L15.17,20l1.41-1.41L12,14L7.41,18.59z M16.59,5.41L15.17,4L12,7.17L8.83,4L7.41,5.41L12,10L16.59,5.41z\"><\/path><\/svg><\/span><h5 class=\"advgb-accordion-header-title\" style=\"color:inherit\">D\u00e9tails<\/h5><\/div><div class=\"advgb-accordion-body\" style=\"background-color:#FFFFFF;border-style:dotted !important;border-width:0px !important;border-color:#FFFFFF !important;border-top:none !important\">\n<p>Dans le cadre du programme de coop\u00e9ration transfrontali\u00e8re europ\u00e9en <a href=\"https:\/\/interreg-alcotra.eu\/fr\" target=\"_blank\" rel=\"noopener\" title=\"\">ALCOTRA (Alpes Latines Coop\u00e9ration Transfrontali\u00e8re)<\/a>, deux projets sont en cours de r\u00e9alisation qui traitent de la diminution de la ressource<strong> <\/strong>en eau dans l\u2019espace alpin&nbsp;:<\/p>\n\n\n\n<ul class=\"wp-block-list\">\n<li><a href=\"https:\/\/www.interreg-alcotra.eu\/fr\/aclimo\" target=\"_blank\" rel=\"noopener\" title=\"\">Projet ACLIMO<\/a> \u2013 Parmi les activit\u00e9s principales, l\u2019\u00e9tat de conservation des principaux alpages du territoire est analys\u00e9 et des interventions sont mises en \u0153uvre pour la conservation de la biodiversit\u00e9 des alpages pilotes.<\/li>\n\n\n\n<li><a href=\"https:\/\/www.interreg-alcotra.eu\/fr\/becca-reservoirs-ecologiquement-durables-et-surs-concus-pour-ladaptation-au-changement-climatique\" target=\"_blank\" rel=\"noopener\" title=\"\">Projet BECCA<\/a> \u2013 Au sein de ce projet, des r\u00e9servoirs de petite et moyenne taille sont con\u00e7us et construits, ainsi que des r\u00e9servoirs \u00e0 faible impact environnemental, mieux int\u00e9gr\u00e9s dans leur environnement et adoptant des solutions d\u2019ing\u00e9nierie naturaliste. Les risques li\u00e9s \u00e0 la pr\u00e9sence de r\u00e9servoirs sont \u00e9galement \u00e9valu\u00e9s.<\/li>\n<\/ul>\n<\/div><\/div>\n<\/div>\n\n    <\/div>\n<\/div>\n\n\n\n<div style=\"height:50px\" aria-hidden=\"true\" class=\"wp-block-spacer\"><\/div>\n\n\n\n<div class=\"wp-block-group agripedia-impressum is-layout-flow wp-block-group-is-layout-flow\">\n<div class=\"wp-block-group agripedia-impressum-header is-layout-flow wp-block-group-is-layout-flow\">\n<h5 class=\"wp-block-heading\">Impressum<\/h5>\n<\/div>\n\n\n\n<div class=\"wp-block-group agripedia-impressum-content is-layout-flow wp-block-group-is-layout-flow\">\n<p><strong>Photo de couverture :<\/strong> Esther Haesen, AGRIDEA<\/p>\n\n\n\n<p><strong>Un projet de :<\/strong><\/p>\n\n\n\n<div class=\"wp-block-columns is-layout-flex wp-container-core-columns-is-layout-9d6595d7 wp-block-columns-is-layout-flex\">\n<div class=\"wp-block-column is-layout-flow wp-block-column-is-layout-flow\">\n<div class=\"wp-block-image\"><figure class=\"wp-block-image aligncenter size-large is-resized\"><a href=\"https:\/\/www.agridea.ch\/fr\/\" target=\"_blank\" rel=\"noopener\"><img loading=\"lazy\" decoding=\"async\" src=\"https:\/\/agripedia.ch\/alpwirtschaft\/wp-content\/uploads\/sites\/46\/2022\/10\/AGRIDEA_4_LANGUES_RGB-1024x210.png\" alt=\"Logo AGRIDEA\" class=\"wp-image-909\" width=\"341\" height=\"70\"><\/a><\/figure><\/div>\n<\/div>\n\n\n\n<div class=\"wp-block-column is-vertically-aligned-center is-layout-flow wp-block-column-is-layout-flow\">\n<div class=\"wp-block-image\"><figure class=\"wp-block-image aligncenter size-full is-resized\"><a href=\"https:\/\/www.alpwirtschaft.ch\/fr\/\" target=\"_blank\" rel=\"noopener\"><img loading=\"lazy\" decoding=\"async\" src=\"https:\/\/agripedia.ch\/alpwirtschaft\/wp-content\/uploads\/sites\/46\/2022\/10\/LOGO_SAV_CMYK.jpg\" alt=\"Logo SAV\" class=\"wp-image-907\" width=\"90\" height=\"90\"><\/a><\/figure><\/div>\n<\/div>\n\n\n\n<div class=\"wp-block-column is-vertically-aligned-center is-layout-flow wp-block-column-is-layout-flow\">\n<p><strong>Contact<\/strong>:<\/p>\n\n\n\n<p><a href=\"mailto:esther.haesen@agridea.ch\" title=\"\">Esther Haesen<\/a>, AGRIDEA<\/p>\n\n\n\n<p><a title=\"\" href=\"mailto:info@alpwirtschaft.ch\">Selina Droz<\/a>, SSEA<\/p>\n<\/div>\n<\/div>\n<\/div>\n<\/div>\n<style class=\"advgb-styles-renderer\">#advgb-col-f5938e6a-dbe7-4823-b519-ae6fd3937102>.advgb-column-inner{}@media screen and (max-width: 1023px) {#advgb-col-f5938e6a-dbe7-4823-b519-ae6fd3937102>.advgb-column-inner{}}@media screen and (max-width: 767px) {#advgb-col-f5938e6a-dbe7-4823-b519-ae6fd3937102>.advgb-column-inner{}}#advgb-col-619c6a4c-9e98-4087-b405-a8dd6e555a46>.advgb-column-inner{}@media screen and (max-width: 1023px) {#advgb-col-619c6a4c-9e98-4087-b405-a8dd6e555a46>.advgb-column-inner{}}@media screen and (max-width: 767px) {#advgb-col-619c6a4c-9e98-4087-b405-a8dd6e555a46>.advgb-column-inner{}}#advgb-cols-59acf173-c7d5-4f80-81fa-78d78043f06b{margin-top:0px;}@media screen and (max-width: 1023px) {#advgb-cols-59acf173-c7d5-4f80-81fa-78d78043f06b{}}@media screen and (max-width: 767px) {#advgb-cols-59acf173-c7d5-4f80-81fa-78d78043f06b{}}#advgb-col-f5938e6a-dbe7-4823-b519-ae6fd3937102>.advgb-column-inner{}@media screen and (max-width: 1023px) {#advgb-col-f5938e6a-dbe7-4823-b519-ae6fd3937102>.advgb-column-inner{}}@media screen and (max-width: 767px) {#advgb-col-f5938e6a-dbe7-4823-b519-ae6fd3937102>.advgb-column-inner{}}#advgb-col-619c6a4c-9e98-4087-b405-a8dd6e555a46>.advgb-column-inner{}@media screen and (max-width: 1023px) {#advgb-col-619c6a4c-9e98-4087-b405-a8dd6e555a46>.advgb-column-inner{}}@media screen and (max-width: 767px) {#advgb-col-619c6a4c-9e98-4087-b405-a8dd6e555a46>.advgb-column-inner{}}#advgb-col-15a9e0fd-8a7b-4812-970a-86e5e201f090>.advgb-column-inner{}@media screen and (max-width: 1023px) {#advgb-col-15a9e0fd-8a7b-4812-970a-86e5e201f090>.advgb-column-inner{}}@media screen and (max-width: 767px) {#advgb-col-15a9e0fd-8a7b-4812-970a-86e5e201f090>.advgb-column-inner{}}#advgb-col-b21abd0a-ea9f-48f2-a95b-e9deef5c6c42>.advgb-column-inner{}@media screen and (max-width: 1023px) {#advgb-col-b21abd0a-ea9f-48f2-a95b-e9deef5c6c42>.advgb-column-inner{}}@media screen and (max-width: 767px) {#advgb-col-b21abd0a-ea9f-48f2-a95b-e9deef5c6c42>.advgb-column-inner{}}#advgb-cols-9f130d05-e324-4827-9a9c-fc3d87d4b53e{margin-top:0px;}@media screen and (max-width: 1023px) {#advgb-cols-9f130d05-e324-4827-9a9c-fc3d87d4b53e{}}@media screen and (max-width: 767px) {#advgb-cols-9f130d05-e324-4827-9a9c-fc3d87d4b53e{}}#advgb-col-15a9e0fd-8a7b-4812-970a-86e5e201f090>.advgb-column-inner{}@media screen and (max-width: 1023px) {#advgb-col-15a9e0fd-8a7b-4812-970a-86e5e201f090>.advgb-column-inner{}}@media screen and (max-width: 767px) {#advgb-col-15a9e0fd-8a7b-4812-970a-86e5e201f090>.advgb-column-inner{}}#advgb-col-b21abd0a-ea9f-48f2-a95b-e9deef5c6c42>.advgb-column-inner{}@media screen and (max-width: 1023px) {#advgb-col-b21abd0a-ea9f-48f2-a95b-e9deef5c6c42>.advgb-column-inner{}}@media screen and (max-width: 767px) {#advgb-col-b21abd0a-ea9f-48f2-a95b-e9deef5c6c42>.advgb-column-inner{}}#advgb-cols-59acf173-c7d5-4f80-81fa-78d78043f06b{margin-top:0px;}@media screen and (max-width: 1023px) {#advgb-cols-59acf173-c7d5-4f80-81fa-78d78043f06b{}}@media screen and (max-width: 767px) {#advgb-cols-59acf173-c7d5-4f80-81fa-78d78043f06b{}}#advgb-col-f5938e6a-dbe7-4823-b519-ae6fd3937102>.advgb-column-inner{}@media screen and (max-width: 1023px) {#advgb-col-f5938e6a-dbe7-4823-b519-ae6fd3937102>.advgb-column-inner{}}@media screen and (max-width: 767px) {#advgb-col-f5938e6a-dbe7-4823-b519-ae6fd3937102>.advgb-column-inner{}}#advgb-col-619c6a4c-9e98-4087-b405-a8dd6e555a46>.advgb-column-inner{}@media screen and (max-width: 1023px) {#advgb-col-619c6a4c-9e98-4087-b405-a8dd6e555a46>.advgb-column-inner{}}@media screen and (max-width: 767px) {#advgb-col-619c6a4c-9e98-4087-b405-a8dd6e555a46>.advgb-column-inner{}}#advgb-cols-9f130d05-e324-4827-9a9c-fc3d87d4b53e{margin-top:0px;}@media screen and (max-width: 1023px) {#advgb-cols-9f130d05-e324-4827-9a9c-fc3d87d4b53e{}}@media screen and (max-width: 767px) {#advgb-cols-9f130d05-e324-4827-9a9c-fc3d87d4b53e{}}#advgb-col-15a9e0fd-8a7b-4812-970a-86e5e201f090>.advgb-column-inner{}@media screen and (max-width: 1023px) {#advgb-col-15a9e0fd-8a7b-4812-970a-86e5e201f090>.advgb-column-inner{}}@media screen and (max-width: 767px) {#advgb-col-15a9e0fd-8a7b-4812-970a-86e5e201f090>.advgb-column-inner{}}#advgb-col-b21abd0a-ea9f-48f2-a95b-e9deef5c6c42>.advgb-column-inner{}@media screen and (max-width: 1023px) {#advgb-col-b21abd0a-ea9f-48f2-a95b-e9deef5c6c42>.advgb-column-inner{}}@media screen and (max-width: 767px) {#advgb-col-b21abd0a-ea9f-48f2-a95b-e9deef5c6c42>.advgb-column-inner{}}#advgb-col-4cdfa9cd-effe-403a-9452-55bbd483abc6>.advgb-column-inner{}@media screen and (max-width: 1023px) {#advgb-col-4cdfa9cd-effe-403a-9452-55bbd483abc6>.advgb-column-inner{}}@media screen and (max-width: 767px) {#advgb-col-4cdfa9cd-effe-403a-9452-55bbd483abc6>.advgb-column-inner{}}#advgb-col-37115533-e2a2-4db3-b940-6b998996e970>.advgb-column-inner{}@media screen and (max-width: 1023px) {#advgb-col-37115533-e2a2-4db3-b940-6b998996e970>.advgb-column-inner{}}@media screen and (max-width: 767px) {#advgb-col-37115533-e2a2-4db3-b940-6b998996e970>.advgb-column-inner{}}#advgb-cols-ee7dfb82-d30b-45f0-8fb5-b4a7ad26a040{margin-top:0px;}@media screen and (max-width: 1023px) {#advgb-cols-ee7dfb82-d30b-45f0-8fb5-b4a7ad26a040{}}@media screen and (max-width: 767px) {#advgb-cols-ee7dfb82-d30b-45f0-8fb5-b4a7ad26a040{}}#advgb-col-4cdfa9cd-effe-403a-9452-55bbd483abc6>.advgb-column-inner{}@media screen and (max-width: 1023px) {#advgb-col-4cdfa9cd-effe-403a-9452-55bbd483abc6>.advgb-column-inner{}}@media screen and (max-width: 767px) {#advgb-col-4cdfa9cd-effe-403a-9452-55bbd483abc6>.advgb-column-inner{}}#advgb-col-37115533-e2a2-4db3-b940-6b998996e970>.advgb-column-inner{}@media screen and (max-width: 1023px) {#advgb-col-37115533-e2a2-4db3-b940-6b998996e970>.advgb-column-inner{}}@media screen and (max-width: 767px) {#advgb-col-37115533-e2a2-4db3-b940-6b998996e970>.advgb-column-inner{}}#advgb-col-e910756a-a366-4742-9116-4d5bbcca7327>.advgb-column-inner{}@media screen and (max-width: 1023px) {#advgb-col-e910756a-a366-4742-9116-4d5bbcca7327>.advgb-column-inner{}}@media screen and (max-width: 767px) {#advgb-col-e910756a-a366-4742-9116-4d5bbcca7327>.advgb-column-inner{}}#advgb-col-3f96707a-3e2b-4b51-8bd4-fefc5079a1d4>.advgb-column-inner{}@media screen and (max-width: 1023px) {#advgb-col-3f96707a-3e2b-4b51-8bd4-fefc5079a1d4>.advgb-column-inner{}}@media screen and (max-width: 767px) {#advgb-col-3f96707a-3e2b-4b51-8bd4-fefc5079a1d4>.advgb-column-inner{}}#advgb-cols-3440de89-e744-41e0-a43c-f9fe28933916{margin-top:0px;}@media screen and (max-width: 1023px) {#advgb-cols-3440de89-e744-41e0-a43c-f9fe28933916{}}@media screen and (max-width: 767px) {#advgb-cols-3440de89-e744-41e0-a43c-f9fe28933916{}}#advgb-col-e910756a-a366-4742-9116-4d5bbcca7327>.advgb-column-inner{}@media screen and (max-width: 1023px) {#advgb-col-e910756a-a366-4742-9116-4d5bbcca7327>.advgb-column-inner{}}@media screen and (max-width: 767px) {#advgb-col-e910756a-a366-4742-9116-4d5bbcca7327>.advgb-column-inner{}}#advgb-col-3f96707a-3e2b-4b51-8bd4-fefc5079a1d4>.advgb-column-inner{}@media screen and (max-width: 1023px) {#advgb-col-3f96707a-3e2b-4b51-8bd4-fefc5079a1d4>.advgb-column-inner{}}@media screen and (max-width: 767px) {#advgb-col-3f96707a-3e2b-4b51-8bd4-fefc5079a1d4>.advgb-column-inner{}}#advgb-col-744dd92a-60ce-47c6-8a5d-8d8d2e9dc21b>.advgb-column-inner{}@media screen and (max-width: 1023px) {#advgb-col-744dd92a-60ce-47c6-8a5d-8d8d2e9dc21b>.advgb-column-inner{}}@media screen and (max-width: 767px) {#advgb-col-744dd92a-60ce-47c6-8a5d-8d8d2e9dc21b>.advgb-column-inner{}}#advgb-col-22449487-6a82-4b20-9273-9c9acbef0410>.advgb-column-inner{}@media screen and (max-width: 1023px) {#advgb-col-22449487-6a82-4b20-9273-9c9acbef0410>.advgb-column-inner{}}@media screen and (max-width: 767px) {#advgb-col-22449487-6a82-4b20-9273-9c9acbef0410>.advgb-column-inner{}}#advgb-cols-923d0b58-40e5-4f3c-b443-a8369171cc89{margin-top:0px;}@media screen and (max-width: 1023px) {#advgb-cols-923d0b58-40e5-4f3c-b443-a8369171cc89{}}@media screen and (max-width: 767px) {#advgb-cols-923d0b58-40e5-4f3c-b443-a8369171cc89{}}#advgb-col-744dd92a-60ce-47c6-8a5d-8d8d2e9dc21b>.advgb-column-inner{}@media screen and (max-width: 1023px) {#advgb-col-744dd92a-60ce-47c6-8a5d-8d8d2e9dc21b>.advgb-column-inner{}}@media screen and (max-width: 767px) {#advgb-col-744dd92a-60ce-47c6-8a5d-8d8d2e9dc21b>.advgb-column-inner{}}#advgb-col-22449487-6a82-4b20-9273-9c9acbef0410>.advgb-column-inner{}@media screen and (max-width: 1023px) {#advgb-col-22449487-6a82-4b20-9273-9c9acbef0410>.advgb-column-inner{}}@media screen and (max-width: 767px) {#advgb-col-22449487-6a82-4b20-9273-9c9acbef0410>.advgb-column-inner{}}#advgb-col-a75ff514-03f7-4397-b271-65b4229918c7>.advgb-column-inner{}@media screen and (max-width: 1023px) {#advgb-col-a75ff514-03f7-4397-b271-65b4229918c7>.advgb-column-inner{}}@media screen and (max-width: 767px) {#advgb-col-a75ff514-03f7-4397-b271-65b4229918c7>.advgb-column-inner{}}#advgb-col-3ec867b4-272a-44cd-852c-f2a623289b73>.advgb-column-inner{}@media screen and (max-width: 1023px) {#advgb-col-3ec867b4-272a-44cd-852c-f2a623289b73>.advgb-column-inner{}}@media screen and (max-width: 767px) {#advgb-col-3ec867b4-272a-44cd-852c-f2a623289b73>.advgb-column-inner{}}#advgb-cols-ff06a151-b400-4732-bfd9-34952ccf9b04{margin-top:0px;}@media screen and (max-width: 1023px) {#advgb-cols-ff06a151-b400-4732-bfd9-34952ccf9b04{}}@media screen and (max-width: 767px) {#advgb-cols-ff06a151-b400-4732-bfd9-34952ccf9b04{}}#advgb-col-a75ff514-03f7-4397-b271-65b4229918c7>.advgb-column-inner{}@media screen and (max-width: 1023px) {#advgb-col-a75ff514-03f7-4397-b271-65b4229918c7>.advgb-column-inner{}}@media screen and (max-width: 767px) {#advgb-col-a75ff514-03f7-4397-b271-65b4229918c7>.advgb-column-inner{}}#advgb-col-3ec867b4-272a-44cd-852c-f2a623289b73>.advgb-column-inner{}@media screen and (max-width: 1023px) {#advgb-col-3ec867b4-272a-44cd-852c-f2a623289b73>.advgb-column-inner{}}@media screen and (max-width: 767px) {#advgb-col-3ec867b4-272a-44cd-852c-f2a623289b73>.advgb-column-inner{}}#advgb-col-7f9686a3-3187-4a57-96fe-b465f476e0a5>.advgb-column-inner{}@media screen and (max-width: 1023px) {#advgb-col-7f9686a3-3187-4a57-96fe-b465f476e0a5>.advgb-column-inner{}}@media screen and (max-width: 767px) {#advgb-col-7f9686a3-3187-4a57-96fe-b465f476e0a5>.advgb-column-inner{}}#advgb-col-d20ca6d7-a55d-4688-a6c2-8b82fd3f4f02>.advgb-column-inner{}@media screen and (max-width: 1023px) {#advgb-col-d20ca6d7-a55d-4688-a6c2-8b82fd3f4f02>.advgb-column-inner{}}@media screen and (max-width: 767px) {#advgb-col-d20ca6d7-a55d-4688-a6c2-8b82fd3f4f02>.advgb-column-inner{}}#advgb-cols-fd1bf74d-01a7-44bb-8f7f-f961d5657e26{margin-top:0px;}@media screen and (max-width: 1023px) {#advgb-cols-fd1bf74d-01a7-44bb-8f7f-f961d5657e26{}}@media screen and (max-width: 767px) {#advgb-cols-fd1bf74d-01a7-44bb-8f7f-f961d5657e26{}}#advgb-col-7f9686a3-3187-4a57-96fe-b465f476e0a5>.advgb-column-inner{}@media screen and (max-width: 1023px) {#advgb-col-7f9686a3-3187-4a57-96fe-b465f476e0a5>.advgb-column-inner{}}@media screen and (max-width: 767px) {#advgb-col-7f9686a3-3187-4a57-96fe-b465f476e0a5>.advgb-column-inner{}}#advgb-col-d20ca6d7-a55d-4688-a6c2-8b82fd3f4f02>.advgb-column-inner{}@media screen and (max-width: 1023px) {#advgb-col-d20ca6d7-a55d-4688-a6c2-8b82fd3f4f02>.advgb-column-inner{}}@media screen and (max-width: 767px) {#advgb-col-d20ca6d7-a55d-4688-a6c2-8b82fd3f4f02>.advgb-column-inner{}}#advgb-cols-ee7dfb82-d30b-45f0-8fb5-b4a7ad26a040{margin-top:0px;}@media screen and (max-width: 1023px) {#advgb-cols-ee7dfb82-d30b-45f0-8fb5-b4a7ad26a040{}}@media screen and (max-width: 767px) {#advgb-cols-ee7dfb82-d30b-45f0-8fb5-b4a7ad26a040{}}#advgb-col-4cdfa9cd-effe-403a-9452-55bbd483abc6>.advgb-column-inner{}@media screen and (max-width: 1023px) {#advgb-col-4cdfa9cd-effe-403a-9452-55bbd483abc6>.advgb-column-inner{}}@media screen and (max-width: 767px) {#advgb-col-4cdfa9cd-effe-403a-9452-55bbd483abc6>.advgb-column-inner{}}#advgb-col-37115533-e2a2-4db3-b940-6b998996e970>.advgb-column-inner{}@media screen and (max-width: 1023px) {#advgb-col-37115533-e2a2-4db3-b940-6b998996e970>.advgb-column-inner{}}@media screen and (max-width: 767px) {#advgb-col-37115533-e2a2-4db3-b940-6b998996e970>.advgb-column-inner{}}#advgb-cols-3440de89-e744-41e0-a43c-f9fe28933916{margin-top:0px;}@media screen and (max-width: 1023px) {#advgb-cols-3440de89-e744-41e0-a43c-f9fe28933916{}}@media screen and (max-width: 767px) {#advgb-cols-3440de89-e744-41e0-a43c-f9fe28933916{}}#advgb-col-e910756a-a366-4742-9116-4d5bbcca7327>.advgb-column-inner{}@media screen and (max-width: 1023px) {#advgb-col-e910756a-a366-4742-9116-4d5bbcca7327>.advgb-column-inner{}}@media screen and (max-width: 767px) {#advgb-col-e910756a-a366-4742-9116-4d5bbcca7327>.advgb-column-inner{}}#advgb-col-3f96707a-3e2b-4b51-8bd4-fefc5079a1d4>.advgb-column-inner{}@media screen and (max-width: 1023px) {#advgb-col-3f96707a-3e2b-4b51-8bd4-fefc5079a1d4>.advgb-column-inner{}}@media screen and (max-width: 767px) {#advgb-col-3f96707a-3e2b-4b51-8bd4-fefc5079a1d4>.advgb-column-inner{}}#advgb-cols-923d0b58-40e5-4f3c-b443-a8369171cc89{margin-top:0px;}@media screen and (max-width: 1023px) {#advgb-cols-923d0b58-40e5-4f3c-b443-a8369171cc89{}}@media screen and (max-width: 767px) {#advgb-cols-923d0b58-40e5-4f3c-b443-a8369171cc89{}}#advgb-col-744dd92a-60ce-47c6-8a5d-8d8d2e9dc21b>.advgb-column-inner{}@media screen and (max-width: 1023px) {#advgb-col-744dd92a-60ce-47c6-8a5d-8d8d2e9dc21b>.advgb-column-inner{}}@media screen and (max-width: 767px) {#advgb-col-744dd92a-60ce-47c6-8a5d-8d8d2e9dc21b>.advgb-column-inner{}}#advgb-col-22449487-6a82-4b20-9273-9c9acbef0410>.advgb-column-inner{}@media screen and (max-width: 1023px) {#advgb-col-22449487-6a82-4b20-9273-9c9acbef0410>.advgb-column-inner{}}@media screen and (max-width: 767px) {#advgb-col-22449487-6a82-4b20-9273-9c9acbef0410>.advgb-column-inner{}}#advgb-cols-ff06a151-b400-4732-bfd9-34952ccf9b04{margin-top:0px;}@media screen and (max-width: 1023px) {#advgb-cols-ff06a151-b400-4732-bfd9-34952ccf9b04{}}@media screen and (max-width: 767px) {#advgb-cols-ff06a151-b400-4732-bfd9-34952ccf9b04{}}#advgb-col-a75ff514-03f7-4397-b271-65b4229918c7>.advgb-column-inner{}@media screen and (max-width: 1023px) {#advgb-col-a75ff514-03f7-4397-b271-65b4229918c7>.advgb-column-inner{}}@media screen and (max-width: 767px) {#advgb-col-a75ff514-03f7-4397-b271-65b4229918c7>.advgb-column-inner{}}#advgb-col-3ec867b4-272a-44cd-852c-f2a623289b73>.advgb-column-inner{}@media screen and (max-width: 1023px) {#advgb-col-3ec867b4-272a-44cd-852c-f2a623289b73>.advgb-column-inner{}}@media screen and (max-width: 767px) {#advgb-col-3ec867b4-272a-44cd-852c-f2a623289b73>.advgb-column-inner{}}#advgb-cols-fd1bf74d-01a7-44bb-8f7f-f961d5657e26{margin-top:0px;}@media screen and (max-width: 1023px) {#advgb-cols-fd1bf74d-01a7-44bb-8f7f-f961d5657e26{}}@media screen and (max-width: 767px) {#advgb-cols-fd1bf74d-01a7-44bb-8f7f-f961d5657e26{}}#advgb-col-7f9686a3-3187-4a57-96fe-b465f476e0a5>.advgb-column-inner{}@media screen and (max-width: 1023px) {#advgb-col-7f9686a3-3187-4a57-96fe-b465f476e0a5>.advgb-column-inner{}}@media screen and (max-width: 767px) {#advgb-col-7f9686a3-3187-4a57-96fe-b465f476e0a5>.advgb-column-inner{}}#advgb-col-d20ca6d7-a55d-4688-a6c2-8b82fd3f4f02>.advgb-column-inner{}@media screen and (max-width: 1023px) {#advgb-col-d20ca6d7-a55d-4688-a6c2-8b82fd3f4f02>.advgb-column-inner{}}@media screen and (max-width: 767px) {#advgb-col-d20ca6d7-a55d-4688-a6c2-8b82fd3f4f02>.advgb-column-inner{}}#advgb-col-85b723a3-0b24-4928-b103-fe5a9861036e>.advgb-column-inner{}@media screen and (max-width: 1023px) {#advgb-col-85b723a3-0b24-4928-b103-fe5a9861036e>.advgb-column-inner{}}@media screen and (max-width: 767px) {#advgb-col-85b723a3-0b24-4928-b103-fe5a9861036e>.advgb-column-inner{}}#advgb-col-b8938732-32f2-4869-8aba-1fd295acc1fa>.advgb-column-inner{}@media screen and (max-width: 1023px) {#advgb-col-b8938732-32f2-4869-8aba-1fd295acc1fa>.advgb-column-inner{}}@media screen and (max-width: 767px) {#advgb-col-b8938732-32f2-4869-8aba-1fd295acc1fa>.advgb-column-inner{}}#advgb-cols-76a693ad-8e42-44a9-a1b7-183c38902d1e{margin-top:0px;}@media screen and (max-width: 1023px) {#advgb-cols-76a693ad-8e42-44a9-a1b7-183c38902d1e{}}@media screen and (max-width: 767px) {#advgb-cols-76a693ad-8e42-44a9-a1b7-183c38902d1e{}}#advgb-col-85b723a3-0b24-4928-b103-fe5a9861036e>.advgb-column-inner{}@media screen and (max-width: 1023px) {#advgb-col-85b723a3-0b24-4928-b103-fe5a9861036e>.advgb-column-inner{}}@media screen and (max-width: 767px) {#advgb-col-85b723a3-0b24-4928-b103-fe5a9861036e>.advgb-column-inner{}}#advgb-col-b8938732-32f2-4869-8aba-1fd295acc1fa>.advgb-column-inner{}@media screen and (max-width: 1023px) {#advgb-col-b8938732-32f2-4869-8aba-1fd295acc1fa>.advgb-column-inner{}}@media screen and (max-width: 767px) {#advgb-col-b8938732-32f2-4869-8aba-1fd295acc1fa>.advgb-column-inner{}}#advgb-col-8614cff1-dac2-4271-9382-c23fe2fee8fd>.advgb-column-inner{}@media screen and (max-width: 1023px) {#advgb-col-8614cff1-dac2-4271-9382-c23fe2fee8fd>.advgb-column-inner{}}@media screen and (max-width: 767px) {#advgb-col-8614cff1-dac2-4271-9382-c23fe2fee8fd>.advgb-column-inner{}}#advgb-col-9793b734-ae57-4255-9be6-f51d73e71c6f>.advgb-column-inner{}@media screen and (max-width: 1023px) {#advgb-col-9793b734-ae57-4255-9be6-f51d73e71c6f>.advgb-column-inner{}}@media screen and (max-width: 767px) {#advgb-col-9793b734-ae57-4255-9be6-f51d73e71c6f>.advgb-column-inner{}}#advgb-cols-69dafad9-5a4e-4bc8-8595-cec27f1681f7{margin-top:0px;}@media screen and (max-width: 1023px) {#advgb-cols-69dafad9-5a4e-4bc8-8595-cec27f1681f7{}}@media screen and (max-width: 767px) {#advgb-cols-69dafad9-5a4e-4bc8-8595-cec27f1681f7{}}#advgb-col-8614cff1-dac2-4271-9382-c23fe2fee8fd>.advgb-column-inner{}@media screen and (max-width: 1023px) {#advgb-col-8614cff1-dac2-4271-9382-c23fe2fee8fd>.advgb-column-inner{}}@media screen and (max-width: 767px) {#advgb-col-8614cff1-dac2-4271-9382-c23fe2fee8fd>.advgb-column-inner{}}#advgb-col-9793b734-ae57-4255-9be6-f51d73e71c6f>.advgb-column-inner{}@media screen and (max-width: 1023px) {#advgb-col-9793b734-ae57-4255-9be6-f51d73e71c6f>.advgb-column-inner{}}@media screen and (max-width: 767px) {#advgb-col-9793b734-ae57-4255-9be6-f51d73e71c6f>.advgb-column-inner{}}#advgb-col-4ea250c3-78f2-49f8-967a-09998c0ee286>.advgb-column-inner{}@media screen and (max-width: 1023px) {#advgb-col-4ea250c3-78f2-49f8-967a-09998c0ee286>.advgb-column-inner{}}@media screen and (max-width: 767px) {#advgb-col-4ea250c3-78f2-49f8-967a-09998c0ee286>.advgb-column-inner{}}#advgb-col-904510ff-5b59-4bad-8fe4-a4d5202a88ab>.advgb-column-inner{}@media screen and (max-width: 1023px) {#advgb-col-904510ff-5b59-4bad-8fe4-a4d5202a88ab>.advgb-column-inner{}}@media screen and (max-width: 767px) {#advgb-col-904510ff-5b59-4bad-8fe4-a4d5202a88ab>.advgb-column-inner{}}#advgb-cols-85dd4be9-f8c7-41eb-b7ae-99763785d439{margin-top:0px;}@media screen and (max-width: 1023px) {#advgb-cols-85dd4be9-f8c7-41eb-b7ae-99763785d439{}}@media screen and (max-width: 767px) {#advgb-cols-85dd4be9-f8c7-41eb-b7ae-99763785d439{}}#advgb-col-4ea250c3-78f2-49f8-967a-09998c0ee286>.advgb-column-inner{}@media screen and (max-width: 1023px) {#advgb-col-4ea250c3-78f2-49f8-967a-09998c0ee286>.advgb-column-inner{}}@media screen and (max-width: 767px) {#advgb-col-4ea250c3-78f2-49f8-967a-09998c0ee286>.advgb-column-inner{}}#advgb-col-904510ff-5b59-4bad-8fe4-a4d5202a88ab>.advgb-column-inner{}@media screen and (max-width: 1023px) {#advgb-col-904510ff-5b59-4bad-8fe4-a4d5202a88ab>.advgb-column-inner{}}@media screen and (max-width: 767px) {#advgb-col-904510ff-5b59-4bad-8fe4-a4d5202a88ab>.advgb-column-inner{}}#advgb-cols-76a693ad-8e42-44a9-a1b7-183c38902d1e{margin-top:0px;}@media screen and (max-width: 1023px) {#advgb-cols-76a693ad-8e42-44a9-a1b7-183c38902d1e{}}@media screen and (max-width: 767px) {#advgb-cols-76a693ad-8e42-44a9-a1b7-183c38902d1e{}}#advgb-col-85b723a3-0b24-4928-b103-fe5a9861036e>.advgb-column-inner{}@media screen and (max-width: 1023px) {#advgb-col-85b723a3-0b24-4928-b103-fe5a9861036e>.advgb-column-inner{}}@media screen and (max-width: 767px) {#advgb-col-85b723a3-0b24-4928-b103-fe5a9861036e>.advgb-column-inner{}}#advgb-col-b8938732-32f2-4869-8aba-1fd295acc1fa>.advgb-column-inner{}@media screen and (max-width: 1023px) {#advgb-col-b8938732-32f2-4869-8aba-1fd295acc1fa>.advgb-column-inner{}}@media screen and (max-width: 767px) {#advgb-col-b8938732-32f2-4869-8aba-1fd295acc1fa>.advgb-column-inner{}}#advgb-cols-69dafad9-5a4e-4bc8-8595-cec27f1681f7{margin-top:0px;}@media screen and (max-width: 1023px) {#advgb-cols-69dafad9-5a4e-4bc8-8595-cec27f1681f7{}}@media screen and (max-width: 767px) {#advgb-cols-69dafad9-5a4e-4bc8-8595-cec27f1681f7{}}#advgb-col-8614cff1-dac2-4271-9382-c23fe2fee8fd>.advgb-column-inner{}@media screen and (max-width: 1023px) {#advgb-col-8614cff1-dac2-4271-9382-c23fe2fee8fd>.advgb-column-inner{}}@media screen and (max-width: 767px) {#advgb-col-8614cff1-dac2-4271-9382-c23fe2fee8fd>.advgb-column-inner{}}#advgb-col-9793b734-ae57-4255-9be6-f51d73e71c6f>.advgb-column-inner{}@media screen and (max-width: 1023px) {#advgb-col-9793b734-ae57-4255-9be6-f51d73e71c6f>.advgb-column-inner{}}@media screen and (max-width: 767px) {#advgb-col-9793b734-ae57-4255-9be6-f51d73e71c6f>.advgb-column-inner{}}#advgb-cols-85dd4be9-f8c7-41eb-b7ae-99763785d439{margin-top:0px;}@media screen and (max-width: 1023px) {#advgb-cols-85dd4be9-f8c7-41eb-b7ae-99763785d439{}}@media screen and (max-width: 767px) {#advgb-cols-85dd4be9-f8c7-41eb-b7ae-99763785d439{}}#advgb-col-4ea250c3-78f2-49f8-967a-09998c0ee286>.advgb-column-inner{}@media screen and (max-width: 1023px) {#advgb-col-4ea250c3-78f2-49f8-967a-09998c0ee286>.advgb-column-inner{}}@media screen and (max-width: 767px) {#advgb-col-4ea250c3-78f2-49f8-967a-09998c0ee286>.advgb-column-inner{}}#advgb-col-904510ff-5b59-4bad-8fe4-a4d5202a88ab>.advgb-column-inner{}@media screen and (max-width: 1023px) {#advgb-col-904510ff-5b59-4bad-8fe4-a4d5202a88ab>.advgb-column-inner{}}@media screen and (max-width: 767px) {#advgb-col-904510ff-5b59-4bad-8fe4-a4d5202a88ab>.advgb-column-inner{}}#advgb-col-e14c4281-2129-4ea5-96ff-0d43a797f5ff>.advgb-column-inner{}@media screen and (max-width: 1023px) {#advgb-col-e14c4281-2129-4ea5-96ff-0d43a797f5ff>.advgb-column-inner{}}@media screen and (max-width: 767px) {#advgb-col-e14c4281-2129-4ea5-96ff-0d43a797f5ff>.advgb-column-inner{}}#advgb-col-ad02b77f-a5bd-44c1-a930-572e99636b06>.advgb-column-inner{}@media screen and (max-width: 1023px) {#advgb-col-ad02b77f-a5bd-44c1-a930-572e99636b06>.advgb-column-inner{}}@media screen and (max-width: 767px) {#advgb-col-ad02b77f-a5bd-44c1-a930-572e99636b06>.advgb-column-inner{}}#advgb-cols-5647b5f9-027d-4eaf-b023-a12b52c3c330{margin-top:0px;}@media screen and (max-width: 1023px) {#advgb-cols-5647b5f9-027d-4eaf-b023-a12b52c3c330{}}@media screen and (max-width: 767px) {#advgb-cols-5647b5f9-027d-4eaf-b023-a12b52c3c330{}}#advgb-col-e14c4281-2129-4ea5-96ff-0d43a797f5ff>.advgb-column-inner{}@media screen and (max-width: 1023px) {#advgb-col-e14c4281-2129-4ea5-96ff-0d43a797f5ff>.advgb-column-inner{}}@media screen and (max-width: 767px) {#advgb-col-e14c4281-2129-4ea5-96ff-0d43a797f5ff>.advgb-column-inner{}}#advgb-col-ad02b77f-a5bd-44c1-a930-572e99636b06>.advgb-column-inner{}@media screen and (max-width: 1023px) {#advgb-col-ad02b77f-a5bd-44c1-a930-572e99636b06>.advgb-column-inner{}}@media screen and (max-width: 767px) {#advgb-col-ad02b77f-a5bd-44c1-a930-572e99636b06>.advgb-column-inner{}}#advgb-cols-5647b5f9-027d-4eaf-b023-a12b52c3c330{margin-top:0px;}@media screen and (max-width: 1023px) {#advgb-cols-5647b5f9-027d-4eaf-b023-a12b52c3c330{}}@media screen and (max-width: 767px) {#advgb-cols-5647b5f9-027d-4eaf-b023-a12b52c3c330{}}#advgb-col-e14c4281-2129-4ea5-96ff-0d43a797f5ff>.advgb-column-inner{}@media screen and (max-width: 1023px) {#advgb-col-e14c4281-2129-4ea5-96ff-0d43a797f5ff>.advgb-column-inner{}}@media screen and (max-width: 767px) {#advgb-col-e14c4281-2129-4ea5-96ff-0d43a797f5ff>.advgb-column-inner{}}#advgb-col-ad02b77f-a5bd-44c1-a930-572e99636b06>.advgb-column-inner{}@media screen and (max-width: 1023px) {#advgb-col-ad02b77f-a5bd-44c1-a930-572e99636b06>.advgb-column-inner{}}@media screen and (max-width: 767px) {#advgb-col-ad02b77f-a5bd-44c1-a930-572e99636b06>.advgb-column-inner{}}<\/style><div class=\"acf-fields-container\" data-post-id=\"50234\" data-canto-acf=\"true\"><\/div><style>\r\n        .acf-fields-container {\r\n            margin: 2em 0;\r\n            width: 100%;\r\n            clear: both;\r\n        }\r\n        .acf-field-image {\r\n            margin: 1.5em 0;\r\n            position: relative;\r\n        }\r\n        .acf-field-label {\r\n            margin-bottom: 1em;\r\n        }\r\n        .acf-image {\r\n            max-width: 100%;\r\n            height: auto;\r\n            display: block;\r\n            margin: 1em 0;\r\n        }\r\n    <\/style>","protected":false},"excerpt":{"rendered":"<div class=\"seriesmeta agripedia-series-meta-wrapper\">This entry is part 2 of 3 in the series <a href=\"https:\/\/themes.agripedia.ch\/fr\/series\/environnement-et-climat-a-lalpage\/\" class=\"series-1284\" title=\"Environnement et climat \u00e0 l\u2019alpage\">Environnement et climat \u00e0 l\u2019alpage<\/a><\/div><p>Les Alpes sont connues comme le \u00ab\u00a0ch\u00e2teau d&rsquo;eau de l&rsquo;Europe\u00a0\u00bb. Cependant, le changement climatique influence particuli\u00e8rement l&rsquo;espace alpin. Lors d&rsquo;ann\u00e9es particuli\u00e8rement s\u00e8ches, des sites qui recevaient jusqu&rsquo;alors suffisamment de pr\u00e9cipitations se retrouvent soudainement en manque d&rsquo;eau. L&rsquo;am\u00e9lioration de l&rsquo;approvisionnement en eau devient une pr\u00e9occupation pour un nombre croissant d&rsquo;exploitants d&rsquo;alpages. Des exemples de projets et de mesures permettant d&rsquo;y parvenir sont pr\u00e9sent\u00e9s ici.<\/p>\n","protected":false},"author":118,"featured_media":61483,"comment_status":"closed","ping_status":"closed","sticky":false,"template":"","format":"standard","meta":{"_acf_changed":false,"_autodraft_ids":[],"advgb_blocks_editor_width":"","advgb_blocks_columns_visual_guide":"","_monsterinsights_skip_tracking":false,"_monsterinsights_sitenote_active":false,"_monsterinsights_sitenote_note":"","_monsterinsights_sitenote_category":0,"ngg_post_thumbnail":0,"_sb_is_suggestion_mode":false,"_sb_show_suggestion_boards":false,"_sb_show_comment_boards":false,"_sb_suggestion_history":"","_sb_update_block_changes":"","_is_real_time_mode":false,"_realtime_collaborators":"","footnotes":"","cf_checklist_status":["SEO Title Length","Internal Links","External Links","Featured Image Added","Category Assigned","Alt Text for All Images"]},"categories":[143,1646,119,737],"tags":[],"series":[1284],"ppma_author":[456,374,3893],"class_list":["post-50234","post","type-post","status-publish","format-standard","has-post-thumbnail","hentry","category-climat","category-eau","category-alpwirtschaft-fr","category-portail-sur-leconomie-alpestre","series-environnement-et-climat-a-lalpage"],"pp_statuses_selecting_workflow":false,"pp_workflow_action":"current","pp_status_selection":"publish","acf":[],"canto_acf_fields":"<div class=\"acf-fields-container\" data-post-id=\"50234\" data-canto-acf=\"true\"><\/div><style>\r\n        .acf-fields-container {\r\n            margin: 2em 0;\r\n            width: 100%;\r\n            clear: both;\r\n        }\r\n        .acf-field-image {\r\n            margin: 1.5em 0;\r\n            position: relative;\r\n        }\r\n        .acf-field-label {\r\n            margin-bottom: 1em;\r\n        }\r\n        .acf-image {\r\n            max-width: 100%;\r\n            height: auto;\r\n            display: block;\r\n            margin: 1em 0;\r\n        }\r\n    <\/style>","author_meta":{"display_name":"Marc Gilgen","author_link":"https:\/\/themes.agripedia.ch\/fr\/author\/mgi\/"},"featured_img":"https:\/\/themes.agripedia.ch\/wp-content\/uploads\/2024\/08\/IMG_0665-300x225.jpg","coauthors":[{"link":"https:\/\/themes.agripedia.ch\/fr\/author\/mgi\/","display_name":"Marc Gilgen"},{"link":"https:\/\/themes.agripedia.ch\/fr\/author\/eha0\/","display_name":"Esther Haesen"},{"link":"https:\/\/themes.agripedia.ch\/fr\/author\/dme0\/","display_name":"Daniel Mettler"}],"tax_additional":{"categories":{"linked":["<a href=\"https:\/\/themes.agripedia.ch\/fr\/theme\/themen-fr\/climat\/\" class=\"advgb-post-tax-term\">Climat<\/a>","<a href=\"https:\/\/themes.agripedia.ch\/fr\/theme\/eau\/\" class=\"advgb-post-tax-term\">Eau<\/a>","<a href=\"https:\/\/themes.agripedia.ch\/fr\/theme\/themen-fr\/alpwirtschaft-fr\/\" class=\"advgb-post-tax-term\">\u00c9conomie alpestre<\/a>","<a href=\"https:\/\/themes.agripedia.ch\/fr\/theme\/portail-sur-leconomie-alpestre\/\" class=\"advgb-post-tax-term\">Portail sur l&#039;\u00e9conomie alpestre<\/a>"],"unlinked":["<span class=\"advgb-post-tax-term\">Climat<\/span>","<span class=\"advgb-post-tax-term\">Eau<\/span>","<span class=\"advgb-post-tax-term\">\u00c9conomie alpestre<\/span>","<span class=\"advgb-post-tax-term\">Portail sur l&#039;\u00e9conomie alpestre<\/span>"]}},"comment_count":"0","relative_dates":{"created":"Publi\u00e9 2 ans il y a","modified":"Mis \u00e0 jour 2 mois il y a"},"absolute_dates":{"created":"Publi\u00e9 le 12.08.2024","modified":"Mise \u00e0 jour le 16.02.2026"},"absolute_dates_time":{"created":"Publi\u00e9 le 12.08.2024 11:57 am","modified":"Mise \u00e0 jour le 16.02.2026 4:30 pm"},"featured_img_caption":"","series_order":2,"authors":[{"term_id":456,"user_id":118,"is_guest":0,"slug":"mgi","display_name":"Marc Gilgen","avatar_url":"https:\/\/secure.gravatar.com\/avatar\/?s=96&d=mm&r=g","0":null,"1":"","2":"","3":"","4":"","5":"","6":"","7":"","8":"","9":""},{"term_id":374,"user_id":105,"is_guest":0,"slug":"eha0","display_name":"Esther Haesen","avatar_url":"https:\/\/secure.gravatar.com\/avatar\/10792f08143a4c8d0c3755aad7f1b6dc1c4aaf91dd91448e15bca17674f98ec2?s=96&d=mm&r=g","0":null,"1":"","2":"","3":"","4":"","5":"","6":"","7":"","8":"","9":""},{"term_id":3893,"user_id":169,"is_guest":0,"slug":"dme0","display_name":"Daniel Mettler","avatar_url":"https:\/\/secure.gravatar.com\/avatar\/e0a8f7de689a6a22a9998ab5d5f34789b2400ff04f8bef6fbca5b02977ad6400?s=96&d=mm&r=g","0":null,"1":"","2":"","3":"","4":"","5":"","6":"","7":"","8":"","9":""}],"_links":{"self":[{"href":"https:\/\/themes.agripedia.ch\/fr\/wp-json\/wp\/v2\/posts\/50234","targetHints":{"allow":["GET"]}}],"collection":[{"href":"https:\/\/themes.agripedia.ch\/fr\/wp-json\/wp\/v2\/posts"}],"about":[{"href":"https:\/\/themes.agripedia.ch\/fr\/wp-json\/wp\/v2\/types\/post"}],"author":[{"embeddable":true,"href":"https:\/\/themes.agripedia.ch\/fr\/wp-json\/wp\/v2\/users\/118"}],"replies":[{"embeddable":true,"href":"https:\/\/themes.agripedia.ch\/fr\/wp-json\/wp\/v2\/comments?post=50234"}],"version-history":[{"count":11,"href":"https:\/\/themes.agripedia.ch\/fr\/wp-json\/wp\/v2\/posts\/50234\/revisions"}],"predecessor-version":[{"id":80403,"href":"https:\/\/themes.agripedia.ch\/fr\/wp-json\/wp\/v2\/posts\/50234\/revisions\/80403"}],"wp:featuredmedia":[{"embeddable":true,"href":"https:\/\/themes.agripedia.ch\/fr\/wp-json\/wp\/v2\/media\/61483"}],"wp:attachment":[{"href":"https:\/\/themes.agripedia.ch\/fr\/wp-json\/wp\/v2\/media?parent=50234"}],"wp:term":[{"taxonomy":"category","embeddable":true,"href":"https:\/\/themes.agripedia.ch\/fr\/wp-json\/wp\/v2\/categories?post=50234"},{"taxonomy":"post_tag","embeddable":true,"href":"https:\/\/themes.agripedia.ch\/fr\/wp-json\/wp\/v2\/tags?post=50234"},{"taxonomy":"series","embeddable":true,"href":"https:\/\/themes.agripedia.ch\/fr\/wp-json\/wp\/v2\/series?post=50234"},{"taxonomy":"author","embeddable":true,"href":"https:\/\/themes.agripedia.ch\/fr\/wp-json\/wp\/v2\/ppma_author?post=50234"}],"curies":[{"name":"wp","href":"https:\/\/api.w.org\/{rel}","templated":true}]}}