{"id":49608,"date":"2024-03-01T12:51:23","date_gmt":"2024-03-01T11:51:23","guid":{"rendered":"https:\/\/themes.agripedia.ch\/fr\/?p=49608&#038;preview=true&#038;preview_id=49608"},"modified":"2026-03-30T16:53:18","modified_gmt":"2026-03-30T14:53:18","slug":"les-technologies-numeriques-dans-la-protection-des-cultures","status":"publish","type":"post","link":"https:\/\/themes.agripedia.ch\/fr\/les-technologies-numeriques-dans-la-protection-des-cultures\/","title":{"rendered":"Les technologies num\u00e9riques dans la protection des cultures"},"content":{"rendered":"<div class=\"seriesmeta agripedia-series-meta-wrapper\"><!--This entry is part 1 of 9 in the series--> <a href=\"https:\/\/themes.agripedia.ch\/fr\/series\/la-technologie-numerique-dans-lagriculture\/\" class=\"series-366\" title=\"La technologie num\u00e9rique dans l'agriculture\">La technologie num\u00e9rique dans l'agriculture<\/a> (1 \/ 9)<\/div>\n\n\n\n\n<div id=\"intro\" class=\"wp-block-group is-layout-flow wp-block-group-is-layout-flow\">\n<p>Les technologies num\u00e9riques disponibles sur le march\u00e9, telles que les syst\u00e8mes de guidage par satellite et par capteurs, les pulv\u00e9risateurs, les bineuses, les syst\u00e8mes robotis\u00e9s, les drones ainsi que les outils pr\u00e9dictifs de protection des cultures, permettent d&rsquo;optimiser et de r\u00e9duire l&rsquo;utilisation des produits phytosanitaires. Ils aident par exemple \u00e0 r\u00e9duire la fr\u00e9quence des traitements en exploitant le moment optimal de traitement, en \u00e9liminant les chevauchements \u00e0 l&rsquo;int\u00e9rieur et \u00e0 l&rsquo;ext\u00e9rieur du champ ou en utilisant des m\u00e9thodes de desherbage m\u00e9caniques.<\/p>\n\n\n\n<p>Ces technologies num\u00e9riques couvrent tous les domaines de la protection int\u00e9gr\u00e9e des cultures, illustr\u00e9e sous la forme d&rsquo;une pyramide. Elles sont utilis\u00e9es dans le cadre de mesures pr\u00e9ventives, comme aides \u00e0 la d\u00e9cision, ainsi que pour la lutte non chimique et chimique.<\/p>\n\n\n\n<figure class=\"wp-block-image size-full\"><img decoding=\"async\" src=\"https:\/\/themes.agripedia.ch\/wp-content\/uploads\/2026\/03\/Digitale-Technologien-PS-Pyramide_FR.svg\" alt=\"\" class=\"wp-image-81214\"\/><figcaption class=\"wp-element-caption\">Sources: PFLOPF, Agridea Agroscope, ISIP, Hatzenbichler, Robotmakers, Agrofly, John Deere, Fendt, Amazone<\/figcaption><\/figure>\n\n\n\n<p>Graphique : Les technologies num\u00e9riques dans le cadre de la protection int\u00e9gr\u00e9e des cultures.<\/p>\n\n\n\n<p>1 Syst\u00e8mes de pr\u00e9vision et de surveillance<\/p>\n\n\n\n<p>2 Syst\u00e8mes de guidage par satellite<\/p>\n\n\n\n<p>3 Bineuses command\u00e9es par capteurs<\/p>\n\n\n\n<p>4 Robots de paillage autonomes<\/p>\n\n\n\n<p>5 Pulv\u00e9risateurs avec commande par satelilte des tron\u00e7ons et des buses individuelles<\/p>\n\n\n\n<p>6 Pulv\u00e9risateurs command\u00e9s par capteurs pour l&rsquo;application de produits phytosanitaires en fonction de la v\u00e9g\u00e9tation<\/p>\n\n\n\n<p>7 Drones phytosanitaires<\/p>\n\n\n\n<div style=\"height:40px\" aria-hidden=\"true\" class=\"wp-block-spacer\"><\/div>\n\n\n\n<div class=\"wp-block-columns is-layout-flex wp-container-core-columns-is-layout-9d6595d7 wp-block-columns-is-layout-flex\">\n<div class=\"wp-block-column is-layout-flow wp-block-column-is-layout-flow\"><div class=\"agripedia-home-post agripedia-subpage-card\" data-type=\"subpage-card\">\n  <a class=\"agripedia-subpage-card__linkwrap\" href=\"https:\/\/themes.agripedia.ch\/fr\/les-technologies-numeriques-dans-la-protection-des-cultures\/#erfahrungsberichte\">    <div class=\"agripedia-home-thumbnail\">\n              <img decoding=\"async\" src=\"https:\/\/themes.agripedia.ch\/wp-content\/uploads\/2023\/06\/Videostill-2-1-1024x577.png\" alt=\"T\u00e9moignages\" \/>\n          <\/div>\n  <\/a>\n  <div class=\"agripedia-home-post-content\">\n          <h2 class=\"agripedia-home-post-title\">\n                  <a href=\"https:\/\/themes.agripedia.ch\/fr\/les-technologies-numeriques-dans-la-protection-des-cultures\/#erfahrungsberichte\">\n        \n          T\u00e9moignages\n                  <\/a>\n              <\/h2>\n    \n      <\/div>\n<\/div>\n<\/div>\n\n\n\n<div class=\"wp-block-column is-layout-flow wp-block-column-is-layout-flow\"><div class=\"agripedia-home-post agripedia-subpage-card\" data-type=\"subpage-card\">\n  <a class=\"agripedia-subpage-card__linkwrap\" href=\"https:\/\/themes.agripedia.ch\/fr\/les-technologies-numeriques-dans-la-protection-des-cultures\/#vorteile\">    <div class=\"agripedia-home-thumbnail\">\n              <img decoding=\"async\" src=\"https:\/\/themes.agripedia.ch\/wp-content\/uploads\/2023\/06\/ditela-titelbild-05-1024x548.png\" alt=\"Technologies\" \/>\n          <\/div>\n  <\/a>\n  <div class=\"agripedia-home-post-content\">\n          <h2 class=\"agripedia-home-post-title\">\n                  <a href=\"https:\/\/themes.agripedia.ch\/fr\/les-technologies-numeriques-dans-la-protection-des-cultures\/#vorteile\">\n        \n          Technologies\n                  <\/a>\n              <\/h2>\n    \n      <\/div>\n<\/div>\n<\/div>\n\n\n\n<div class=\"wp-block-column is-layout-flow wp-block-column-is-layout-flow\"><div class=\"agripedia-home-post agripedia-subpage-card\" data-type=\"subpage-card\">\n  <a class=\"agripedia-subpage-card__linkwrap\" href=\"https:\/\/themes.agripedia.ch\/fr\/les-technologies-numeriques-dans-la-protection-des-cultures\/#ressourcen\">    <div class=\"agripedia-home-thumbnail\">\n              <img decoding=\"async\" src=\"https:\/\/themes.agripedia.ch\/wp-content\/uploads\/2023\/06\/networking.png\" alt=\"Ressources\" \/>\n          <\/div>\n  <\/a>\n  <div class=\"agripedia-home-post-content\">\n          <h2 class=\"agripedia-home-post-title\">\n                  <a href=\"https:\/\/themes.agripedia.ch\/fr\/les-technologies-numeriques-dans-la-protection-des-cultures\/#ressourcen\">\n        \n          Ressources\n                  <\/a>\n              <\/h2>\n    \n      <\/div>\n<\/div>\n<\/div>\n<\/div>\n<\/div>\n\n\n\n<h2 class=\"wp-block-heading\" id=\"erfahrungsberichte\">T\u00e9moignages &#8211; Des coll\u00e8gues de travail racontent<\/h2>\n\n\n\n<h3 class=\"wp-block-heading has-agridea-light-gray-background-color has-background has-medium-font-size\">Production mara\u00eech\u00e8re<\/h3>\n\n\n\n<div class=\"wp-block-columns is-layout-flex wp-container-core-columns-is-layout-9d6595d7 wp-block-columns-is-layout-flex\">\n<div class=\"wp-block-column is-layout-flow wp-block-column-is-layout-flow\">\n<div class=\"wp-block-getwid-video-popup has-image\"><a class=\"wp-block-getwid-video-popup__link\" href=\"https:\/\/youtu.be\/ag9oecZKz28?cc_load_policy=1\" aria-label=\"Stations m\u00e9t\u00e9orologiques et syst\u00e8mes de pr\u00e9vision en production mara\u00eech\u00e8re&nbsp;: Florian Schmelzer, chef de production Max Schwarz AG, Villigen.\"><div class=\"wp-block-getwid-video-popup__wrapper\"><img loading=\"lazy\" decoding=\"async\" width=\"1504\" height=\"769\" src=\"https:\/\/themes.agripedia.ch\/wp-content\/uploads\/2023\/06\/Screenshot-2024-11-01-121138.png\" alt=\"Stations m\u00e9t\u00e9orologiques et syst\u00e8mes de pr\u00e9vision en production mara\u00eech\u00e8re&nbsp;: Florian Schmelzer, chef de production Max Schwarz AG, Villigen.\" class=\"wp-block-getwid-video-popup__image wp-block-getwid-video-popup__source wp-image-63760\" srcset=\"https:\/\/themes.agripedia.ch\/wp-content\/uploads\/2023\/06\/Screenshot-2024-11-01-121138.png 1504w, https:\/\/themes.agripedia.ch\/wp-content\/uploads\/2023\/06\/Screenshot-2024-11-01-121138-300x153.png 300w, https:\/\/themes.agripedia.ch\/wp-content\/uploads\/2023\/06\/Screenshot-2024-11-01-121138-1024x524.png 1024w, https:\/\/themes.agripedia.ch\/wp-content\/uploads\/2023\/06\/Screenshot-2024-11-01-121138-768x393.png 768w, https:\/\/themes.agripedia.ch\/wp-content\/uploads\/2023\/06\/Screenshot-2024-11-01-121138-1200x614.png 1200w\" sizes=\"auto, (max-width: 1504px) 100vw, 1504px\" \/><div class=\"wp-block-getwid-video-popup__button is-style-default\"><div class=\"wp-block-getwid-video-popup__icon\"><i class=\"fas fa-play\" aria-hidden=\"true\"><\/i><\/div><\/div><\/div><\/a><div class=\"wp-block-getwid-video-popup__caption\"><p class=\"wp-block-getwid-video-popup__title\">Stations m\u00e9t\u00e9orologiques et syst\u00e8mes de pr\u00e9vision en production mara\u00eech\u00e8re&nbsp;: Florian Schmelzer, chef de production Max Schwarz AG, Villigen.<\/p><\/div><\/div>\n<\/div>\n\n\n\n<div class=\"wp-block-column is-layout-flow wp-block-column-is-layout-flow\">\n<div class=\"wp-block-getwid-video-popup has-image\"><a class=\"wp-block-getwid-video-popup__link\" href=\"https:\/\/youtu.be\/htJYu1v9yBI?cc_load_policy=1\" aria-label=\"Pulv\u00e9risation ponctuelle en production mara\u00eech\u00e8re: Florian Schmelzer, chef de production Max Schwarz AG, Villigen.\"><div class=\"wp-block-getwid-video-popup__wrapper\"><img loading=\"lazy\" decoding=\"async\" width=\"1744\" height=\"793\" src=\"https:\/\/themes.agripedia.ch\/wp-content\/uploads\/2023\/06\/Screenshot-2024-09-03-190047-1.png\" alt=\"Pulv\u00e9risation ponctuelle en production mara\u00eech\u00e8re: Florian Schmelzer, chef de production Max Schwarz AG, Villigen.\" class=\"wp-block-getwid-video-popup__image wp-block-getwid-video-popup__source wp-image-63766\" srcset=\"https:\/\/themes.agripedia.ch\/wp-content\/uploads\/2023\/06\/Screenshot-2024-09-03-190047-1.png 1744w, https:\/\/themes.agripedia.ch\/wp-content\/uploads\/2023\/06\/Screenshot-2024-09-03-190047-1-300x136.png 300w, https:\/\/themes.agripedia.ch\/wp-content\/uploads\/2023\/06\/Screenshot-2024-09-03-190047-1-1024x466.png 1024w, https:\/\/themes.agripedia.ch\/wp-content\/uploads\/2023\/06\/Screenshot-2024-09-03-190047-1-768x349.png 768w, https:\/\/themes.agripedia.ch\/wp-content\/uploads\/2023\/06\/Screenshot-2024-09-03-190047-1-1536x698.png 1536w, https:\/\/themes.agripedia.ch\/wp-content\/uploads\/2023\/06\/Screenshot-2024-09-03-190047-1-1200x546.png 1200w\" sizes=\"auto, (max-width: 1744px) 100vw, 1744px\" \/><div class=\"wp-block-getwid-video-popup__button is-style-default\"><div class=\"wp-block-getwid-video-popup__icon\"><i class=\"fas fa-play\" aria-hidden=\"true\"><\/i><\/div><\/div><\/div><\/a><div class=\"wp-block-getwid-video-popup__caption\"><p class=\"wp-block-getwid-video-popup__title\">Pulv\u00e9risation ponctuelle en production mara\u00eech\u00e8re: Florian Schmelzer, chef de production Max Schwarz AG, Villigen.<\/p><\/div><\/div>\n<\/div>\n<\/div>\n\n\n\n<h3 class=\"wp-block-heading has-agridea-light-gray-background-color has-background has-medium-font-size\">Viticulture<\/h3>\n\n\n\n<div class=\"wp-block-columns is-layout-flex wp-container-core-columns-is-layout-9d6595d7 wp-block-columns-is-layout-flex\">\n<div class=\"wp-block-column is-layout-flow wp-block-column-is-layout-flow\">\n<div class=\"wp-block-getwid-video-popup has-image\"><a class=\"wp-block-getwid-video-popup__link\" href=\"https:\/\/youtu.be\/4-C5uKWiB0w?cc_load_policy=1\" aria-label=\"Pr\u00e9visions et stations m\u00e9t\u00e9o en viticulture : Rolf Wehrli, producteur de vin, K\u00fcttigen\"><div class=\"wp-block-getwid-video-popup__wrapper\"><img loading=\"lazy\" decoding=\"async\" width=\"1386\" height=\"777\" src=\"https:\/\/themes.agripedia.ch\/wp-content\/uploads\/2024\/03\/Bild1.jpg\" alt=\"Pr\u00e9visions et stations m\u00e9t\u00e9o en viticulture : Rolf Wehrli, producteur de vin, K\u00fcttigen\" class=\"wp-block-getwid-video-popup__image wp-block-getwid-video-popup__source wp-image-63227\" srcset=\"https:\/\/themes.agripedia.ch\/wp-content\/uploads\/2024\/03\/Bild1.jpg 1386w, https:\/\/themes.agripedia.ch\/wp-content\/uploads\/2024\/03\/Bild1-300x168.jpg 300w, https:\/\/themes.agripedia.ch\/wp-content\/uploads\/2024\/03\/Bild1-1024x574.jpg 1024w, https:\/\/themes.agripedia.ch\/wp-content\/uploads\/2024\/03\/Bild1-768x431.jpg 768w, https:\/\/themes.agripedia.ch\/wp-content\/uploads\/2024\/03\/Bild1-1200x673.jpg 1200w\" sizes=\"auto, (max-width: 1386px) 100vw, 1386px\" \/><div class=\"wp-block-getwid-video-popup__button is-style-default\"><div class=\"wp-block-getwid-video-popup__icon\"><i class=\"fas fa-play\" aria-hidden=\"true\"><\/i><\/div><\/div><\/div><\/a><div class=\"wp-block-getwid-video-popup__caption\"><p class=\"wp-block-getwid-video-popup__title\">Pr\u00e9visions et stations m\u00e9t\u00e9o en viticulture : Rolf Wehrli, producteur de vin, K\u00fcttigen<\/p><\/div><\/div>\n<\/div>\n\n\n\n<div class=\"wp-block-column is-layout-flow wp-block-column-is-layout-flow\">\n<div class=\"wp-block-getwid-video-popup has-image\"><a class=\"wp-block-getwid-video-popup__link\" href=\"https:\/\/youtu.be\/W8i286SaII0?cc_load_policy=1\" aria-label=\"Utilisation de drones dans les vignes : Rolf Wehrli, producteur de vin, K\u00fcttigen\"><div class=\"wp-block-getwid-video-popup__wrapper\"><img loading=\"lazy\" decoding=\"async\" width=\"1386\" height=\"778\" src=\"https:\/\/themes.agripedia.ch\/wp-content\/uploads\/2024\/03\/Bild2.jpg\" alt=\"Utilisation de drones dans les vignes : Rolf Wehrli, producteur de vin, K\u00fcttigen\" class=\"wp-block-getwid-video-popup__image wp-block-getwid-video-popup__source wp-image-63230\" srcset=\"https:\/\/themes.agripedia.ch\/wp-content\/uploads\/2024\/03\/Bild2.jpg 1386w, https:\/\/themes.agripedia.ch\/wp-content\/uploads\/2024\/03\/Bild2-300x168.jpg 300w, https:\/\/themes.agripedia.ch\/wp-content\/uploads\/2024\/03\/Bild2-1024x575.jpg 1024w, https:\/\/themes.agripedia.ch\/wp-content\/uploads\/2024\/03\/Bild2-768x431.jpg 768w, https:\/\/themes.agripedia.ch\/wp-content\/uploads\/2024\/03\/Bild2-1200x674.jpg 1200w\" sizes=\"auto, (max-width: 1386px) 100vw, 1386px\" \/><div class=\"wp-block-getwid-video-popup__button is-style-default\"><div class=\"wp-block-getwid-video-popup__icon\"><i class=\"fas fa-play\" aria-hidden=\"true\"><\/i><\/div><\/div><\/div><\/a><div class=\"wp-block-getwid-video-popup__caption\"><p class=\"wp-block-getwid-video-popup__title\">Utilisation de drones dans les vignes : Rolf Wehrli, producteur de vin, K\u00fcttigen<\/p><\/div><\/div>\n<\/div>\n<\/div>\n\n\n\n<h3 class=\"wp-block-heading has-agridea-light-gray-background-color has-background has-medium-font-size\">Culture fruiti\u00e8re<\/h3>\n\n\n\n<div class=\"wp-block-columns is-layout-flex wp-container-core-columns-is-layout-9d6595d7 wp-block-columns-is-layout-flex\">\n<div class=\"wp-block-column is-layout-flow wp-block-column-is-layout-flow\">\n<div class=\"wp-block-getwid-video-popup has-image\"><a class=\"wp-block-getwid-video-popup__link\" href=\"https:\/\/youtu.be\/758njodEq8Y?cc_load_policy=1\" aria-label=\"Stations m\u00e9t\u00e9orologiques et syst\u00e8mes de pr\u00e9vision dans la culture fruiti\u00e8re : Stefan Anderes, producteur Culture fruiti\u00e8re, Egnach\"><div class=\"wp-block-getwid-video-popup__wrapper\"><img loading=\"lazy\" decoding=\"async\" width=\"1234\" height=\"894\" src=\"https:\/\/themes.agripedia.ch\/wp-content\/uploads\/2023\/06\/Stefan_wetter.png\" alt=\"Stations m\u00e9t\u00e9orologiques et syst\u00e8mes de pr\u00e9vision dans la culture fruiti\u00e8re : Stefan Anderes, producteur Culture fruiti\u00e8re, Egnach\" class=\"wp-block-getwid-video-popup__image wp-block-getwid-video-popup__source wp-image-61685\" srcset=\"https:\/\/themes.agripedia.ch\/wp-content\/uploads\/2023\/06\/Stefan_wetter.png 1234w, https:\/\/themes.agripedia.ch\/wp-content\/uploads\/2023\/06\/Stefan_wetter-300x217.png 300w, https:\/\/themes.agripedia.ch\/wp-content\/uploads\/2023\/06\/Stefan_wetter-1024x742.png 1024w, https:\/\/themes.agripedia.ch\/wp-content\/uploads\/2023\/06\/Stefan_wetter-768x556.png 768w, https:\/\/themes.agripedia.ch\/wp-content\/uploads\/2023\/06\/Stefan_wetter-1200x869.png 1200w\" sizes=\"auto, (max-width: 1234px) 100vw, 1234px\" \/><div class=\"wp-block-getwid-video-popup__button is-style-default\"><div class=\"wp-block-getwid-video-popup__icon\"><i class=\"fas fa-play\" aria-hidden=\"true\"><\/i><\/div><\/div><\/div><\/a><div class=\"wp-block-getwid-video-popup__caption\"><p class=\"wp-block-getwid-video-popup__title\">Stations m\u00e9t\u00e9orologiques et syst\u00e8mes de pr\u00e9vision dans la culture fruiti\u00e8re : Stefan Anderes, producteur Culture fruiti\u00e8re, Egnach<\/p><\/div><\/div>\n<\/div>\n\n\n\n<div class=\"wp-block-column is-layout-flow wp-block-column-is-layout-flow\">\n<div class=\"wp-block-getwid-video-popup has-image\"><a class=\"wp-block-getwid-video-popup__link\" href=\"https:\/\/youtu.be\/6rds2Xtq9yc?cc_load_policy=1\" aria-label=\"Pulv\u00e9risation localis\u00e9e dans la culture fruiti\u00e8re : Stefan Anderes, producteur Culture fruiti\u00e8re, Egnach\"><div class=\"wp-block-getwid-video-popup__wrapper\"><img loading=\"lazy\" decoding=\"async\" width=\"1604\" height=\"912\" src=\"https:\/\/themes.agripedia.ch\/wp-content\/uploads\/2023\/06\/Stefan_spotspray.png\" alt=\"Pulv\u00e9risation localis\u00e9e dans la culture fruiti\u00e8re : Stefan Anderes, producteur Culture fruiti\u00e8re, Egnach\" class=\"wp-block-getwid-video-popup__image wp-block-getwid-video-popup__source wp-image-61688\" srcset=\"https:\/\/themes.agripedia.ch\/wp-content\/uploads\/2023\/06\/Stefan_spotspray.png 1604w, https:\/\/themes.agripedia.ch\/wp-content\/uploads\/2023\/06\/Stefan_spotspray-300x171.png 300w, https:\/\/themes.agripedia.ch\/wp-content\/uploads\/2023\/06\/Stefan_spotspray-1024x582.png 1024w, https:\/\/themes.agripedia.ch\/wp-content\/uploads\/2023\/06\/Stefan_spotspray-768x437.png 768w, https:\/\/themes.agripedia.ch\/wp-content\/uploads\/2023\/06\/Stefan_spotspray-1536x873.png 1536w, https:\/\/themes.agripedia.ch\/wp-content\/uploads\/2023\/06\/Stefan_spotspray-1200x682.png 1200w\" sizes=\"auto, (max-width: 1604px) 100vw, 1604px\" \/><div class=\"wp-block-getwid-video-popup__button is-style-default\"><div class=\"wp-block-getwid-video-popup__icon\"><i class=\"fas fa-play\" aria-hidden=\"true\"><\/i><\/div><\/div><\/div><\/a><div class=\"wp-block-getwid-video-popup__caption\"><p class=\"wp-block-getwid-video-popup__title\">Pulv\u00e9risation localis\u00e9e dans la culture fruiti\u00e8re : Stefan Anderes, producteur Culture fruiti\u00e8re, Egnach<\/p><\/div><\/div>\n<\/div>\n<\/div>\n\n\n\n<h3 class=\"wp-block-heading has-agridea-light-gray-background-color has-background has-medium-font-size\">Grandes culture<\/h3>\n\n\n\n<div class=\"wp-block-columns is-layout-flex wp-container-core-columns-is-layout-9d6595d7 wp-block-columns-is-layout-flex\">\n<div class=\"wp-block-column is-layout-flow wp-block-column-is-layout-flow\">\n<div class=\"wp-block-getwid-video-popup has-image has-foreground-0\"><a class=\"wp-block-getwid-video-popup__link\" href=\"https:\/\/youtu.be\/MZX4JAzhs5U?cc_load_policy=1\" aria-label=\"Tobias Daepp, agriculteur et entrepreneur de travaux agricoles, Arbon\"><div class=\"wp-block-getwid-video-popup__wrapper\" style=\"min-height:270px\"><img loading=\"lazy\" decoding=\"async\" width=\"1502\" height=\"846\" src=\"https:\/\/themes.agripedia.ch\/wp-content\/uploads\/2023\/06\/Videostill-1-1.png\" alt=\"Tobias Daepp, agriculteur et entrepreneur de travaux agricoles, Arbon\" class=\"wp-block-getwid-video-popup__image wp-block-getwid-video-popup__source wp-image-37194\" srcset=\"https:\/\/themes.agripedia.ch\/wp-content\/uploads\/2023\/06\/Videostill-1-1.png 1502w, https:\/\/themes.agripedia.ch\/wp-content\/uploads\/2023\/06\/Videostill-1-1-300x169.png 300w, https:\/\/themes.agripedia.ch\/wp-content\/uploads\/2023\/06\/Videostill-1-1-1024x577.png 1024w, https:\/\/themes.agripedia.ch\/wp-content\/uploads\/2023\/06\/Videostill-1-1-768x433.png 768w, https:\/\/themes.agripedia.ch\/wp-content\/uploads\/2023\/06\/Videostill-1-1-1200x676.png 1200w\" sizes=\"auto, (max-width: 1502px) 100vw, 1502px\" \/><div class=\"wp-block-getwid-video-popup__button is-style-default\"><div class=\"wp-block-getwid-video-popup__icon\"><i class=\"fas fa-play\" aria-hidden=\"true\"><\/i><\/div><\/div><\/div><\/a><div class=\"wp-block-getwid-video-popup__caption\"><p class=\"wp-block-getwid-video-popup__title\">Tobias Daepp, agriculteur et entrepreneur de travaux agricoles, Arbon<\/p><\/div><\/div>\n<\/div>\n\n\n\n<div class=\"wp-block-column is-layout-flow wp-block-column-is-layout-flow\">\n<div class=\"wp-block-getwid-video-popup has-image has-foreground-0\"><a class=\"wp-block-getwid-video-popup__link\" href=\"https:\/\/youtu.be\/6octvzBDC-E?cc_load_policy=1\" aria-label=\"Marius Frei, agriculteur, Warth TG\"><div class=\"wp-block-getwid-video-popup__wrapper\" style=\"min-height:270px\"><img loading=\"lazy\" decoding=\"async\" width=\"996\" height=\"560\" src=\"https:\/\/themes.agripedia.ch\/wp-content\/uploads\/2023\/06\/Videostill-Erfahrungsbericht-Frei-PFLOPF.png\" alt=\"Marius Frei, agriculteur, Warth TG\" class=\"wp-block-getwid-video-popup__image wp-block-getwid-video-popup__source wp-image-38126\" srcset=\"https:\/\/themes.agripedia.ch\/wp-content\/uploads\/2023\/06\/Videostill-Erfahrungsbericht-Frei-PFLOPF.png 996w, https:\/\/themes.agripedia.ch\/wp-content\/uploads\/2023\/06\/Videostill-Erfahrungsbericht-Frei-PFLOPF-300x169.png 300w, https:\/\/themes.agripedia.ch\/wp-content\/uploads\/2023\/06\/Videostill-Erfahrungsbericht-Frei-PFLOPF-768x432.png 768w\" sizes=\"auto, (max-width: 996px) 100vw, 996px\" \/><div class=\"wp-block-getwid-video-popup__button is-style-default\"><div class=\"wp-block-getwid-video-popup__icon\"><i class=\"fas fa-play\" aria-hidden=\"true\"><\/i><\/div><\/div><\/div><\/a><div class=\"wp-block-getwid-video-popup__caption\"><p class=\"wp-block-getwid-video-popup__title\">Marius Frei, agriculteur, Warth TG<\/p><\/div><\/div>\n<\/div>\n\n\n\n<div class=\"wp-block-column is-layout-flow wp-block-column-is-layout-flow\">\n<div class=\"wp-block-getwid-video-popup has-image has-foreground-0\"><a class=\"wp-block-getwid-video-popup__link\" href=\"https:\/\/youtu.be\/AZFMHCeLmRU?cc_load_policy=1\" aria-label=\"Raphael M\u00fcller, agriculteur et entrepreneur de travaux agricoles, Wohlen\"><div class=\"wp-block-getwid-video-popup__wrapper\" style=\"min-height:270px\"><img loading=\"lazy\" decoding=\"async\" width=\"1502\" height=\"846\" src=\"https:\/\/themes.agripedia.ch\/wp-content\/uploads\/2023\/06\/Videostill-2-2.png\" alt=\"Raphael M\u00fcller, agriculteur et entrepreneur de travaux agricoles, Wohlen\" class=\"wp-block-getwid-video-popup__image wp-block-getwid-video-popup__source wp-image-37200\" srcset=\"https:\/\/themes.agripedia.ch\/wp-content\/uploads\/2023\/06\/Videostill-2-2.png 1502w, https:\/\/themes.agripedia.ch\/wp-content\/uploads\/2023\/06\/Videostill-2-2-300x169.png 300w, https:\/\/themes.agripedia.ch\/wp-content\/uploads\/2023\/06\/Videostill-2-2-1024x577.png 1024w, https:\/\/themes.agripedia.ch\/wp-content\/uploads\/2023\/06\/Videostill-2-2-768x433.png 768w, https:\/\/themes.agripedia.ch\/wp-content\/uploads\/2023\/06\/Videostill-2-2-1200x676.png 1200w\" sizes=\"auto, (max-width: 1502px) 100vw, 1502px\" \/><div class=\"wp-block-getwid-video-popup__button is-style-default\"><div class=\"wp-block-getwid-video-popup__icon\"><i class=\"fas fa-play\" aria-hidden=\"true\"><\/i><\/div><\/div><\/div><\/a><div class=\"wp-block-getwid-video-popup__caption\"><p class=\"wp-block-getwid-video-popup__title\">Raphael M\u00fcller, agriculteur et entrepreneur de travaux agricoles, Wohlen<\/p><\/div><\/div>\n<\/div>\n<\/div>\n\n\n\n<h2 class=\"wp-block-heading\" id=\"vorteile\">Technologies<\/h2>\n\n\n\n<hr class=\"wp-block-separator has-alpha-channel-opacity is-style-default\"\/>\n\n\n\n<div class=\"wp-block-getwid-content-slider has-arrows-outside has-dots-inside\" data-autoplay=\"true\" data-autoplay-speed=\"5000\" data-pause-hover=\"true\" data-arrows=\"outside\"><div class=\"wp-block-getwid-content-slider__wrapper\">\n<div class=\"wp-block-getwid-content-slider-slide\"><div class=\"wp-block-getwid-content-slider-slide__wrapper\">\n<figure class=\"wp-block-image size-large\"><img loading=\"lazy\" decoding=\"async\" width=\"1024\" height=\"549\" src=\"https:\/\/themes.agripedia.ch\/wp-content\/uploads\/2023\/06\/ditela-titelbild-03-1024x549.png\" alt=\"\" class=\"wp-image-37123\" srcset=\"https:\/\/themes.agripedia.ch\/wp-content\/uploads\/2023\/06\/ditela-titelbild-03-1024x549.png 1024w, https:\/\/themes.agripedia.ch\/wp-content\/uploads\/2023\/06\/ditela-titelbild-03-300x161.png 300w, https:\/\/themes.agripedia.ch\/wp-content\/uploads\/2023\/06\/ditela-titelbild-03-768x412.png 768w, https:\/\/themes.agripedia.ch\/wp-content\/uploads\/2023\/06\/ditela-titelbild-03.png 1088w\" sizes=\"auto, (max-width: 1024px) 100vw, 1024px\" \/><\/figure>\n\n\n\n<h3 class=\"wp-block-heading\">Syst\u00e8mes de guidage<\/h3>\n\n\n\n<p>Les syst\u00e8mes de guidage par satellite conviennent \u00e0 de nombreuses t\u00e2ches m\u00e9canis\u00e9es dans les domaines du travail du sol, du semis, du contr\u00f4le des mauvaises herbes, de la protection phytosanitaire, de la fertilisation et de la r\u00e9colte des cultures en surface et en ligne. Ils apportent une plus grande pr\u00e9cision d&rsquo;application, soulagent le travail du conducteur et simplifient l&rsquo;ex\u00e9cution des interventions. La r\u00e9duction du chevauchement permet d&rsquo;\u00e9conomiser du temps, des produits phytosanitaires, des engrais et du carburant.<\/p>\n\n\n\n<p>Il existe deux types de syst\u00e8mes de guidage automatis\u00e9s : les syst\u00e8mes de guidage satellites utilisent la localisation par satellite pour le positionnement et sont adapt\u00e9s au suivi d&rsquo;itin\u00e9raires pr\u00e9alablement d\u00e9finis. Les syst\u00e8mes de guidage bas\u00e9s sur des capteurs utilisent des ultrasons ou des cam\u00e9ras et sont utilis\u00e9s lorsque la direction doit s&rsquo;orienter en fonction de la v\u00e9g\u00e9tation.<\/p>\n\n\n\n<p>Les co\u00fbts varient fortement en fonction des fonctions et de la pr\u00e9cision souhait\u00e9es, de l&rsquo;\u00e9quipement pr\u00e9alable du tracteur ainsi que du fournisseur; ils se situent g\u00e9n\u00e9ralement entre CHF 1000 et plus de CHF 20&rsquo;000.<\/p>\n\n\n\n<div class=\"wp-block-buttons is-layout-flex wp-block-buttons-is-layout-flex\">\n<div class=\"wp-block-button\"><a class=\"wp-block-button__link wp-element-button\" href=\"https:\/\/themes.agripedia.ch\/fr\/systemes-de-conduite-en-parallele\/\" target=\"_blank\" rel=\"noreferrer noopener\">Vers l&rsquo;article<\/a><\/div>\n<\/div>\n<\/div><\/div>\n\n\n\n<div class=\"wp-block-getwid-content-slider-slide\"><div class=\"wp-block-getwid-content-slider-slide__wrapper\">\n<figure class=\"wp-block-image size-large\"><img loading=\"lazy\" decoding=\"async\" width=\"1024\" height=\"548\" src=\"https:\/\/themes.agripedia.ch\/wp-content\/uploads\/2023\/06\/ditela-titelbild-04-1024x548.png\" alt=\"\" class=\"wp-image-37126\" srcset=\"https:\/\/themes.agripedia.ch\/wp-content\/uploads\/2023\/06\/ditela-titelbild-04-1024x548.png 1024w, https:\/\/themes.agripedia.ch\/wp-content\/uploads\/2023\/06\/ditela-titelbild-04-300x160.png 300w, https:\/\/themes.agripedia.ch\/wp-content\/uploads\/2023\/06\/ditela-titelbild-04-768x411.png 768w, https:\/\/themes.agripedia.ch\/wp-content\/uploads\/2023\/06\/ditela-titelbild-04.png 1088w\" sizes=\"auto, (max-width: 1024px) 100vw, 1024px\" \/><\/figure>\n\n\n\n<h3 class=\"wp-block-heading\">Contr\u00f4le d&rsquo;application bas\u00e9 sur des satellites et des capteurs (Section Control)<\/h3>\n\n\n\n<p>Par Section Control, on entend l&rsquo;application pr\u00e9cise de produits phytosanitaires, d&rsquo;engrais, mais aussi le semis et la plantation exacts au moyen d&rsquo;un contr\u00f4le dynamique du d\u00e9bit. Cela permet d&rsquo;\u00e9viter les d\u00e9fauts d&rsquo;alignement et les chevauchements sur des surfaces partielles, en particulier sur des surfaces aux formes complexes ainsi que sur des bords ou limites de champ ou bien encore le long des surfaces pour lesquelles des contraintes de distance doivent \u00eatre respect\u00e9es. Gr\u00e2ce au contr\u00f4le de section, les applications situ\u00e9es en dehors de la zone cible sont \u00e9vit\u00e9es. En outre, la charge de travail de l&rsquo;op\u00e9rateur est r\u00e9duite, l&rsquo;environnement est pr\u00e9serv\u00e9 et les moyens de production sont \u00e9conomis\u00e9s. <\/p>\n\n\n\n<p>Les pr\u00e9-requis techniques pour l&rsquo;utilisation du Section Control sont une commande \u00e9lectrique des tron\u00e7ons de rampe de pulv\u00e9risation ou des buses individuelles, un terminal de commande, le module ISOBUS TC SC activ\u00e9, un tracteur avec r\u00e9cepteur GPS et des limites de champ enregistr\u00e9es sur le terminal.<\/p>\n\n\n\n<div class=\"wp-block-buttons is-layout-flex wp-block-buttons-is-layout-flex\">\n<div class=\"wp-block-button\"><a class=\"wp-block-button__link wp-element-button\" href=\"https:\/\/themes.agripedia.ch\/fr\/controle-du-debit-base-sur-des-satellites-et-des-capteurs\/\" target=\"_blank\" rel=\"noreferrer noopener\">Vers l&rsquo;article<\/a><\/div>\n<\/div>\n\n\n\n<p><\/p>\n<\/div><\/div>\n\n\n\n<div class=\"wp-block-getwid-content-slider-slide\"><div class=\"wp-block-getwid-content-slider-slide__wrapper\">\n<figure class=\"wp-block-image size-large\"><img loading=\"lazy\" decoding=\"async\" width=\"1024\" height=\"548\" src=\"https:\/\/themes.agripedia.ch\/wp-content\/uploads\/2023\/06\/ditela-titelbild-05-1024x548.png\" alt=\"\" class=\"wp-image-37129\" srcset=\"https:\/\/themes.agripedia.ch\/wp-content\/uploads\/2023\/06\/ditela-titelbild-05-1024x548.png 1024w, https:\/\/themes.agripedia.ch\/wp-content\/uploads\/2023\/06\/ditela-titelbild-05-300x160.png 300w, https:\/\/themes.agripedia.ch\/wp-content\/uploads\/2023\/06\/ditela-titelbild-05-768x411.png 768w, https:\/\/themes.agripedia.ch\/wp-content\/uploads\/2023\/06\/ditela-titelbild-05.png 1088w\" sizes=\"auto, (max-width: 1024px) 100vw, 1024px\" \/><\/figure>\n\n\n\n<h3 class=\"wp-block-heading\">Syst\u00e8mes de sarclage bas\u00e9s sur des capteurs<\/h3>\n\n\n\n<p>La m\u00e9thode de sarclage id\u00e9ale permet \u00e0 la fois une qualit\u00e9 et un rendement de travail \u00e9lev\u00e9s. Elle peut \u00eatre r\u00e9alis\u00e9e par une seule personne, puisque la technique permet d&rsquo;automatiser la gestion de la sarcleuse. Cela r\u00e9duit les co\u00fbts de main-d&rsquo;\u0153uvre ainsi que le recours aux herbicides. <\/p>\n\n\n\n<p>Il existe des sarcleuse guid\u00e9es par cam\u00e9ra, par satellite ou par ultrasons. Celles-ci sont g\u00e9n\u00e9ralement mont\u00e9es sur un cadre \u00e0 d\u00e9placement transversal \u00e9quip\u00e9 d&rsquo;une articulation hydraulique. Ceci permet de guider avec pr\u00e9cision les outils de binage le long des rangs.. <\/p>\n\n\n\n<p>\u00c0 l&rsquo;avenir, de plus en plus de robots autonomes de desherbage m\u00e9canique seront mis sur le march\u00e9. Pour les appareils autonomes, il faut toutefois bien r\u00e9fl\u00e9chir \u00e0 la mani\u00e8re dont ils peuvent \u00eatre int\u00e9gr\u00e9s de mani\u00e8re judicieuse dans les processus de travail de l&rsquo;exploitation.<\/p>\n\n\n\n<div class=\"wp-block-buttons is-layout-flex wp-block-buttons-is-layout-flex\">\n<div class=\"wp-block-button\"><a class=\"wp-block-button__link wp-element-button\" href=\"https:\/\/themes.agripedia.ch\/fr\/systemes-de-sarclage-bases-sur-des-capteurs\/\" target=\"_blank\" rel=\"noreferrer noopener\">Vers l&rsquo;article<\/a><\/div>\n<\/div>\n<\/div><\/div>\n\n\n\n<div class=\"wp-block-getwid-content-slider-slide\"><div class=\"wp-block-getwid-content-slider-slide__wrapper\">\n<figure class=\"wp-block-image size-large\"><img loading=\"lazy\" decoding=\"async\" width=\"1024\" height=\"548\" src=\"https:\/\/themes.agripedia.ch\/wp-content\/uploads\/2023\/06\/ditela-titelbild-08-1024x548.png\" alt=\"\" class=\"wp-image-37138\" srcset=\"https:\/\/themes.agripedia.ch\/wp-content\/uploads\/2023\/06\/ditela-titelbild-08-1024x548.png 1024w, https:\/\/themes.agripedia.ch\/wp-content\/uploads\/2023\/06\/ditela-titelbild-08-300x160.png 300w, https:\/\/themes.agripedia.ch\/wp-content\/uploads\/2023\/06\/ditela-titelbild-08-768x411.png 768w, https:\/\/themes.agripedia.ch\/wp-content\/uploads\/2023\/06\/ditela-titelbild-08.png 1088w\" sizes=\"auto, (max-width: 1024px) 100vw, 1024px\" \/><\/figure>\n\n\n\n<h3 class=\"wp-block-heading\">Syst\u00e8mes mondiaux de navigation par satellite<\/h3>\n\n\n\n<p>Les syst\u00e8mes mondiaux de navigation par satellite (GNSS) constituent la base pour la localisation et la navigation des v\u00e9hicules et des \u00e9quipements agricoles. Les indications de vitesse, de direction et de position exacte fournies par le GNSS jouent un r\u00f4le central dans l&rsquo;agriculture de pr\u00e9cision. <\/p>\n\n\n\n<p>Cependant, une utilisation agricole n\u00e9cessite parfois des signaux de correction compl\u00e9mentaires et payants pour permettre d&rsquo;atteindre la grande pr\u00e9cision de positionnement requise. La solution de correction ad\u00e9quate d\u00e9pend de la situation individuelle de l&rsquo;exploitation. Plus la position doit \u00eatre pr\u00e9cise et stable, plus la technique de r\u00e9ception et de correction n\u00e9cessaire sera co\u00fbteuse. <\/p>\n\n\n\n<p>Lors de l&rsquo;achat d&rsquo;un \u00e9quipement, surtout s&rsquo;il est \u00e9quip\u00e9 de r\u00e9cepteurs GNSS de haute pr\u00e9cision, il est pr\u00e9f\u00e9rable qu&rsquo;il puisse traiter les donn\u00e9es du plus grand nombre possible de syst\u00e8mes GNSS, y compris ceux qui sont encore en cours de d\u00e9veloppement.<\/p>\n\n\n\n<div class=\"wp-block-buttons is-layout-flex wp-block-buttons-is-layout-flex\">\n<div class=\"wp-block-button\"><a class=\"wp-block-button__link wp-element-button\" href=\"https:\/\/themes.agripedia.ch\/fr\/systemes-mondiaux-de-navigation-par-satellite\/\" target=\"_blank\" rel=\"noreferrer noopener\">Vers l&rsquo;article<\/a><\/div>\n<\/div>\n<\/div><\/div>\n\n\n\n<div class=\"wp-block-getwid-content-slider-slide\"><div class=\"wp-block-getwid-content-slider-slide__wrapper\">\n<figure class=\"wp-block-image size-large\"><img decoding=\"async\" src=\"https:\/\/themes.agripedia.ch\/wp-content\/uploads\/2023\/12\/ditela_titel_001.PNG\" alt=\"\" class=\"wp-image-37138\"\/><\/figure>\n\n\n\n<h3 class=\"wp-block-heading\">Introduction et aper\u00e7u des technologies num\u00e9riques dans la production v\u00e9g\u00e9tale<\/h3>\n\n\n\n<p>Lorsque l&rsquo;on \u00e9voque la num\u00e9risation dans l&rsquo;agriculture, le terme \u00ab\u00a0agriculture de pr\u00e9cision\u00a0\u00bb vient imm\u00e9diatement \u00e0 l&rsquo;esprit. L&rsquo;agriculture de pr\u00e9cision se divise en deux domaines : l&rsquo;agriculture de pr\u00e9cision et l&rsquo;\u00e9levage de pr\u00e9cision. <\/p>\n\n\n\n<p>L&rsquo;agriculture de pr\u00e9cision au sens actuel, repose sur l&rsquo;utilisation des technologies agricoles les plus modernes afin d&rsquo;optimiser les productions v\u00e9g\u00e9tales et animales. Elle permet \u00e9galement de faciliter la gestion de l&rsquo;exploitation et d&rsquo;utiliser les ressources avec plus d&rsquo;efficacit\u00e9. Les outils num\u00e9riques sont des aides utiles qui peuvent \u00eatre \u00e0 l&rsquo;origine d&rsquo;un all\u00e8gement substantiel du travail, d&rsquo;une simplification et d&rsquo;un gain d&rsquo;informations. De m\u00eame, la tra\u00e7abilit\u00e9 d\u00e9taill\u00e9e exig\u00e9e pour les produits alimentaires ne peut \u00eatre mise en \u0153uvre de mani\u00e8re coh\u00e9rente que gr\u00e2ce \u00e0 l&rsquo;utilisation de technologies num\u00e9riques. <\/p>\n\n\n\n<div class=\"wp-block-buttons is-layout-flex wp-block-buttons-is-layout-flex\">\n<div class=\"wp-block-button\"><a class=\"wp-block-button__link wp-element-button\" href=\"https:\/\/themes.agripedia.ch\/fr\/introduction-et-apercu-des-technologies-numeriques-dans-la-production-vegetale\/?preview=true\" target=\"_blank\" rel=\"noreferrer noopener\">Vers l&rsquo;article<\/a><\/div>\n<\/div>\n<\/div><\/div>\n\n\n\n<div class=\"wp-block-getwid-content-slider-slide\"><div class=\"wp-block-getwid-content-slider-slide__wrapper\">\n<figure class=\"wp-block-image size-large\"><img decoding=\"async\" src=\"https:\/\/themes.agripedia.ch\/wp-content\/uploads\/2023\/12\/ditela_titel_02.PNG\" alt=\"\" class=\"wp-image-37138\"\/><\/figure>\n\n\n\n<h3 class=\"wp-block-heading\">Les syst\u00e8mes d&rsquo;information et de gestion agricole (FMIS) dans la production v\u00e9g\u00e9tale<\/h3>\n\n\n\n<p>De nombreux programmes sp\u00e9cialement con\u00e7us pour l&rsquo;agriculture ne sont plus simplement des outils d&rsquo;enregistrement, mais deviennent de r\u00e9els syst\u00e8mes de gestion et d&rsquo;information agricole (FMIS) dot\u00e9s de nombreuses fonctionnalit\u00e9s.<\/p>\n\n\n\n<p>Les FMIS sont des syst\u00e8mes informatiques qui permettent de collecter, de traiter, d&rsquo;analyser, de stocker et de communiquer des donn\u00e9es sous une forme utile \u00e0 l&rsquo;ex\u00e9cution de processus et de fonctions dans l&rsquo;agriculture. Ils r\u00e9duisent la charge administrative et offrent une aide efficace pour la gestion de l&rsquo;exploitation agricole. Les donn\u00e9es collect\u00e9es au fil des ann\u00e9es montrent les tendances et les \u00e9volutions et permettent ainsi des comparaisons et des am\u00e9liorations cibl\u00e9es dans les domaines de la gestion et de la production. <\/p>\n\n\n\n<p>Il existe des logiciels agricoles offrant des modes de fonctionnement diversifi\u00e9s pour de nombreux domaines d&rsquo;application. Le choix du FMIS le mieux adapt\u00e9 \u00e0 son entreprise d\u00e9pend de nombreux facteurs et doit \u00eatre m\u00fbrement r\u00e9fl\u00e9chi.<\/p>\n\n\n\n<div class=\"wp-block-buttons is-layout-flex wp-block-buttons-is-layout-flex\">\n<div class=\"wp-block-button\"><a class=\"wp-block-button__link wp-element-button\" href=\"https:\/\/themes.agripedia.ch\/fr\/systemes-de-gestion-et-dinformation-agricoles-fmis-dans-la-protection-des-cultures\/?preview=true\" target=\"_blank\" rel=\"noreferrer noopener\">Vers l&rsquo;article<\/a><\/div>\n<\/div>\n<\/div><\/div>\n\n\n\n<div class=\"wp-block-getwid-content-slider-slide\"><div class=\"wp-block-getwid-content-slider-slide__wrapper\">\n<figure class=\"wp-block-image size-large\"><img decoding=\"async\" src=\"https:\/\/themes.agripedia.ch\/wp-content\/uploads\/2023\/12\/ditela_titel_06.PNG\" alt=\"\" class=\"wp-image-37138\"\/><\/figure>\n\n\n\n<h3 class=\"wp-block-heading\">Gestion intra-parcellaire des interventions<\/h3>\n\n\n\n<p>Pour une gestion intra-parcellaire, les parcelles sont divis\u00e9es en surfaces partielles selon les conditions naturelles du site. Ces donn\u00e9es sont ensuite exploit\u00e9es individuellement afin de tenir compte des exigences sp\u00e9cifiques de la zone consid\u00e9r\u00e9e. Cela permet d&rsquo;utiliser plus efficacement les intrants tels que le diesel (travail du sol), les engrais, les produits phytosanitaires et les semences. <\/p>\n\n\n\n<p>D\u00e9buter dans la gestion intra-parcellaire n\u00e9cessite d&rsquo;\u00eatre m\u00fbrement r\u00e9fl\u00e9chi et planifi\u00e9. Il convient de d\u00e9finir les objectifs que l&rsquo;on souhaite poursuivre par ce biais, afin de choisir les outils adapt\u00e9s. Les co\u00fbts varient en fonction du domaine concern\u00e9, et il faut consid\u00e9rer que les co\u00fbts d&rsquo;investissement pour d\u00e9buter sont \u00e9lev\u00e9s. La condition pr\u00e9alable pour d\u00e9marrer est un tracteur \u00e9quip\u00e9 d&rsquo;un syst\u00e8me de guidage GNSS et disposant d&rsquo;une interface ISOBUS. En plus de l&rsquo;investissement technique, cartographier les champs mobilise du temps et de l&rsquo;argent. Des cartes de rendement \u00e0 long terme, des analyses de sols pour les zones consid\u00e9r\u00e9es ainsi que l&rsquo;acquisition d&rsquo;un logiciel de planification seront notamment n\u00e9cessaires. <\/p>\n\n\n\n<div class=\"wp-block-buttons is-layout-flex wp-block-buttons-is-layout-flex\">\n<div class=\"wp-block-button\"><a class=\"wp-block-button__link wp-element-button\" href=\"https:\/\/themes.agripedia.ch\/fr\/gestion-specifique-des-sous-surfaces\/?preview=true\" target=\"_blank\" rel=\"noreferrer noopener\">Vers l&rsquo;article<\/a><\/div>\n<\/div>\n<\/div><\/div>\n\n\n\n<div class=\"wp-block-getwid-content-slider-slide\"><div class=\"wp-block-getwid-content-slider-slide__wrapper\">\n<figure class=\"wp-block-image size-large\"><img decoding=\"async\" src=\"https:\/\/themes.agripedia.ch\/wp-content\/uploads\/2023\/12\/ditela_titel_009.PNG\" alt=\"\" class=\"wp-image-37138\"\/><\/figure>\n\n\n\n<h3 class=\"wp-block-heading\">Transmission num\u00e9rique normalis\u00e9e ISOBUS pour les donn\u00e9es des machines agricoles<\/h3>\n\n\n\n<p>L&rsquo;\u00e9change des donn\u00e9es est au coeur de l&rsquo;agriculture num\u00e9rique. Pour les applications de machines dans la production v\u00e9g\u00e9tale, il existe une interface sp\u00e9ciale: l&rsquo;ISOBUS. Elle permet de connecter et d&rsquo;utiliser des machines et des tracteurs r\u00e9gul\u00e9es \u00e9lectroniquement, quel que soit le fabricant. Cette mise en r\u00e9seau des machines agricoles via une interface unique, tous constructeurs confondus, permet une utilisation efficace des donn\u00e9es et rend possible la mise en \u0153uvre d&rsquo;applications li\u00e9es \u00e0 l&rsquo;agriculture de pr\u00e9cision. <\/p>\n\n\n\n<p>ISOBUS a contribu\u00e9 de mani\u00e8re d\u00e9cisive \u00e0 la mise en place d&rsquo;outils \u00e9lectroniques modernes sur les machines agricoles. La plupart des fabricants de tracteurs et de mat\u00e9riels agricoles proposent des applications ISOBUS. <\/p>\n\n\n\n<div class=\"wp-block-buttons is-layout-flex wp-block-buttons-is-layout-flex\">\n<div class=\"wp-block-button\"><a class=\"wp-block-button__link wp-element-button\" href=\"https:\/\/themes.agripedia.ch\/fr\/transmission-numerique-de-donnees-normalisee-isobus-dans-les-machines-agricoles\/?preview=true&#038;preview_id=43961\" target=\"_blank\" rel=\"noreferrer noopener\">Vers l&rsquo;article<\/a><\/div>\n<\/div>\n<\/div><\/div>\n<\/div><\/div>\n\n\n\n<p><a href=\"#intro\" title=\"\">vers le haut<\/a><\/p>\n\n\n\n<h2 class=\"wp-block-heading\" id=\"ressourcen\">Ressources<\/h2>\n\n\n\n<p>Vous trouverez du soutien ici :<\/p>\n\n\n\n<h3 class=\"wp-block-heading\">Entreprise de travaux agricoles<\/h3>\n\n\n\n<ul class=\"wp-block-list\">\n<li>Le projet de ressources <a href=\"https:\/\/www.pflopf.ch\/home\" target=\"_blank\" rel=\"noopener\" title=\"\">PFLOPF<\/a>, dispose d&rsquo;une<a href=\"https:\/\/www.pflopf.ch\/massnahmen#c163\" target=\"_blank\" rel=\"noopener\" title=\"\">vue d&rsquo;ensemble des entreprises de travaux agricoles des cantons d&rsquo;Argovie, de Thurgovie et de Zurich<\/a> qui proposent des technologies num\u00e9riques adapt\u00e9es \u00e0 la protection des cultures. <\/li>\n\n\n\n<li>Il n&rsquo;existe pas de vue d&rsquo;ensemble au niveau de la Suisse &#8211; veuillez vous renseigner aupr\u00e8s des entreprises de travaux agricoles de votre r\u00e9gion pour savoir ce qu&rsquo;elles proposent. <\/li>\n<\/ul>\n\n\n\n<h3 class=\"wp-block-heading\">Fournisseur de services de drones  <\/h3>\n\n\n\n<ul class=\"wp-block-list\">\n<li>Le projet de ressources <a href=\"https:\/\/www.pflopf.ch\/home\" target=\"_blank\" rel=\"noopener\" title=\"\">PFLOPF<\/a> donne u<a href=\"http:\/\/www.pflopf.ch\/massnahmen#c167\" target=\"_blank\" rel=\"noopener\" title=\"\">ne vue d&rsquo;ensemble des prestations de service par drones<\/a> dans les cultures, principalement pour les cantons d&rsquo;Argovie, de Thurgovie et de Zurich. <\/li>\n<\/ul>\n\n\n\n<ul class=\"wp-block-list\">\n<li>Il n&rsquo;existe pas de vue d&rsquo;ensemble pour la Suisse &#8211; veuillez vous renseigner aupr\u00e8s des prestataires de services de drones mentionn\u00e9s pour savoir s&rsquo;ils sont \u00e9galement actifs dans votre r\u00e9gion. <\/li>\n<\/ul>\n\n\n\n<h3 class=\"wp-block-heading\">Distributeurs de mat\u00e9riel agricole <\/h3>\n\n\n\n<ul class=\"wp-block-list\">\n<li>Dans le projet de ressources <a href=\"https:\/\/www.pflopf.ch\/home\" target=\"_blank\" rel=\"noopener\" title=\"\">PFLOPF<\/a>, il existe une <a href=\"https:\/\/www.pflopf.ch\/massnahmen#c165\" target=\"_blank\" rel=\"noopener\" title=\"\">vue d&rsquo;ensemble des distributeurs de mat\u00e9riel agricole qui proposent des technologies num\u00e9riques dans le domaine de la protection des cultures<\/a>. <\/li>\n\n\n\n<li>Les concessionnaires de mat\u00e9riel agricole sont \u00e9galement mentionn\u00e9s dans les articles d&rsquo;agripedia concernant les technologies num\u00e9riques.<\/li>\n<\/ul>\n\n\n\n<h3 class=\"wp-block-heading\">Informations compl\u00e9mentaires<\/h3>\n\n\n\n<ul class=\"wp-block-list\">\n<li><strong>AGRIDEA :<\/strong> La charte <a href=\"http:\/\/www.agridigital.ch\" target=\"_blank\" rel=\"noreferrer noopener\">agridigital.ch<\/a> comprend douze lignes directrices les applications num\u00e9riques et sur l&rsquo;utilisation des donn\u00e9es. Elle concr\u00e9tise les champs d&rsquo;action et les objectifs pertinents de la strat\u00e9gie \u00ab\u00a0Suisse num\u00e9rique\u00a0\u00bb pour l&rsquo;agriculture et la fili\u00e8re alimentaire. Il est possible de s&rsquo;abonner \u00e0 une newsletter.<br>Pour en savoir plus sur la protection des cultures, consultez le site <a href=\"http:\/\/www.gutelandwirtschaftlichepraxis.ch\" target=\"_blank\" rel=\"noreferrer noopener\">gutelandwirtschaftlichepraxis.ch<\/a>, et sur <a href=\"http:\/\/www.agripedia.ch\" target=\"_blank\" rel=\"noreferrer noopener\">agripedia.ch<\/a>, vous trouverez \u00e9galement les publications en ligne d&rsquo;AGRIDEA. <\/li>\n\n\n\n<li><strong>Agroscope :<\/strong> Agroscope propose des informations sur ce th\u00e8me sur sa <a href=\"https:\/\/www.agroscope.admin.ch\/agroscope\/de\/home\/themen\/wirtschaft-technik\/smart-farming.html\" target=\"_blank\" rel=\"noreferrer noopener\">page Smart Farming <\/a>ainsi que sur sa <a href=\"http:\/\/www.agroscope.admin.ch\/agroscope\/de\/home\/publikationen\/suchen.html\" target=\"_blank\" rel=\"noreferrer noopener\">page de publications<\/a>.<\/li>\n\n\n\n<li><strong>DLG :<\/strong> La Deutsche Landwirtschafts-Gesellschaft (DLG) publie <a href=\"http:\/\/www.dlg.org\/de\/landwirtschaft\/themen\/technik\/digitalisierung-arbeitswirtschaft-und-prozesstechnik\/\" target=\"_blank\" rel=\"noreferrer noopener\">des informations technologiques <\/a>dans le domaine de la num\u00e9risation, de la gestion du travail et de la technique des processus.<\/li>\n\n\n\n<li><strong>FiBL :<\/strong> L&rsquo;Institut de recherche de l&rsquo;agriculture biologique (FiBL) g\u00e8re la rubrique <a href=\"http:\/\/www.bioaktuell.ch\/pflanzenbau\/praezisionslandwirtschaft.html\" target=\"_blank\" rel=\"noreferrer noopener\">Agriculture de pr\u00e9cision<\/a> sous la plateforme de conseil bioactualit\u00e9s.ch.<\/li>\n\n\n\n<li><strong>KTBL :<\/strong> Le Kuratorium f\u00fcr Technik und Bauwesen in der Landwirtschaft (KTBL) propose diff\u00e9rentes publications sur l&rsquo;<a href=\"http:\/\/www.ktbl.de\" target=\"_blank\" rel=\"noreferrer noopener\">agriculture de pr\u00e9cision<\/a> pour les domaines de la production v\u00e9g\u00e9tale et de l&rsquo;\u00e9levage.<\/li>\n\n\n\n<li><strong>smartAKIS :<\/strong> le <a href=\"https:\/\/smart-akis.com\/SFCPPortal\/#\/app-h\/technologies\" target=\"_blank\" rel=\"noreferrer noopener\">Smart Farming Thematic Network<\/a> fournit des informations sur les technologies ainsi qu&rsquo;une liste des technologies disponibles sur le march\u00e9.<\/li>\n\n\n\n<li><strong>Swiss Future Farm :<\/strong> Sur le <a href=\"https:\/\/www.youtube.com\/channel\/UCzsEm9mMLs0X_lT3MoaCJXQ\" target=\"_blank\" rel=\"noreferrer noopener\">canal Youtube<\/a> de la <a href=\"http:\/\/www.swissfuturefarm.ch\" target=\"_blank\" rel=\"noreferrer noopener\">Swiss Future Farm<\/a> \u00e0 T\u00e4nikon\/Ettenhausen (TG), on trouve des informations sur l&rsquo;utilisation des technologies num\u00e9riques dans le contexte suisse ainsi que des vid\u00e9os explicatives.<\/li>\n<\/ul>\n\n\n\n<p><a href=\"#intro\" title=\"\">vers le haut<\/a><\/p>\n\n\n\n<p><\/p>\n\n\n\n<div class=\"wp-block-group infobox-ohne-titel has-background is-layout-flow wp-block-group-is-layout-flow\" style=\"background-color:#ffffff\">\n<p><strong>Remarques<\/strong><\/p>\n\n\n\n<p>\u00ab\u00a0Les textes et les illustrations proviennent du projet de ressources <a href=\"http:\/\/www.pflopf.ch\/\" target=\"_blank\" rel=\"noreferrer noopener\">PFLOPF<\/a> ainsi que du m\u00e9dia sp\u00e9cialis\u00e9 <a href=\"https:\/\/www.edition-lmz.ch\/de\/landwirtschaft\/digitale-technologien-in-der-landwirtschaft\/669\/e-book-digitale-technologien-in-der-landwirtschaft\" target=\"_blank\" rel=\"noreferrer noopener\">\u00ab\u00a0Technologies num\u00e9riques dans l&rsquo;agriculture\u00a0\u00bb,<\/a> publi\u00e9 par <a href=\"https:\/\/www.edition-lmz.ch\/\" target=\"_blank\" rel=\"noreferrer noopener\">edition-lmz AG<\/a>.<\/p>\n\n\n\n<p>Ressources iconiques : <a href=\"https:\/\/www.flaticon.com\/free-icons\/teamwork\" target=\"_blank\" rel=\"noopener\" title=\"\">Ic\u00f4ne Teamwork cr\u00e9\u00e9e par Becris &#8211; Flaticon<\/a><\/p>\n<\/div>\n<style class=\"advgb-styles-renderer\">.agripedia-teaser-block p a {\n\tcolor: white;\t\n\ttext-decoration: none;\n}\n\n.agripedia-teaser-block p {\n\tcolor: white !important;\n\tdisplay: inline-block;\n\tfont-weight: 700;\n\tfont-size: 25px;\n\ttext-align: left;\n\tbackground-color: var(--wp--preset--color--agripedia-red);\n\tpadding: 0.5em;\n\tposition: absolute;\n\tleft: 0;\n\tbottom: 20%;\n\twidth: unset !important;\n}\n\n.agripedia-teaser-block {\n\tbox-shadow: 0 0 0.6em lightgray;\n\tmargin: 0 !important;\n\ttransition: all .25s linear !important;\n\toverflow: clip;\n}\n\n.agripedia-teaser-block:hover {\n\tbox-shadow: -1px 10px 29px lightgray;\n}\n\n.agripedia-teaser-block.quadrat {\n        min-height: 294.7px;\n}\n\n.slick-next:before,\n.slick-prev:before {\n font-size:43px;\n}\n\n.slick-prev {\n left:-50px;\n}\n@media (max-width: 1100px) {\n    .slick-next {\n        right:25px;\n    }\n    .slick-prev {\n        left:0px;\n    }\n}\n@media (max-width: 782px) {\n    .slick-next:before,\n    .slick-prev:before {\n        font-size:29px;\n    }\n    .slick-next {\n        right:-13px;\n    }\n    .slick-prev {\n        left: -24px;\n    }\n}\n\n\n<\/style><div class=\"acf-fields-container\" data-post-id=\"49608\" data-canto-acf=\"true\"><\/div><style>\r\n        .acf-fields-container {\r\n            margin: 2em 0;\r\n            width: 100%;\r\n            clear: both;\r\n        }\r\n        .acf-field-image {\r\n            margin: 1.5em 0;\r\n            position: relative;\r\n        }\r\n        .acf-field-label {\r\n            margin-bottom: 1em;\r\n        }\r\n        .acf-image {\r\n            max-width: 100%;\r\n            height: auto;\r\n            display: block;\r\n            margin: 1em 0;\r\n        }\r\n    <\/style>","protected":false},"excerpt":{"rendered":"<div class=\"seriesmeta agripedia-series-meta-wrapper\">This entry is part 1 of 9 in the series <a href=\"https:\/\/themes.agripedia.ch\/fr\/series\/la-technologie-numerique-dans-lagriculture\/\" class=\"series-366\" title=\"La technologie num\u00e9rique dans l'agriculture\">La technologie num\u00e9rique dans l'agriculture<\/a><\/div><p>Les technologies num\u00e9riques permettent de mieux d\u00e9finir comment appliquer le bon type de mesure phytosanitaire au bon moment et au bon endroit.<\/p>\n","protected":false},"author":71,"featured_media":37249,"comment_status":"closed","ping_status":"open","sticky":false,"template":"","format":"standard","meta":{"_acf_changed":false,"_autodraft_ids":[],"advgb_blocks_editor_width":"","advgb_blocks_columns_visual_guide":"","_monsterinsights_skip_tracking":false,"_monsterinsights_sitenote_active":false,"_monsterinsights_sitenote_note":"","_monsterinsights_sitenote_category":0,"ngg_post_thumbnail":0,"_sb_is_suggestion_mode":false,"_sb_show_suggestion_boards":false,"_sb_show_comment_boards":false,"_sb_suggestion_history":"","_sb_update_block_changes":"","_is_real_time_mode":false,"_realtime_collaborators":"","footnotes":"","cf_checklist_status":["Internal Links","External Links","Featured Image Added","Category Assigned"]},"categories":[286],"tags":[],"series":[366],"ppma_author":[239],"class_list":["post-49608","post","type-post","status-publish","format-standard","has-post-thumbnail","hentry","category-protection-des-cultures","series-la-technologie-numerique-dans-lagriculture"],"pp_statuses_selecting_workflow":false,"pp_workflow_action":"current","pp_status_selection":"publish","acf":[],"canto_acf_fields":"<div class=\"acf-fields-container\" data-post-id=\"49608\" data-canto-acf=\"true\"><\/div><style>\r\n        .acf-fields-container {\r\n            margin: 2em 0;\r\n            width: 100%;\r\n            clear: both;\r\n        }\r\n        .acf-field-image {\r\n            margin: 1.5em 0;\r\n            position: relative;\r\n        }\r\n        .acf-field-label {\r\n            margin-bottom: 1em;\r\n        }\r\n        .acf-image {\r\n            max-width: 100%;\r\n            height: auto;\r\n            display: block;\r\n            margin: 1em 0;\r\n        }\r\n    <\/style>","author_meta":{"display_name":"Esther Thalmann","author_link":"https:\/\/themes.agripedia.ch\/fr\/author\/eth\/"},"featured_img":"https:\/\/themes.agripedia.ch\/wp-content\/uploads\/2023\/06\/PFLOPF-Titelbild-1-300x169.jpg","coauthors":[{"link":"https:\/\/themes.agripedia.ch\/fr\/author\/eth\/","display_name":"Esther Thalmann"}],"tax_additional":{"categories":{"linked":["<a href=\"https:\/\/themes.agripedia.ch\/fr\/theme\/themen-fr\/protection-des-cultures\/\" class=\"advgb-post-tax-term\">Protection des cultures<\/a>"],"unlinked":["<span class=\"advgb-post-tax-term\">Protection des cultures<\/span>"]}},"comment_count":"0","relative_dates":{"created":"Publi\u00e9 2 ans il y a","modified":"Mis \u00e0 jour 1 mois il y a"},"absolute_dates":{"created":"Publi\u00e9 le 01.03.2024","modified":"Mise \u00e0 jour le 30.03.2026"},"absolute_dates_time":{"created":"Publi\u00e9 le 01.03.2024 12:51 pm","modified":"Mise \u00e0 jour le 30.03.2026 4:53 pm"},"featured_img_caption":"","series_order":1,"authors":[{"term_id":239,"user_id":71,"is_guest":0,"slug":"eth","display_name":"Esther Thalmann","avatar_url":"https:\/\/secure.gravatar.com\/avatar\/0bf4c3ca535cbedd59660d73150a0add7e637ab623bd34d291fb0baa77223f16?s=96&d=mm&r=g","0":null,"1":"","2":"","3":"","4":"","5":"","6":"","7":"","8":"","9":""}],"_links":{"self":[{"href":"https:\/\/themes.agripedia.ch\/fr\/wp-json\/wp\/v2\/posts\/49608","targetHints":{"allow":["GET"]}}],"collection":[{"href":"https:\/\/themes.agripedia.ch\/fr\/wp-json\/wp\/v2\/posts"}],"about":[{"href":"https:\/\/themes.agripedia.ch\/fr\/wp-json\/wp\/v2\/types\/post"}],"author":[{"embeddable":true,"href":"https:\/\/themes.agripedia.ch\/fr\/wp-json\/wp\/v2\/users\/71"}],"replies":[{"embeddable":true,"href":"https:\/\/themes.agripedia.ch\/fr\/wp-json\/wp\/v2\/comments?post=49608"}],"version-history":[{"count":24,"href":"https:\/\/themes.agripedia.ch\/fr\/wp-json\/wp\/v2\/posts\/49608\/revisions"}],"predecessor-version":[{"id":81245,"href":"https:\/\/themes.agripedia.ch\/fr\/wp-json\/wp\/v2\/posts\/49608\/revisions\/81245"}],"wp:featuredmedia":[{"embeddable":true,"href":"https:\/\/themes.agripedia.ch\/fr\/wp-json\/wp\/v2\/media\/37249"}],"wp:attachment":[{"href":"https:\/\/themes.agripedia.ch\/fr\/wp-json\/wp\/v2\/media?parent=49608"}],"wp:term":[{"taxonomy":"category","embeddable":true,"href":"https:\/\/themes.agripedia.ch\/fr\/wp-json\/wp\/v2\/categories?post=49608"},{"taxonomy":"post_tag","embeddable":true,"href":"https:\/\/themes.agripedia.ch\/fr\/wp-json\/wp\/v2\/tags?post=49608"},{"taxonomy":"series","embeddable":true,"href":"https:\/\/themes.agripedia.ch\/fr\/wp-json\/wp\/v2\/series?post=49608"},{"taxonomy":"author","embeddable":true,"href":"https:\/\/themes.agripedia.ch\/fr\/wp-json\/wp\/v2\/ppma_author?post=49608"}],"curies":[{"name":"wp","href":"https:\/\/api.w.org\/{rel}","templated":true}]}}