{"id":47316,"date":"2024-10-07T10:41:50","date_gmt":"2024-10-07T08:41:50","guid":{"rendered":"https:\/\/themes.agripedia.ch\/?p=47316&#038;preview=true&#038;preview_id=47316"},"modified":"2025-12-15T17:56:08","modified_gmt":"2025-12-15T16:56:08","slug":"couverture-appropriee-du-sol-dans-les-grandes-cultures","status":"publish","type":"post","link":"https:\/\/themes.agripedia.ch\/fr\/couverture-appropriee-du-sol-dans-les-grandes-cultures\/","title":{"rendered":"Couverture appropri\u00e9e du sol dans les grandes cultures"},"content":{"rendered":"<div class=\"seriesmeta agripedia-series-meta-wrapper\"><!--This entry is part 1 of 5 in the series--> <a href=\"https:\/\/themes.agripedia.ch\/fr\/series\/produktionssystembeitraege-ackerbau-fr-2\/\" class=\"series-2230\" title=\"Produktionssystembeitr\u00e4ge Ackerbau\">Produktionssystembeitr\u00e4ge Ackerbau<\/a> (1 \/ 5)<\/div>\n<p>L&rsquo;objectif de cette contribution au syst\u00e8me de production (CSP) est de favoriser, \u00e0 l&rsquo;\u00e9chelle de l&rsquo;exploitation, une couverture du sol aussi longue et continue que possible. Cela encourage les cultures interm\u00e9diaires et les engrais verts en \u00e9t\u00e9 et pendant les mois d&rsquo;hiver. <\/p>\n\n<h2 class=\"wp-block-heading\" id=\"-Voraussetzungen\">Conditions pour les contributions<\/h2>\n\n<ul class=\"wp-block-list\">\n<li>Toutes les cultures des terres ouvertes (TO) doivent \u00eatre d\u00e9clar\u00e9es pour cette contribution et les exigences doivent \u00eatre respect\u00e9es sur l&rsquo;ensemble de l&rsquo;exploitation. Les terres ouvertes comprennent toutes les terres arables, sans les prairies artificielles. <\/li>\n\n\n\n<li> <a href=\"https:\/\/themes.agripedia.ch\/fr\/?p=64026\" target=\"_blank\" rel=\"noopener\" title=\"\">Les l\u00e9gumes annuels, les baies les cultures sp\u00e9ciales annuelles <\/a>telles que les plantes aromatiques et m\u00e9dicinales peuvent \u00eatre annonc\u00e9s s\u00e9par\u00e9ment des autres cultures des terres ouvertes pour cette contribution. <\/li>\n\n\n\n<li>Pour les cultures principales dont la r\u00e9colte a lieu jusqu&rsquo;au 30 septembre, une couverture du sol doit \u00eatre mise en place sur au moins 80% de la surface correspondante dans un d\u00e9lai maximal de 7 semaines apr\u00e8s la r\u00e9colte de la culture pr\u00e9c\u00e9dente.<br>Sont consid\u00e9r\u00e9s comme couverture du sol\n<ul class=\"wp-block-list\">\n<li>les cultures principales ;<\/li>\n\n\n\n<li>les cultures intercalaires et les engrais verts ;<\/li>\n\n\n\n<li>les bandes pour organismes utiles et les surfaces de promotion de la biodiversit\u00e9 ;<\/li>\n\n\n\n<li>les sous-semis persistants de la culture pr\u00e9c\u00e9dente.<\/li>\n<\/ul>\n<\/li>\n\n\n\n<li>La couverture du sol doit \u00eatre maintenue jusqu&rsquo;au 15 f\u00e9vrier de l&rsquo;ann\u00e9e suivante et aucun travail du sol ne peut \u00eatre effectu\u00e9 sur ces surfaces, \u00e0 l&rsquo;exception des travaux n\u00e9cessaires \u00e0 l&rsquo;implantation d&rsquo;une culture d&rsquo;automne. <\/li>\n<\/ul>\n\n<figure class=\"wp-block-image size-large\"><img loading=\"lazy\" decoding=\"async\" width=\"1024\" height=\"333\" src=\"https:\/\/themes.agripedia.ch\/wp-content\/uploads\/2023\/08\/Bodenbedeckung-Winterkultur-1024x333.png\" alt=\"\" class=\"wp-image-39624\" srcset=\"https:\/\/themes.agripedia.ch\/wp-content\/uploads\/2023\/08\/Bodenbedeckung-Winterkultur-1024x333.png 1024w, https:\/\/themes.agripedia.ch\/wp-content\/uploads\/2023\/08\/Bodenbedeckung-Winterkultur-300x97.png 300w, https:\/\/themes.agripedia.ch\/wp-content\/uploads\/2023\/08\/Bodenbedeckung-Winterkultur-768x249.png 768w, https:\/\/themes.agripedia.ch\/wp-content\/uploads\/2023\/08\/Bodenbedeckung-Winterkultur-1536x499.png 1536w, https:\/\/themes.agripedia.ch\/wp-content\/uploads\/2023\/08\/Bodenbedeckung-Winterkultur-2048x665.png 2048w, https:\/\/themes.agripedia.ch\/wp-content\/uploads\/2023\/08\/Bodenbedeckung-Winterkultur-1200x390.png 1200w, https:\/\/themes.agripedia.ch\/wp-content\/uploads\/2023\/08\/Bodenbedeckung-Winterkultur-1980x643.png 1980w\" sizes=\"auto, (max-width: 1024px) 100vw, 1024px\" \/><figcaption class=\"wp-element-caption\">Source : Proconseil<\/figcaption><\/figure>\n\n<p><em>Apr\u00e8s la r\u00e9colte en \u00e9t\u00e9 (jusqu&rsquo;au 30 septembre), une couverture du sol ou la culture suivante doit \u00eatre mise en place sur au moins 80 % de la surface dans un d\u00e9lai de 7 semaines. <\/em><\/p>\n\n<figure class=\"wp-block-image size-large is-resized\"><img loading=\"lazy\" decoding=\"async\" width=\"1024\" height=\"333\" src=\"https:\/\/themes.agripedia.ch\/wp-content\/uploads\/2023\/08\/Bodenbedeckung-Sommerkultur-1024x333.png\" alt=\"\" class=\"wp-image-39643\" srcset=\"https:\/\/themes.agripedia.ch\/wp-content\/uploads\/2023\/08\/Bodenbedeckung-Sommerkultur-1024x333.png 1024w, https:\/\/themes.agripedia.ch\/wp-content\/uploads\/2023\/08\/Bodenbedeckung-Sommerkultur-300x98.png 300w, https:\/\/themes.agripedia.ch\/wp-content\/uploads\/2023\/08\/Bodenbedeckung-Sommerkultur-768x250.png 768w, https:\/\/themes.agripedia.ch\/wp-content\/uploads\/2023\/08\/Bodenbedeckung-Sommerkultur-1536x500.png 1536w, https:\/\/themes.agripedia.ch\/wp-content\/uploads\/2023\/08\/Bodenbedeckung-Sommerkultur-2048x666.png 2048w, https:\/\/themes.agripedia.ch\/wp-content\/uploads\/2023\/08\/Bodenbedeckung-Sommerkultur-1200x390.png 1200w, https:\/\/themes.agripedia.ch\/wp-content\/uploads\/2023\/08\/Bodenbedeckung-Sommerkultur-1980x644.png 1980w\" sizes=\"auto, (max-width: 1024px) 100vw, 1024px\" \/><figcaption class=\"wp-element-caption\">Source : Proconseil<\/figcaption><\/figure>\n\n<p><em>La couverture du sol doit \u00eatre maintenue jusqu&rsquo;au 15 f\u00e9vrier de l&rsquo;ann\u00e9e suivante.<\/em><\/p>\n\n<h2 class=\"wp-block-heading\">Cultures \u00e9ligibles et montant de la contribution<\/h2>\n\n<ul class=\"wp-block-list\">\n<li>Les exigences doivent \u00eatre respect\u00e9es sur l&rsquo;ensemble de l&rsquo;exploitation pour toutes les cultures principales des terres ouvertes (y compris les l\u00e9gumes de conserve cultiv\u00e9s en plein champ). <\/li>\n\n\n\n<li>200 CHF\/ha pour les cultures principales sur terres ouvertes. <\/li>\n<\/ul>\n\n<h2 class=\"wp-block-heading\">Exceptions<\/h2>\n\n<ul class=\"wp-block-list\">\n<li>Il est possible de renoncer \u00e0 une couverture du sol sur 20% au maximum de la surface sur laquelle la culture principale est r\u00e9colt\u00e9e jusqu&rsquo;au 30 septembre. <\/li>\n\n\n\n<li>Sur les parcelles o\u00f9 les cultures principales sont r\u00e9colt\u00e9es apr\u00e8s le 30 septembre, l&rsquo;ensemencement d&rsquo;une couverture de sol n&rsquo;est pas obligatoire. Le travail du sol n&rsquo;est pas non plus limit\u00e9 dans ce cas (un labour d&rsquo;hiver est ici possible). \n<ul class=\"wp-block-list\">\n<li>Sur les surfaces avec des cultures secondaires (p. ex. ma\u00efs apr\u00e8s l&rsquo;orge), aucun travail du sol ne doit \u00eatre effectu\u00e9, m\u00eame si la r\u00e9colte a lieu apr\u00e8s le 30 septembre. Le syst\u00e8me racinaire doit rester intact. <\/li>\n<\/ul>\n<\/li>\n\n\n\n<li>Les travaux en bandes comme travail pr\u00e9paratoire \u00e0 un fraisage ou \u00e0 un semis en bandes peuvent \u00eatre effectu\u00e9s avant le 15 f\u00e9vrier en automne ou au printemps sur les surfaces couvertes. <\/li>\n\n\n\n<li>Les surfaces d&rsquo;assainissement du souchet comestible ou les surfaces de lutte contre le SBR<em> (syndrome des basses richesses)<\/em> dans les betteraves sucri\u00e8res sont consid\u00e9r\u00e9es comme une culture si le canton a donn\u00e9 une autorisation sp\u00e9ciale. Ici, aucune autre couverture du sol n&rsquo;est n\u00e9cessaire.<\/li>\n<\/ul>\n\n<h2 class=\"wp-block-heading\">A noter<\/h2>\n\n<ul class=\"wp-block-list\">\n<li>Les repousses de c\u00e9r\u00e9ales, de colza et les r\u00e9sidus de r\u00e9colte ne sont pas consid\u00e9r\u00e9s comme une couverture du sol.<\/li>\n\n\n\n<li>Il n&rsquo;y a pas d&rsquo;exigences qualitatives concernant la couverture du sol. La mise en place de la couverture du sol doit \u00eatre conforme aux bonnes pratiques agricoles et la v\u00e9g\u00e9tation doit couvrir le sol.<\/li>\n\n\n\n<li>Les exigences ne doivent \u00eatre respect\u00e9es que pour les cultures principales des terres ouvertes. Apr\u00e8s le retournement d&rsquo;une prairie artificielle, il n&rsquo;est pas n\u00e9cessaire de mettre en place une nouvelle culture dans un d\u00e9lai de 7 semaines.<\/li>\n\n\n\n<li>Pour les exploitations ayant des surfaces \u00e0 l&rsquo;\u00e9tranger, les exigences ne doivent \u00eatre respect\u00e9es que sur les surfaces cultiv\u00e9es en Suisse.<\/li>\n\n\n\n<li>Pour autant que le syst\u00e8me racinaire reste intact, les interventions suivantes sont autoris\u00e9es sur les surfaces o\u00f9 aucun travail du sol n&rsquo;est autoris\u00e9 jusqu&rsquo;au 15 f\u00e9vrier : \n<ul class=\"wp-block-list\">\n<li>Fauche ;<\/li>\n\n\n\n<li>P\u00e2ture ;<\/li>\n\n\n\n<li>Broyage ;<\/li>\n\n\n\n<li>Apport d&rsquo;engrais de ferme ;<\/li>\n\n\n\n<li>Application d&rsquo;herbicides. <\/li>\n<\/ul>\n<\/li>\n\n\n\n<li>Pour les cultures \u00e0 r\u00e9colte \u00e9chelonn\u00e9e (par exemple le ma\u00efs), la culture est consid\u00e9r\u00e9e comme r\u00e9colt\u00e9e d\u00e8s que la moiti\u00e9 au moins de la culture a \u00e9t\u00e9 r\u00e9colt\u00e9e.<\/li>\n\n\n\n<li>Pour les exploitations pratiquant les grandes cultures et les cultures annuelles sp\u00e9ciales sur terres ouvertes, c&rsquo;est la culture principale qui d\u00e9termine la r\u00e9glementation \u00e0 respecter en mati\u00e8re de contribution \u00e0 une couverture ad\u00e9quate du sol par unit\u00e9 de surface.<\/li>\n<\/ul>\n\n<p>\u279c <em>L&rsquo;exigence PER existante, selon laquelle une culture d&rsquo;automne, une d\u00e9rob\u00e9e ou un engrais vert doit \u00eatre sem\u00e9 dans l&rsquo;ann\u00e9e en cours sur chaque parcelle avec des cultures r\u00e9colt\u00e9es avant le 31 ao\u00fbt, reste valable.<\/em> <\/p>\n\n<div class=\"wp-block-group agripedia-box is-layout-flow wp-block-group-is-layout-flow\">\n<div class=\"wp-block-group agripedia-box-header is-layout-flow wp-block-group-is-layout-flow\">\n<h2 class=\"wp-block-heading\">Inscription et d\u00e9sinscription<\/h2>\n<\/div>\n\n\n\n<div class=\"wp-block-group agripedia-box-content is-layout-flow wp-block-group-is-layout-flow\">\n<ul class=\"wp-block-list\">\n<li>L&rsquo;inscription est facultative et se fait conform\u00e9ment aux directives cantonales, en m\u00eame temps que les autres programmes de paiements directs, pour l&rsquo;ann\u00e9e suivante.<\/li>\n\n\n\n<li>L&rsquo;inscription est annuelle et concerne l&rsquo;ensemble de l&rsquo;exploitation.<\/li>\n\n\n\n<li>Si les exigences ne peuvent pas \u00eatre remplies, il faut faire une d\u00e9claration aupr\u00e8s de l&rsquo;office cantonal de l&rsquo;agriculture comp\u00e9tent. L&rsquo;annulation est prise en compte si elle intervient au plus tard le jour pr\u00e9c\u00e9dant la r\u00e9ception de l&rsquo;annonce d&rsquo;un contr\u00f4le ou le jour pr\u00e9c\u00e9dant le contr\u00f4le en cas de contr\u00f4le non annonc\u00e9 (art. 100 OPD ).<\/li>\n<\/ul>\n<\/div>\n<\/div>\n\n<h2 class=\"wp-block-heading\">Combinaison avec d&rsquo;autres contributions<\/h2>\n\n<div class=\"wp-block-media-text is-stacked-on-mobile is-vertically-aligned-center\" style=\"grid-template-columns:35% auto\"><figure class=\"wp-block-media-text__media\"><a href=\"https:\/\/themes.agripedia.ch\/?p=41207\"><img loading=\"lazy\" decoding=\"async\" width=\"1024\" height=\"707\" src=\"https:\/\/themes.agripedia.ch\/wp-content\/uploads\/2023\/12\/IMG_8265-4-1024x707.jpg\" alt=\"\" class=\"wp-image-44624 size-full\" srcset=\"https:\/\/themes.agripedia.ch\/wp-content\/uploads\/2023\/12\/IMG_8265-4-1024x707.jpg 1024w, https:\/\/themes.agripedia.ch\/wp-content\/uploads\/2023\/12\/IMG_8265-4-300x207.jpg 300w, https:\/\/themes.agripedia.ch\/wp-content\/uploads\/2023\/12\/IMG_8265-4-768x530.jpg 768w, https:\/\/themes.agripedia.ch\/wp-content\/uploads\/2023\/12\/IMG_8265-4-1536x1060.jpg 1536w, https:\/\/themes.agripedia.ch\/wp-content\/uploads\/2023\/12\/IMG_8265-4-2048x1413.jpg 2048w, https:\/\/themes.agripedia.ch\/wp-content\/uploads\/2023\/12\/IMG_8265-4-1200x828.jpg 1200w, https:\/\/themes.agripedia.ch\/wp-content\/uploads\/2023\/12\/IMG_8265-4-1980x1366.jpg 1980w\" sizes=\"auto, (max-width: 1024px) 100vw, 1024px\" \/><\/a><\/figure><div class=\"wp-block-media-text__content\">\n<p><strong><a href=\"https:\/\/themes.agripedia.ch\/fr\/utilisation-efficiente-de-lazote-dans-les-grandes-cultures\/?preview=true&amp;preview_id=56415\" target=\"_blank\" rel=\"noopener\" title=\"\">Utilisation efficiente de l&rsquo;azote<\/a><\/strong><\/p>\n\n\n\n<p class=\"has-small-font-size\">Cette contribution peut \u00eatre combin\u00e9e avec la contribution pour une utilisation efficiente de l&rsquo;azote.<\/p>\n\n\n\n<p><\/p>\n<\/div><\/div>\n\n<div class=\"wp-block-media-text is-stacked-on-mobile is-vertically-aligned-center\" style=\"grid-template-columns:35% auto\"><figure class=\"wp-block-media-text__media\"><a href=\"https:\/\/themes.agripedia.ch\/?p=34829\"><img loading=\"lazy\" decoding=\"async\" width=\"1024\" height=\"683\" src=\"https:\/\/themes.agripedia.ch\/wp-content\/uploads\/2023\/01\/IMG_7963-1024x683.jpg\" alt=\"Seminatrici dirette\" class=\"wp-image-33651 size-full\" srcset=\"https:\/\/themes.agripedia.ch\/wp-content\/uploads\/2023\/01\/IMG_7963-1024x683.jpg 1024w, https:\/\/themes.agripedia.ch\/wp-content\/uploads\/2023\/01\/IMG_7963-300x200.jpg 300w, https:\/\/themes.agripedia.ch\/wp-content\/uploads\/2023\/01\/IMG_7963-768x512.jpg 768w, https:\/\/themes.agripedia.ch\/wp-content\/uploads\/2023\/01\/IMG_7963-1536x1024.jpg 1536w, https:\/\/themes.agripedia.ch\/wp-content\/uploads\/2023\/01\/IMG_7963-2048x1365.jpg 2048w, https:\/\/themes.agripedia.ch\/wp-content\/uploads\/2023\/01\/IMG_7963-1200x800.jpg 1200w, https:\/\/themes.agripedia.ch\/wp-content\/uploads\/2023\/01\/IMG_7963-1980x1320.jpg 1980w\" sizes=\"auto, (max-width: 1024px) 100vw, 1024px\" \/><\/a><\/figure><div class=\"wp-block-media-text__content\">\n<p><strong><a href=\"https:\/\/themes.agripedia.ch\/fr\/techniques-culturales-preservant-le-sol\/?preview=true&amp;preview_id=56335\" target=\"_blank\" rel=\"noopener\" title=\"\">Techniques culturales pr\u00e9servant le sol<\/a><\/strong><\/p>\n\n\n\n<p class=\"has-small-font-size\">La contribution peut \u00eatre combin\u00e9e avec la CSP \u00ab\u00a0Techniques culturales pr\u00e9servant le sol\u00a0\u00bb.<\/p>\n\n\n\n<p class=\"has-small-font-size\"><br\/><\/p>\n<\/div><\/div>\n\n<div class=\"wp-block-media-text is-stacked-on-mobile is-vertically-aligned-center\" style=\"grid-template-columns:35% auto\"><figure class=\"wp-block-media-text__media\"><a href=\"https:\/\/themes.agripedia.ch\/?p=34831\"><img decoding=\"async\" src=\"https:\/\/themes.agripedia.ch\/wp-content\/uploads\/2022\/06\/Z6D2066-1024x681.jpg\" alt=\"\" class=\"wp-image-30411 size-full\"\/><\/a><\/figure><div class=\"wp-block-media-text__content\">\n<p><strong><a href=\"https:\/\/themes.agripedia.ch\/fr\/non-recours-aux-produits-phytosanitaires-dans-les-cultures\/?preview=true&amp;preview_id=56331\" target=\"_blank\" rel=\"noopener\" title=\"\">Non-recours aux produits phytosanitaires<\/a><\/strong><\/p>\n\n\n\n<p>La contribution peut \u00eatre combin\u00e9e avec la CSP \u00ab\u00a0Non-recours aux PPh\u00a0\u00bb.<\/p>\n\n\n\n<p><\/p>\n<\/div><\/div>\n\n<div class=\"wp-block-media-text is-stacked-on-mobile is-vertically-aligned-center\" style=\"grid-template-columns:35% auto\"><figure class=\"wp-block-media-text__media\"><a href=\"https:\/\/themes.agripedia.ch\/?p=34833\"><img loading=\"lazy\" decoding=\"async\" width=\"1024\" height=\"683\" src=\"https:\/\/themes.agripedia.ch\/wp-content\/uploads\/2023\/08\/IMG_7059-1024x683.jpg\" alt=\"\" class=\"wp-image-39559 size-full\" srcset=\"https:\/\/themes.agripedia.ch\/wp-content\/uploads\/2023\/08\/IMG_7059-1024x683.jpg 1024w, https:\/\/themes.agripedia.ch\/wp-content\/uploads\/2023\/08\/IMG_7059-300x200.jpg 300w, https:\/\/themes.agripedia.ch\/wp-content\/uploads\/2023\/08\/IMG_7059-768x512.jpg 768w, https:\/\/themes.agripedia.ch\/wp-content\/uploads\/2023\/08\/IMG_7059-1536x1024.jpg 1536w, https:\/\/themes.agripedia.ch\/wp-content\/uploads\/2023\/08\/IMG_7059-2048x1365.jpg 2048w, https:\/\/themes.agripedia.ch\/wp-content\/uploads\/2023\/08\/IMG_7059-1200x800.jpg 1200w, https:\/\/themes.agripedia.ch\/wp-content\/uploads\/2023\/08\/IMG_7059-1980x1320.jpg 1980w\" sizes=\"auto, (max-width: 1024px) 100vw, 1024px\" \/><\/a><\/figure><div class=\"wp-block-media-text__content\">\n<p><strong><a href=\"https:\/\/themes.agripedia.ch\/fr\/non-recours-aux-herbicides-dans-les-grandes-cultures\/?preview=true&amp;preview_id=56329\" target=\"_blank\" rel=\"noopener\" title=\"\">Non-recours aux herbicides<\/a><\/strong><\/p>\n\n\n\n<p class=\"has-small-font-size\">La contribution peut \u00eatre combin\u00e9e avec la CSP \u00ab\u00a0Non-recours aux herbicides\u00a0\u00bb.<br\/><\/p>\n<\/div><\/div>\n\n<div class=\"wp-block-media-text is-stacked-on-mobile is-vertically-aligned-center\" style=\"grid-template-columns:35% auto\"><figure class=\"wp-block-media-text__media\"><img loading=\"lazy\" decoding=\"async\" width=\"1024\" height=\"834\" src=\"https:\/\/themes.agripedia.ch\/wp-content\/uploads\/2023\/08\/1200px-Bio_Suisse_201x_logo.svg-1024x834.png\" alt=\"\" class=\"wp-image-39605 size-full\" srcset=\"https:\/\/themes.agripedia.ch\/wp-content\/uploads\/2023\/08\/1200px-Bio_Suisse_201x_logo.svg-1024x834.png 1024w, https:\/\/themes.agripedia.ch\/wp-content\/uploads\/2023\/08\/1200px-Bio_Suisse_201x_logo.svg-300x244.png 300w, https:\/\/themes.agripedia.ch\/wp-content\/uploads\/2023\/08\/1200px-Bio_Suisse_201x_logo.svg-768x625.png 768w, https:\/\/themes.agripedia.ch\/wp-content\/uploads\/2023\/08\/1200px-Bio_Suisse_201x_logo.svg.png 1200w\" sizes=\"auto, (max-width: 1024px) 100vw, 1024px\" \/><\/figure><div class=\"wp-block-media-text__content\">\n<p><strong>Production biologique<\/strong><\/p>\n\n\n\n<p class=\"has-small-font-size\">Les exploitations qui produisent de mani\u00e8re biologique peuvent \u00e9galement b\u00e9n\u00e9ficier de cette contribution. <\/p>\n\n\n\n<p><\/p>\n<\/div><\/div>\n\n<h2 class=\"wp-block-heading\">Informations compl\u00e9mentaires<\/h2>\n\n<p><a href=\"https:\/\/no-till.ch\/publikationen\/\" target=\"_blank\" rel=\"noopener\" title=\"\">SWISS NO-TILL<\/a> &#8211; Diff\u00e9rentes fiches techniques sur les engrais verts<\/p>\n\n<p><a href=\"https:\/\/themes.agripedia.ch\/zwischenkulturen-und-gruenduengungen\/\" target=\"_blank\" rel=\"noopener\" title=\"Page Agripedia sur les cultures intercalaires et les engrais verts \">Page Agripedia sur les cultures intercalaires et les engrais verts <\/a><\/p>\n\n<div class=\"wp-block-group agripedia-impressum is-layout-flow wp-block-group-is-layout-flow\">\n<div class=\"wp-block-group agripedia-impressum-header is-layout-flow wp-block-group-is-layout-flow\">\n<h5 class=\"wp-block-heading\">Mentions l\u00e9gales<\/h5>\n<\/div>\n\n\n\n<div class=\"wp-block-group agripedia-impressum-content is-layout-flow wp-block-group-is-layout-flow\">\n<p><strong>Photo de couverture :<\/strong> Nadia Frei, AGRIDEA<\/p>\n\n\n\n<p><strong>Illustration de l&rsquo;article :<\/strong> Proconseil<\/p>\n<\/div>\n<\/div>\n\n\n<style class=\"advgb-styles-renderer\">.agripedia-box-header h2 {margin: 0 !important;}<\/style><div class=\"acf-fields-container\" data-post-id=\"47316\" data-canto-acf=\"true\"><\/div><style>\r\n        .acf-fields-container {\r\n            margin: 2em 0;\r\n            width: 100%;\r\n            clear: both;\r\n        }\r\n        .acf-field-image {\r\n            margin: 1.5em 0;\r\n            position: relative;\r\n        }\r\n        .acf-field-label {\r\n            margin-bottom: 1em;\r\n        }\r\n        .acf-image {\r\n            max-width: 100%;\r\n            height: auto;\r\n            display: block;\r\n            margin: 1em 0;\r\n        }\r\n    <\/style>","protected":false},"excerpt":{"rendered":"<div class=\"seriesmeta agripedia-series-meta-wrapper\">This entry is part 1 of 5 in the series <a href=\"https:\/\/themes.agripedia.ch\/fr\/series\/produktionssystembeitraege-ackerbau-fr-2\/\" class=\"series-2230\" title=\"Produktionssystembeitr\u00e4ge Ackerbau\">Produktionssystembeitr\u00e4ge Ackerbau<\/a><\/div><p>Afin de maintenir, voire d&rsquo;am\u00e9liorer la fertilit\u00e9 du sol \u00e0 long terme, le sol devrait \u00eatre couvert de mani\u00e8re aussi continue que possible. Un sol couvert de v\u00e9g\u00e9tation favorise l&rsquo;am\u00e9lioration de la fertilit\u00e9 du sol gr\u00e2ce \u00e0 l&rsquo;accumulation d&rsquo;humus et r\u00e9duit le risque d&rsquo;\u00e9rosion et de compactage en augmentant l&rsquo;activit\u00e9 biologique du sol.<\/p>\n","protected":false},"author":60,"featured_media":39567,"comment_status":"closed","ping_status":"open","sticky":false,"template":"","format":"standard","meta":{"_acf_changed":false,"_autodraft_ids":[],"advgb_blocks_editor_width":"","advgb_blocks_columns_visual_guide":"","_monsterinsights_skip_tracking":false,"_monsterinsights_sitenote_active":false,"_monsterinsights_sitenote_note":"","_monsterinsights_sitenote_category":0,"ngg_post_thumbnail":0,"_sb_is_suggestion_mode":false,"_sb_show_suggestion_boards":false,"_sb_show_comment_boards":false,"_sb_suggestion_history":"","_sb_update_block_changes":"","_is_real_time_mode":false,"_realtime_collaborators":"","footnotes":"","cf_checklist_status":[]},"categories":[115,273],"tags":[],"series":[2230],"ppma_author":[3929,205,76,64,156,339,2123],"class_list":["post-47316","post","type-post","status-publish","format-standard","has-post-thumbnail","hentry","category-ackerbau-fr","category-payments-directs","series-produktionssystembeitraege-ackerbau-fr-2"],"pp_statuses_selecting_workflow":false,"pp_workflow_action":"current","pp_status_selection":"publish","acf":[],"canto_acf_fields":"<div class=\"acf-fields-container\" data-post-id=\"47316\" data-canto-acf=\"true\"><\/div><style>\r\n        .acf-fields-container {\r\n            margin: 2em 0;\r\n            width: 100%;\r\n            clear: both;\r\n        }\r\n        .acf-field-image {\r\n            margin: 1.5em 0;\r\n            position: relative;\r\n        }\r\n        .acf-field-label {\r\n            margin-bottom: 1em;\r\n        }\r\n        .acf-image {\r\n            max-width: 100%;\r\n            height: auto;\r\n            display: block;\r\n            margin: 1em 0;\r\n        }\r\n    <\/style>","author_meta":{"display_name":"Nadia Frei","author_link":"https:\/\/themes.agripedia.ch\/fr\/author\/nfr\/"},"featured_img":"https:\/\/themes.agripedia.ch\/wp-content\/uploads\/2023\/08\/GDmischung-300x194.jpg","coauthors":[{"link":"https:\/\/themes.agripedia.ch\/fr\/author\/nsp0\/","display_name":"Nora Spirig"},{"link":"https:\/\/themes.agripedia.ch\/fr\/author\/nfr\/","display_name":"Nadia Frei"},{"link":"https:\/\/themes.agripedia.ch\/fr\/author\/jha\/","display_name":"Johannes Hanhart"},{"link":"https:\/\/themes.agripedia.ch\/fr\/author\/mar\/","display_name":"Martina R\u00f6sch"},{"link":"https:\/\/themes.agripedia.ch\/fr\/author\/lbe2\/","display_name":"Lucia Bernasconi"},{"link":"https:\/\/themes.agripedia.ch\/fr\/author\/ade4\/","display_name":"Anne-Valentine De Jong"},{"link":"https:\/\/themes.agripedia.ch\/fr\/author\/rye\/","display_name":"Roland Yerly"}],"tax_additional":{"categories":{"linked":["<a href=\"https:\/\/themes.agripedia.ch\/fr\/theme\/themen-fr\/ackerbau-fr\/\" class=\"advgb-post-tax-term\">Grandes cultures<\/a>","<a href=\"https:\/\/themes.agripedia.ch\/fr\/theme\/themen-fr\/payments-directs\/\" class=\"advgb-post-tax-term\">S\u00e9rie : Paiements directs<\/a>"],"unlinked":["<span class=\"advgb-post-tax-term\">Grandes cultures<\/span>","<span class=\"advgb-post-tax-term\">S\u00e9rie : Paiements directs<\/span>"]}},"comment_count":"0","relative_dates":{"created":"Publi\u00e9 2 ans il y a","modified":"Mis \u00e0 jour 5 mois il y a"},"absolute_dates":{"created":"Publi\u00e9 le 07.10.2024","modified":"Mise \u00e0 jour le 15.12.2025"},"absolute_dates_time":{"created":"Publi\u00e9 le 07.10.2024 10:41 am","modified":"Mise \u00e0 jour le 15.12.2025 5:56 pm"},"featured_img_caption":"Gr\u00fcnd\u00fcngung (Foto: ","series_order":1,"authors":[{"term_id":3929,"user_id":177,"is_guest":0,"slug":"nsp0","display_name":"Nora Spirig","avatar_url":"https:\/\/secure.gravatar.com\/avatar\/37b14074b8f386b045badcc206807204de8f61c6a4f05d8180b433d0ceadb52d?s=96&d=mm&r=g","0":null,"1":"","2":"","3":"","4":"","5":"","6":"","7":"","8":"","9":""},{"term_id":205,"user_id":60,"is_guest":0,"slug":"nfr","display_name":"Nadia Frei","avatar_url":"https:\/\/secure.gravatar.com\/avatar\/bb398d97a0cb808d4253a1befe331a8673e1429268d17b44aab2424feff2b23a?s=96&d=mm&r=g","0":null,"1":"","2":"","3":"","4":"","5":"","6":"","7":"","8":"","9":""},{"term_id":76,"user_id":36,"is_guest":0,"slug":"jha","display_name":"Johannes Hanhart","avatar_url":"https:\/\/secure.gravatar.com\/avatar\/f4d05773f260b5c86579e034d6c44423477285fad8427a10ad6288a253cbb151?s=96&d=mm&r=g","0":null,"1":"","2":"","3":"","4":"","5":"","6":"","7":"","8":"","9":""},{"term_id":64,"user_id":20,"is_guest":0,"slug":"mar","display_name":"Martina R\u00f6sch","avatar_url":"https:\/\/secure.gravatar.com\/avatar\/97e52fff824b49d0b49f21a17e6f40b52c6a002eda35a2942102af1703121831?s=96&d=mm&r=g","0":null,"1":"","2":"","3":"","4":"","5":"","6":"","7":"","8":"","9":""},{"term_id":156,"user_id":51,"is_guest":0,"slug":"lbe2","display_name":"Lucia Bernasconi","avatar_url":"https:\/\/secure.gravatar.com\/avatar\/91807957d6421ddcf8b45e903968663d56ae8addf654daec4a1ea1513878f3ab?s=96&d=mm&r=g","0":null,"1":"","2":"","3":"","4":"","5":"","6":"","7":"","8":"","9":""},{"term_id":339,"user_id":92,"is_guest":0,"slug":"ade4","display_name":"Anne-Valentine De Jong","avatar_url":"https:\/\/secure.gravatar.com\/avatar\/?s=96&d=mm&r=g","0":null,"1":"","2":"","3":"","4":"","5":"","6":"","7":"","8":"","9":""},{"term_id":2123,"user_id":155,"is_guest":0,"slug":"rye","display_name":"Roland Yerly","avatar_url":"https:\/\/secure.gravatar.com\/avatar\/8b1421ffc34dd2d5702156fcccaf67cd78f2087c55f85363e39a9f99f8c4d026?s=96&d=mm&r=g","0":null,"1":"","2":"","3":"","4":"","5":"","6":"","7":"","8":"","9":""}],"_links":{"self":[{"href":"https:\/\/themes.agripedia.ch\/fr\/wp-json\/wp\/v2\/posts\/47316","targetHints":{"allow":["GET"]}}],"collection":[{"href":"https:\/\/themes.agripedia.ch\/fr\/wp-json\/wp\/v2\/posts"}],"about":[{"href":"https:\/\/themes.agripedia.ch\/fr\/wp-json\/wp\/v2\/types\/post"}],"author":[{"embeddable":true,"href":"https:\/\/themes.agripedia.ch\/fr\/wp-json\/wp\/v2\/users\/60"}],"replies":[{"embeddable":true,"href":"https:\/\/themes.agripedia.ch\/fr\/wp-json\/wp\/v2\/comments?post=47316"}],"version-history":[{"count":1,"href":"https:\/\/themes.agripedia.ch\/fr\/wp-json\/wp\/v2\/posts\/47316\/revisions"}],"predecessor-version":[{"id":78453,"href":"https:\/\/themes.agripedia.ch\/fr\/wp-json\/wp\/v2\/posts\/47316\/revisions\/78453"}],"wp:featuredmedia":[{"embeddable":true,"href":"https:\/\/themes.agripedia.ch\/fr\/wp-json\/wp\/v2\/media\/39567"}],"wp:attachment":[{"href":"https:\/\/themes.agripedia.ch\/fr\/wp-json\/wp\/v2\/media?parent=47316"}],"wp:term":[{"taxonomy":"category","embeddable":true,"href":"https:\/\/themes.agripedia.ch\/fr\/wp-json\/wp\/v2\/categories?post=47316"},{"taxonomy":"post_tag","embeddable":true,"href":"https:\/\/themes.agripedia.ch\/fr\/wp-json\/wp\/v2\/tags?post=47316"},{"taxonomy":"series","embeddable":true,"href":"https:\/\/themes.agripedia.ch\/fr\/wp-json\/wp\/v2\/series?post=47316"},{"taxonomy":"author","embeddable":true,"href":"https:\/\/themes.agripedia.ch\/fr\/wp-json\/wp\/v2\/ppma_author?post=47316"}],"curies":[{"name":"wp","href":"https:\/\/api.w.org\/{rel}","templated":true}]}}