{"id":2958,"date":"2023-11-28T16:02:58","date_gmt":"2023-11-28T16:02:58","guid":{"rendered":"https:\/\/agripedia.ch\/alpwirtschaft\/?p=2958"},"modified":"2026-02-23T08:59:26","modified_gmt":"2026-02-23T07:59:26","slug":"economie-alpestre-prevention-des-accidents","status":"publish","type":"post","link":"https:\/\/themes.agripedia.ch\/fr\/economie-alpestre-prevention-des-accidents\/","title":{"rendered":"Pr\u00e9vention des accidents \u00e0 l&rsquo;alpage"},"content":{"rendered":"<div class=\"seriesmeta agripedia-series-meta-wrapper\"><!--This entry is part 7 of 7 in the series--> <a href=\"https:\/\/themes.agripedia.ch\/fr\/series\/exploitation-destivage-et-personnel-dalpage\/\" class=\"series-587\" title=\"Exploitation d'estivage et personnel d'alpage\">Exploitation d'estivage et personnel d'alpage<\/a> (7 \/ 7)<\/div>\n<h2 class=\"wp-block-heading\" id=\"personnes\">Pour les personnes<\/h2>\n\n\n\n<p>Les accidents les plus fr\u00e9quents sur l\u2019alpage se produisent lors de la manipulation des vaches m\u00e8res, lors de trajets sur la route, dans la fromagerie avec des produits chimiques, avec des barattes non prot\u00e9g\u00e9es, des sols glissants, des chaussures inadapt\u00e9es et des v\u00e9hicules hors d\u2019usage. Des accidents peuvent \u00e9galement arriver \u00e0 des personnes \u00e9trang\u00e8res \u00e0 l\u2019alpage (randonneur-euse-s, touristes), par exemple \u00e0 cause de cl\u00f4tures mal visibles \u00e0 travers des chemins ou des sentiers de randonn\u00e9e.<\/p>\n\n\n\n<p>En principe, les d\u00e9tenteur-trice-s des animaux sont responsables des dommages caus\u00e9s par leurs animaux, \u00e0 moins qu\u2019il ne soit prouv\u00e9 qu\u2019elles ont fait preuve de la diligence requise pour la garde et la surveillance des animaux (<a href=\"https:\/\/www.fedlex.admin.ch\/eli\/cc\/27\/317_321_377\/fr#art_56\" target=\"_blank\" rel=\"noopener\" title=\"\">art. 56 du droit des obligations<\/a>). Cela signifie que les d\u00e9tenteur-trice-s de b\u00e9tail et de chiens de protection doivent proc\u00e9der \u00e0 une analyse des risques avec planification et mise en \u0153uvre des mesures correspondantes d\u00e8s que des chemins de randonn\u00e9e traversent leur p\u00e2turage.<\/p>\n\n\n\n<h3 class=\"wp-block-heading\">Check-lists et guides du  SPAA<\/h3>\n\n\n\n<p>Le\u00a0<a title=\"\" href=\"https:\/\/www.bul.ch\/fr-ch\" target=\"_blank\" rel=\"noopener\">Service de pr\u00e9vention des accidents dans l\u2019agriculture (SPAA)<\/a>\u00a0propose des\u00a0<a title=\"\" href=\"https:\/\/www.bul.ch\/fr-ch\/themes-specialises\/agriculture-de-montagne\/sentiers-de-randonnee\" target=\"_blank\" rel=\"noopener\">check-lists sur le b\u00e9tail et la protection des troupeaux dans les zones de randonn\u00e9e ainsi que des flyers et des panneaux d\u2019avertissement et de sensibilisation<\/a>.<\/p>\n\n\n\n<p>En collaboration avec Vache m\u00e8re Suisse, il a \u00e9labor\u00e9 le\u00a0<a href=\"https:\/\/www.bul.ch\/Custom\/Data\/ckEditorFiles\/Fachthemen\/Alpwirtschaft\/Wanderwege_2023\/13010008201_Check-list_Bovins_dans_les_zones_de_paturages_et_de_randonnee_2026_Formular.pdf\" target=\"_blank\" rel=\"noreferrer noopener\">guide de pr\u00e9vention des accidents \u00ab\u00a0Bovins dans les zones de p\u00e2turages et de randonn\u00e9e\u00a0\u00bb<\/a>.<\/p>\n\n\n\n<p>Au sujet de la protection des troupeaux, le SPAA et AGRIDEA ont \u00e9labor\u00e9 un <a href=\"https:\/\/www.protectiondestroupeaux.ch\/fileadmin\/doc\/Actualit%C3%A9s\/weitere_Downloads\/3361___2a___F_18_WEB_LINK_Guide_Conflits.pdf\" target=\"_blank\" rel=\"noreferrer noopener\">guide sur la gestion des conflits<\/a> ainsi que des check-lists pour les <a href=\"https:\/\/www.protectiondestroupeaux.ch\/fileadmin\/doc\/Actualit%C3%A9s\/weitere_Downloads\/3361___2b___F_18_WEB_EF_Controle_Exploitation.pdf\" target=\"_blank\" rel=\"noreferrer noopener\">exploitations principales<\/a>, les <a href=\"https:\/\/www.protectiondestroupeaux.ch\/fileadmin\/doc\/Actualit%C3%A9s\/weitere_Downloads\/3361___2c___F_18_WEB_EF_Controle_Paturages.pdf\" target=\"_blank\" rel=\"noreferrer noopener\">p\u00e2turages<\/a> et les <a href=\"https:\/\/www.protectiondestroupeaux.ch\/fileadmin\/doc\/Actualit%C3%A9s\/weitere_Downloads\/3361___2d___F_18_WEB_EF_Controle_Prealpage.pdf\" target=\"_blank\" rel=\"noreferrer noopener\">alpages<\/a>.<\/p>\n\n\n\n<p>Le SPAA propose en outre des conseils sp\u00e9cifiques aux alpages dans le domaine de la pr\u00e9vention des accidents lors de la\u00a0<a title=\"\" href=\"https:\/\/www.bul.ch\/fr-ch\/themes-specialises\/agriculture-de-montagne\/transformation-du-lait\" target=\"_blank\" rel=\"noopener\">transformation du lait<\/a>\u00a0et des cours sur le th\u00e8me de\u00a0<a title=\"\" href=\"https:\/\/www.bul.ch\/fr-ch\/themes-specialises\/agriculture-de-montagne\/personnel-dalpage\" target=\"_blank\" rel=\"noopener\">la gestion du personnel et des conflits<\/a>.<\/p>\n\n\n\n<div class=\"wp-block-group agripedia-box is-layout-flow wp-block-group-is-layout-flow\">\n<div class=\"wp-block-group agripedia-box-header is-layout-flow wp-block-group-is-layout-flow\">\n<h5 class=\"wp-block-heading\">Syst\u00e8me de pr\u00e9vention \u00ab\u00a0agriTOP\u00a0\u00bb<\/h5>\n<\/div>\n\n\n\n<div class=\"wp-block-group agripedia-box-content is-layout-flow wp-block-group-is-layout-flow\">\n<p>Pour que les directives de pr\u00e9vention des accidents du travail (<a title=\"\" href=\"https:\/\/www.ekas.ch\/download.php?id=6944\" target=\"_blank\" rel=\"noopener\">directive CFST n\u00b0 6508<\/a>) de la\u00a0loi sur l\u2019assurance-accidents\u00a0puissent \u00eatre respect\u00e9es, le SPAA a d\u00e9velopp\u00e9 le\u00a0<a title=\"\" href=\"https:\/\/www.bul.ch\/fr-ch\/agritop\/concept-de-securite\" target=\"_blank\" rel=\"noopener\">syst\u00e8me de pr\u00e9vention \u00ab\u00a0agriTOP\u00a0\u00bb<\/a>, qui peut \u00e9galement \u00eatre appliqu\u00e9 \u00e0 une exploitation d\u2019alpage. Chaque exploitation d\u2019alpage avec des employ\u00e9-e-s d\u00e9signe une personne qui se forme dans un cours de deux journ\u00e9es pour devenir responsable de la s\u00e9curit\u00e9. Cette personne doit v\u00e9rifier les risques d\u2019accident sur l\u2019exploitation d\u2019alpage, les documenter de mani\u00e8re sp\u00e9cifique \u00e0 l\u2019alpage et instruire le personnel. Tous les trois ans, cette personne suit une formation continue aupr\u00e8s d\u2019agriTOP.<\/p>\n\n\n\n<p>Si une exploitation d\u2019alpage ne prend aucune mesure de s\u00e9curit\u00e9, l\u2019assurance-accidents pourrait refuser de payer et rejeter le cas sur l\u2019assurance responsabilit\u00e9 civile du responsable de l\u2019accident.<\/p>\n<\/div>\n<\/div>\n\n\n\n<div style=\"height:20px\" aria-hidden=\"true\" class=\"wp-block-spacer\"><\/div>\n\n\n\n<h2 class=\"wp-block-heading\" id=\"animaux\">Pour les animaux<\/h2>\n\n\n\n<h3 class=\"wp-block-heading\">Assurance du b\u00e9tail<\/h3>\n\n\n\n<p>Selon l\u2019assurance, l\u2019alpage est inclus dans l\u2019assurance de base ou il existe une assurance alpage suppl\u00e9mentaire qui permet d\u2019assurer les animaux contre les maladies et les accidents sur l\u2019alpage (foudre, chutes de pierres, avalanches, hautes eaux et pression de la neige). La mort et les frais de traitement en cas d\u2019accident sont ainsi indemnis\u00e9s. Les frais occasionn\u00e9s par une intervention de la Rega doivent \u00eatre assur\u00e9s s\u00e9par\u00e9ment.<\/p>\n\n\n\n<p>Contr\u00f4lez les couvertures d\u2019assurance avant la mont\u00e9e \u00e0 l\u2019alpage et adaptez-les si n\u00e9cessaire.<\/p>\n\n\n\n<h3 class=\"wp-block-heading\">Transport d&rsquo;animaux de la Rega<\/h3>\n\n\n\n<p><strong>058 654 39 40&nbsp;<\/strong>est le num\u00e9ro de t\u00e9l\u00e9phone sp\u00e9cial de la Rega pour les&nbsp;<a href=\"https:\/\/www.rega.ch\/fr\/en-mission\/voici-comment-nous-vous-aidons\/aide-aux-paysans-de-montagne\" target=\"_blank\" rel=\"noopener\" title=\"\">transports a\u00e9riens pour paysans de montagne<\/a>. Dans le cadre de l\u2019aide aux paysans de montagne, la Rega transporte les animaux bless\u00e9s, malades, \u00e9gar\u00e9s ou morts depuis les terrains impraticables jusqu\u2019\u00e0 l\u2019endroit le plus proche accessible en v\u00e9hicule. Pour cela, il faut que les propri\u00e9taires des animaux soient des personnes physiques et donateur-trice-s individuel-le-s de la Rega (40 francs par an). Pour les communaut\u00e9s d\u2019exploitation, chaque propri\u00e9taire d\u2019animaux doit conclure une affiliation.<\/p>\n\n\n\n<p class=\"has-agridea-light-gray-background-color has-background\"><strong>Attention :<\/strong> ce sont les propri\u00e9taires d\u2019animaux qui doivent conclure l\u2019affiliation, pas les exploitant-e-s d\u2019alpage !<\/p>\n\n\n\n<p>En cas d\u2019urgence, l\u2019Aide Suisse aux Montagnards offre un soutien financier. Les transports de cadavres d\u2019animaux doivent \u00eatre pris en charge par la commune de l\u2019alpage concern\u00e9.<\/p>\n\n\n\n<p>Concernant les transports d\u2019animaux, la fiche d\u2019information de la Rega <a href=\"https:\/\/www.rega.ch\/fileadmin\/seiteninhalt\/2_Im_Einsatz\/1_So_helfen_wir_Ihnen\/5_Einsatzpartner\/Contadino\/MERKBLATT_Berglandwirtschaft_2022_FR.pdf\" target=\"_blank\" rel=\"noopener\" title=\"\">\u00ab\u00a0Transports a\u00e9riens pour l\u2019agriculture de montagne\u00a0\u00bb<\/a> contient toutes les informations n\u00e9cessaires et peut \u00eatre affich\u00e9e dans le chalet d\u2019alpage.<\/p>\n\n\n\n<div class=\"wp-block-group agripedia-box is-layout-flow wp-block-group-is-layout-flow\">\n<div class=\"wp-block-group agripedia-box-header is-layout-flow wp-block-group-is-layout-flow\">\n<h5 class=\"wp-block-heading\">Indications n\u00e9cessaires pour transport en h\u00e9licopt\u00e8re d&rsquo;un animal<\/h5>\n<\/div>\n\n\n\n<div class=\"wp-block-group agripedia-box-content is-layout-flow wp-block-group-is-layout-flow\">\n<p>Lors du transport en h\u00e9licopt\u00e8re d&rsquo;un animal, les indications suivantes sont n\u00e9cessaires pour la Rega :<br><br>&#8211; <strong>propri\u00e9taire des animaux<\/strong> : nom, adresse, assurance de choses, num\u00e9ro de donateur-trice Rega, marque auriculaire BDTA de l\u2019animal<br><br>&#8211; <strong>personne(s) de contact <\/strong>: responsable d\u2019alpage, berger-e<br><br>&#8211; <strong>lieu de prise en charge de la personne de r\u00e9f\u00e9rence ou du cadavre de l\u2019animal<\/strong> : terrain communal, nom de l\u2019alpage, point culminant avec coordonn\u00e9es<sup>1<\/sup>, nature du terrain, obstacles (lignes \u00e0 haute tension, t\u00e9l\u00e9ph\u00e9riques, etc.), conditions m\u00e9t\u00e9orologiques<br><br><sup>1<\/sup> Avec l\u2019application \u00ab\u00a0Rega-App\u00a0\u00bb et un signal GPS, les coordonn\u00e9es peuvent directement \u00eatre lues et envoy\u00e9es au moyen d\u2019un smartphone.<\/p>\n<\/div>\n<\/div>\n\n\n\n<div style=\"height:50px\" aria-hidden=\"true\" class=\"wp-block-spacer\"><\/div>\n\n\n\n<div class=\"wp-block-group agripedia-impressum is-layout-flow wp-block-group-is-layout-flow\">\n<div class=\"wp-block-group agripedia-impressum-header is-layout-flow wp-block-group-is-layout-flow\">\n<h5 class=\"wp-block-heading\">Impressum<\/h5>\n<\/div>\n\n\n\n<div class=\"wp-block-group agripedia-impressum-content is-layout-flow wp-block-group-is-layout-flow\">\n<p><strong>Photo de couverture :<\/strong> <a href=\"https:\/\/pxhere.com\/fr\/photo\/963117\" title=\"\">PxHere<\/a><\/p>\n\n\n\n<p><strong>Un projet de<\/strong>:<\/p>\n\n\n\n<div class=\"wp-block-columns is-layout-flex wp-container-core-columns-is-layout-9d6595d7 wp-block-columns-is-layout-flex\">\n<div class=\"wp-block-column is-layout-flow wp-block-column-is-layout-flow\">\n<div class=\"wp-block-image\"><figure class=\"wp-block-image aligncenter size-large is-resized\"><a href=\"https:\/\/www.agridea.ch\/fr\/\" target=\"_blank\" rel=\"noopener\"><img loading=\"lazy\" decoding=\"async\" src=\"https:\/\/agripedia.ch\/alpwirtschaft\/wp-content\/uploads\/sites\/46\/2022\/10\/AGRIDEA_4_LANGUES_RGB-1024x210.png\" alt=\"Logo AGRIDEA\" class=\"wp-image-909\" width=\"341\" height=\"70\"\/><\/a><\/figure><\/div>\n<\/div>\n\n\n\n<div class=\"wp-block-column is-vertically-aligned-center is-layout-flow wp-block-column-is-layout-flow\">\n<div class=\"wp-block-image\"><figure class=\"wp-block-image aligncenter size-full is-resized\"><a href=\"https:\/\/www.alpwirtschaft.ch\/fr\/\" target=\"_blank\" rel=\"noopener\"><img loading=\"lazy\" decoding=\"async\" src=\"https:\/\/agripedia.ch\/alpwirtschaft\/wp-content\/uploads\/sites\/46\/2022\/10\/LOGO_SAV_CMYK.jpg\" alt=\"Logo de la FSA\" class=\"wp-image-907\" width=\"90\" height=\"90\"\/><\/a><\/figure><\/div>\n<\/div>\n\n\n\n<div class=\"wp-block-column is-vertically-aligned-center is-layout-flow wp-block-column-is-layout-flow\">\n<p><strong>Contact<\/strong>:<\/p>\n\n\n\n<p><a href=\"mailto:esther.haesen@agridea.ch\" title=\"\">Esther Haesen<\/a>, AGRIDEA<\/p>\n\n\n\n<p><a href=\"mailto:info@alpwirtschaft.ch\" title=\"\">Selina Droz<\/a>, SSEA<\/p>\n<\/div>\n<\/div>\n<\/div>\n<\/div>\n<div class=\"acf-fields-container\" data-post-id=\"2958\" data-canto-acf=\"true\"><\/div><style>\r\n        .acf-fields-container {\r\n            margin: 2em 0;\r\n            width: 100%;\r\n            clear: both;\r\n        }\r\n        .acf-field-image {\r\n            margin: 1.5em 0;\r\n            position: relative;\r\n        }\r\n        .acf-field-label {\r\n            margin-bottom: 1em;\r\n        }\r\n        .acf-image {\r\n            max-width: 100%;\r\n            height: auto;\r\n            display: block;\r\n            margin: 1em 0;\r\n        }\r\n    <\/style>","protected":false},"excerpt":{"rendered":"<div class=\"seriesmeta agripedia-series-meta-wrapper\">This entry is part 7 of 7 in the series <a href=\"https:\/\/themes.agripedia.ch\/fr\/series\/exploitation-destivage-et-personnel-dalpage\/\" class=\"series-587\" title=\"Exploitation d'estivage et personnel d'alpage\">Exploitation d'estivage et personnel d'alpage<\/a><\/div><p>Il existe de nombreuses causes d&rsquo;accident sur l&rsquo;alpage. Elles peuvent concerner aussi bien les personnes que les animaux estiv\u00e9s. Diff\u00e9rentes check-lists et guides pour la pr\u00e9vention des accidents sur l&rsquo;alpage sont pr\u00e9sent\u00e9s ici. Si un animal de rente est d\u00e9j\u00e0 accident\u00e9, il peut, sous certaines conditions, \u00eatre transport\u00e9 par h\u00e9licopt\u00e8re avec le service de transport d&rsquo;animaux de la Rega. Les conditions g\u00e9n\u00e9rales du transport d&rsquo;animaux sont d\u00e9crites ici.<\/p>\n","protected":false},"author":105,"featured_media":46772,"comment_status":"closed","ping_status":"closed","sticky":false,"template":"","format":"standard","meta":{"_acf_changed":false,"_autodraft_ids":[],"advgb_blocks_editor_width":"","advgb_blocks_columns_visual_guide":"","_monsterinsights_skip_tracking":false,"_monsterinsights_sitenote_active":false,"_monsterinsights_sitenote_note":"","_monsterinsights_sitenote_category":0,"ngg_post_thumbnail":0,"_sb_is_suggestion_mode":false,"_sb_show_suggestion_boards":false,"_sb_show_comment_boards":false,"_sb_suggestion_history":"","_sb_update_block_changes":"","_is_real_time_mode":false,"_realtime_collaborators":"","footnotes":"","cf_checklist_status":["SEO Title Length","Content Word Count","External Links","Alt Text for All Images","Featured Image Added","Category Assigned"]},"categories":[737],"tags":[],"series":[587],"ppma_author":[374,3893],"class_list":["post-2958","post","type-post","status-publish","format-standard","has-post-thumbnail","hentry","category-portail-sur-leconomie-alpestre","series-exploitation-destivage-et-personnel-dalpage"],"pp_statuses_selecting_workflow":false,"pp_workflow_action":"current","pp_status_selection":"publish","acf":[],"canto_acf_fields":"<div class=\"acf-fields-container\" data-post-id=\"2958\" data-canto-acf=\"true\"><\/div><style>\r\n        .acf-fields-container {\r\n            margin: 2em 0;\r\n            width: 100%;\r\n            clear: both;\r\n        }\r\n        .acf-field-image {\r\n            margin: 1.5em 0;\r\n            position: relative;\r\n        }\r\n        .acf-field-label {\r\n            margin-bottom: 1em;\r\n        }\r\n        .acf-image {\r\n            max-width: 100%;\r\n            height: auto;\r\n            display: block;\r\n            margin: 1em 0;\r\n        }\r\n    <\/style>","author_meta":{"display_name":"Esther Haesen","author_link":"https:\/\/themes.agripedia.ch\/fr\/author\/eha0\/"},"featured_img":"https:\/\/themes.agripedia.ch\/wp-content\/uploads\/2024\/01\/Unfallverhuetung_Prevention-accident-300x168.jpg","coauthors":[{"link":"https:\/\/themes.agripedia.ch\/fr\/author\/eha0\/","display_name":"Esther Haesen"},{"link":"https:\/\/themes.agripedia.ch\/fr\/author\/dme0\/","display_name":"Daniel Mettler"}],"tax_additional":{"categories":{"linked":["<a href=\"https:\/\/themes.agripedia.ch\/fr\/theme\/portail-sur-leconomie-alpestre\/\" class=\"advgb-post-tax-term\">Portail sur l&#039;\u00e9conomie alpestre<\/a>"],"unlinked":["<span class=\"advgb-post-tax-term\">Portail sur l&#039;\u00e9conomie alpestre<\/span>"]}},"comment_count":"0","relative_dates":{"created":"Publi\u00e9 2 ans il y a","modified":"Mis \u00e0 jour 2 mois il y a"},"absolute_dates":{"created":"Publi\u00e9 le 28.11.2023","modified":"Mise \u00e0 jour le 23.02.2026"},"absolute_dates_time":{"created":"Publi\u00e9 le 28.11.2023 4:02 pm","modified":"Mise \u00e0 jour le 23.02.2026 8:59 am"},"featured_img_caption":"","series_order":7,"authors":[{"term_id":374,"user_id":105,"is_guest":0,"slug":"eha0","display_name":"Esther Haesen","avatar_url":"https:\/\/secure.gravatar.com\/avatar\/10792f08143a4c8d0c3755aad7f1b6dc1c4aaf91dd91448e15bca17674f98ec2?s=96&d=mm&r=g","0":null,"1":"","2":"","3":"","4":"","5":"","6":"","7":"","8":"","9":""},{"term_id":3893,"user_id":169,"is_guest":0,"slug":"dme0","display_name":"Daniel Mettler","avatar_url":"https:\/\/secure.gravatar.com\/avatar\/e0a8f7de689a6a22a9998ab5d5f34789b2400ff04f8bef6fbca5b02977ad6400?s=96&d=mm&r=g","0":null,"1":"","2":"","3":"","4":"","5":"","6":"","7":"","8":"","9":""}],"_links":{"self":[{"href":"https:\/\/themes.agripedia.ch\/fr\/wp-json\/wp\/v2\/posts\/2958","targetHints":{"allow":["GET"]}}],"collection":[{"href":"https:\/\/themes.agripedia.ch\/fr\/wp-json\/wp\/v2\/posts"}],"about":[{"href":"https:\/\/themes.agripedia.ch\/fr\/wp-json\/wp\/v2\/types\/post"}],"author":[{"embeddable":true,"href":"https:\/\/themes.agripedia.ch\/fr\/wp-json\/wp\/v2\/users\/105"}],"replies":[{"embeddable":true,"href":"https:\/\/themes.agripedia.ch\/fr\/wp-json\/wp\/v2\/comments?post=2958"}],"version-history":[{"count":1,"href":"https:\/\/themes.agripedia.ch\/fr\/wp-json\/wp\/v2\/posts\/2958\/revisions"}],"predecessor-version":[{"id":80563,"href":"https:\/\/themes.agripedia.ch\/fr\/wp-json\/wp\/v2\/posts\/2958\/revisions\/80563"}],"wp:featuredmedia":[{"embeddable":true,"href":"https:\/\/themes.agripedia.ch\/fr\/wp-json\/wp\/v2\/media\/46772"}],"wp:attachment":[{"href":"https:\/\/themes.agripedia.ch\/fr\/wp-json\/wp\/v2\/media?parent=2958"}],"wp:term":[{"taxonomy":"category","embeddable":true,"href":"https:\/\/themes.agripedia.ch\/fr\/wp-json\/wp\/v2\/categories?post=2958"},{"taxonomy":"post_tag","embeddable":true,"href":"https:\/\/themes.agripedia.ch\/fr\/wp-json\/wp\/v2\/tags?post=2958"},{"taxonomy":"series","embeddable":true,"href":"https:\/\/themes.agripedia.ch\/fr\/wp-json\/wp\/v2\/series?post=2958"},{"taxonomy":"author","embeddable":true,"href":"https:\/\/themes.agripedia.ch\/fr\/wp-json\/wp\/v2\/ppma_author?post=2958"}],"curies":[{"name":"wp","href":"https:\/\/api.w.org\/{rel}","templated":true}]}}