{"id":2939,"date":"2023-11-28T14:36:53","date_gmt":"2023-11-28T14:36:53","guid":{"rendered":"https:\/\/agripedia.ch\/alpwirtschaft\/?p=2939"},"modified":"2025-04-29T16:05:15","modified_gmt":"2025-04-29T14:05:15","slug":"economie-alpestre-assurances","status":"publish","type":"post","link":"https:\/\/themes.agripedia.ch\/fr\/economie-alpestre-assurances\/","title":{"rendered":"Assurances \u00e0 l&rsquo;alpage"},"content":{"rendered":"<div class=\"seriesmeta agripedia-series-meta-wrapper\"><!--This entry is part 6 of 7 in the series--> <a href=\"https:\/\/themes.agripedia.ch\/fr\/series\/exploitation-destivage-et-personnel-dalpage\/\" class=\"series-587\" title=\"Exploitation d'estivage et personnel d'alpage\">Exploitation d'estivage et personnel d'alpage<\/a> (6 \/ 7)<\/div>\n<h2 class=\"wp-block-heading\" id=\"assurance-personnes\">Assurance de personnes<\/h2>\n\n\n\n<h3 class=\"wp-block-heading\" id=\"assurance-maladie\">Loi sur l&rsquo;assurance-maladie<\/h3>\n\n\n\n<p>Les employeur-euse-s sont responsables de l\u2019assurance maladie en Suisse de leur personnel. Le\u00a0<a href=\"https:\/\/themes.agripedia.ch\/fr\/economie-alpestre-emploi\/#ctt\" target=\"_blank\" rel=\"noopener\" title=\"\">contrat-types de travail (CTT) cantonaux agricoles ou d&rsquo;alpage<\/a>\u00a0obligent les employeur-euse-s \u00e0 assurer leur personnel pour les frais m\u00e9dicaux, pharmaceutiques et hospitaliers (\u00e0 la charge de l\u2019employ\u00e9-e) ainsi que pour une indemnit\u00e9 journali\u00e8re en cas de maladie (50 % \u00e0 la charge de l\u2019employ\u00e9-e et 50 % \u00e0 la charge de l\u2019employeur-euse) de 80 % du salaire \u00e0 partir du 31<sup>e<\/sup>\u00a0jour de maladie.<\/p>\n\n\n\n<p>Les \u00e9tranger-\u00e8re-s doivent souscrire \u00e0 leurs frais une assurance de base selon la&nbsp;<a href=\"https:\/\/www.bag.admin.ch\/bag\/fr\/home\/gesetze-und-bewilligungen\/gesetzgebung\/gesetzgebung-versicherungen\/gesetzgebung-krankenversicherung\/kvg.html\" target=\"_blank\" rel=\"noopener\" title=\"\">Loi sur l\u2019assurance-maladie (LAMal)<\/a>&nbsp;aupr\u00e8s d\u2019une caisse maladie pour la p\u00e9riode d\u2019alpage. L\u2019assurance \u00e0 l\u2019\u00e9tranger doit \u00eatre suspendue pendant cette p\u00e9riode. Pour les missions de moins de trois mois, cette obligation ne s\u2019applique pas si l\u2019assurance de l\u2019employ\u00e9-e confirme par \u00e9crit qu\u2019elle est pr\u00eate \u00e0 payer pour le s\u00e9jour \u00e0 l\u2019\u00e9tranger.<\/p>\n\n\n\n<h3 class=\"wp-block-heading\" id=\"assurance-accidents\">Loi sur l&rsquo;assurance-accidents<\/h3>\n\n\n\n<p>La&nbsp;<a href=\"https:\/\/www.fedlex.admin.ch\/eli\/cc\/1982\/1676_1676_1676\/fr\" target=\"_blank\" rel=\"noopener\" title=\"\">Loi sur l\u2019assurance-accidents (LAA)<\/a>&nbsp;oblige les employeur-euse-s \u00e0 assurer leur personnel contre les accidents professionnels (\u00e0 la charge de l\u2019employeur-euse) et non professionnels (\u00e0 la charge de l\u2019employ\u00e9-e).<\/p>\n\n\n\n<h3 class=\"wp-block-heading\" id=\"prevoyance-professionnelle\">Loi sur la pr\u00e9voyance professionnelle<\/h3>\n\n\n\n<p>La&nbsp;<a href=\"https:\/\/www.fedlex.admin.ch\/eli\/cc\/1983\/797_797_797\/fr\" target=\"_blank\" rel=\"noopener\" title=\"\">Loi sur la pr\u00e9voyance professionnelle (LPP)<\/a>&nbsp;oblige les employeurs-euses \u00e0 affilier \u00e0 une caisse de pension leur personnel (\u00e9galement \u00e9tranger) employ\u00e9 depuis plus de trois mois, \u00e2g\u00e9 de plus de 17 ans et percevant un salaire AVS de plus de 1\u2019837,50 francs\/mois (\u00e9tat en 2023). L\u2019argent est d\u00e9duit du salaire brut soumis \u00e0 l\u2019AVS. La cotisation \u00e0 la caisse de pension d\u00e9pend de l\u2019\u00e2ge, du sexe et du montant du salaire. La cotisation est pay\u00e9e pour moiti\u00e9 par les employeur-euse-s et pour moiti\u00e9 par les employ\u00e9-e-s. Il est recommand\u00e9 de d\u00e9terminer avant l\u2019alpage si la caisse de pension est pay\u00e9e (pour plus de 3 mois de travail) ou non (pour moins de 3 mois de travail).<\/p>\n\n\n\n<h3 class=\"wp-block-heading\" id=\"solution-globale\">Solution d&rsquo;assurance globale<\/h3>\n\n\n\n<p>Afin de simplifier les t\u00e2ches administratives li\u00e9es \u00e0 l\u2019assurance, une&nbsp;<a href=\"https:\/\/www.agrisano.ch\/fr\/offre-2\/assurance-globale-pour-les-employes\" target=\"_blank\" rel=\"noopener\" title=\"\">solution globale<\/a>&nbsp;est propos\u00e9e par les unions cantonales d\u2019agriculteur-trice-s et la Fondation de pr\u00e9voyance de l\u2019USP. Gr\u00e2ce \u00e0 cette solution, les exploitations d\u2019alpage ont la garantie que leur personnel est correctement assur\u00e9.<\/p>\n\n\n\n<h3 class=\"wp-block-heading\" id=\"repartition-prestations\">R\u00e9partition des prestations sociales<\/h3>\n\n\n\n<p>Un r\u00e9capitulatif de la r\u00e9partition des prestations sociales est disponible sur&nbsp;<a href=\"https:\/\/zalp.ch\/helferlinge\/richtlohn\" target=\"_blank\" rel=\"noopener\" title=\"\">zalp.ch&nbsp;(\u2794 Aufteilung der Sozialleistungen&nbsp;; en allemand)<\/a>.<\/p>\n\n\n\n<div style=\"height:20px\" aria-hidden=\"true\" class=\"wp-block-spacer\"><\/div>\n\n\n\n<h2 class=\"wp-block-heading\" id=\"biens-et-patrimoine\">Protection des biens et du patrimoine<\/h2>\n\n\n\n<h3 class=\"wp-block-heading\" id=\"responsabilite-civile-alpage\">Assurance responsabilit\u00e9 civile de l&rsquo;alpage<\/h3>\n\n\n\n<p>Pour couvrir les dommages caus\u00e9s par l\u2019exploitation de l\u2019alpage \u00e0 des tiers (p. ex. une vache cabossant la voiture d\u2019un touriste), il est possible de conclure une assurance responsabilit\u00e9 civile pour l\u2019ensemble de l\u2019exploitation d\u2019estivation.<\/p>\n\n\n\n<h3 class=\"wp-block-heading\" id=\"responsabilite-fait-des-produits\">Responsabilit\u00e9 du fait des produits<\/h3>\n\n\n\n<p>Les alpages avec transformation du lait et les alpages avec gastronomie sont soumis \u00e0 la responsabilit\u00e9 du fait des produits. Le risque de responsabilit\u00e9 du fait des produits peut \u00eatre inclus dans l\u2019assurance responsabilit\u00e9 civile.<\/p>\n\n\n\n<h3 class=\"wp-block-heading\" id=\"responsabilite-civile-privee\">Responsabilit\u00e9 civile priv\u00e9e<\/h3>\n\n\n\n<p>Pour le personnel d\u2019alpage, l\u2019assurance responsabilit\u00e9 civile de l\u2019exploitation d\u2019alpage ne couvre que les dommages caus\u00e9s \u00e0 des tiers dans le cadre de leur activit\u00e9 professionnelle. Pour que les dommages dans le domaine priv\u00e9 soient \u00e9galement couverts, tous les alpagistes devraient avoir une assurance responsabilit\u00e9 civile priv\u00e9e (p. ex. : lors d\u2019une promenade sur l\u2019alpage du voisin, le chien chasse un mouton qui finit sa course dans un pr\u00e9cipice).<\/p>\n\n\n\n<h3 class=\"wp-block-heading\" id=\"assurance-biens\">Assurance de biens<\/h3>\n\n\n\n<p>L\u2019assurance de biens assure les b\u00e2timents et les installations de l\u2019exploitation contre les dommages dus aux \u00e9l\u00e9ments naturels. Elle peut \u00e9galement couvrir les dommages caus\u00e9s aux objets et produits par le personnel de l\u2019alpage.<\/p>\n\n\n\n<p>Des renseignements ainsi que des documentations sur les solutions d\u2019assurance adapt\u00e9es aux propres besoins peuvent \u00eatre obtenus par exemple aupr\u00e8s d\u2019<a href=\"https:\/\/www.agrisano.ch\/fr\/offre-2\/assurance-globale-pour-les-employes\" target=\"_blank\" rel=\"noopener\" title=\"\">Agrisano<\/a>&nbsp;ou des organisations paysannes cantonales.<\/p>\n\n\n\n<div style=\"height:50px\" aria-hidden=\"true\" class=\"wp-block-spacer\"><\/div>\n\n\n\n<div class=\"wp-block-group agripedia-impressum is-layout-flow wp-block-group-is-layout-flow\">\n<div class=\"wp-block-group agripedia-impressum-header is-layout-flow wp-block-group-is-layout-flow\">\n<h5 class=\"wp-block-heading\">Impressum<\/h5>\n<\/div>\n\n\n\n<div class=\"wp-block-group agripedia-impressum-content is-layout-flow wp-block-group-is-layout-flow\">\n<p><strong>Photo de couverture :<\/strong> <a href=\"https:\/\/pxhere.com\/fr\/photo\/1186920\" target=\"_blank\" rel=\"noopener\" title=\"\">PxHere<\/a><\/p>\n\n\n\n<p><strong>Un projet de<\/strong>:<\/p>\n\n\n\n<div class=\"wp-block-columns is-layout-flex wp-container-core-columns-is-layout-9d6595d7 wp-block-columns-is-layout-flex\">\n<div class=\"wp-block-column is-layout-flow wp-block-column-is-layout-flow\">\n<div class=\"wp-block-image\"><figure class=\"wp-block-image aligncenter size-large is-resized\"><a href=\"https:\/\/www.agridea.ch\/fr\/\" target=\"_blank\" rel=\"noopener\"><img loading=\"lazy\" decoding=\"async\" src=\"https:\/\/agripedia.ch\/alpwirtschaft\/wp-content\/uploads\/sites\/46\/2022\/10\/AGRIDEA_4_LANGUES_RGB-1024x210.png\" alt=\"Logo AGRIDEA\" class=\"wp-image-909\" width=\"341\" height=\"70\"\/><\/a><\/figure><\/div>\n<\/div>\n\n\n\n<div class=\"wp-block-column is-vertically-aligned-center is-layout-flow wp-block-column-is-layout-flow\">\n<div class=\"wp-block-image\"><figure class=\"wp-block-image aligncenter size-full is-resized\"><a href=\"https:\/\/www.alpwirtschaft.ch\/fr\/\" target=\"_blank\" rel=\"noopener\"><img loading=\"lazy\" decoding=\"async\" src=\"https:\/\/agripedia.ch\/alpwirtschaft\/wp-content\/uploads\/sites\/46\/2022\/10\/LOGO_SAV_CMYK.jpg\" alt=\"Logo de la FSA\" class=\"wp-image-907\" width=\"90\" height=\"90\"\/><\/a><\/figure><\/div>\n<\/div>\n\n\n\n<div class=\"wp-block-column is-vertically-aligned-center is-layout-flow wp-block-column-is-layout-flow\">\n<p><strong>Contact<\/strong>:<\/p>\n\n\n\n<p><a href=\"mailto:esther.haesen@agridea.ch\" title=\"\">Esther Haesen<\/a>, AGRIDEA<\/p>\n\n\n\n<p><a href=\"mailto:info@alpwirtschaft.ch\" title=\"\">Selina Droz<\/a>, SSEA<\/p>\n<\/div>\n<\/div>\n<\/div>\n<\/div>\n<div class=\"acf-fields-container\" data-post-id=\"2939\" data-canto-acf=\"true\"><\/div><style>\r\n        .acf-fields-container {\r\n            margin: 2em 0;\r\n            width: 100%;\r\n            clear: both;\r\n        }\r\n        .acf-field-image {\r\n            margin: 1.5em 0;\r\n            position: relative;\r\n        }\r\n        .acf-field-label {\r\n            margin-bottom: 1em;\r\n        }\r\n        .acf-image {\r\n            max-width: 100%;\r\n            height: auto;\r\n            display: block;\r\n            margin: 1em 0;\r\n        }\r\n    <\/style>","protected":false},"excerpt":{"rendered":"<div class=\"seriesmeta agripedia-series-meta-wrapper\">This entry is part 6 of 7 in the series <a href=\"https:\/\/themes.agripedia.ch\/fr\/series\/exploitation-destivage-et-personnel-dalpage\/\" class=\"series-587\" title=\"Exploitation d'estivage et personnel d'alpage\">Exploitation d'estivage et personnel d'alpage<\/a><\/div><p>L&rsquo;estivage peut co\u00fbter cher si l&rsquo;explotiation et le personnel d&rsquo;alpage ne sont pas suffisamment assur\u00e9s. Quelles assurances entrent en ligne de compte pour quels cas est d\u00e9crit ici.<\/p>\n","protected":false},"author":105,"featured_media":46769,"comment_status":"closed","ping_status":"closed","sticky":false,"template":"","format":"standard","meta":{"_acf_changed":false,"_autodraft_ids":[],"advgb_blocks_editor_width":"","advgb_blocks_columns_visual_guide":"","_monsterinsights_skip_tracking":false,"_monsterinsights_sitenote_active":false,"_monsterinsights_sitenote_note":"","_monsterinsights_sitenote_category":0,"ngg_post_thumbnail":0,"_sb_is_suggestion_mode":false,"_sb_show_suggestion_boards":false,"_sb_show_comment_boards":false,"_sb_suggestion_history":"","_sb_update_block_changes":"","_is_real_time_mode":false,"_realtime_collaborators":"","footnotes":"","cf_checklist_status":[]},"categories":[737],"tags":[],"series":[587],"ppma_author":[374,3893],"class_list":["post-2939","post","type-post","status-publish","format-standard","has-post-thumbnail","hentry","category-portail-sur-leconomie-alpestre","series-exploitation-destivage-et-personnel-dalpage"],"pp_statuses_selecting_workflow":false,"pp_workflow_action":"current","pp_status_selection":"publish","acf":[],"canto_acf_fields":"<div class=\"acf-fields-container\" data-post-id=\"2939\" data-canto-acf=\"true\"><\/div><style>\r\n        .acf-fields-container {\r\n            margin: 2em 0;\r\n            width: 100%;\r\n            clear: both;\r\n        }\r\n        .acf-field-image {\r\n            margin: 1.5em 0;\r\n            position: relative;\r\n        }\r\n        .acf-field-label {\r\n            margin-bottom: 1em;\r\n        }\r\n        .acf-image {\r\n            max-width: 100%;\r\n            height: auto;\r\n            display: block;\r\n            margin: 1em 0;\r\n        }\r\n    <\/style>","author_meta":{"display_name":"Esther Haesen","author_link":"https:\/\/themes.agripedia.ch\/fr\/author\/eha0\/"},"featured_img":"https:\/\/themes.agripedia.ch\/wp-content\/uploads\/2024\/01\/Versicherungen_Assurances-300x164.jpg","coauthors":[{"link":"https:\/\/themes.agripedia.ch\/fr\/author\/eha0\/","display_name":"Esther Haesen"},{"link":"https:\/\/themes.agripedia.ch\/fr\/author\/dme0\/","display_name":"Daniel Mettler"}],"tax_additional":{"categories":{"linked":["<a href=\"https:\/\/themes.agripedia.ch\/fr\/theme\/portail-sur-leconomie-alpestre\/\" class=\"advgb-post-tax-term\">Portail sur l&#039;\u00e9conomie alpestre<\/a>"],"unlinked":["<span class=\"advgb-post-tax-term\">Portail sur l&#039;\u00e9conomie alpestre<\/span>"]}},"comment_count":"0","relative_dates":{"created":"Publi\u00e9 2 ans il y a","modified":"Mis \u00e0 jour 1 an il y a"},"absolute_dates":{"created":"Publi\u00e9 le 28.11.2023","modified":"Mise \u00e0 jour le 29.04.2025"},"absolute_dates_time":{"created":"Publi\u00e9 le 28.11.2023 2:36 pm","modified":"Mise \u00e0 jour le 29.04.2025 4:05 pm"},"featured_img_caption":"","series_order":6,"authors":[{"term_id":374,"user_id":105,"is_guest":0,"slug":"eha0","display_name":"Esther Haesen","avatar_url":"https:\/\/secure.gravatar.com\/avatar\/10792f08143a4c8d0c3755aad7f1b6dc1c4aaf91dd91448e15bca17674f98ec2?s=96&d=mm&r=g","0":null,"1":"","2":"","3":"","4":"","5":"","6":"","7":"","8":"","9":""},{"term_id":3893,"user_id":169,"is_guest":0,"slug":"dme0","display_name":"Daniel Mettler","avatar_url":"https:\/\/secure.gravatar.com\/avatar\/e0a8f7de689a6a22a9998ab5d5f34789b2400ff04f8bef6fbca5b02977ad6400?s=96&d=mm&r=g","0":null,"1":"","2":"","3":"","4":"","5":"","6":"","7":"","8":"","9":""}],"_links":{"self":[{"href":"https:\/\/themes.agripedia.ch\/fr\/wp-json\/wp\/v2\/posts\/2939","targetHints":{"allow":["GET"]}}],"collection":[{"href":"https:\/\/themes.agripedia.ch\/fr\/wp-json\/wp\/v2\/posts"}],"about":[{"href":"https:\/\/themes.agripedia.ch\/fr\/wp-json\/wp\/v2\/types\/post"}],"author":[{"embeddable":true,"href":"https:\/\/themes.agripedia.ch\/fr\/wp-json\/wp\/v2\/users\/105"}],"replies":[{"embeddable":true,"href":"https:\/\/themes.agripedia.ch\/fr\/wp-json\/wp\/v2\/comments?post=2939"}],"version-history":[{"count":0,"href":"https:\/\/themes.agripedia.ch\/fr\/wp-json\/wp\/v2\/posts\/2939\/revisions"}],"wp:featuredmedia":[{"embeddable":true,"href":"https:\/\/themes.agripedia.ch\/fr\/wp-json\/wp\/v2\/media\/46769"}],"wp:attachment":[{"href":"https:\/\/themes.agripedia.ch\/fr\/wp-json\/wp\/v2\/media?parent=2939"}],"wp:term":[{"taxonomy":"category","embeddable":true,"href":"https:\/\/themes.agripedia.ch\/fr\/wp-json\/wp\/v2\/categories?post=2939"},{"taxonomy":"post_tag","embeddable":true,"href":"https:\/\/themes.agripedia.ch\/fr\/wp-json\/wp\/v2\/tags?post=2939"},{"taxonomy":"series","embeddable":true,"href":"https:\/\/themes.agripedia.ch\/fr\/wp-json\/wp\/v2\/series?post=2939"},{"taxonomy":"author","embeddable":true,"href":"https:\/\/themes.agripedia.ch\/fr\/wp-json\/wp\/v2\/ppma_author?post=2939"}],"curies":[{"name":"wp","href":"https:\/\/api.w.org\/{rel}","templated":true}]}}