{"id":2808,"date":"2023-11-26T13:07:40","date_gmt":"2023-11-26T13:07:40","guid":{"rendered":"https:\/\/agripedia.ch\/alpwirtschaft\/?p=2808"},"modified":"2025-04-29T16:05:54","modified_gmt":"2025-04-29T14:05:54","slug":"economie-alpestre-formes-proprietaires-et-juridiques","status":"publish","type":"post","link":"https:\/\/themes.agripedia.ch\/fr\/economie-alpestre-formes-proprietaires-et-juridiques\/","title":{"rendered":"Formes propri\u00e9taires et juridiques des exploitations d&rsquo;estivage"},"content":{"rendered":"<div class=\"seriesmeta agripedia-series-meta-wrapper\"><!--This entry is part 1 of 7 in the series--> <a href=\"https:\/\/themes.agripedia.ch\/fr\/series\/exploitation-destivage-et-personnel-dalpage\/\" class=\"series-587\" title=\"Exploitation d'estivage et personnel d'alpage\">Exploitation d'estivage et personnel d'alpage<\/a> (1 \/ 7)<\/div>\n<h2 class=\"wp-block-heading\" id=\"bases\">Bases<\/h2>\n\n\n\n<blockquote class=\"wp-block-quote is-layout-flow wp-block-quote-is-layout-flow\">\n<p>Les exploitations d\u2019estivage sont la plupart du temps dirig\u00e9es par des personnes physiques et des soci\u00e9t\u00e9s simples (soci\u00e9t\u00e9 constitu\u00e9e par des fr\u00e8res et des s\u0153urs ou regroupant plusieurs g\u00e9n\u00e9rations, etc.). Ces formes juridiques sont \u00e9galement courantes dans les exploitations \u00e0 l\u2019ann\u00e9e. Mais l\u2019autre particularit\u00e9 de l\u2019estivage r\u00e9side dans le fait que cette pratique rev\u00eat souvent d\u2019autres formes juridiques, comme les coop\u00e9ratives ou les collectivit\u00e9s de droit public, qui tirent leur origine de la tradition ou de l\u2019imp\u00e9ratif de rentabilit\u00e9. La gestion collective pr\u00e9sente en effet de r\u00e9els avantages \u00e9conomiques.<\/p>\n<cite><a href=\"https:\/\/2022.agrarbericht.ch\/fr\/exploitation\/structures\/exploitations-destivage\" target=\"_blank\" rel=\"noopener\" title=\"\">Conditions d&rsquo;exploitation des exploitations d\u2019estivage<\/a>, Rapport agricole 2022, OFAG<\/cite><\/blockquote>\n\n\n\n<p>Tant la forme de propri\u00e9t\u00e9 que la gestion de l&rsquo;exploitation peut \u00eatre organis\u00e9e de mani\u00e8re priv\u00e9e ou collective.<\/p>\n\n\n\n<p>Les deux crit\u00e8res peuvent \u00eatre combin\u00e9s :<\/p>\n\n\n\n<figure class=\"wp-block-table\"><table><thead><tr><th>Forme juridique<br><br>Exploitation<\/th><th>Alpage priv\u00e9<br><br><br><\/th><th>Alpage appartenant \u00e0 une collectivit\u00e9 resp.<br>d\u00e9tenu par les pouvoirs publics<br><br><\/th><\/tr><\/thead><tbody><tr><td><strong><strong>Alpage exploit\u00e9 individuel<\/strong>lement<\/strong><\/td><td>P\u00e2turages alpestres et b\u00e2timents en propri\u00e9t\u00e9 priv\u00e9e d\u2019une agricultrice ou d\u2019un agriculteur qui les exploite ou les loue.<br>Sch\u00e9ma r\u00e9pandu dans l\u2019Oberland bernois, dans le canton de Lucerne, en Appenzell et \u00e9galement en Suisse romande (38,0% des exploitations d\u2019alpage suisses).<\/td><td>P\u00e2turages alpestres appartenant \u00e0 une collectivit\u00e9, les b\u00e2timents sont souvent la propri\u00e9t\u00e9 priv\u00e9e des agriculteurs et agricultrices.<br>Fr\u00e9quent en Suisse centrale, en Suisse orientale et dans les hameaux de montagne du Valais (40,1% des exploitations d\u2019alpage).<\/td><\/tr><tr><td><strong>Alpage collectif<\/strong><\/td><td>P\u00e2turages alpestres et b\u00e2timents en propri\u00e9t\u00e9 priv\u00e9e, l\u2019alpage est g\u00e9r\u00e9 par plusieurs agriculteurs et agricultrices sous forme de coop\u00e9rative (0,5% des exploitations d\u2019alpage).<\/td><td>P\u00e2turages alpestres appartenant \u00e0 une collectivit\u00e9, exploit\u00e9s sous forme de coop\u00e9rative, en g\u00e9n\u00e9ral avec des personnes employ\u00e9es \u00e0 l\u2019alpage.<br>Mod\u00e8le fr\u00e9quent dans les Grisons (21,5% des exploitations d\u2019alpage).<\/td><\/tr><\/tbody><\/table><figcaption class=\"wp-element-caption\">Tabelle \u00ab\u00a0Les alpages peuvent \u00eatre soit des propri\u00e9t\u00e9s priv\u00e9es soit des propri\u00e9t\u00e9s collectives. Leur exploitation peut \u00e9galement \u00eatre organis\u00e9e de mani\u00e8re priv\u00e9e ou collective. Les deux crit\u00e8res peuvent \u00eatre combin\u00e9s.\u00a0\u00bb, Rapport de synth\u00e8se AlpFUTUR 2014, <a href=\"https:\/\/www.wsl.ch\/fileadmin\/user_upload\/WSL\/Projekte\/alpfutur\/Alpfutur_FR.pdf\" target=\"_blank\" rel=\"noopener\" title=\"\">Avenir de l\u2019\u00e9conomie alpestre suisse<\/a>, p. 24<\/figcaption><\/figure>\n\n\n\n<div style=\"height:20px\" aria-hidden=\"true\" class=\"wp-block-spacer\"><\/div>\n\n\n\n<h2 class=\"wp-block-heading\" id=\"cooperatives\">Coop\u00e9ratives \/ Partenariats \/ Associations<\/h2>\n\n\n\n<p class=\"has-agridea-light-gray-background-color has-background\"><strong>Note <\/strong>: Les informations suivantes sont tir\u00e9es du rapport de synth\u00e8se AlpFUTUR de 2014 <a href=\"https:\/\/www.wsl.ch\/fileadmin\/user_upload\/WSL\/Projekte\/alpfutur\/Alpfutur_FR.pdf\" target=\"_blank\" rel=\"noopener\" title=\"\">\u00ab\u00a0Avenir de l&rsquo;\u00e9conomie alpestre suisse\u00a0\u00bb<\/a>.<\/p>\n\n\n\n<div style=\"height:20px\" aria-hidden=\"true\" class=\"wp-block-spacer\"><\/div>\n\n\n\n<p>Une <strong>coop\u00e9rative d\u2019alpage<\/strong> rassemble les alpants et alpantes d\u2019une exploitation d\u2019alpage, qui poss\u00e8dent les droits d\u2018alpage d\u2019un alpage en consortage. M\u00eame si le titre et les r\u00e8glements font explicitement \u00e9tat d\u2019une \u00ab\u00a0coop\u00e9rative\u00a0\u00bb, il ne s\u2019agit g\u00e9n\u00e9ralement pas de soci\u00e9t\u00e9s coop\u00e9ratives au sens du code des obligations, mais de collectivit\u00e9s au sens du droit cantonal (associations). Cela se voit notamment \u00e0 la r\u00e9partition des droits de vote qui peuvent \u00eatre attribu\u00e9s soit par personne (comme le code des obligations l\u2019impose pour la coop\u00e9rative) soit en fonction des droits d\u2019alpage.<\/p>\n\n\n\n<p>Les <strong>droits d\u2019alpage<\/strong>, ou droits d\u2019alper, sont les unit\u00e9s de propri\u00e9t\u00e9 des alpages collectifs. Ils donnent aux propri\u00e9taires le droit d\u2019estiver un certain nombre de b\u00eates sur l\u2019exploitation et d\u00e9taillent \u00e9ventuellement l\u2019esp\u00e8ce ou la cat\u00e9gorie. La charge usuelle en b\u00e9tail d\u2019une exploitation d\u2019estivage agr\u00e9\u00e9e par l\u2019administration n\u2019a pas de rapport direct avec le nombre de droits d\u2019alpage dont l\u2019exploitation est titulaire. Les droits d\u2019alpage peuvent \u00eatre librement commercialisables ou li\u00e9s \u00e0 la possession de parcelles dans la r\u00e9gion de plaine de la commune correspondante<\/p>\n\n\n\n<p>Les <strong>corv\u00e9es d\u2019alpage<\/strong> sont des travaux concrets \u00e0 l\u2019alpage qui ne concernent pas directement la production animale ou la transformation des produits et qui ne doivent donc pas \u00eatre effectu\u00e9s tous les jours, p. ex. entretien des p\u00e2turages, \u00e9pandage d\u2019engrais ou de lisier, pose des cl\u00f4tures ou r\u00e9paration des chemins, des conduites d\u2019eau et des b\u00e2timents. Sur les alpages collectifs, les corv\u00e9es sont g\u00e9n\u00e9ralement effectu\u00e9es par les alpants et alpantes. Ce sont les exploitations d\u2019estivage qui d\u00e9terminent combien d\u2019heures de corv\u00e9es il faut effectuer par animal estiv\u00e9.<\/p>\n\n\n\n<p>Contrairement aux alpages priv\u00e9s, o\u00f9 les propri\u00e9taires collaborent souvent au quotidien, sur les alpages collectifs les <strong>alpagistes <\/strong>employ\u00e9s sont souvent livr\u00e9s \u00e0 eux-m\u00eames, raison pour laquelle il est particuli\u00e8rement important pour la continuit\u00e9 qu&rsquo;ils reviennent plusieurs \u00e9t\u00e9s sur le m\u00eame alpage.<\/p>\n\n\n\n<p>\u2794 Canton du Valais &#8211; <a href=\"https:\/\/www.vs.ch\/documents\/180911\/978167\/24.+R%C3%A8glement+alpage.pdf\/38addf69-fd52-4e41-b874-842da500bad4#:~:text=Les%20vaches%20qui%20viennent%20en,%C3%AAtre%20gard%C3%A9%20toute%20la%20journ%C3%A9e.\" target=\"_blank\" rel=\"noopener\" title=\"\">R\u00e8glement d\u2019exploitation d\u2019alpage<\/a><\/p>\n\n\n\n<p>\u2794 Plantahof &#8211; <a href=\"https:\/\/www.gr.ch\/DE\/institutionen\/verwaltung\/dvs\/lbbz\/beratungfachwissen\/alpwirtschaft\/organisationalpbetrieb\/Seiten\/default.aspx\" target=\"_blank\" rel=\"noopener\" title=\"\">R\u00e8glement et statuts types pour les coop\u00e9ratives d&rsquo;alpage de droit public ou priv\u00e9 (en allemand)<\/a><\/p>\n\n\n\n<div style=\"height:20px\" aria-hidden=\"true\" class=\"wp-block-spacer\"><\/div>\n\n\n\n<h2 class=\"wp-block-heading\" id=\"bourgeoisie\">Bourgeoisie \/ Commune bourgeoise \/ Patriziato \/ Vischnanca Burgaisa<\/h2>\n\n\n\n<p>La <strong>&nbsp;bourgeoisie <\/strong>ou<strong> commune bourgeoise <\/strong>(en allemand <em>B\u00fcrgergemeinde<\/em>, en italien <em>patriziato<\/em>, en romanche <em>vischnanca burgaisa<\/em> ; selon le canton, \u00e9galement appel\u00e9e <em>commune locale<\/em>) est une collectivit\u00e9 de droit public cantonal qui existe encore dans environ la moiti\u00e9 des cantons suisses. Ind\u00e9pendamment du lieu de r\u00e9sidence courant, seules des personnes physiques poss\u00e9dant le statut de bourgeois-e et donc le droit d&rsquo;origine de la commune bourgeoise en font partie. Les communes bourgeoises ne sont pas la m\u00eame chose que les communes politiques (\u00e9galement appel\u00e9es communes d&rsquo;habitant-e-s) ou les paroisses.<\/p>\n\n\n\n<p>Contrairement \u00e0 la commune politique, la commune bourgeoise ne poss\u00e8de pas de territoire d\u00e9termin\u00e9 et ne dispose pas de la souverainet\u00e9 fiscale, mais elle dispose souvent d&rsquo;une fortune consid\u00e9rable. En r\u00e8gle g\u00e9n\u00e9rale, les communes bourgeoises g\u00e8rent les biens bourgeoisiaux h\u00e9rit\u00e9s de l&rsquo;Ancien R\u00e9gime, comme les for\u00eats ou les alpages, dans la mesure o\u00f9 ces t\u00e2ches ne sont pas attribu\u00e9es \u00e0 d&rsquo;autres collectivit\u00e9s. De nos jours, certaines communes bourgeoises jouent un r\u00f4le important dans les domaines de la sylviculture et de l&rsquo;agriculture, de la protection et de l&rsquo;entretien du paysage, de la protection de l&rsquo;environnement et du patrimoine ainsi que de l&rsquo;am\u00e9nagement du territoire.<\/p>\n\n\n\n<p>En Suisse, les communes bourgeoises sont encore pr\u00e9sentes dans quatorze cantons et portent des noms diff\u00e9rents selon les r\u00e9gions :<\/p>\n\n\n\n<ul class=\"wp-block-list\">\n<li>Bourgeoisie : Bas-Valais<\/li>\n\n\n\n<li>Burgergemeinde : canton de Berne et Haut-Valais<\/li>\n\n\n\n<li>B\u00fcrgergemeinde : Obwald, Zoug, Soleure, B\u00e2le-Ville, B\u00e2le-Campagne<\/li>\n\n\n\n<li>Commune bourgeoise : partie francophone du canton de Berne et canton du Jura<\/li>\n\n\n\n<li>Ortsb\u00fcrgergemeinde : cantons d&rsquo;Uri, d&rsquo;Argovie et de Thurgovie<\/li>\n\n\n\n<li>Ortsgemeinde : Canton de Saint-Gall<\/li>\n\n\n\n<li>Patriziato : Canton du Tessin<\/li>\n\n\n\n<li>Vischnanca burgaisa : r\u00e9gions de langue romanche du canton des Grisons<\/li>\n<\/ul>\n\n\n\n<p>\u2794 <a href=\"https:\/\/fr.wikipedia.org\/wiki\/Bourgeoisie_(Suisse)\" target=\"_blank\" rel=\"noopener\" title=\"\">Bourgeoisie<\/a> sur Wikipedia<\/p>\n\n\n\n<div style=\"height:20px\" aria-hidden=\"true\" class=\"wp-block-spacer\"><\/div>\n\n\n\n<h2 class=\"wp-block-heading\" id=\"alpage-prive\">Alpage priv\u00e9<\/h2>\n\n\n\n<p class=\"has-agridea-light-gray-background-color has-background\"><strong>Note <\/strong>: Les informations suivantes sont tir\u00e9es du rapport de synth\u00e8se AlpFUTUR de 2014 <a href=\"https:\/\/www.wsl.ch\/fileadmin\/user_upload\/WSL\/Projekte\/alpfutur\/Alpfutur_FR.pdf\" target=\"_blank\" rel=\"noopener\" title=\"\">\u00ab\u00a0Avenir de l&rsquo;\u00e9conomie alpestre suisse\u00a0\u00bb<\/a>.<\/p>\n\n\n\n<div style=\"height:20px\" aria-hidden=\"true\" class=\"wp-block-spacer\"><\/div>\n\n\n\n<p>Les <strong>alpages priv\u00e9s <\/strong>sont des alpages et des b\u00e2timents en propri\u00e9t\u00e9 priv\u00e9e. Les alpages priv\u00e9s peuvent \u00eatre g\u00e9r\u00e9s aussi bien par des exploitant-e-s individuels (personnes physiques) que par plusieurs exploitant-e-s en commun (soci\u00e9t\u00e9 de fr\u00e8res et s\u0153urs, soci\u00e9t\u00e9 multig\u00e9n\u00e9rationnelle, etc.)<\/p>\n\n\n\n<p>Les alpages priv\u00e9s sont g\u00e9n\u00e9ralement exploit\u00e9s en parall\u00e8le avec une <strong>exploitation \u00e0 domicile <\/strong>et par des membres de la famille. Cela permet \u00e0 deux revenus, qui seraient trop faibles individuellement, de se compl\u00e9ter pour assurer une subsistance. Cela explique la combinaison d&rsquo;une agriculture de vall\u00e9e \u00e0 petites structures et d&rsquo;une \u00e9conomie alpestre \u00e0 petites structures dans diff\u00e9rentes parties de la Suisse (p. ex. Oberland bernois, Suisse centrale, Toggenburg). La double gestion de l&rsquo;exploitation pose toutefois des exigences \u00e9lev\u00e9es en mati\u00e8re de planification de l&rsquo;exploitation pour faire face aux pics de travail.<\/p>\n\n\n\n<p>Sur le plan comptable, l&rsquo;alpage priv\u00e9 est int\u00e9gr\u00e9 \u00e0 l&rsquo;exploitation de base. Pour calculer la <strong>rentabilit\u00e9 <\/strong>de l&rsquo;estivage sur un alpage priv\u00e9, il faut s\u00e9parer l&rsquo;alpage de l&rsquo;exploitation \u00e0 domicile sur le plan comptable. Cela soul\u00e8ve quelques questions \u00e9pineuses sur la mani\u00e8re de r\u00e9partir les charges et les prestations entre les deux exploitations. Les exploitant-e-s d&rsquo;un alpage priv\u00e9 sont propri\u00e9taires ou amodiataires de leurs b\u00e2timents et de leurs droits de p\u00e2turage. Ils exploitent pour leur propre compte, avec pour objectif (entre autres) de tirer de leur travail un revenu aussi \u00e9lev\u00e9 que possible. Dans de nombreux cas, ils prennent en pension le b\u00e9tail d&rsquo;autrui. Les propri\u00e9taires des animaux paient pour cela une taxe d&rsquo;estivage ou, dans le cas des vaches laiti\u00e8res, c\u00e8dent \u00e0 l&rsquo;exploitation d&rsquo;alpage une partie du lait produit (\u00ab&nbsp;part du vacher&nbsp;\u00bb, sept \u00e0 onze litres par jour). Le reste du lait appartient aux propri\u00e9taires des animaux, g\u00e9n\u00e9ralement sous forme de fromage et de beurre. Les vaches sont \u00e9galement lou\u00e9es par certains alpages ; le lait qu&rsquo;elles produisent pendant la p\u00e9riode de location appartient alors \u00e0 l&rsquo;alpage.<\/p>\n\n\n\n<div style=\"height:20px\" aria-hidden=\"true\" class=\"wp-block-spacer\"><\/div>\n\n\n\n<h2 class=\"wp-block-heading\" id=\"corporations\">Corporations<\/h2>\n\n\n\n<p class=\"has-agridea-light-gray-background-color has-background\"><strong>Note <\/strong>: Les informations suivantes sont tir\u00e9es du rapport de synth\u00e8se AlpFUTUR de 2014 <a href=\"https:\/\/www.wsl.ch\/fileadmin\/user_upload\/WSL\/Projekte\/alpfutur\/Alpfutur_FR.pdf\" target=\"_blank\" rel=\"noopener\" title=\"\">\u00ab\u00a0Avenir de l&rsquo;\u00e9conomie alpestre suisse\u00a0\u00bb<\/a>.<\/p>\n\n\n\n<div style=\"height:20px\" aria-hidden=\"true\" class=\"wp-block-spacer\"><\/div>\n\n\n\n<p><strong>Les corporations <\/strong>sont des collectivit\u00e9s issues de l&rsquo;utilisation commune de biens communs, de for\u00eats et d&rsquo;alpages au Moyen-\u00c2ge. Souvent, on ne pouvait devenir titulaire d&rsquo;un droit d&rsquo;usage qu&rsquo;en \u00e9tant d&rsquo;origine, r\u00e9sident-e local ou propri\u00e9taire d&rsquo;un bien immobilier dans un cercle de soci\u00e9taires bien d\u00e9limit\u00e9. Les corporations d&rsquo;alpage qui existent encore aujourd&rsquo;hui en tant que propri\u00e9taires d\u2019alpages corporatifs sont consid\u00e9r\u00e9es dans la plupart des cantons comme des collectivit\u00e9s de droit public et jouissent d&rsquo;une garantie de propri\u00e9t\u00e9 ainsi que d&rsquo;une large autonomie. Elles sont administr\u00e9es par une communaut\u00e9.<\/p>\n\n\n\n<p>Avec les corporations, comme l&rsquo;Oberallmeindkorporation Schwyz ou les corporations Uri et Ursern, il existe en Suisse centrale, parall\u00e8lement aux communes politiques, d&rsquo;importantes <strong>unit\u00e9s de propri\u00e9t\u00e9 et d&rsquo;administration de droit public<\/strong>. Les corporations importantes en termes de surface et d&rsquo;\u00e9conomie, comme les trois exemples cit\u00e9s, ont une grande influence sur la politique des cantons en mati\u00e8re d&rsquo;alpages.<\/p>\n\n\n\n<p>Sur l&rsquo;alpage corporatif, les produits fabriqu\u00e9s appartiennent aux propri\u00e9taires des animaux ou aux membres de la corporation. Les <strong>comptes <\/strong>d&rsquo;un alpage corporatif ne comprennent g\u00e9n\u00e9ralement que les contributions d&rsquo;estivage, les taxes d&rsquo;estivage pay\u00e9es par les membres, les revenus de la vente directe et la valeur de la consommation propre de produits laitiers. Du c\u00f4t\u00e9 des d\u00e9penses, on trouve tous les frais li\u00e9s \u00e0 l&rsquo;alpage, y compris les salaires et les frais de nourriture et de logement du personnel, \u00e0 l&rsquo;exception des frais de v\u00e9t\u00e9rinaire et d&rsquo;ins\u00e9mination (qui sont g\u00e9n\u00e9ralement \u00e0 la charge des propri\u00e9taires d&rsquo;animaux).<\/p>\n\n\n\n<div style=\"height:20px\" aria-hidden=\"true\" class=\"wp-block-spacer\"><\/div>\n\n\n\n<h2 class=\"wp-block-heading\" id=\"alpages-communaux\">Alpages communaux<\/h2>\n\n\n\n<p class=\"has-agridea-light-gray-background-color has-background\"><strong>Note <\/strong>: Les informations suivantes sont tir\u00e9es du rapport de synth\u00e8se AlpFUTUR de 2014 <a href=\"https:\/\/www.wsl.ch\/fileadmin\/user_upload\/WSL\/Projekte\/alpfutur\/Alpfutur_FR.pdf\" target=\"_blank\" rel=\"noopener\" title=\"\">\u00ab\u00a0Avenir de l&rsquo;\u00e9conomie alpestre suisse\u00a0\u00bb<\/a>.<\/p>\n\n\n\n<div style=\"height:20px\" aria-hidden=\"true\" class=\"wp-block-spacer\"><\/div>\n\n\n\n<p>Les alpages communaux sont des alpages qui appartiennent \u00e0 une commune politique. Pr\u00e8s de la moiti\u00e9 des p\u00e2turages et des b\u00e2timents des exploitations d&rsquo;estivage en Suisse appartiennent \u00e0 des communes.<\/p>\n\n\n\n<p>Dans le cas des alpages communaux, la commune propri\u00e9taire prend souvent en charge une partie importante des co\u00fbts li\u00e9s aux b\u00e2timents, aux installations et \u00e0 l\u2019am\u00e9nagement.<\/p>\n\n\n\n<p>Les alpages communaux sont particuli\u00e8rement concern\u00e9es par les tensions entre l&rsquo;entretien du paysage, le tourisme et la production : les communes repr\u00e9sentent les int\u00e9r\u00eats du public (en mati\u00e8re de paysage culturel et de biodiversit\u00e9), tandis que les agriculteur-trice-s ou les coop\u00e9ratives d&rsquo;alpage s&rsquo;int\u00e9ressent au maintien de la base de production.<\/p>\n\n\n\n<div style=\"height:50px\" aria-hidden=\"true\" class=\"wp-block-spacer\"><\/div>\n\n\n\n<div class=\"wp-block-group agripedia-impressum is-layout-flow wp-block-group-is-layout-flow\">\n<div class=\"wp-block-group agripedia-impressum-header is-layout-flow wp-block-group-is-layout-flow\">\n<h5 class=\"wp-block-heading\">Impressum<\/h5>\n<\/div>\n\n\n\n<div class=\"wp-block-group agripedia-impressum-content is-layout-flow wp-block-group-is-layout-flow\">\n<p><strong>Photo de couverture :<\/strong> AGRIDEA<\/p>\n\n\n\n<p class=\"no-space\"><strong>Bibliographie:<\/strong><\/p>\n\n\n\n<ul class=\"wp-block-list\">\n<li>Niederer, A. (1956). Gemeinwerk im Wallis: B\u00e4uerliche Gemeinschaftsarbeit in Vergangenheit und Gegenwart. B\u00e2le, Schweizerische Gesellschaft f\u00fcr Volkskunde.<\/li>\n\n\n\n<li>Ostrom, E. (1999). Die Verfassung der Allmende: Jenseits von Staat und Markt.<strong> <\/strong>T\u00fcbingen, Mohr Siebeck.<\/li>\n<\/ul>\n\n\n\n<p><strong>Un projet de<\/strong>:<\/p>\n\n\n\n<div class=\"wp-block-columns is-layout-flex wp-container-core-columns-is-layout-9d6595d7 wp-block-columns-is-layout-flex\">\n<div class=\"wp-block-column is-layout-flow wp-block-column-is-layout-flow\">\n<div class=\"wp-block-image\"><figure class=\"wp-block-image aligncenter size-large is-resized\"><a href=\"https:\/\/www.agridea.ch\/fr\/\" target=\"_blank\" rel=\"noopener\"><img loading=\"lazy\" decoding=\"async\" src=\"https:\/\/agripedia.ch\/alpwirtschaft\/wp-content\/uploads\/sites\/46\/2022\/10\/AGRIDEA_4_LANGUES_RGB-1024x210.png\" alt=\"Logo AGRIDEA\" class=\"wp-image-909\" width=\"341\" height=\"70\"\/><\/a><\/figure><\/div>\n<\/div>\n\n\n\n<div class=\"wp-block-column is-vertically-aligned-center is-layout-flow wp-block-column-is-layout-flow\">\n<div class=\"wp-block-image\"><figure class=\"wp-block-image aligncenter size-full is-resized\"><a href=\"https:\/\/www.alpwirtschaft.ch\/fr\/\" target=\"_blank\" rel=\"noopener\"><img loading=\"lazy\" decoding=\"async\" src=\"https:\/\/agripedia.ch\/alpwirtschaft\/wp-content\/uploads\/sites\/46\/2022\/10\/LOGO_SAV_CMYK.jpg\" alt=\"Logo de la FSA\" class=\"wp-image-907\" width=\"90\" height=\"90\"\/><\/a><\/figure><\/div>\n<\/div>\n\n\n\n<div class=\"wp-block-column is-vertically-aligned-center is-layout-flow wp-block-column-is-layout-flow\">\n<p><strong>Contact<\/strong>:<\/p>\n\n\n\n<p><a href=\"mailto:esther.haesen@agridea.ch\" title=\"\">Esther Haesen<\/a>, AGRIDEA<\/p>\n\n\n\n<p><a href=\"mailto:info@alpwirtschaft.ch\" title=\"\">Selina Droz<\/a>, SSEA<\/p>\n<\/div>\n<\/div>\n<\/div>\n<\/div>\n<div class=\"acf-fields-container\" data-post-id=\"2808\" data-canto-acf=\"true\"><\/div><style>\r\n        .acf-fields-container {\r\n            margin: 2em 0;\r\n            width: 100%;\r\n            clear: both;\r\n        }\r\n        .acf-field-image {\r\n            margin: 1.5em 0;\r\n            position: relative;\r\n        }\r\n        .acf-field-label {\r\n            margin-bottom: 1em;\r\n        }\r\n        .acf-image {\r\n            max-width: 100%;\r\n            height: auto;\r\n            display: block;\r\n            margin: 1em 0;\r\n        }\r\n    <\/style>","protected":false},"excerpt":{"rendered":"<div class=\"seriesmeta agripedia-series-meta-wrapper\">This entry is part 1 of 7 in the series <a href=\"https:\/\/themes.agripedia.ch\/fr\/series\/exploitation-destivage-et-personnel-dalpage\/\" class=\"series-587\" title=\"Exploitation d'estivage et personnel d'alpage\">Exploitation d'estivage et personnel d'alpage<\/a><\/div><p>Les exploitations d&rsquo;estivage suisses connaissent diff\u00e9rentes formes de propri\u00e9t\u00e9 et juridiques. Aussi bien les alpages en propri\u00e9t\u00e9 priv\u00e9e que les formes d&rsquo;organisation collective sont fr\u00e9quents. La fr\u00e9quence des formes juridiques varie selon les r\u00e9gions et est ancr\u00e9e dans la tradition.<\/p>\n","protected":false},"author":105,"featured_media":46724,"comment_status":"closed","ping_status":"closed","sticky":false,"template":"","format":"standard","meta":{"_acf_changed":false,"_autodraft_ids":[],"advgb_blocks_editor_width":"","advgb_blocks_columns_visual_guide":"","_monsterinsights_skip_tracking":false,"_monsterinsights_sitenote_active":false,"_monsterinsights_sitenote_note":"","_monsterinsights_sitenote_category":0,"ngg_post_thumbnail":0,"_sb_is_suggestion_mode":false,"_sb_show_suggestion_boards":false,"_sb_show_comment_boards":false,"_sb_suggestion_history":"","_sb_update_block_changes":"","_is_real_time_mode":false,"_realtime_collaborators":"","footnotes":"","cf_checklist_status":[]},"categories":[737],"tags":[],"series":[587],"ppma_author":[374,3893],"class_list":["post-2808","post","type-post","status-publish","format-standard","has-post-thumbnail","hentry","category-portail-sur-leconomie-alpestre","series-exploitation-destivage-et-personnel-dalpage"],"pp_statuses_selecting_workflow":false,"pp_workflow_action":"current","pp_status_selection":"publish","acf":[],"canto_acf_fields":"<div class=\"acf-fields-container\" data-post-id=\"2808\" data-canto-acf=\"true\"><\/div><style>\r\n        .acf-fields-container {\r\n            margin: 2em 0;\r\n            width: 100%;\r\n            clear: both;\r\n        }\r\n        .acf-field-image {\r\n            margin: 1.5em 0;\r\n            position: relative;\r\n        }\r\n        .acf-field-label {\r\n            margin-bottom: 1em;\r\n        }\r\n        .acf-image {\r\n            max-width: 100%;\r\n            height: auto;\r\n            display: block;\r\n            margin: 1em 0;\r\n        }\r\n    <\/style>","author_meta":{"display_name":"Esther Haesen","author_link":"https:\/\/themes.agripedia.ch\/fr\/author\/eha0\/"},"featured_img":"https:\/\/themes.agripedia.ch\/wp-content\/uploads\/2024\/01\/Eigentums-und-Rechtsverhaeltnisse_Formes-proprietaires-et-juridiques-300x183.jpg","coauthors":[{"link":"https:\/\/themes.agripedia.ch\/fr\/author\/eha0\/","display_name":"Esther Haesen"},{"link":"https:\/\/themes.agripedia.ch\/fr\/author\/dme0\/","display_name":"Daniel Mettler"}],"tax_additional":{"categories":{"linked":["<a href=\"https:\/\/themes.agripedia.ch\/fr\/theme\/portail-sur-leconomie-alpestre\/\" class=\"advgb-post-tax-term\">Portail sur l&#039;\u00e9conomie alpestre<\/a>"],"unlinked":["<span class=\"advgb-post-tax-term\">Portail sur l&#039;\u00e9conomie alpestre<\/span>"]}},"comment_count":"0","relative_dates":{"created":"Publi\u00e9 2 ans il y a","modified":"Mis \u00e0 jour 1 an il y a"},"absolute_dates":{"created":"Publi\u00e9 le 26.11.2023","modified":"Mise \u00e0 jour le 29.04.2025"},"absolute_dates_time":{"created":"Publi\u00e9 le 26.11.2023 1:07 pm","modified":"Mise \u00e0 jour le 29.04.2025 4:05 pm"},"featured_img_caption":"","series_order":1,"authors":[{"term_id":374,"user_id":105,"is_guest":0,"slug":"eha0","display_name":"Esther Haesen","avatar_url":"https:\/\/secure.gravatar.com\/avatar\/10792f08143a4c8d0c3755aad7f1b6dc1c4aaf91dd91448e15bca17674f98ec2?s=96&d=mm&r=g","0":null,"1":"","2":"","3":"","4":"","5":"","6":"","7":"","8":"","9":""},{"term_id":3893,"user_id":169,"is_guest":0,"slug":"dme0","display_name":"Daniel Mettler","avatar_url":"https:\/\/secure.gravatar.com\/avatar\/e0a8f7de689a6a22a9998ab5d5f34789b2400ff04f8bef6fbca5b02977ad6400?s=96&d=mm&r=g","0":null,"1":"","2":"","3":"","4":"","5":"","6":"","7":"","8":"","9":""}],"_links":{"self":[{"href":"https:\/\/themes.agripedia.ch\/fr\/wp-json\/wp\/v2\/posts\/2808","targetHints":{"allow":["GET"]}}],"collection":[{"href":"https:\/\/themes.agripedia.ch\/fr\/wp-json\/wp\/v2\/posts"}],"about":[{"href":"https:\/\/themes.agripedia.ch\/fr\/wp-json\/wp\/v2\/types\/post"}],"author":[{"embeddable":true,"href":"https:\/\/themes.agripedia.ch\/fr\/wp-json\/wp\/v2\/users\/105"}],"replies":[{"embeddable":true,"href":"https:\/\/themes.agripedia.ch\/fr\/wp-json\/wp\/v2\/comments?post=2808"}],"version-history":[{"count":0,"href":"https:\/\/themes.agripedia.ch\/fr\/wp-json\/wp\/v2\/posts\/2808\/revisions"}],"wp:featuredmedia":[{"embeddable":true,"href":"https:\/\/themes.agripedia.ch\/fr\/wp-json\/wp\/v2\/media\/46724"}],"wp:attachment":[{"href":"https:\/\/themes.agripedia.ch\/fr\/wp-json\/wp\/v2\/media?parent=2808"}],"wp:term":[{"taxonomy":"category","embeddable":true,"href":"https:\/\/themes.agripedia.ch\/fr\/wp-json\/wp\/v2\/categories?post=2808"},{"taxonomy":"post_tag","embeddable":true,"href":"https:\/\/themes.agripedia.ch\/fr\/wp-json\/wp\/v2\/tags?post=2808"},{"taxonomy":"series","embeddable":true,"href":"https:\/\/themes.agripedia.ch\/fr\/wp-json\/wp\/v2\/series?post=2808"},{"taxonomy":"author","embeddable":true,"href":"https:\/\/themes.agripedia.ch\/fr\/wp-json\/wp\/v2\/ppma_author?post=2808"}],"curies":[{"name":"wp","href":"https:\/\/api.w.org\/{rel}","templated":true}]}}