{"id":2514,"date":"2023-11-19T05:49:56","date_gmt":"2023-11-19T05:49:56","guid":{"rendered":"https:\/\/agripedia.ch\/alpwirtschaft\/?p=2514"},"modified":"2025-09-03T10:42:42","modified_gmt":"2025-09-03T08:42:42","slug":"economie-alpestre-cours","status":"publish","type":"post","link":"https:\/\/themes.agripedia.ch\/fr\/economie-alpestre-cours\/","title":{"rendered":"Cours et formations autour de l&rsquo;alpage"},"content":{"rendered":"<div class=\"seriesmeta agripedia-series-meta-wrapper\"><!--This entry is part 2 of 5 in the series--> <a href=\"https:\/\/themes.agripedia.ch\/fr\/series\/actualites-de-leconomie-alpestre-fr\/\" class=\"series-3894\" title=\"Actualit\u00e9s de l'\u00e9conomie alpestre\">Actualit\u00e9s de l'\u00e9conomie alpestre<\/a> (2 \/ 5)<\/div>\n<h2 class=\"wp-block-heading\" id=\"offre-de-cours\">Offre de cours<\/h2>\n\n\n\n<p>Des cours pertinents pour l\u2019\u00e9conomie alpestre se trouvent par exemple aux endroits suivants&nbsp;:<\/p>\n\n\n\n<ul class=\"wp-block-list\">\n<li>Sur&nbsp;<a href=\"https:\/\/zalp.ch\/\" target=\"_blank\" rel=\"noopener\" title=\"\">zalp.ch<\/a>, le site internet des alpagistes, on trouve&nbsp;<a href=\"https:\/\/zalp.ch\/aktuell\/kurse\" target=\"_blank\" rel=\"noopener\" title=\"\">une liste d\u00e9taill\u00e9e des cours nationaux et cantonaux relatifs \u00e0 l\u2019\u00e9conomie alpestre<\/a>, comme par exemple les cours de fromagers d\u2019alpage ou de bergers (informations en allemand seulement).<\/li>\n\n\n\n<li>Dans&nbsp;<a href=\"https:\/\/www.agridea.ch\/fr\/prestations\/nos-produits\/cours\/\" target=\"_blank\" rel=\"noopener\" title=\"\">l\u2019offre de cours d\u2018AGRIDEA<\/a>&nbsp;il y a des cours sur l\u2019\u00e9conomie alpestre, comme par exemple l\u2019excursion annuelle sur les alpages.<\/li>\n\n\n\n<li>Sous&nbsp;<a href=\"https:\/\/www.protectiondestroupeaux.ch\/fr\/\" target=\"_blank\" rel=\"noopener\" title=\"\">protectiondestroupeaux.ch<\/a>&nbsp;on trouve des informations sur :\n<ul class=\"wp-block-list\">\n<li>la&nbsp;<a href=\"https:\/\/www.protectiondestroupeaux.ch\/fr\/bergers\/formation\/\" target=\"_blank\" rel=\"noopener\" title=\"\">formation suisse des berg\u00e8res et bergers de moutons<\/a>,<\/li>\n\n\n\n<li>les&nbsp;<a href=\"https:\/\/www.protectiondestroupeaux.ch\/fr\/chiens-de-protection-des-troupeaux\/cours-dintroduction-pour-futurs-detenteurs\/\" target=\"_blank\" rel=\"noopener\" title=\"\">cours d\u2019introduction pour futurs d\u00e9tenteurs de chiens de protection des troupeaux<\/a>,<\/li>\n\n\n\n<li>la&nbsp;<a href=\"https:\/\/www.protectiondestroupeaux.ch\/fr\/programme-national-de-protection-des-troupeaux\/service-civil\/\" target=\"_blank\" rel=\"noopener\" title=\"\">formation des civilistes<\/a>&nbsp;dans le cadre du programme national de protection des troupeaux.<\/li>\n<\/ul>\n<\/li>\n\n\n\n<li>La&nbsp;<a href=\"https:\/\/www.ssds.ch\/\" target=\"_blank\" rel=\"noopener\" title=\"\">Soci\u00e9t\u00e9 suisse pour la formation des chiens de troupeaux (SSDS)<\/a> propose des&nbsp;<a href=\"https:\/\/www.ssds.ch\/ausbildungsangebot-01.html\" target=\"_blank\" rel=\"noopener\" title=\"\">cours de formation de chiens de troupeaux<\/a>&nbsp;\u00e0 diff\u00e9rents niveaux dans les groupes r\u00e9gionaux.<\/li>\n\n\n\n<li>Le&nbsp;<a href=\"https:\/\/www.bul.ch\/fr-ch\" target=\"_blank\" rel=\"noopener\" title=\"\">Service de pr\u00e9vention des accidents dans l\u2019agriculture (SPAA)<\/a>&nbsp;propose des&nbsp;<a href=\"https:\/\/www.bul.ch\/fr-ch\" target=\"_blank\" rel=\"noopener\" title=\"\">formations de base et continues<\/a>&nbsp;sur le th\u00e8me de la s\u00e9curit\u00e9 au travail et de la protection de la sant\u00e9 dans l\u2019agriculture.<\/li>\n<\/ul>\n\n\n\n<div style=\"height:20px\" aria-hidden=\"true\" class=\"wp-block-spacer\"><\/div>\n\n\n\n<h2 class=\"wp-block-heading\" id=\"cours-cantonaux\">Centres de formation cantonaux<\/h2>\n\n\n\n<p>De nombreuses \u00e9coles ou organisations agricoles proposent des cours sur l\u2019\u00e9conomie alpestre ou d\u2019autres cours agricoles qui peuvent \u00e9galement int\u00e9resser les alpagistes, par exemple concernant le soin des onglons, la traite, la sant\u00e9 animale, la phytoth\u00e9rapie, l\u2019hom\u00e9opathie, \u2026<\/p>\n\n\n\n<p>L\u2019offre de cours sur l\u2019\u00e9conomie alpestre ou l\u2019agriculture des cantons pratiquant l&rsquo;estivage se trouve aux endroits suivants&nbsp;:<\/p>\n\n\n\n<ul class=\"wp-block-list\">\n<li>BE \u2013&nbsp;<a href=\"https:\/\/www.inforama.ch\/kurse#\/weiterbildung\" target=\"_blank\" rel=\"noopener\" title=\"\">Cours INFORAMA (en allemand)<\/a><\/li>\n\n\n\n<li>FR \u2013&nbsp;<a href=\"https:\/\/www.grangeneuve-conseil.ch\/index.php\/fr\/formation-continue\/cours\" target=\"_blank\" rel=\"noopener\" title=\"\">Formation continue Grangeneuve<\/a><\/li>\n\n\n\n<li>GL et GR \u2013&nbsp;<a href=\"http:\/\/www.metalogic.ch\/x\/2\/kurs_fachbView.asp?ID=28\" target=\"_blank\" rel=\"noopener\" title=\"\">Formation en \u00e9conomie alpestre Plantahof (en allemand)<\/a><\/li>\n\n\n\n<li>JU \u2013&nbsp;<a href=\"https:\/\/www.frij.ch\/FORMATIONS\/Formation-continue\" target=\"_blank\" rel=\"noopener\" title=\"\">Formation continue FRI<\/a><\/li>\n\n\n\n<li>LU \u2013&nbsp;<a href=\"https:\/\/beruf.lu.ch\/Berufslehre\/Berufslehre_im_Betrieb\/Berufsfachschule\/berufsbildungszentren\/bbzn\/Weiterbildung\/Landwirtschaft\/EWB\" target=\"_blank\" rel=\"noopener\" title=\"\">Cours de formation continue en agriculture et \u00e9conomie familiale BBZN (en allemand)<\/a><\/li>\n\n\n\n<li>NW et OW \u2013&nbsp;<a href=\"https:\/\/weiterbildung.bwz-ow.ch\/kurse\/haus-und-landwirtschaftliche-kurse-844313\">Cours de formation continue en agriculture et \u00e9conomie familiale BBZ Obwald (en allemand)<\/a><\/li>\n\n\n\n<li>SG \u2013&nbsp;<a href=\"https:\/\/www.sg.ch\/umwelt-natur\/landwirtschaft\/lzsg\/Beratung\/Alpbetrieb.html\" target=\"_blank\" rel=\"noopener\" title=\"\">Economie alpestre au centre d&rsquo;agriculture SG (en allemand)<\/a><\/li>\n\n\n\n<li>SZ \u2013&nbsp;<a href=\"https:\/\/www.bbzp.ch\/Weiterbildung\" target=\"_blank\" rel=\"noopener\" title=\"\">Formation continue BBZ Pf\u00e4ffikon (en allemand)<\/a><\/li>\n\n\n\n<li>TI \u2013&nbsp;<a href=\"https:\/\/mezzana.ch\/cpv\/corso\/corsi-professionali\/\" target=\"_blank\" rel=\"noopener\" title=\"\">Cours de formation professionnelle CPV Mezzana (en italien)<\/a><\/li>\n\n\n\n<li>UR \u2013&nbsp;<a href=\"https:\/\/www.bwzuri.ch\/landwirtschaft\/ueberblick\/\" title=\"\">Agriculture bwz Uri (en allemand)<\/a><\/li>\n\n\n\n<li>VD \u2013&nbsp;<a href=\"https:\/\/www.vd.ch\/themes\/economie\/agriculture-et-viticulture\/agrilogie\/formations-professionnelles-superieures-et-continues\" target=\"_blank\" rel=\"noopener\" title=\"\">Formations professionnelles sup\u00e9rieures et continues Agrilogie<\/a><\/li>\n\n\n\n<li>VS \u2013&nbsp;<a href=\"https:\/\/rapsca-pub.apps.vs.ch\/RAP\/goFREE?APP=SCA\" target=\"_blank\" rel=\"noopener\" title=\"\">Cours de formation continue \u00e0 l&rsquo;\u00e9cole d&rsquo;agriculture du Valais Ch\u00e2teauneuf<\/a><\/li>\n<\/ul>\n\n\n\n<div style=\"height:50px\" aria-hidden=\"true\" class=\"wp-block-spacer\"><\/div>\n\n\n\n<div class=\"wp-block-group agripedia-impressum is-layout-flow wp-block-group-is-layout-flow\">\n<div class=\"wp-block-group agripedia-impressum-header is-layout-flow wp-block-group-is-layout-flow\">\n<h5 class=\"wp-block-heading\">Impressum<\/h5>\n<\/div>\n\n\n\n<div class=\"wp-block-group agripedia-impressum-content is-layout-flow wp-block-group-is-layout-flow\">\n<p><strong>Photo de couverture :<\/strong> AGRIDEA<\/p>\n\n\n\n<p><strong>Un projet de<\/strong>:<\/p>\n\n\n\n<div class=\"wp-block-columns is-layout-flex wp-container-core-columns-is-layout-9d6595d7 wp-block-columns-is-layout-flex\">\n<div class=\"wp-block-column is-layout-flow wp-block-column-is-layout-flow\">\n<div class=\"wp-block-image\"><figure class=\"wp-block-image aligncenter size-large is-resized\"><a href=\"https:\/\/www.agridea.ch\/fr\/\" target=\"_blank\" rel=\"noopener\"><img loading=\"lazy\" decoding=\"async\" src=\"https:\/\/agripedia.ch\/alpwirtschaft\/wp-content\/uploads\/sites\/46\/2022\/10\/AGRIDEA_4_LANGUES_RGB-1024x210.png\" alt=\"Logo AGRIDEA\" class=\"wp-image-909\" width=\"341\" height=\"70\"\/><\/a><\/figure><\/div>\n<\/div>\n\n\n\n<div class=\"wp-block-column is-vertically-aligned-center is-layout-flow wp-block-column-is-layout-flow\">\n<div class=\"wp-block-image\"><figure class=\"wp-block-image aligncenter size-full is-resized\"><a href=\"https:\/\/www.alpwirtschaft.ch\/fr\/\" target=\"_blank\" rel=\"noopener\"><img loading=\"lazy\" decoding=\"async\" src=\"https:\/\/agripedia.ch\/alpwirtschaft\/wp-content\/uploads\/sites\/46\/2022\/10\/LOGO_SAV_CMYK.jpg\" alt=\"Logo de la FSA\" class=\"wp-image-907\" width=\"90\" height=\"90\"\/><\/a><\/figure><\/div>\n<\/div>\n\n\n\n<div class=\"wp-block-column is-vertically-aligned-center is-layout-flow wp-block-column-is-layout-flow\">\n<p><strong>Contact<\/strong>:<\/p>\n\n\n\n<p><a href=\"mailto:esther.haesen@agridea.ch\" title=\"\">Esther Haesen<\/a>, AGRIDEA<\/p>\n\n\n\n<p><a href=\"mailto:info@alpwirtschaft.ch\" title=\"\">Selina Droz<\/a>, SSEA<\/p>\n<\/div>\n<\/div>\n<\/div>\n<\/div>\n<div class=\"acf-fields-container\" data-post-id=\"2514\" data-canto-acf=\"true\"><\/div><style>\r\n        .acf-fields-container {\r\n            margin: 2em 0;\r\n            width: 100%;\r\n            clear: both;\r\n        }\r\n        .acf-field-image {\r\n            margin: 1.5em 0;\r\n            position: relative;\r\n        }\r\n        .acf-field-label {\r\n            margin-bottom: 1em;\r\n        }\r\n        .acf-image {\r\n            max-width: 100%;\r\n            height: auto;\r\n            display: block;\r\n            margin: 1em 0;\r\n        }\r\n    <\/style>","protected":false},"excerpt":{"rendered":"<div class=\"seriesmeta agripedia-series-meta-wrapper\">This entry is part 2 of 5 in the series <a href=\"https:\/\/themes.agripedia.ch\/fr\/series\/actualites-de-leconomie-alpestre-fr\/\" class=\"series-3894\" title=\"Actualit\u00e9s de l'\u00e9conomie alpestre\">Actualit\u00e9s de l'\u00e9conomie alpestre<\/a><\/div><p>Il n\u2019y a pas de formation officielle pour devenir \u00ab\u00a0alpagiste\u00a0\u00bb. Il existe cependant une large offre de cours pr\u00e9paratoires ou de formations continues. Une exp\u00e9rience pratique \u00e0 l\u2019alpage ou dans l\u2019agriculture est un avantage pour un engagement \u00e0 l\u2019alpage.<\/p>\n","protected":false},"author":105,"featured_media":46424,"comment_status":"closed","ping_status":"closed","sticky":false,"template":"","format":"standard","meta":{"_acf_changed":false,"_autodraft_ids":[],"advgb_blocks_editor_width":"","advgb_blocks_columns_visual_guide":"","_monsterinsights_skip_tracking":false,"_monsterinsights_sitenote_active":false,"_monsterinsights_sitenote_note":"","_monsterinsights_sitenote_category":0,"ngg_post_thumbnail":0,"_sb_is_suggestion_mode":false,"_sb_show_suggestion_boards":false,"_sb_show_comment_boards":false,"_sb_suggestion_history":"","_sb_update_block_changes":"","_is_real_time_mode":false,"_realtime_collaborators":"","footnotes":"","cf_checklist_status":[]},"categories":[737],"tags":[],"series":[3894],"ppma_author":[374,3893],"class_list":["post-2514","post","type-post","status-publish","format-standard","has-post-thumbnail","hentry","category-portail-sur-leconomie-alpestre","series-actualites-de-leconomie-alpestre-fr"],"pp_statuses_selecting_workflow":false,"pp_workflow_action":"current","pp_status_selection":"publish","acf":[],"canto_acf_fields":"<div class=\"acf-fields-container\" data-post-id=\"2514\" data-canto-acf=\"true\"><\/div><style>\r\n        .acf-fields-container {\r\n            margin: 2em 0;\r\n            width: 100%;\r\n            clear: both;\r\n        }\r\n        .acf-field-image {\r\n            margin: 1.5em 0;\r\n            position: relative;\r\n        }\r\n        .acf-field-label {\r\n            margin-bottom: 1em;\r\n        }\r\n        .acf-image {\r\n            max-width: 100%;\r\n            height: auto;\r\n            display: block;\r\n            margin: 1em 0;\r\n        }\r\n    <\/style>","author_meta":{"display_name":"Esther Haesen","author_link":"https:\/\/themes.agripedia.ch\/fr\/author\/eha0\/"},"featured_img":"https:\/\/themes.agripedia.ch\/wp-content\/uploads\/2023\/12\/Kurse_Cours-300x116.jpg","coauthors":[{"link":"https:\/\/themes.agripedia.ch\/fr\/author\/eha0\/","display_name":"Esther Haesen"},{"link":"https:\/\/themes.agripedia.ch\/fr\/author\/dme0\/","display_name":"Daniel Mettler"}],"tax_additional":{"categories":{"linked":["<a href=\"https:\/\/themes.agripedia.ch\/fr\/theme\/portail-sur-leconomie-alpestre\/\" class=\"advgb-post-tax-term\">Portail sur l&#039;\u00e9conomie alpestre<\/a>"],"unlinked":["<span class=\"advgb-post-tax-term\">Portail sur l&#039;\u00e9conomie alpestre<\/span>"]}},"comment_count":"0","relative_dates":{"created":"Publi\u00e9 2 ans il y a","modified":"Mis \u00e0 jour 8 mois il y a"},"absolute_dates":{"created":"Publi\u00e9 le 19.11.2023","modified":"Mise \u00e0 jour le 03.09.2025"},"absolute_dates_time":{"created":"Publi\u00e9 le 19.11.2023 5:49 am","modified":"Mise \u00e0 jour le 03.09.2025 10:42 am"},"featured_img_caption":"","series_order":2,"authors":[{"term_id":374,"user_id":105,"is_guest":0,"slug":"eha0","display_name":"Esther Haesen","avatar_url":"https:\/\/secure.gravatar.com\/avatar\/10792f08143a4c8d0c3755aad7f1b6dc1c4aaf91dd91448e15bca17674f98ec2?s=96&d=mm&r=g","0":null,"1":"","2":"","3":"","4":"","5":"","6":"","7":"","8":"","9":""},{"term_id":3893,"user_id":169,"is_guest":0,"slug":"dme0","display_name":"Daniel Mettler","avatar_url":"https:\/\/secure.gravatar.com\/avatar\/e0a8f7de689a6a22a9998ab5d5f34789b2400ff04f8bef6fbca5b02977ad6400?s=96&d=mm&r=g","0":null,"1":"","2":"","3":"","4":"","5":"","6":"","7":"","8":"","9":""}],"_links":{"self":[{"href":"https:\/\/themes.agripedia.ch\/fr\/wp-json\/wp\/v2\/posts\/2514","targetHints":{"allow":["GET"]}}],"collection":[{"href":"https:\/\/themes.agripedia.ch\/fr\/wp-json\/wp\/v2\/posts"}],"about":[{"href":"https:\/\/themes.agripedia.ch\/fr\/wp-json\/wp\/v2\/types\/post"}],"author":[{"embeddable":true,"href":"https:\/\/themes.agripedia.ch\/fr\/wp-json\/wp\/v2\/users\/105"}],"replies":[{"embeddable":true,"href":"https:\/\/themes.agripedia.ch\/fr\/wp-json\/wp\/v2\/comments?post=2514"}],"version-history":[{"count":0,"href":"https:\/\/themes.agripedia.ch\/fr\/wp-json\/wp\/v2\/posts\/2514\/revisions"}],"wp:featuredmedia":[{"embeddable":true,"href":"https:\/\/themes.agripedia.ch\/fr\/wp-json\/wp\/v2\/media\/46424"}],"wp:attachment":[{"href":"https:\/\/themes.agripedia.ch\/fr\/wp-json\/wp\/v2\/media?parent=2514"}],"wp:term":[{"taxonomy":"category","embeddable":true,"href":"https:\/\/themes.agripedia.ch\/fr\/wp-json\/wp\/v2\/categories?post=2514"},{"taxonomy":"post_tag","embeddable":true,"href":"https:\/\/themes.agripedia.ch\/fr\/wp-json\/wp\/v2\/tags?post=2514"},{"taxonomy":"series","embeddable":true,"href":"https:\/\/themes.agripedia.ch\/fr\/wp-json\/wp\/v2\/series?post=2514"},{"taxonomy":"author","embeddable":true,"href":"https:\/\/themes.agripedia.ch\/fr\/wp-json\/wp\/v2\/ppma_author?post=2514"}],"curies":[{"name":"wp","href":"https:\/\/api.w.org\/{rel}","templated":true}]}}